{"id":60749,"date":"2019-08-26T13:08:02","date_gmt":"2019-08-26T16:08:02","guid":{"rendered":"http:\/\/diariotextual.com\/inicio\/?p=60749"},"modified":"2019-08-26T18:13:39","modified_gmt":"2019-08-26T21:13:39","slug":"hombre-condenado-dos-anos-medio-prision-abusar-una-chica-13","status":"publish","type":"post","link":"https:\/\/diariotextual.com\/inicio\/index.php\/2019\/08\/26\/hombre-condenado-dos-anos-medio-prision-abusar-una-chica-13\/","title":{"rendered":"Un hombre, condenado a dos a\u00f1os y medio de prisi\u00f3n por abusar de una chica de 13"},"content":{"rendered":"<p>Un pintor de obra de 60 a\u00f1os, actualmente desocupado y padre de cuatro hijos, <strong>fue condenado hoy a dos a\u00f1os y seis meses de prisi\u00f3n de cumplimiento efectivo<\/strong>\u00a0por ser autor del delito de abuso sexual simple, en seis oportunidades, concursando todos ellos en forma material. La v\u00edctima fue una chica de 13 a\u00f1os, hija de la pareja de su hijo.<\/p>\n<p>La sentencia fue dictada por la jueza de audiencia de Santa Rosa, Alejandra Flavia Ongaro, en el marco de un juicio abreviado rubricado entre el fiscal Andr\u00e9s Eduardo Torino, el defensor particular Gast\u00f3n G\u00f3mez, la querellante particular en nombre del padre de la v\u00edctima, Valeria Mereu, y el propio imputado, de 60 a\u00f1os, quien admiti\u00f3 la autor\u00eda de los hechos.<\/p>\n<p>Con las pruebas reunidas durante la investigaci\u00f3n fiscal preparatoria, qued\u00f3 probado que el acusado \u201cejerci\u00f3 reiterados abusos sexuales sobre el cuerpo\u201d de la menor de 13 a\u00f1os, que \u201cconsistieron en actos de tocamientos de connotaci\u00f3n sexual, con una finalidad claramente libidinosa\u201d. Ellos ocurrieron en el segundo semestre del a\u00f1o pasado en la casa de la ni\u00f1a \u2013cuando ambos se quedaban solos\u2013 y en la vivienda del agresor, cuando ella concurr\u00eda los domingos.<\/p>\n<p>\u201cCon relaci\u00f3n a la forma comisiva con la que el imputado consum\u00f3 su decisi\u00f3n delictiva, tengo presente las expresiones intimidatorias que utiliz\u00f3 sobre la v\u00edctima para consumar la agresi\u00f3n, en el contexto de una relaci\u00f3n de autoridad y poder que la ni\u00f1a naturalmente no pod\u00eda enfrentar ni ofrecer resistencia\u201d, agreg\u00f3 Ongaro.<\/p>\n<p>\u201cAsimismo,\u00a0 compartiendo el requerimiento efectuado por las partes, entiendo que los hechos de esta causa que involucran y tienen como v\u00edctima\u201d a una menor, \u201cpor su doble condici\u00f3n de mujer y de ni\u00f1a deben ser valorados en primer lugar en el marco de las disposiciones de la ley 26.485 de Protecci\u00f3n Integral contra las Mujeres\u201d y, adem\u00e1s, \u00a0\u201cde los est\u00e1ndares internacionales direccionados a la Protecci\u00f3n Integral de los Derechos de Ni\u00f1os, Ni\u00f1as y Adolescentes v\u00edctimas de delitos\u201d.<\/p>\n<p>En la parte resolutiva, la magistrada dispuso, adem\u00e1s, la detenci\u00f3n inmediata del imputado una vez que el fallo quede firme.<\/p>\n<p>\u200b<\/p>\n","protected":false},"excerpt":{"rendered":"<p>Un pintor de obra de 60 a\u00f1os, actualmente desocupado y padre de cuatro hijos, fue condenado hoy a dos a\u00f1os y seis meses de prisi\u00f3n de cumplimiento efectivo\u00a0por ser autor&hellip;<\/p>\n","protected":false},"author":3,"featured_media":1619,"comment_status":"closed","ping_status":"open","sticky":false,"template":"","format":"standard","meta":{"_acf_changed":false,"footnotes":""},"categories":[11,319,12],"tags":[],"class_list":["post-60749","post","type-post","status-publish","format-standard","has-post-thumbnail","hentry","category-que-pasa","category-a-temporales","category-sociedad"],"acf":[],"yoast_head":"<!-- This site is optimized with the Yoast SEO plugin v27.5 - https:\/\/yoast.com\/product\/yoast-seo-wordpress\/ -->\n<title>Un hombre, condenado a dos a\u00f1os y medio de prisi\u00f3n por abusar de una chica de 13 - Diario Textual<\/title>\n<meta name=\"robots\" content=\"index, follow, max-snippet:-1, max-image-preview:large, max-video-preview:-1\" \/>\n<link rel=\"canonical\" href=\"https:\/\/diariotextual.com\/inicio\/index.php\/2019\/08\/26\/hombre-condenado-dos-anos-medio-prision-abusar-una-chica-13\/\" \/>\n<meta property=\"og:locale\" content=\"es_ES\" \/>\n<meta property=\"og:type\" content=\"article\" \/>\n<meta property=\"og:title\" content=\"Un hombre, condenado a dos a\u00f1os y medio de prisi\u00f3n por abusar de una chica de 13 - Diario Textual\" \/>\n<meta property=\"og:description\" content=\"Un pintor de obra de 60 a\u00f1os, actualmente desocupado y padre de cuatro hijos, fue condenado hoy a dos a\u00f1os y seis meses de prisi\u00f3n de cumplimiento efectivo\u00a0por ser autor&hellip;\" \/>\n<meta property=\"og:url\" content=\"https:\/\/diariotextual.com\/inicio\/index.php\/2019\/08\/26\/hombre-condenado-dos-anos-medio-prision-abusar-una-chica-13\/\" \/>\n<meta property=\"og:site_name\" content=\"Diario Textual\" \/>\n<meta property=\"article:publisher\" content=\"https:\/\/www.facebook.com\/eltextual\" \/>\n<meta property=\"article:published_time\" content=\"2019-08-26T16:08:02+00:00\" \/>\n<meta property=\"article:modified_time\" content=\"2019-08-26T21:13:39+00:00\" \/>\n<meta property=\"og:image\" content=\"https:\/\/diariotextual.com\/inicio\/wp-content\/uploads\/2018\/03\/abusosexualadolescente1111111.jpg\" \/>\n\t<meta property=\"og:image:width\" content=\"534\" \/>\n\t<meta property=\"og:image:height\" content=\"343\" \/>\n\t<meta property=\"og:image:type\" content=\"image\/jpeg\" \/>\n<meta name=\"author\" content=\"Diario1 Diario1\" \/>\n<meta name=\"twitter:card\" content=\"summary_large_image\" \/>\n<meta name=\"twitter:creator\" content=\"@eltextual\" \/>\n<meta name=\"twitter:site\" content=\"@eltextual\" \/>\n<meta name=\"twitter:label1\" content=\"Escrito por\" \/>\n\t<meta name=\"twitter:data1\" content=\"Diario1 Diario1\" \/>\n\t<meta name=\"twitter:label2\" content=\"Tiempo de lectura\" \/>\n\t<meta name=\"twitter:data2\" content=\"2 minutos\" \/>\n<script type=\"application\/ld+json\" class=\"yoast-schema-graph\">{\"@context\":\"https:\\\/\\\/schema.org\",\"@graph\":[{\"@type\":\"Article\",\"@id\":\"https:\\\/\\\/diariotextual.com\\\/inicio\\\/index.php\\\/2019\\\/08\\\/26\\\/hombre-condenado-dos-anos-medio-prision-abusar-una-chica-13\\\/#article\",\"isPartOf\":{\"@id\":\"https:\\\/\\\/diariotextual.com\\\/inicio\\\/index.php\\\/2019\\\/08\\\/26\\\/hombre-condenado-dos-anos-medio-prision-abusar-una-chica-13\\\/\"},\"author\":{\"name\":\"Diario1 Diario1\",\"@id\":\"https:\\\/\\\/diariotextual.com\\\/inicio\\\/#\\\/schema\\\/person\\\/418fc4093c33e86ed41562db3508f958\"},\"headline\":\"Un hombre, condenado a dos a\u00f1os y medio de prisi\u00f3n por abusar de una chica de 13\",\"datePublished\":\"2019-08-26T16:08:02+00:00\",\"dateModified\":\"2019-08-26T21:13:39+00:00\",\"mainEntityOfPage\":{\"@id\":\"https:\\\/\\\/diariotextual.com\\\/inicio\\\/index.php\\\/2019\\\/08\\\/26\\\/hombre-condenado-dos-anos-medio-prision-abusar-una-chica-13\\\/\"},\"wordCount\":390,\"publisher\":{\"@id\":\"https:\\\/\\\/diariotextual.com\\\/inicio\\\/#organization\"},\"image\":{\"@id\":\"https:\\\/\\\/diariotextual.com\\\/inicio\\\/index.php\\\/2019\\\/08\\\/26\\\/hombre-condenado-dos-anos-medio-prision-abusar-una-chica-13\\\/#primaryimage\"},\"thumbnailUrl\":\"https:\\\/\\\/diariotextual.com\\\/inicio\\\/wp-content\\\/uploads\\\/2018\\\/03\\\/abusosexualadolescente1111111.jpg\",\"articleSection\":[\"A - QUE PASA (al costado)\",\"A - TEMPORALES\",\"SOCIEDAD\"],\"inLanguage\":\"es\"},{\"@type\":\"WebPage\",\"@id\":\"https:\\\/\\\/diariotextual.com\\\/inicio\\\/index.php\\\/2019\\\/08\\\/26\\\/hombre-condenado-dos-anos-medio-prision-abusar-una-chica-13\\\/\",\"url\":\"https:\\\/\\\/diariotextual.com\\\/inicio\\\/index.php\\\/2019\\\/08\\\/26\\\/hombre-condenado-dos-anos-medio-prision-abusar-una-chica-13\\\/\",\"name\":\"Un hombre, condenado a dos a\u00f1os y medio de prisi\u00f3n por abusar de una chica de 13 - Diario Textual\",\"isPartOf\":{\"@id\":\"https:\\\/\\\/diariotextual.com\\\/inicio\\\/#website\"},\"primaryImageOfPage\":{\"@id\":\"https:\\\/\\\/diariotextual.com\\\/inicio\\\/index.php\\\/2019\\\/08\\\/26\\\/hombre-condenado-dos-anos-medio-prision-abusar-una-chica-13\\\/#primaryimage\"},\"image\":{\"@id\":\"https:\\\/\\\/diariotextual.com\\\/inicio\\\/index.php\\\/2019\\\/08\\\/26\\\/hombre-condenado-dos-anos-medio-prision-abusar-una-chica-13\\\/#primaryimage\"},\"thumbnailUrl\":\"https:\\\/\\\/diariotextual.com\\\/inicio\\\/wp-content\\\/uploads\\\/2018\\\/03\\\/abusosexualadolescente1111111.jpg\",\"datePublished\":\"2019-08-26T16:08:02+00:00\",\"dateModified\":\"2019-08-26T21:13:39+00:00\",\"breadcrumb\":{\"@id\":\"https:\\\/\\\/diariotextual.com\\\/inicio\\\/index.php\\\/2019\\\/08\\\/26\\\/hombre-condenado-dos-anos-medio-prision-abusar-una-chica-13\\\/#breadcrumb\"},\"inLanguage\":\"es\",\"potentialAction\":[{\"@type\":\"ReadAction\",\"target\":[\"https:\\\/\\\/diariotextual.com\\\/inicio\\\/index.php\\\/2019\\\/08\\\/26\\\/hombre-condenado-dos-anos-medio-prision-abusar-una-chica-13\\\/\"]}]},{\"@type\":\"ImageObject\",\"inLanguage\":\"es\",\"@id\":\"https:\\\/\\\/diariotextual.com\\\/inicio\\\/index.php\\\/2019\\\/08\\\/26\\\/hombre-condenado-dos-anos-medio-prision-abusar-una-chica-13\\\/#primaryimage\",\"url\":\"https:\\\/\\\/diariotextual.com\\\/inicio\\\/wp-content\\\/uploads\\\/2018\\\/03\\\/abusosexualadolescente1111111.jpg\",\"contentUrl\":\"https:\\\/\\\/diariotextual.com\\\/inicio\\\/wp-content\\\/uploads\\\/2018\\\/03\\\/abusosexualadolescente1111111.jpg\",\"width\":534,\"height\":343},{\"@type\":\"BreadcrumbList\",\"@id\":\"https:\\\/\\\/diariotextual.com\\\/inicio\\\/index.php\\\/2019\\\/08\\\/26\\\/hombre-condenado-dos-anos-medio-prision-abusar-una-chica-13\\\/#breadcrumb\",\"itemListElement\":[{\"@type\":\"ListItem\",\"position\":1,\"name\":\"Portada\",\"item\":\"https:\\\/\\\/diariotextual.com\\\/inicio\\\/\"},{\"@type\":\"ListItem\",\"position\":2,\"name\":\"Un hombre, condenado a dos a\u00f1os y medio de prisi\u00f3n por abusar de una chica de 13\"}]},{\"@type\":\"WebSite\",\"@id\":\"https:\\\/\\\/diariotextual.com\\\/inicio\\\/#website\",\"url\":\"https:\\\/\\\/diariotextual.com\\\/inicio\\\/\",\"name\":\"Diario Textual\",\"description\":\"\",\"publisher\":{\"@id\":\"https:\\\/\\\/diariotextual.com\\\/inicio\\\/#organization\"},\"potentialAction\":[{\"@type\":\"SearchAction\",\"target\":{\"@type\":\"EntryPoint\",\"urlTemplate\":\"https:\\\/\\\/diariotextual.com\\\/inicio\\\/?s={search_term_string}\"},\"query-input\":{\"@type\":\"PropertyValueSpecification\",\"valueRequired\":true,\"valueName\":\"search_term_string\"}}],\"inLanguage\":\"es\"},{\"@type\":\"Organization\",\"@id\":\"https:\\\/\\\/diariotextual.com\\\/inicio\\\/#organization\",\"name\":\"Diario Textual\",\"url\":\"https:\\\/\\\/diariotextual.com\\\/inicio\\\/\",\"logo\":{\"@type\":\"ImageObject\",\"inLanguage\":\"es\",\"@id\":\"https:\\\/\\\/diariotextual.com\\\/inicio\\\/#\\\/schema\\\/logo\\\/image\\\/\",\"url\":\"https:\\\/\\\/diariotextual.com\\\/inicio\\\/wp-content\\\/uploads\\\/2023\\\/05\\\/logotextual1.jpg\",\"contentUrl\":\"https:\\\/\\\/diariotextual.com\\\/inicio\\\/wp-content\\\/uploads\\\/2023\\\/05\\\/logotextual1.jpg\",\"width\":516,\"height\":76,\"caption\":\"Diario Textual\"},\"image\":{\"@id\":\"https:\\\/\\\/diariotextual.com\\\/inicio\\\/#\\\/schema\\\/logo\\\/image\\\/\"},\"sameAs\":[\"https:\\\/\\\/www.facebook.com\\\/eltextual\",\"https:\\\/\\\/x.com\\\/eltextual\",\"http:\\\/\\\/www.instagram.com\\\/eltextual\"]},{\"@type\":\"Person\",\"@id\":\"https:\\\/\\\/diariotextual.com\\\/inicio\\\/#\\\/schema\\\/person\\\/418fc4093c33e86ed41562db3508f958\",\"name\":\"Diario1 Diario1\",\"image\":{\"@type\":\"ImageObject\",\"inLanguage\":\"es\",\"@id\":\"https:\\\/\\\/secure.gravatar.com\\\/avatar\\\/9167d280179c85bc18be67aa7eda765854300033af4896dd779b608640f2ef7a?s=96&d=mm&r=g\",\"url\":\"https:\\\/\\\/secure.gravatar.com\\\/avatar\\\/9167d280179c85bc18be67aa7eda765854300033af4896dd779b608640f2ef7a?s=96&d=mm&r=g\",\"contentUrl\":\"https:\\\/\\\/secure.gravatar.com\\\/avatar\\\/9167d280179c85bc18be67aa7eda765854300033af4896dd779b608640f2ef7a?s=96&d=mm&r=g\",\"caption\":\"Diario1 Diario1\"},\"url\":\"https:\\\/\\\/diariotextual.com\\\/inicio\\\/index.php\\\/author\\\/diario1\\\/\"}]}<\/script>\n<!-- \/ Yoast SEO plugin. -->","yoast_head_json":{"title":"Un hombre, condenado a dos a\u00f1os y medio de prisi\u00f3n por abusar de una chica de 13 - Diario Textual","robots":{"index":"index","follow":"follow","max-snippet":"max-snippet:-1","max-image-preview":"max-image-preview:large","max-video-preview":"max-video-preview:-1"},"canonical":"https:\/\/diariotextual.com\/inicio\/index.php\/2019\/08\/26\/hombre-condenado-dos-anos-medio-prision-abusar-una-chica-13\/","og_locale":"es_ES","og_type":"article","og_title":"Un hombre, condenado a dos a\u00f1os y medio de prisi\u00f3n por abusar de una chica de 13 - Diario Textual","og_description":"Un pintor de obra de 60 a\u00f1os, actualmente desocupado y padre de cuatro hijos, fue condenado hoy a dos a\u00f1os y seis meses de prisi\u00f3n de cumplimiento efectivo\u00a0por ser autor&hellip;","og_url":"https:\/\/diariotextual.com\/inicio\/index.php\/2019\/08\/26\/hombre-condenado-dos-anos-medio-prision-abusar-una-chica-13\/","og_site_name":"Diario Textual","article_publisher":"https:\/\/www.facebook.com\/eltextual","article_published_time":"2019-08-26T16:08:02+00:00","article_modified_time":"2019-08-26T21:13:39+00:00","og_image":[{"width":534,"height":343,"url":"https:\/\/diariotextual.com\/inicio\/wp-content\/uploads\/2018\/03\/abusosexualadolescente1111111.jpg","type":"image\/jpeg"}],"author":"Diario1 Diario1","twitter_card":"summary_large_image","twitter_creator":"@eltextual","twitter_site":"@eltextual","twitter_misc":{"Escrito por":"Diario1 Diario1","Tiempo de lectura":"2 minutos"},"schema":{"@context":"https:\/\/schema.org","@graph":[{"@type":"Article","@id":"https:\/\/diariotextual.com\/inicio\/index.php\/2019\/08\/26\/hombre-condenado-dos-anos-medio-prision-abusar-una-chica-13\/#article","isPartOf":{"@id":"https:\/\/diariotextual.com\/inicio\/index.php\/2019\/08\/26\/hombre-condenado-dos-anos-medio-prision-abusar-una-chica-13\/"},"author":{"name":"Diario1 Diario1","@id":"https:\/\/diariotextual.com\/inicio\/#\/schema\/person\/418fc4093c33e86ed41562db3508f958"},"headline":"Un hombre, condenado a dos a\u00f1os y medio de prisi\u00f3n por abusar de una chica de 13","datePublished":"2019-08-26T16:08:02+00:00","dateModified":"2019-08-26T21:13:39+00:00","mainEntityOfPage":{"@id":"https:\/\/diariotextual.com\/inicio\/index.php\/2019\/08\/26\/hombre-condenado-dos-anos-medio-prision-abusar-una-chica-13\/"},"wordCount":390,"publisher":{"@id":"https:\/\/diariotextual.com\/inicio\/#organization"},"image":{"@id":"https:\/\/diariotextual.com\/inicio\/index.php\/2019\/08\/26\/hombre-condenado-dos-anos-medio-prision-abusar-una-chica-13\/#primaryimage"},"thumbnailUrl":"https:\/\/diariotextual.com\/inicio\/wp-content\/uploads\/2018\/03\/abusosexualadolescente1111111.jpg","articleSection":["A - QUE PASA (al costado)","A - TEMPORALES","SOCIEDAD"],"inLanguage":"es"},{"@type":"WebPage","@id":"https:\/\/diariotextual.com\/inicio\/index.php\/2019\/08\/26\/hombre-condenado-dos-anos-medio-prision-abusar-una-chica-13\/","url":"https:\/\/diariotextual.com\/inicio\/index.php\/2019\/08\/26\/hombre-condenado-dos-anos-medio-prision-abusar-una-chica-13\/","name":"Un hombre, condenado a dos a\u00f1os y medio de prisi\u00f3n por abusar de una chica de 13 - Diario Textual","isPartOf":{"@id":"https:\/\/diariotextual.com\/inicio\/#website"},"primaryImageOfPage":{"@id":"https:\/\/diariotextual.com\/inicio\/index.php\/2019\/08\/26\/hombre-condenado-dos-anos-medio-prision-abusar-una-chica-13\/#primaryimage"},"image":{"@id":"https:\/\/diariotextual.com\/inicio\/index.php\/2019\/08\/26\/hombre-condenado-dos-anos-medio-prision-abusar-una-chica-13\/#primaryimage"},"thumbnailUrl":"https:\/\/diariotextual.com\/inicio\/wp-content\/uploads\/2018\/03\/abusosexualadolescente1111111.jpg","datePublished":"2019-08-26T16:08:02+00:00","dateModified":"2019-08-26T21:13:39+00:00","breadcrumb":{"@id":"https:\/\/diariotextual.com\/inicio\/index.php\/2019\/08\/26\/hombre-condenado-dos-anos-medio-prision-abusar-una-chica-13\/#breadcrumb"},"inLanguage":"es","potentialAction":[{"@type":"ReadAction","target":["https:\/\/diariotextual.com\/inicio\/index.php\/2019\/08\/26\/hombre-condenado-dos-anos-medio-prision-abusar-una-chica-13\/"]}]},{"@type":"ImageObject","inLanguage":"es","@id":"https:\/\/diariotextual.com\/inicio\/index.php\/2019\/08\/26\/hombre-condenado-dos-anos-medio-prision-abusar-una-chica-13\/#primaryimage","url":"https:\/\/diariotextual.com\/inicio\/wp-content\/uploads\/2018\/03\/abusosexualadolescente1111111.jpg","contentUrl":"https:\/\/diariotextual.com\/inicio\/wp-content\/uploads\/2018\/03\/abusosexualadolescente1111111.jpg","width":534,"height":343},{"@type":"BreadcrumbList","@id":"https:\/\/diariotextual.com\/inicio\/index.php\/2019\/08\/26\/hombre-condenado-dos-anos-medio-prision-abusar-una-chica-13\/#breadcrumb","itemListElement":[{"@type":"ListItem","position":1,"name":"Portada","item":"https:\/\/diariotextual.com\/inicio\/"},{"@type":"ListItem","position":2,"name":"Un hombre, condenado a dos a\u00f1os y medio de prisi\u00f3n por abusar de una chica de 13"}]},{"@type":"WebSite","@id":"https:\/\/diariotextual.com\/inicio\/#website","url":"https:\/\/diariotextual.com\/inicio\/","name":"Diario Textual","description":"","publisher":{"@id":"https:\/\/diariotextual.com\/inicio\/#organization"},"potentialAction":[{"@type":"SearchAction","target":{"@type":"EntryPoint","urlTemplate":"https:\/\/diariotextual.com\/inicio\/?s={search_term_string}"},"query-input":{"@type":"PropertyValueSpecification","valueRequired":true,"valueName":"search_term_string"}}],"inLanguage":"es"},{"@type":"Organization","@id":"https:\/\/diariotextual.com\/inicio\/#organization","name":"Diario Textual","url":"https:\/\/diariotextual.com\/inicio\/","logo":{"@type":"ImageObject","inLanguage":"es","@id":"https:\/\/diariotextual.com\/inicio\/#\/schema\/logo\/image\/","url":"https:\/\/diariotextual.com\/inicio\/wp-content\/uploads\/2023\/05\/logotextual1.jpg","contentUrl":"https:\/\/diariotextual.com\/inicio\/wp-content\/uploads\/2023\/05\/logotextual1.jpg","width":516,"height":76,"caption":"Diario Textual"},"image":{"@id":"https:\/\/diariotextual.com\/inicio\/#\/schema\/logo\/image\/"},"sameAs":["https:\/\/www.facebook.com\/eltextual","https:\/\/x.com\/eltextual","http:\/\/www.instagram.com\/eltextual"]},{"@type":"Person","@id":"https:\/\/diariotextual.com\/inicio\/#\/schema\/person\/418fc4093c33e86ed41562db3508f958","name":"Diario1 Diario1","image":{"@type":"ImageObject","inLanguage":"es","@id":"https:\/\/secure.gravatar.com\/avatar\/9167d280179c85bc18be67aa7eda765854300033af4896dd779b608640f2ef7a?s=96&d=mm&r=g","url":"https:\/\/secure.gravatar.com\/avatar\/9167d280179c85bc18be67aa7eda765854300033af4896dd779b608640f2ef7a?s=96&d=mm&r=g","contentUrl":"https:\/\/secure.gravatar.com\/avatar\/9167d280179c85bc18be67aa7eda765854300033af4896dd779b608640f2ef7a?s=96&d=mm&r=g","caption":"Diario1 Diario1"},"url":"https:\/\/diariotextual.com\/inicio\/index.php\/author\/diario1\/"}]}},"_links":{"self":[{"href":"https:\/\/diariotextual.com\/inicio\/index.php\/wp-json\/wp\/v2\/posts\/60749","targetHints":{"allow":["GET"]}}],"collection":[{"href":"https:\/\/diariotextual.com\/inicio\/index.php\/wp-json\/wp\/v2\/posts"}],"about":[{"href":"https:\/\/diariotextual.com\/inicio\/index.php\/wp-json\/wp\/v2\/types\/post"}],"author":[{"embeddable":true,"href":"https:\/\/diariotextual.com\/inicio\/index.php\/wp-json\/wp\/v2\/users\/3"}],"replies":[{"embeddable":true,"href":"https:\/\/diariotextual.com\/inicio\/index.php\/wp-json\/wp\/v2\/comments?post=60749"}],"version-history":[{"count":1,"href":"https:\/\/diariotextual.com\/inicio\/index.php\/wp-json\/wp\/v2\/posts\/60749\/revisions"}],"predecessor-version":[{"id":60750,"href":"https:\/\/diariotextual.com\/inicio\/index.php\/wp-json\/wp\/v2\/posts\/60749\/revisions\/60750"}],"wp:featuredmedia":[{"embeddable":true,"href":"https:\/\/diariotextual.com\/inicio\/index.php\/wp-json\/wp\/v2\/media\/1619"}],"wp:attachment":[{"href":"https:\/\/diariotextual.com\/inicio\/index.php\/wp-json\/wp\/v2\/media?parent=60749"}],"wp:term":[{"taxonomy":"category","embeddable":true,"href":"https:\/\/diariotextual.com\/inicio\/index.php\/wp-json\/wp\/v2\/categories?post=60749"},{"taxonomy":"post_tag","embeddable":true,"href":"https:\/\/diariotextual.com\/inicio\/index.php\/wp-json\/wp\/v2\/tags?post=60749"}],"curies":[{"name":"wp","href":"https:\/\/api.w.org\/{rel}","templated":true}]}}