{"id":60804,"date":"2019-08-26T20:48:40","date_gmt":"2019-08-26T23:48:40","guid":{"rendered":"http:\/\/diariotextual.com\/inicio\/?p=60804"},"modified":"2019-08-27T08:30:01","modified_gmt":"2019-08-27T11:30:01","slug":"ocupantes-terrenos-villa-uhalde-rompieron-cano-dejaron-vecinos-sin-agua","status":"publish","type":"post","link":"https:\/\/diariotextual.com\/inicio\/index.php\/2019\/08\/26\/ocupantes-terrenos-villa-uhalde-rompieron-cano-dejaron-vecinos-sin-agua\/","title":{"rendered":"Ocupantes de terrenos en Villa Uhalde rompieron un ca\u00f1o y dejaron a vecinos sin agua"},"content":{"rendered":"<p>Ocupantes de<a href=\"http:\/\/diariotextual.com\/inicio\/index.php\/2019\/07\/23\/cuatro-familias-tomaron-baldio-municipal-villa-uhalde\/\" target=\"_blank\" rel=\"noopener\"><strong> terrenos municipales en el barrio Villa Uhalde<\/strong><\/a>, en la esquina de Disc\u00e9polo y Tom\u00e1s Mason, intentaron conectarse en forma irregular a la red de agua potable y rompieron un ca\u00f1o madre. As\u00ed, dejaron sin agua a buena parte del barrio y la zona.<\/p>\n<p>La rotura ocurri\u00f3 alrededor de las 18 horas de este lunes, a unos 50 metros del Cementerio Local. El agua comenz\u00f3 a salir del lugar con un buen caudal: una hora despu\u00e9s, el agua ya \u00abbajaba\u00bb unas 20 cuadras por otros barrios, como Villa del Busto, por la calle Tom\u00e1s Mason y otras arterias.<\/p>\n<p>Personal municipal fue a verificar la situaci\u00f3n pasadas las 19.30 horas. Se espera que reci\u00e9n este martes, por la ma\u00f1ana, vuelvan al lugar los operarios para intentar arreglar la ca\u00f1er\u00eda.<\/p>\n<p>Este es<a href=\"http:\/\/diariotextual.com\/inicio\/index.php\/2019\/07\/23\/cuatro-familias-tomaron-baldio-municipal-villa-uhalde\/\" target=\"_blank\" rel=\"noopener\"><strong> una de las cinco tomas de terrenos<\/strong><\/a> que se registraron hace unos 45 d\u00edas en la ciudad de Santa Rosa. En este sector instalaron carpas y cercaron el lugar, aunque no se terminaron de asentar. En los \u00faltimos d\u00edas han comenzado a juntar escombros.<\/p>\n<p><img fetchpriority=\"high\" decoding=\"async\" class=\"alignnone wp-image-60807 size-full\" src=\"http:\/\/diariotextual.com\/inicio\/wp-content\/uploads\/2019\/08\/asentamientouhalde2019-1.jpg\" alt=\"\" width=\"1000\" height=\"577\" srcset=\"https:\/\/diariotextual.com\/inicio\/wp-content\/uploads\/2019\/08\/asentamientouhalde2019-1.jpg 1000w, https:\/\/diariotextual.com\/inicio\/wp-content\/uploads\/2019\/08\/asentamientouhalde2019-1-300x173.jpg 300w, https:\/\/diariotextual.com\/inicio\/wp-content\/uploads\/2019\/08\/asentamientouhalde2019-1-768x443.jpg 768w, https:\/\/diariotextual.com\/inicio\/wp-content\/uploads\/2019\/08\/asentamientouhalde2019-1-585x338.jpg 585w\" sizes=\"(max-width: 1000px) 100vw, 1000px\" \/><\/p>\n<p>&nbsp;<\/p>\n<p>&nbsp;<\/p>\n<p>&nbsp;<\/p>\n","protected":false},"excerpt":{"rendered":"<p>Ocupantes de terrenos municipales en el barrio Villa Uhalde, en la esquina de Disc\u00e9polo y Tom\u00e1s Mason, intentaron conectarse en forma irregular a la red de agua potable y rompieron&hellip;<\/p>\n","protected":false},"author":3,"featured_media":60806,"comment_status":"closed","ping_status":"open","sticky":false,"template":"","format":"standard","meta":{"_acf_changed":false,"footnotes":""},"categories":[11,12],"tags":[],"class_list":["post-60804","post","type-post","status-publish","format-standard","has-post-thumbnail","hentry","category-que-pasa","category-sociedad"],"acf":[],"yoast_head":"<!-- This site is optimized with the Yoast SEO plugin v27.5 - https:\/\/yoast.com\/product\/yoast-seo-wordpress\/ -->\n<title>Ocupantes de terrenos en Villa Uhalde rompieron un ca\u00f1o y dejaron a vecinos sin agua - Diario Textual<\/title>\n<meta name=\"robots\" content=\"index, follow, max-snippet:-1, max-image-preview:large, max-video-preview:-1\" \/>\n<link rel=\"canonical\" href=\"https:\/\/diariotextual.com\/inicio\/index.php\/2019\/08\/26\/ocupantes-terrenos-villa-uhalde-rompieron-cano-dejaron-vecinos-sin-agua\/\" \/>\n<meta property=\"og:locale\" content=\"es_ES\" \/>\n<meta property=\"og:type\" content=\"article\" \/>\n<meta property=\"og:title\" content=\"Ocupantes de terrenos en Villa Uhalde rompieron un ca\u00f1o y dejaron a vecinos sin agua - Diario Textual\" \/>\n<meta property=\"og:description\" content=\"Ocupantes de terrenos municipales en el barrio Villa Uhalde, en la esquina de Disc\u00e9polo y Tom\u00e1s Mason, intentaron conectarse en forma irregular a la red de agua potable y rompieron&hellip;\" \/>\n<meta property=\"og:url\" content=\"https:\/\/diariotextual.com\/inicio\/index.php\/2019\/08\/26\/ocupantes-terrenos-villa-uhalde-rompieron-cano-dejaron-vecinos-sin-agua\/\" \/>\n<meta property=\"og:site_name\" content=\"Diario Textual\" \/>\n<meta property=\"article:publisher\" content=\"https:\/\/www.facebook.com\/eltextual\" \/>\n<meta property=\"article:published_time\" content=\"2019-08-26T23:48:40+00:00\" \/>\n<meta property=\"article:modified_time\" content=\"2019-08-27T11:30:01+00:00\" \/>\n<meta property=\"og:image\" content=\"https:\/\/diariotextual.com\/inicio\/wp-content\/uploads\/2019\/08\/asentamientouhalde2019-2.png\" \/>\n\t<meta property=\"og:image:width\" content=\"1000\" \/>\n\t<meta property=\"og:image:height\" content=\"608\" \/>\n\t<meta property=\"og:image:type\" content=\"image\/png\" \/>\n<meta name=\"author\" content=\"Diario1 Diario1\" \/>\n<meta name=\"twitter:card\" content=\"summary_large_image\" \/>\n<meta name=\"twitter:creator\" content=\"@eltextual\" \/>\n<meta name=\"twitter:site\" content=\"@eltextual\" \/>\n<meta name=\"twitter:label1\" content=\"Escrito por\" \/>\n\t<meta name=\"twitter:data1\" content=\"Diario1 Diario1\" \/>\n\t<meta name=\"twitter:label2\" content=\"Tiempo de lectura\" \/>\n\t<meta name=\"twitter:data2\" content=\"1 minuto\" \/>\n<script type=\"application\/ld+json\" class=\"yoast-schema-graph\">{\"@context\":\"https:\\\/\\\/schema.org\",\"@graph\":[{\"@type\":\"Article\",\"@id\":\"https:\\\/\\\/diariotextual.com\\\/inicio\\\/index.php\\\/2019\\\/08\\\/26\\\/ocupantes-terrenos-villa-uhalde-rompieron-cano-dejaron-vecinos-sin-agua\\\/#article\",\"isPartOf\":{\"@id\":\"https:\\\/\\\/diariotextual.com\\\/inicio\\\/index.php\\\/2019\\\/08\\\/26\\\/ocupantes-terrenos-villa-uhalde-rompieron-cano-dejaron-vecinos-sin-agua\\\/\"},\"author\":{\"name\":\"Diario1 Diario1\",\"@id\":\"https:\\\/\\\/diariotextual.com\\\/inicio\\\/#\\\/schema\\\/person\\\/418fc4093c33e86ed41562db3508f958\"},\"headline\":\"Ocupantes de terrenos en Villa Uhalde rompieron un ca\u00f1o y dejaron a vecinos sin agua\",\"datePublished\":\"2019-08-26T23:48:40+00:00\",\"dateModified\":\"2019-08-27T11:30:01+00:00\",\"mainEntityOfPage\":{\"@id\":\"https:\\\/\\\/diariotextual.com\\\/inicio\\\/index.php\\\/2019\\\/08\\\/26\\\/ocupantes-terrenos-villa-uhalde-rompieron-cano-dejaron-vecinos-sin-agua\\\/\"},\"wordCount\":201,\"publisher\":{\"@id\":\"https:\\\/\\\/diariotextual.com\\\/inicio\\\/#organization\"},\"image\":{\"@id\":\"https:\\\/\\\/diariotextual.com\\\/inicio\\\/index.php\\\/2019\\\/08\\\/26\\\/ocupantes-terrenos-villa-uhalde-rompieron-cano-dejaron-vecinos-sin-agua\\\/#primaryimage\"},\"thumbnailUrl\":\"https:\\\/\\\/diariotextual.com\\\/inicio\\\/wp-content\\\/uploads\\\/2019\\\/08\\\/asentamientouhalde2019-2.png\",\"articleSection\":[\"A - QUE PASA (al costado)\",\"SOCIEDAD\"],\"inLanguage\":\"es\"},{\"@type\":\"WebPage\",\"@id\":\"https:\\\/\\\/diariotextual.com\\\/inicio\\\/index.php\\\/2019\\\/08\\\/26\\\/ocupantes-terrenos-villa-uhalde-rompieron-cano-dejaron-vecinos-sin-agua\\\/\",\"url\":\"https:\\\/\\\/diariotextual.com\\\/inicio\\\/index.php\\\/2019\\\/08\\\/26\\\/ocupantes-terrenos-villa-uhalde-rompieron-cano-dejaron-vecinos-sin-agua\\\/\",\"name\":\"Ocupantes de terrenos en Villa Uhalde rompieron un ca\u00f1o y dejaron a vecinos sin agua - Diario Textual\",\"isPartOf\":{\"@id\":\"https:\\\/\\\/diariotextual.com\\\/inicio\\\/#website\"},\"primaryImageOfPage\":{\"@id\":\"https:\\\/\\\/diariotextual.com\\\/inicio\\\/index.php\\\/2019\\\/08\\\/26\\\/ocupantes-terrenos-villa-uhalde-rompieron-cano-dejaron-vecinos-sin-agua\\\/#primaryimage\"},\"image\":{\"@id\":\"https:\\\/\\\/diariotextual.com\\\/inicio\\\/index.php\\\/2019\\\/08\\\/26\\\/ocupantes-terrenos-villa-uhalde-rompieron-cano-dejaron-vecinos-sin-agua\\\/#primaryimage\"},\"thumbnailUrl\":\"https:\\\/\\\/diariotextual.com\\\/inicio\\\/wp-content\\\/uploads\\\/2019\\\/08\\\/asentamientouhalde2019-2.png\",\"datePublished\":\"2019-08-26T23:48:40+00:00\",\"dateModified\":\"2019-08-27T11:30:01+00:00\",\"breadcrumb\":{\"@id\":\"https:\\\/\\\/diariotextual.com\\\/inicio\\\/index.php\\\/2019\\\/08\\\/26\\\/ocupantes-terrenos-villa-uhalde-rompieron-cano-dejaron-vecinos-sin-agua\\\/#breadcrumb\"},\"inLanguage\":\"es\",\"potentialAction\":[{\"@type\":\"ReadAction\",\"target\":[\"https:\\\/\\\/diariotextual.com\\\/inicio\\\/index.php\\\/2019\\\/08\\\/26\\\/ocupantes-terrenos-villa-uhalde-rompieron-cano-dejaron-vecinos-sin-agua\\\/\"]}]},{\"@type\":\"ImageObject\",\"inLanguage\":\"es\",\"@id\":\"https:\\\/\\\/diariotextual.com\\\/inicio\\\/index.php\\\/2019\\\/08\\\/26\\\/ocupantes-terrenos-villa-uhalde-rompieron-cano-dejaron-vecinos-sin-agua\\\/#primaryimage\",\"url\":\"https:\\\/\\\/diariotextual.com\\\/inicio\\\/wp-content\\\/uploads\\\/2019\\\/08\\\/asentamientouhalde2019-2.png\",\"contentUrl\":\"https:\\\/\\\/diariotextual.com\\\/inicio\\\/wp-content\\\/uploads\\\/2019\\\/08\\\/asentamientouhalde2019-2.png\",\"width\":1000,\"height\":608},{\"@type\":\"BreadcrumbList\",\"@id\":\"https:\\\/\\\/diariotextual.com\\\/inicio\\\/index.php\\\/2019\\\/08\\\/26\\\/ocupantes-terrenos-villa-uhalde-rompieron-cano-dejaron-vecinos-sin-agua\\\/#breadcrumb\",\"itemListElement\":[{\"@type\":\"ListItem\",\"position\":1,\"name\":\"Portada\",\"item\":\"https:\\\/\\\/diariotextual.com\\\/inicio\\\/\"},{\"@type\":\"ListItem\",\"position\":2,\"name\":\"Ocupantes de terrenos en Villa Uhalde rompieron un ca\u00f1o y dejaron a vecinos sin agua\"}]},{\"@type\":\"WebSite\",\"@id\":\"https:\\\/\\\/diariotextual.com\\\/inicio\\\/#website\",\"url\":\"https:\\\/\\\/diariotextual.com\\\/inicio\\\/\",\"name\":\"Diario Textual\",\"description\":\"\",\"publisher\":{\"@id\":\"https:\\\/\\\/diariotextual.com\\\/inicio\\\/#organization\"},\"potentialAction\":[{\"@type\":\"SearchAction\",\"target\":{\"@type\":\"EntryPoint\",\"urlTemplate\":\"https:\\\/\\\/diariotextual.com\\\/inicio\\\/?s={search_term_string}\"},\"query-input\":{\"@type\":\"PropertyValueSpecification\",\"valueRequired\":true,\"valueName\":\"search_term_string\"}}],\"inLanguage\":\"es\"},{\"@type\":\"Organization\",\"@id\":\"https:\\\/\\\/diariotextual.com\\\/inicio\\\/#organization\",\"name\":\"Diario Textual\",\"url\":\"https:\\\/\\\/diariotextual.com\\\/inicio\\\/\",\"logo\":{\"@type\":\"ImageObject\",\"inLanguage\":\"es\",\"@id\":\"https:\\\/\\\/diariotextual.com\\\/inicio\\\/#\\\/schema\\\/logo\\\/image\\\/\",\"url\":\"https:\\\/\\\/diariotextual.com\\\/inicio\\\/wp-content\\\/uploads\\\/2023\\\/05\\\/logotextual1.jpg\",\"contentUrl\":\"https:\\\/\\\/diariotextual.com\\\/inicio\\\/wp-content\\\/uploads\\\/2023\\\/05\\\/logotextual1.jpg\",\"width\":516,\"height\":76,\"caption\":\"Diario Textual\"},\"image\":{\"@id\":\"https:\\\/\\\/diariotextual.com\\\/inicio\\\/#\\\/schema\\\/logo\\\/image\\\/\"},\"sameAs\":[\"https:\\\/\\\/www.facebook.com\\\/eltextual\",\"https:\\\/\\\/x.com\\\/eltextual\",\"http:\\\/\\\/www.instagram.com\\\/eltextual\"]},{\"@type\":\"Person\",\"@id\":\"https:\\\/\\\/diariotextual.com\\\/inicio\\\/#\\\/schema\\\/person\\\/418fc4093c33e86ed41562db3508f958\",\"name\":\"Diario1 Diario1\",\"image\":{\"@type\":\"ImageObject\",\"inLanguage\":\"es\",\"@id\":\"https:\\\/\\\/secure.gravatar.com\\\/avatar\\\/9167d280179c85bc18be67aa7eda765854300033af4896dd779b608640f2ef7a?s=96&d=mm&r=g\",\"url\":\"https:\\\/\\\/secure.gravatar.com\\\/avatar\\\/9167d280179c85bc18be67aa7eda765854300033af4896dd779b608640f2ef7a?s=96&d=mm&r=g\",\"contentUrl\":\"https:\\\/\\\/secure.gravatar.com\\\/avatar\\\/9167d280179c85bc18be67aa7eda765854300033af4896dd779b608640f2ef7a?s=96&d=mm&r=g\",\"caption\":\"Diario1 Diario1\"},\"url\":\"https:\\\/\\\/diariotextual.com\\\/inicio\\\/index.php\\\/author\\\/diario1\\\/\"}]}<\/script>\n<!-- \/ Yoast SEO plugin. -->","yoast_head_json":{"title":"Ocupantes de terrenos en Villa Uhalde rompieron un ca\u00f1o y dejaron a vecinos sin agua - Diario Textual","robots":{"index":"index","follow":"follow","max-snippet":"max-snippet:-1","max-image-preview":"max-image-preview:large","max-video-preview":"max-video-preview:-1"},"canonical":"https:\/\/diariotextual.com\/inicio\/index.php\/2019\/08\/26\/ocupantes-terrenos-villa-uhalde-rompieron-cano-dejaron-vecinos-sin-agua\/","og_locale":"es_ES","og_type":"article","og_title":"Ocupantes de terrenos en Villa Uhalde rompieron un ca\u00f1o y dejaron a vecinos sin agua - Diario Textual","og_description":"Ocupantes de terrenos municipales en el barrio Villa Uhalde, en la esquina de Disc\u00e9polo y Tom\u00e1s Mason, intentaron conectarse en forma irregular a la red de agua potable y rompieron&hellip;","og_url":"https:\/\/diariotextual.com\/inicio\/index.php\/2019\/08\/26\/ocupantes-terrenos-villa-uhalde-rompieron-cano-dejaron-vecinos-sin-agua\/","og_site_name":"Diario Textual","article_publisher":"https:\/\/www.facebook.com\/eltextual","article_published_time":"2019-08-26T23:48:40+00:00","article_modified_time":"2019-08-27T11:30:01+00:00","og_image":[{"width":1000,"height":608,"url":"https:\/\/diariotextual.com\/inicio\/wp-content\/uploads\/2019\/08\/asentamientouhalde2019-2.png","type":"image\/png"}],"author":"Diario1 Diario1","twitter_card":"summary_large_image","twitter_creator":"@eltextual","twitter_site":"@eltextual","twitter_misc":{"Escrito por":"Diario1 Diario1","Tiempo de lectura":"1 minuto"},"schema":{"@context":"https:\/\/schema.org","@graph":[{"@type":"Article","@id":"https:\/\/diariotextual.com\/inicio\/index.php\/2019\/08\/26\/ocupantes-terrenos-villa-uhalde-rompieron-cano-dejaron-vecinos-sin-agua\/#article","isPartOf":{"@id":"https:\/\/diariotextual.com\/inicio\/index.php\/2019\/08\/26\/ocupantes-terrenos-villa-uhalde-rompieron-cano-dejaron-vecinos-sin-agua\/"},"author":{"name":"Diario1 Diario1","@id":"https:\/\/diariotextual.com\/inicio\/#\/schema\/person\/418fc4093c33e86ed41562db3508f958"},"headline":"Ocupantes de terrenos en Villa Uhalde rompieron un ca\u00f1o y dejaron a vecinos sin agua","datePublished":"2019-08-26T23:48:40+00:00","dateModified":"2019-08-27T11:30:01+00:00","mainEntityOfPage":{"@id":"https:\/\/diariotextual.com\/inicio\/index.php\/2019\/08\/26\/ocupantes-terrenos-villa-uhalde-rompieron-cano-dejaron-vecinos-sin-agua\/"},"wordCount":201,"publisher":{"@id":"https:\/\/diariotextual.com\/inicio\/#organization"},"image":{"@id":"https:\/\/diariotextual.com\/inicio\/index.php\/2019\/08\/26\/ocupantes-terrenos-villa-uhalde-rompieron-cano-dejaron-vecinos-sin-agua\/#primaryimage"},"thumbnailUrl":"https:\/\/diariotextual.com\/inicio\/wp-content\/uploads\/2019\/08\/asentamientouhalde2019-2.png","articleSection":["A - QUE PASA (al costado)","SOCIEDAD"],"inLanguage":"es"},{"@type":"WebPage","@id":"https:\/\/diariotextual.com\/inicio\/index.php\/2019\/08\/26\/ocupantes-terrenos-villa-uhalde-rompieron-cano-dejaron-vecinos-sin-agua\/","url":"https:\/\/diariotextual.com\/inicio\/index.php\/2019\/08\/26\/ocupantes-terrenos-villa-uhalde-rompieron-cano-dejaron-vecinos-sin-agua\/","name":"Ocupantes de terrenos en Villa Uhalde rompieron un ca\u00f1o y dejaron a vecinos sin agua - Diario Textual","isPartOf":{"@id":"https:\/\/diariotextual.com\/inicio\/#website"},"primaryImageOfPage":{"@id":"https:\/\/diariotextual.com\/inicio\/index.php\/2019\/08\/26\/ocupantes-terrenos-villa-uhalde-rompieron-cano-dejaron-vecinos-sin-agua\/#primaryimage"},"image":{"@id":"https:\/\/diariotextual.com\/inicio\/index.php\/2019\/08\/26\/ocupantes-terrenos-villa-uhalde-rompieron-cano-dejaron-vecinos-sin-agua\/#primaryimage"},"thumbnailUrl":"https:\/\/diariotextual.com\/inicio\/wp-content\/uploads\/2019\/08\/asentamientouhalde2019-2.png","datePublished":"2019-08-26T23:48:40+00:00","dateModified":"2019-08-27T11:30:01+00:00","breadcrumb":{"@id":"https:\/\/diariotextual.com\/inicio\/index.php\/2019\/08\/26\/ocupantes-terrenos-villa-uhalde-rompieron-cano-dejaron-vecinos-sin-agua\/#breadcrumb"},"inLanguage":"es","potentialAction":[{"@type":"ReadAction","target":["https:\/\/diariotextual.com\/inicio\/index.php\/2019\/08\/26\/ocupantes-terrenos-villa-uhalde-rompieron-cano-dejaron-vecinos-sin-agua\/"]}]},{"@type":"ImageObject","inLanguage":"es","@id":"https:\/\/diariotextual.com\/inicio\/index.php\/2019\/08\/26\/ocupantes-terrenos-villa-uhalde-rompieron-cano-dejaron-vecinos-sin-agua\/#primaryimage","url":"https:\/\/diariotextual.com\/inicio\/wp-content\/uploads\/2019\/08\/asentamientouhalde2019-2.png","contentUrl":"https:\/\/diariotextual.com\/inicio\/wp-content\/uploads\/2019\/08\/asentamientouhalde2019-2.png","width":1000,"height":608},{"@type":"BreadcrumbList","@id":"https:\/\/diariotextual.com\/inicio\/index.php\/2019\/08\/26\/ocupantes-terrenos-villa-uhalde-rompieron-cano-dejaron-vecinos-sin-agua\/#breadcrumb","itemListElement":[{"@type":"ListItem","position":1,"name":"Portada","item":"https:\/\/diariotextual.com\/inicio\/"},{"@type":"ListItem","position":2,"name":"Ocupantes de terrenos en Villa Uhalde rompieron un ca\u00f1o y dejaron a vecinos sin agua"}]},{"@type":"WebSite","@id":"https:\/\/diariotextual.com\/inicio\/#website","url":"https:\/\/diariotextual.com\/inicio\/","name":"Diario Textual","description":"","publisher":{"@id":"https:\/\/diariotextual.com\/inicio\/#organization"},"potentialAction":[{"@type":"SearchAction","target":{"@type":"EntryPoint","urlTemplate":"https:\/\/diariotextual.com\/inicio\/?s={search_term_string}"},"query-input":{"@type":"PropertyValueSpecification","valueRequired":true,"valueName":"search_term_string"}}],"inLanguage":"es"},{"@type":"Organization","@id":"https:\/\/diariotextual.com\/inicio\/#organization","name":"Diario Textual","url":"https:\/\/diariotextual.com\/inicio\/","logo":{"@type":"ImageObject","inLanguage":"es","@id":"https:\/\/diariotextual.com\/inicio\/#\/schema\/logo\/image\/","url":"https:\/\/diariotextual.com\/inicio\/wp-content\/uploads\/2023\/05\/logotextual1.jpg","contentUrl":"https:\/\/diariotextual.com\/inicio\/wp-content\/uploads\/2023\/05\/logotextual1.jpg","width":516,"height":76,"caption":"Diario Textual"},"image":{"@id":"https:\/\/diariotextual.com\/inicio\/#\/schema\/logo\/image\/"},"sameAs":["https:\/\/www.facebook.com\/eltextual","https:\/\/x.com\/eltextual","http:\/\/www.instagram.com\/eltextual"]},{"@type":"Person","@id":"https:\/\/diariotextual.com\/inicio\/#\/schema\/person\/418fc4093c33e86ed41562db3508f958","name":"Diario1 Diario1","image":{"@type":"ImageObject","inLanguage":"es","@id":"https:\/\/secure.gravatar.com\/avatar\/9167d280179c85bc18be67aa7eda765854300033af4896dd779b608640f2ef7a?s=96&d=mm&r=g","url":"https:\/\/secure.gravatar.com\/avatar\/9167d280179c85bc18be67aa7eda765854300033af4896dd779b608640f2ef7a?s=96&d=mm&r=g","contentUrl":"https:\/\/secure.gravatar.com\/avatar\/9167d280179c85bc18be67aa7eda765854300033af4896dd779b608640f2ef7a?s=96&d=mm&r=g","caption":"Diario1 Diario1"},"url":"https:\/\/diariotextual.com\/inicio\/index.php\/author\/diario1\/"}]}},"_links":{"self":[{"href":"https:\/\/diariotextual.com\/inicio\/index.php\/wp-json\/wp\/v2\/posts\/60804","targetHints":{"allow":["GET"]}}],"collection":[{"href":"https:\/\/diariotextual.com\/inicio\/index.php\/wp-json\/wp\/v2\/posts"}],"about":[{"href":"https:\/\/diariotextual.com\/inicio\/index.php\/wp-json\/wp\/v2\/types\/post"}],"author":[{"embeddable":true,"href":"https:\/\/diariotextual.com\/inicio\/index.php\/wp-json\/wp\/v2\/users\/3"}],"replies":[{"embeddable":true,"href":"https:\/\/diariotextual.com\/inicio\/index.php\/wp-json\/wp\/v2\/comments?post=60804"}],"version-history":[{"count":6,"href":"https:\/\/diariotextual.com\/inicio\/index.php\/wp-json\/wp\/v2\/posts\/60804\/revisions"}],"predecessor-version":[{"id":60812,"href":"https:\/\/diariotextual.com\/inicio\/index.php\/wp-json\/wp\/v2\/posts\/60804\/revisions\/60812"}],"wp:featuredmedia":[{"embeddable":true,"href":"https:\/\/diariotextual.com\/inicio\/index.php\/wp-json\/wp\/v2\/media\/60806"}],"wp:attachment":[{"href":"https:\/\/diariotextual.com\/inicio\/index.php\/wp-json\/wp\/v2\/media?parent=60804"}],"wp:term":[{"taxonomy":"category","embeddable":true,"href":"https:\/\/diariotextual.com\/inicio\/index.php\/wp-json\/wp\/v2\/categories?post=60804"},{"taxonomy":"post_tag","embeddable":true,"href":"https:\/\/diariotextual.com\/inicio\/index.php\/wp-json\/wp\/v2\/tags?post=60804"}],"curies":[{"name":"wp","href":"https:\/\/api.w.org\/{rel}","templated":true}]}}