{"id":60813,"date":"2019-08-27T07:47:23","date_gmt":"2019-08-27T10:47:23","guid":{"rendered":"http:\/\/diariotextual.com\/inicio\/?p=60813"},"modified":"2019-08-28T08:45:14","modified_gmt":"2019-08-28T11:45:14","slug":"despues-las-paso-la-pampa-olor-despedida-macrismo-piloto-automatico-pj","status":"publish","type":"post","link":"https:\/\/diariotextual.com\/inicio\/index.php\/2019\/08\/27\/despues-las-paso-la-pampa-olor-despedida-macrismo-piloto-automatico-pj\/","title":{"rendered":"Despu\u00e9s de las PASO, en La Pampa hay olor a despedida en el macrismo y piloto autom\u00e1tico en el PJ"},"content":{"rendered":"<h3>Por Norberto G. Asquini<\/h3>\n<p><!--more--><\/p>\n<p>&nbsp;<\/p>\n<p>El 7 de septiembre comienza la campa\u00f1a para las elecciones que definir\u00e1n, finalmente, al pr\u00f3ximo presidente. El contundente resultado de las PASO dej\u00f3 un escenario pol\u00edtico inclinado a favor de Alberto Fern\u00e1ndez y a Mauricio Macri tratando de hacer pie. La l\u00f3gica del olor a despedida es la que tambi\u00e9n impera en la pol\u00edtica pampeana.<\/p>\n<p>&nbsp;<\/p>\n<p><strong>El escenario que qued\u00f3<\/strong><\/p>\n<p><strong>Los 15 puntos de diferencia de Alberto Fern\u00e1ndez sobre Macri fueron inapelables<\/strong>. Y parecen ser irremontables, de acuerdo a las primeras encuestas conocidas posprimarias.<\/p>\n<p>Todo pareci\u00f3 darse vuelta en el escenario pol\u00edtico tras las PASO. Mientras Alberto centraliza la atenci\u00f3n pol\u00edtica y se maneja con cautela, y CFK asume un silencio estrat\u00e9gico, el macrismo busca el milagro. Sue\u00f1a con la remontada hist\u00f3rica, lo que llev\u00f3 a que se produjera la marcha emocional del domingo 25 que sorprendi\u00f3 al gobierno nacional. Se toma con cautela esa concentraci\u00f3n frente a la Casa Rosada, que sirvi\u00f3 de desahogo y catarsis frente al cambio de rumbo en el escenario nacional.<\/p>\n<p>Entretanto Macri se tuvo que hacer cargo de la crisis generada tras la derrota, con medidas m\u00e1s efectistas que eficaces. El presidente sigue utilizando el mismo libreto para enfrentar al peronismo: la apelaci\u00f3n a \u00ablos valores\u00bb frente al populismo y machacar con la grieta.<\/p>\n<p>&nbsp;<\/p>\n<p><strong>Sensaci\u00f3n a cosa juzgada en el peronismo<\/strong><\/p>\n<p>El escenario nacional marca los tiempos tambi\u00e9n en la pol\u00edtica provincial.<strong> Hay sensaci\u00f3n a cosa juzgada. Un olor a despedida del macrismo<\/strong>. Por eso la pol\u00edtica tiene puesto el piloto autom\u00e1tico pensando m\u00e1s en el 10 de diciembre que en las generales del 27 de octubre.<\/p>\n<p>El desdoblamiento de las elecciones provinciales de las nacionales tambi\u00e9n colabora en ese sentido. Un a\u00f1o completo de campa\u00f1a es mucho. La gente est\u00e1 harta, la dirigencia saturada y sin fondos. En el oficialismo provincial ya se habl\u00f3 de evitar a futuro otro a\u00f1o electoral como el actual.<\/p>\n<p><strong>El peronismo asumi\u00f3 un aire triunfal.<\/strong> En Casa de Gobierno hay cierta tranquilidad. Analizan que la diferencia fue importante entre los dos principales candidatos a presidente y que se va a mantener. Las PASO tambi\u00e9n pusieron a Alberto como la figura central y como el candidato puesto. Ya asumi\u00f3 aire presidencial para el peronismo. Igualmente, <strong>observan que ser\u00e1 dif\u00edcil quedarse con los dos cargos de diputados nacionales en juego. El oficialismo lleg\u00f3 al m\u00e1ximo de votos posibles y el tercio de la oposici\u00f3n antiperonista quedar\u00e1 en los actuales niveles, salvo que la crisis se siga profundizando.<\/strong><\/p>\n<p>Pero volver al poder no significa un mundo mejor. Los festejos no durar\u00e1n mucho. Quienes van a gobernar a partir del 10 de diciembre miran preocupados lo que queda para el d\u00eda despu\u00e9s. Se sabe que asumir\u00e1n en un pa\u00eds en crisis y que Alberto \u00a0va a contar con pocas herramientas para revertir la situaci\u00f3n. El peronismo deber\u00e1 afrontar la administraci\u00f3n de la escasez en todos los niveles. Sergio Ziliotto ya hace n\u00fameros, tambi\u00e9n las y los intendentes.<\/p>\n<p>Las \u00faltimas medidas tomadas por Macri tras su derrota golpear\u00e1n adem\u00e1s los \u00faltimos meses de las gestiones actuales. Las bajas impositivas dispuestas a trav\u00e9s de la suba del m\u00ednimo no imponible del impuesto a las Ganancias y la eliminaci\u00f3n del Impuesto al Valor Agregado (IVA) sobre 14 productos de la canasta b\u00e1sica tienen su costo.<\/p>\n<p>&nbsp;<\/p>\n<p><strong>La oposici\u00f3n golpeada por la derrota<\/strong><\/p>\n<p>Este escenario que gira bajo la l\u00f3gica del \u00abest\u00e1 todo dicho\u00bb marca tambi\u00e9n a la oposici\u00f3n. La marcha del domingo mostr\u00f3, nuevamente, las distancias entre los socios por conveniencia de la UCR y el PRO en la provincia. Estuvieron all\u00ed encabezando los dirigentes macristas, tratando de remontar un resultado m\u00e1s que adverso, frente a la indiferencia radical.<\/p>\n<p><strong>Los radicales est\u00e1n pensando m\u00e1s en el escenario del posmacrismo que viene que en la elecci\u00f3n<\/strong>. <strong>No se vio a ning\u00fan dirigente de primera l\u00ednea en la marcha. Pocos se animan a opinar sobre la situaci\u00f3n del pa\u00eds o hacer campa\u00f1a p\u00fablicamente por el presidente.<\/strong> Todos ya se hacen los desentendidos con la marcha del gobierno de Macri. Se espera que el 27 de octubre la UCR ingrese el segundo diputado, pero m\u00e1s por la fuerza de la inercia electoral que por el apoyo que pueda tener el candidato de la estructura partidaria. Los radicales pampeanos parecen ahora liberarse de un presidente que les resultaba inc\u00f3modo.<\/p>\n<p>Pero las consecuencias a futuro de una derrota nacional para la oposici\u00f3n no van a ser gratuitas. Si a nivel pa\u00eds el golpe ser\u00e1 duro, en La Pampa no ser\u00e1 menor. Con un peronismo legitimado la oposici\u00f3n ha quedado debilitada y sin referencias importantes. El escenario que viene ser\u00e1 el de la reconfiguraci\u00f3n del arco opositor bajo el signo de la derrota y de una sociedad que le dio la espalda en las urnas.<\/p>\n<p>&nbsp;<\/p>\n<p>&nbsp;<\/p>\n<p>&nbsp;<\/p>\n<p>&nbsp;<\/p>\n<p>&nbsp;<\/p>\n<p>&nbsp;<\/p>\n<p>&nbsp;<\/p>\n<p>&nbsp;<\/p>\n","protected":false},"excerpt":{"rendered":"<p>Por Norberto G. Asquini<\/p>\n","protected":false},"author":3,"featured_media":60816,"comment_status":"closed","ping_status":"open","sticky":false,"template":"","format":"standard","meta":{"_acf_changed":false,"footnotes":""},"categories":[319,8],"tags":[],"class_list":["post-60813","post","type-post","status-publish","format-standard","has-post-thumbnail","hentry","category-a-temporales","category-politica"],"acf":[],"yoast_head":"<!-- This site is optimized with the Yoast SEO plugin v27.5 - https:\/\/yoast.com\/product\/yoast-seo-wordpress\/ -->\n<title>Despu\u00e9s de las PASO, en La Pampa hay olor a despedida en el macrismo y piloto autom\u00e1tico en el PJ - Diario Textual<\/title>\n<meta name=\"robots\" content=\"index, follow, max-snippet:-1, max-image-preview:large, max-video-preview:-1\" \/>\n<link rel=\"canonical\" href=\"https:\/\/diariotextual.com\/inicio\/index.php\/2019\/08\/27\/despues-las-paso-la-pampa-olor-despedida-macrismo-piloto-automatico-pj\/\" \/>\n<meta property=\"og:locale\" content=\"es_ES\" \/>\n<meta property=\"og:type\" content=\"article\" \/>\n<meta property=\"og:title\" content=\"Despu\u00e9s de las PASO, en La Pampa hay olor a despedida en el macrismo y piloto autom\u00e1tico en el PJ - Diario Textual\" \/>\n<meta property=\"og:description\" content=\"Por Norberto G. Asquini\" \/>\n<meta property=\"og:url\" content=\"https:\/\/diariotextual.com\/inicio\/index.php\/2019\/08\/27\/despues-las-paso-la-pampa-olor-despedida-macrismo-piloto-automatico-pj\/\" \/>\n<meta property=\"og:site_name\" content=\"Diario Textual\" \/>\n<meta property=\"article:publisher\" content=\"https:\/\/www.facebook.com\/eltextual\" \/>\n<meta property=\"article:published_time\" content=\"2019-08-27T10:47:23+00:00\" \/>\n<meta property=\"article:modified_time\" content=\"2019-08-28T11:45:14+00:00\" \/>\n<meta property=\"og:image\" content=\"https:\/\/diariotextual.com\/inicio\/wp-content\/uploads\/2019\/08\/cambiemosmanifestacion24-8-2019-9.jpg\" \/>\n\t<meta property=\"og:image:width\" content=\"1200\" \/>\n\t<meta property=\"og:image:height\" content=\"715\" \/>\n\t<meta property=\"og:image:type\" content=\"image\/jpeg\" \/>\n<meta name=\"author\" content=\"Diario1 Diario1\" \/>\n<meta name=\"twitter:card\" content=\"summary_large_image\" \/>\n<meta name=\"twitter:creator\" content=\"@eltextual\" \/>\n<meta name=\"twitter:site\" content=\"@eltextual\" \/>\n<meta name=\"twitter:label1\" content=\"Escrito por\" \/>\n\t<meta name=\"twitter:data1\" content=\"Diario1 Diario1\" \/>\n\t<meta name=\"twitter:label2\" content=\"Tiempo de lectura\" \/>\n\t<meta name=\"twitter:data2\" content=\"4 minutos\" \/>\n<script type=\"application\/ld+json\" class=\"yoast-schema-graph\">{\"@context\":\"https:\\\/\\\/schema.org\",\"@graph\":[{\"@type\":\"Article\",\"@id\":\"https:\\\/\\\/diariotextual.com\\\/inicio\\\/index.php\\\/2019\\\/08\\\/27\\\/despues-las-paso-la-pampa-olor-despedida-macrismo-piloto-automatico-pj\\\/#article\",\"isPartOf\":{\"@id\":\"https:\\\/\\\/diariotextual.com\\\/inicio\\\/index.php\\\/2019\\\/08\\\/27\\\/despues-las-paso-la-pampa-olor-despedida-macrismo-piloto-automatico-pj\\\/\"},\"author\":{\"name\":\"Diario1 Diario1\",\"@id\":\"https:\\\/\\\/diariotextual.com\\\/inicio\\\/#\\\/schema\\\/person\\\/418fc4093c33e86ed41562db3508f958\"},\"headline\":\"Despu\u00e9s de las PASO, en La Pampa hay olor a despedida en el macrismo y piloto autom\u00e1tico en el PJ\",\"datePublished\":\"2019-08-27T10:47:23+00:00\",\"dateModified\":\"2019-08-28T11:45:14+00:00\",\"mainEntityOfPage\":{\"@id\":\"https:\\\/\\\/diariotextual.com\\\/inicio\\\/index.php\\\/2019\\\/08\\\/27\\\/despues-las-paso-la-pampa-olor-despedida-macrismo-piloto-automatico-pj\\\/\"},\"wordCount\":880,\"publisher\":{\"@id\":\"https:\\\/\\\/diariotextual.com\\\/inicio\\\/#organization\"},\"image\":{\"@id\":\"https:\\\/\\\/diariotextual.com\\\/inicio\\\/index.php\\\/2019\\\/08\\\/27\\\/despues-las-paso-la-pampa-olor-despedida-macrismo-piloto-automatico-pj\\\/#primaryimage\"},\"thumbnailUrl\":\"https:\\\/\\\/diariotextual.com\\\/inicio\\\/wp-content\\\/uploads\\\/2019\\\/08\\\/cambiemosmanifestacion24-8-2019-9.jpg\",\"articleSection\":[\"A - TEMPORALES\",\"POLITICA\"],\"inLanguage\":\"es\"},{\"@type\":\"WebPage\",\"@id\":\"https:\\\/\\\/diariotextual.com\\\/inicio\\\/index.php\\\/2019\\\/08\\\/27\\\/despues-las-paso-la-pampa-olor-despedida-macrismo-piloto-automatico-pj\\\/\",\"url\":\"https:\\\/\\\/diariotextual.com\\\/inicio\\\/index.php\\\/2019\\\/08\\\/27\\\/despues-las-paso-la-pampa-olor-despedida-macrismo-piloto-automatico-pj\\\/\",\"name\":\"Despu\u00e9s de las PASO, en La Pampa hay olor a despedida en el macrismo y piloto autom\u00e1tico en el PJ - Diario Textual\",\"isPartOf\":{\"@id\":\"https:\\\/\\\/diariotextual.com\\\/inicio\\\/#website\"},\"primaryImageOfPage\":{\"@id\":\"https:\\\/\\\/diariotextual.com\\\/inicio\\\/index.php\\\/2019\\\/08\\\/27\\\/despues-las-paso-la-pampa-olor-despedida-macrismo-piloto-automatico-pj\\\/#primaryimage\"},\"image\":{\"@id\":\"https:\\\/\\\/diariotextual.com\\\/inicio\\\/index.php\\\/2019\\\/08\\\/27\\\/despues-las-paso-la-pampa-olor-despedida-macrismo-piloto-automatico-pj\\\/#primaryimage\"},\"thumbnailUrl\":\"https:\\\/\\\/diariotextual.com\\\/inicio\\\/wp-content\\\/uploads\\\/2019\\\/08\\\/cambiemosmanifestacion24-8-2019-9.jpg\",\"datePublished\":\"2019-08-27T10:47:23+00:00\",\"dateModified\":\"2019-08-28T11:45:14+00:00\",\"breadcrumb\":{\"@id\":\"https:\\\/\\\/diariotextual.com\\\/inicio\\\/index.php\\\/2019\\\/08\\\/27\\\/despues-las-paso-la-pampa-olor-despedida-macrismo-piloto-automatico-pj\\\/#breadcrumb\"},\"inLanguage\":\"es\",\"potentialAction\":[{\"@type\":\"ReadAction\",\"target\":[\"https:\\\/\\\/diariotextual.com\\\/inicio\\\/index.php\\\/2019\\\/08\\\/27\\\/despues-las-paso-la-pampa-olor-despedida-macrismo-piloto-automatico-pj\\\/\"]}]},{\"@type\":\"ImageObject\",\"inLanguage\":\"es\",\"@id\":\"https:\\\/\\\/diariotextual.com\\\/inicio\\\/index.php\\\/2019\\\/08\\\/27\\\/despues-las-paso-la-pampa-olor-despedida-macrismo-piloto-automatico-pj\\\/#primaryimage\",\"url\":\"https:\\\/\\\/diariotextual.com\\\/inicio\\\/wp-content\\\/uploads\\\/2019\\\/08\\\/cambiemosmanifestacion24-8-2019-9.jpg\",\"contentUrl\":\"https:\\\/\\\/diariotextual.com\\\/inicio\\\/wp-content\\\/uploads\\\/2019\\\/08\\\/cambiemosmanifestacion24-8-2019-9.jpg\",\"width\":1200,\"height\":715},{\"@type\":\"BreadcrumbList\",\"@id\":\"https:\\\/\\\/diariotextual.com\\\/inicio\\\/index.php\\\/2019\\\/08\\\/27\\\/despues-las-paso-la-pampa-olor-despedida-macrismo-piloto-automatico-pj\\\/#breadcrumb\",\"itemListElement\":[{\"@type\":\"ListItem\",\"position\":1,\"name\":\"Portada\",\"item\":\"https:\\\/\\\/diariotextual.com\\\/inicio\\\/\"},{\"@type\":\"ListItem\",\"position\":2,\"name\":\"Despu\u00e9s de las PASO, en La Pampa hay olor a despedida en el macrismo y piloto autom\u00e1tico en el PJ\"}]},{\"@type\":\"WebSite\",\"@id\":\"https:\\\/\\\/diariotextual.com\\\/inicio\\\/#website\",\"url\":\"https:\\\/\\\/diariotextual.com\\\/inicio\\\/\",\"name\":\"Diario Textual\",\"description\":\"\",\"publisher\":{\"@id\":\"https:\\\/\\\/diariotextual.com\\\/inicio\\\/#organization\"},\"potentialAction\":[{\"@type\":\"SearchAction\",\"target\":{\"@type\":\"EntryPoint\",\"urlTemplate\":\"https:\\\/\\\/diariotextual.com\\\/inicio\\\/?s={search_term_string}\"},\"query-input\":{\"@type\":\"PropertyValueSpecification\",\"valueRequired\":true,\"valueName\":\"search_term_string\"}}],\"inLanguage\":\"es\"},{\"@type\":\"Organization\",\"@id\":\"https:\\\/\\\/diariotextual.com\\\/inicio\\\/#organization\",\"name\":\"Diario Textual\",\"url\":\"https:\\\/\\\/diariotextual.com\\\/inicio\\\/\",\"logo\":{\"@type\":\"ImageObject\",\"inLanguage\":\"es\",\"@id\":\"https:\\\/\\\/diariotextual.com\\\/inicio\\\/#\\\/schema\\\/logo\\\/image\\\/\",\"url\":\"https:\\\/\\\/diariotextual.com\\\/inicio\\\/wp-content\\\/uploads\\\/2023\\\/05\\\/logotextual1.jpg\",\"contentUrl\":\"https:\\\/\\\/diariotextual.com\\\/inicio\\\/wp-content\\\/uploads\\\/2023\\\/05\\\/logotextual1.jpg\",\"width\":516,\"height\":76,\"caption\":\"Diario Textual\"},\"image\":{\"@id\":\"https:\\\/\\\/diariotextual.com\\\/inicio\\\/#\\\/schema\\\/logo\\\/image\\\/\"},\"sameAs\":[\"https:\\\/\\\/www.facebook.com\\\/eltextual\",\"https:\\\/\\\/x.com\\\/eltextual\",\"http:\\\/\\\/www.instagram.com\\\/eltextual\"]},{\"@type\":\"Person\",\"@id\":\"https:\\\/\\\/diariotextual.com\\\/inicio\\\/#\\\/schema\\\/person\\\/418fc4093c33e86ed41562db3508f958\",\"name\":\"Diario1 Diario1\",\"image\":{\"@type\":\"ImageObject\",\"inLanguage\":\"es\",\"@id\":\"https:\\\/\\\/secure.gravatar.com\\\/avatar\\\/9167d280179c85bc18be67aa7eda765854300033af4896dd779b608640f2ef7a?s=96&d=mm&r=g\",\"url\":\"https:\\\/\\\/secure.gravatar.com\\\/avatar\\\/9167d280179c85bc18be67aa7eda765854300033af4896dd779b608640f2ef7a?s=96&d=mm&r=g\",\"contentUrl\":\"https:\\\/\\\/secure.gravatar.com\\\/avatar\\\/9167d280179c85bc18be67aa7eda765854300033af4896dd779b608640f2ef7a?s=96&d=mm&r=g\",\"caption\":\"Diario1 Diario1\"},\"url\":\"https:\\\/\\\/diariotextual.com\\\/inicio\\\/index.php\\\/author\\\/diario1\\\/\"}]}<\/script>\n<!-- \/ Yoast SEO plugin. -->","yoast_head_json":{"title":"Despu\u00e9s de las PASO, en La Pampa hay olor a despedida en el macrismo y piloto autom\u00e1tico en el PJ - Diario Textual","robots":{"index":"index","follow":"follow","max-snippet":"max-snippet:-1","max-image-preview":"max-image-preview:large","max-video-preview":"max-video-preview:-1"},"canonical":"https:\/\/diariotextual.com\/inicio\/index.php\/2019\/08\/27\/despues-las-paso-la-pampa-olor-despedida-macrismo-piloto-automatico-pj\/","og_locale":"es_ES","og_type":"article","og_title":"Despu\u00e9s de las PASO, en La Pampa hay olor a despedida en el macrismo y piloto autom\u00e1tico en el PJ - Diario Textual","og_description":"Por Norberto G. Asquini","og_url":"https:\/\/diariotextual.com\/inicio\/index.php\/2019\/08\/27\/despues-las-paso-la-pampa-olor-despedida-macrismo-piloto-automatico-pj\/","og_site_name":"Diario Textual","article_publisher":"https:\/\/www.facebook.com\/eltextual","article_published_time":"2019-08-27T10:47:23+00:00","article_modified_time":"2019-08-28T11:45:14+00:00","og_image":[{"width":1200,"height":715,"url":"https:\/\/diariotextual.com\/inicio\/wp-content\/uploads\/2019\/08\/cambiemosmanifestacion24-8-2019-9.jpg","type":"image\/jpeg"}],"author":"Diario1 Diario1","twitter_card":"summary_large_image","twitter_creator":"@eltextual","twitter_site":"@eltextual","twitter_misc":{"Escrito por":"Diario1 Diario1","Tiempo de lectura":"4 minutos"},"schema":{"@context":"https:\/\/schema.org","@graph":[{"@type":"Article","@id":"https:\/\/diariotextual.com\/inicio\/index.php\/2019\/08\/27\/despues-las-paso-la-pampa-olor-despedida-macrismo-piloto-automatico-pj\/#article","isPartOf":{"@id":"https:\/\/diariotextual.com\/inicio\/index.php\/2019\/08\/27\/despues-las-paso-la-pampa-olor-despedida-macrismo-piloto-automatico-pj\/"},"author":{"name":"Diario1 Diario1","@id":"https:\/\/diariotextual.com\/inicio\/#\/schema\/person\/418fc4093c33e86ed41562db3508f958"},"headline":"Despu\u00e9s de las PASO, en La Pampa hay olor a despedida en el macrismo y piloto autom\u00e1tico en el PJ","datePublished":"2019-08-27T10:47:23+00:00","dateModified":"2019-08-28T11:45:14+00:00","mainEntityOfPage":{"@id":"https:\/\/diariotextual.com\/inicio\/index.php\/2019\/08\/27\/despues-las-paso-la-pampa-olor-despedida-macrismo-piloto-automatico-pj\/"},"wordCount":880,"publisher":{"@id":"https:\/\/diariotextual.com\/inicio\/#organization"},"image":{"@id":"https:\/\/diariotextual.com\/inicio\/index.php\/2019\/08\/27\/despues-las-paso-la-pampa-olor-despedida-macrismo-piloto-automatico-pj\/#primaryimage"},"thumbnailUrl":"https:\/\/diariotextual.com\/inicio\/wp-content\/uploads\/2019\/08\/cambiemosmanifestacion24-8-2019-9.jpg","articleSection":["A - TEMPORALES","POLITICA"],"inLanguage":"es"},{"@type":"WebPage","@id":"https:\/\/diariotextual.com\/inicio\/index.php\/2019\/08\/27\/despues-las-paso-la-pampa-olor-despedida-macrismo-piloto-automatico-pj\/","url":"https:\/\/diariotextual.com\/inicio\/index.php\/2019\/08\/27\/despues-las-paso-la-pampa-olor-despedida-macrismo-piloto-automatico-pj\/","name":"Despu\u00e9s de las PASO, en La Pampa hay olor a despedida en el macrismo y piloto autom\u00e1tico en el PJ - Diario Textual","isPartOf":{"@id":"https:\/\/diariotextual.com\/inicio\/#website"},"primaryImageOfPage":{"@id":"https:\/\/diariotextual.com\/inicio\/index.php\/2019\/08\/27\/despues-las-paso-la-pampa-olor-despedida-macrismo-piloto-automatico-pj\/#primaryimage"},"image":{"@id":"https:\/\/diariotextual.com\/inicio\/index.php\/2019\/08\/27\/despues-las-paso-la-pampa-olor-despedida-macrismo-piloto-automatico-pj\/#primaryimage"},"thumbnailUrl":"https:\/\/diariotextual.com\/inicio\/wp-content\/uploads\/2019\/08\/cambiemosmanifestacion24-8-2019-9.jpg","datePublished":"2019-08-27T10:47:23+00:00","dateModified":"2019-08-28T11:45:14+00:00","breadcrumb":{"@id":"https:\/\/diariotextual.com\/inicio\/index.php\/2019\/08\/27\/despues-las-paso-la-pampa-olor-despedida-macrismo-piloto-automatico-pj\/#breadcrumb"},"inLanguage":"es","potentialAction":[{"@type":"ReadAction","target":["https:\/\/diariotextual.com\/inicio\/index.php\/2019\/08\/27\/despues-las-paso-la-pampa-olor-despedida-macrismo-piloto-automatico-pj\/"]}]},{"@type":"ImageObject","inLanguage":"es","@id":"https:\/\/diariotextual.com\/inicio\/index.php\/2019\/08\/27\/despues-las-paso-la-pampa-olor-despedida-macrismo-piloto-automatico-pj\/#primaryimage","url":"https:\/\/diariotextual.com\/inicio\/wp-content\/uploads\/2019\/08\/cambiemosmanifestacion24-8-2019-9.jpg","contentUrl":"https:\/\/diariotextual.com\/inicio\/wp-content\/uploads\/2019\/08\/cambiemosmanifestacion24-8-2019-9.jpg","width":1200,"height":715},{"@type":"BreadcrumbList","@id":"https:\/\/diariotextual.com\/inicio\/index.php\/2019\/08\/27\/despues-las-paso-la-pampa-olor-despedida-macrismo-piloto-automatico-pj\/#breadcrumb","itemListElement":[{"@type":"ListItem","position":1,"name":"Portada","item":"https:\/\/diariotextual.com\/inicio\/"},{"@type":"ListItem","position":2,"name":"Despu\u00e9s de las PASO, en La Pampa hay olor a despedida en el macrismo y piloto autom\u00e1tico en el PJ"}]},{"@type":"WebSite","@id":"https:\/\/diariotextual.com\/inicio\/#website","url":"https:\/\/diariotextual.com\/inicio\/","name":"Diario Textual","description":"","publisher":{"@id":"https:\/\/diariotextual.com\/inicio\/#organization"},"potentialAction":[{"@type":"SearchAction","target":{"@type":"EntryPoint","urlTemplate":"https:\/\/diariotextual.com\/inicio\/?s={search_term_string}"},"query-input":{"@type":"PropertyValueSpecification","valueRequired":true,"valueName":"search_term_string"}}],"inLanguage":"es"},{"@type":"Organization","@id":"https:\/\/diariotextual.com\/inicio\/#organization","name":"Diario Textual","url":"https:\/\/diariotextual.com\/inicio\/","logo":{"@type":"ImageObject","inLanguage":"es","@id":"https:\/\/diariotextual.com\/inicio\/#\/schema\/logo\/image\/","url":"https:\/\/diariotextual.com\/inicio\/wp-content\/uploads\/2023\/05\/logotextual1.jpg","contentUrl":"https:\/\/diariotextual.com\/inicio\/wp-content\/uploads\/2023\/05\/logotextual1.jpg","width":516,"height":76,"caption":"Diario Textual"},"image":{"@id":"https:\/\/diariotextual.com\/inicio\/#\/schema\/logo\/image\/"},"sameAs":["https:\/\/www.facebook.com\/eltextual","https:\/\/x.com\/eltextual","http:\/\/www.instagram.com\/eltextual"]},{"@type":"Person","@id":"https:\/\/diariotextual.com\/inicio\/#\/schema\/person\/418fc4093c33e86ed41562db3508f958","name":"Diario1 Diario1","image":{"@type":"ImageObject","inLanguage":"es","@id":"https:\/\/secure.gravatar.com\/avatar\/9167d280179c85bc18be67aa7eda765854300033af4896dd779b608640f2ef7a?s=96&d=mm&r=g","url":"https:\/\/secure.gravatar.com\/avatar\/9167d280179c85bc18be67aa7eda765854300033af4896dd779b608640f2ef7a?s=96&d=mm&r=g","contentUrl":"https:\/\/secure.gravatar.com\/avatar\/9167d280179c85bc18be67aa7eda765854300033af4896dd779b608640f2ef7a?s=96&d=mm&r=g","caption":"Diario1 Diario1"},"url":"https:\/\/diariotextual.com\/inicio\/index.php\/author\/diario1\/"}]}},"_links":{"self":[{"href":"https:\/\/diariotextual.com\/inicio\/index.php\/wp-json\/wp\/v2\/posts\/60813","targetHints":{"allow":["GET"]}}],"collection":[{"href":"https:\/\/diariotextual.com\/inicio\/index.php\/wp-json\/wp\/v2\/posts"}],"about":[{"href":"https:\/\/diariotextual.com\/inicio\/index.php\/wp-json\/wp\/v2\/types\/post"}],"author":[{"embeddable":true,"href":"https:\/\/diariotextual.com\/inicio\/index.php\/wp-json\/wp\/v2\/users\/3"}],"replies":[{"embeddable":true,"href":"https:\/\/diariotextual.com\/inicio\/index.php\/wp-json\/wp\/v2\/comments?post=60813"}],"version-history":[{"count":1,"href":"https:\/\/diariotextual.com\/inicio\/index.php\/wp-json\/wp\/v2\/posts\/60813\/revisions"}],"predecessor-version":[{"id":60814,"href":"https:\/\/diariotextual.com\/inicio\/index.php\/wp-json\/wp\/v2\/posts\/60813\/revisions\/60814"}],"wp:featuredmedia":[{"embeddable":true,"href":"https:\/\/diariotextual.com\/inicio\/index.php\/wp-json\/wp\/v2\/media\/60816"}],"wp:attachment":[{"href":"https:\/\/diariotextual.com\/inicio\/index.php\/wp-json\/wp\/v2\/media?parent=60813"}],"wp:term":[{"taxonomy":"category","embeddable":true,"href":"https:\/\/diariotextual.com\/inicio\/index.php\/wp-json\/wp\/v2\/categories?post=60813"},{"taxonomy":"post_tag","embeddable":true,"href":"https:\/\/diariotextual.com\/inicio\/index.php\/wp-json\/wp\/v2\/tags?post=60813"}],"curies":[{"name":"wp","href":"https:\/\/api.w.org\/{rel}","templated":true}]}}