{"id":60817,"date":"2019-08-27T07:54:41","date_gmt":"2019-08-27T10:54:41","guid":{"rendered":"http:\/\/diariotextual.com\/inicio\/?p=60817"},"modified":"2019-08-27T10:38:08","modified_gmt":"2019-08-27T13:38:08","slug":"dueno-john-foos-dice-comprara-la-planta-alpargatas-gana-alberto-fernandez","status":"publish","type":"post","link":"https:\/\/diariotextual.com\/inicio\/index.php\/2019\/08\/27\/dueno-john-foos-dice-comprara-la-planta-alpargatas-gana-alberto-fernandez\/","title":{"rendered":"El due\u00f1o de John Foos dice que comprar\u00e1 la planta de Alpargatas si gana Alberto Fern\u00e1ndez"},"content":{"rendered":"<p><strong>Miguel \u00c1ngel Fosati<\/strong>, due\u00f1o de<strong> John Foos<\/strong>, confirm\u00f3 que su propuesta para reabrir la planta que Alpargatas ten\u00eda en Santa Rosa sigue firme, pero que<strong> avanzar\u00e1 si es que finalmente gana en octubre el candidato a presidente Alberto Fern\u00e1ndez<\/strong>. \u201cNo puedo seguir hablando hasta que este gobierno se vaya\u201d, dijo en declaraciones a <strong>BAE Negocios<\/strong>.<\/p>\n<p><strong>Alpargatas cerr\u00f3 hace un a\u00f1o en Santa Rosa<\/strong>, luego de 34 a\u00f1os de funcionamiento. Lleg\u00f3 a tener 1300 empleados a principios de los \u201990 y \u00faltimamente quedaban 130.<\/p>\n<p>En las \u00faltimas horas se conoci\u00f3 que cerr\u00f3 la Asociaci\u00f3n Obreros Textiles de La Pampa, al quedarse sin trabajadores del rubro en la provincia.<\/p>\n<p>Desde principios de a\u00f1o,<strong> Fosati comenz\u00f3 las negociaciones para quedarse con la planta santarrose\u00f1a que abandon\u00f3 Alpargatas.<\/strong><\/p>\n<p>En la actualidad, el empresario tiene su planta en Beccar, desde donde fabrica un mill\u00f3n de pares de zapatillas al a\u00f1o. Les hizo una prueba a los despedidos y asegur\u00f3 que 90 extrabajadores (36 aparadores y 54 cortadores) ser\u00e1n reincorporados si llega a buen t\u00e9rmino la compra.<\/p>\n<p>\u00abMi propuesta para comprar la planta est\u00e1 firme, pero no me contestaron. Igual, no podemos seguir hablando hasta que este gobierno se vaya, no paran de destruir a la industria. No ech\u00e9 a nadie pero ya no puedo m\u00e1s\u00bb, cont\u00f3 Fosati muy preocupado.<\/p>\n<p>\u00abSe necesita un proyecto de pa\u00eds. Te repito, lo que ya te dije, si ganan las elecciones Alberto Fern\u00e1ndez y Cristina, es lo mejor que nos puede pasar, por lo menos volver\u00e1n a impulsar la producci\u00f3n. La industria del calzado tiene 150.000 obreros, somos m\u00e1s grande que la industria automotriz que tiene 85.000 operarios, pero a nosotros este Gobierno no nos escucha. S\u00f3lo hacen lo imposible para destruir la industria\u00bb, dijo el due\u00f1o de John Foos.<\/p>\n<blockquote class=\"wp-embedded-content\" data-secret=\"kuKim8yF3o\"><p><a href=\"http:\/\/diariotextual.com\/inicio\/index.php\/2019\/08\/26\/conflicto-coca-cola-los-23-trabajadores-seran-tomados-nueva-distribuidora\/\">Coca Cola: los 23 trabajadores de Santa Rosa son tomados por la distribuidora de Pico<\/a><\/p><\/blockquote>\n<p><iframe class=\"wp-embedded-content\" sandbox=\"allow-scripts\" security=\"restricted\" style=\"position: absolute; clip: rect(1px, 1px, 1px, 1px);\" src=\"http:\/\/diariotextual.com\/inicio\/index.php\/2019\/08\/26\/conflicto-coca-cola-los-23-trabajadores-seran-tomados-nueva-distribuidora\/embed\/#?secret=kuKim8yF3o\" data-secret=\"kuKim8yF3o\" width=\"600\" height=\"338\" title=\"&#171;Coca Cola: los 23 trabajadores de Santa Rosa son tomados por la distribuidora de Pico&#187; &#8212; Diario Textual\" frameborder=\"0\" marginwidth=\"0\" marginheight=\"0\" scrolling=\"no\"><\/iframe><\/p>\n<p>&nbsp;<\/p>\n","protected":false},"excerpt":{"rendered":"<p>Miguel \u00c1ngel Fosati, due\u00f1o de John Foos, confirm\u00f3 que su propuesta para reabrir la planta que Alpargatas ten\u00eda en Santa Rosa sigue firme, pero que avanzar\u00e1 si es que finalmente&hellip;<\/p>\n","protected":false},"author":3,"featured_media":6710,"comment_status":"closed","ping_status":"open","sticky":false,"template":"","format":"standard","meta":{"_acf_changed":false,"footnotes":""},"categories":[1,11,5],"tags":[],"class_list":["post-60817","post","type-post","status-publish","format-standard","has-post-thumbnail","hentry","category-es-noticia","category-que-pasa","category-economia"],"acf":[],"yoast_head":"<!-- This site is optimized with the Yoast SEO plugin v27.5 - https:\/\/yoast.com\/product\/yoast-seo-wordpress\/ -->\n<title>El due\u00f1o de John Foos dice que comprar\u00e1 la planta de Alpargatas si gana Alberto Fern\u00e1ndez - Diario Textual<\/title>\n<meta name=\"robots\" content=\"index, follow, max-snippet:-1, max-image-preview:large, max-video-preview:-1\" \/>\n<link rel=\"canonical\" href=\"https:\/\/diariotextual.com\/inicio\/index.php\/2019\/08\/27\/dueno-john-foos-dice-comprara-la-planta-alpargatas-gana-alberto-fernandez\/\" \/>\n<meta property=\"og:locale\" content=\"es_ES\" \/>\n<meta property=\"og:type\" content=\"article\" \/>\n<meta property=\"og:title\" content=\"El due\u00f1o de John Foos dice que comprar\u00e1 la planta de Alpargatas si gana Alberto Fern\u00e1ndez - Diario Textual\" \/>\n<meta property=\"og:description\" content=\"Miguel \u00c1ngel Fosati, due\u00f1o de John Foos, confirm\u00f3 que su propuesta para reabrir la planta que Alpargatas ten\u00eda en Santa Rosa sigue firme, pero que avanzar\u00e1 si es que finalmente&hellip;\" \/>\n<meta property=\"og:url\" content=\"https:\/\/diariotextual.com\/inicio\/index.php\/2019\/08\/27\/dueno-john-foos-dice-comprara-la-planta-alpargatas-gana-alberto-fernandez\/\" \/>\n<meta property=\"og:site_name\" content=\"Diario Textual\" \/>\n<meta property=\"article:publisher\" content=\"https:\/\/www.facebook.com\/eltextual\" \/>\n<meta property=\"article:published_time\" content=\"2019-08-27T10:54:41+00:00\" \/>\n<meta property=\"article:modified_time\" content=\"2019-08-27T13:38:08+00:00\" \/>\n<meta property=\"og:image\" content=\"https:\/\/diariotextual.com\/inicio\/wp-content\/uploads\/2018\/05\/alpargatasfrente2016-1.jpg\" \/>\n\t<meta property=\"og:image:width\" content=\"622\" \/>\n\t<meta property=\"og:image:height\" content=\"400\" \/>\n\t<meta property=\"og:image:type\" content=\"image\/jpeg\" \/>\n<meta name=\"author\" content=\"Diario1 Diario1\" \/>\n<meta name=\"twitter:card\" content=\"summary_large_image\" \/>\n<meta name=\"twitter:creator\" content=\"@eltextual\" \/>\n<meta name=\"twitter:site\" content=\"@eltextual\" \/>\n<meta name=\"twitter:label1\" content=\"Escrito por\" \/>\n\t<meta name=\"twitter:data1\" content=\"Diario1 Diario1\" \/>\n\t<meta name=\"twitter:label2\" content=\"Tiempo de lectura\" \/>\n\t<meta name=\"twitter:data2\" content=\"2 minutos\" \/>\n<script type=\"application\/ld+json\" class=\"yoast-schema-graph\">{\"@context\":\"https:\\\/\\\/schema.org\",\"@graph\":[{\"@type\":\"Article\",\"@id\":\"https:\\\/\\\/diariotextual.com\\\/inicio\\\/index.php\\\/2019\\\/08\\\/27\\\/dueno-john-foos-dice-comprara-la-planta-alpargatas-gana-alberto-fernandez\\\/#article\",\"isPartOf\":{\"@id\":\"https:\\\/\\\/diariotextual.com\\\/inicio\\\/index.php\\\/2019\\\/08\\\/27\\\/dueno-john-foos-dice-comprara-la-planta-alpargatas-gana-alberto-fernandez\\\/\"},\"author\":{\"name\":\"Diario1 Diario1\",\"@id\":\"https:\\\/\\\/diariotextual.com\\\/inicio\\\/#\\\/schema\\\/person\\\/418fc4093c33e86ed41562db3508f958\"},\"headline\":\"El due\u00f1o de John Foos dice que comprar\u00e1 la planta de Alpargatas si gana Alberto Fern\u00e1ndez\",\"datePublished\":\"2019-08-27T10:54:41+00:00\",\"dateModified\":\"2019-08-27T13:38:08+00:00\",\"mainEntityOfPage\":{\"@id\":\"https:\\\/\\\/diariotextual.com\\\/inicio\\\/index.php\\\/2019\\\/08\\\/27\\\/dueno-john-foos-dice-comprara-la-planta-alpargatas-gana-alberto-fernandez\\\/\"},\"wordCount\":328,\"publisher\":{\"@id\":\"https:\\\/\\\/diariotextual.com\\\/inicio\\\/#organization\"},\"image\":{\"@id\":\"https:\\\/\\\/diariotextual.com\\\/inicio\\\/index.php\\\/2019\\\/08\\\/27\\\/dueno-john-foos-dice-comprara-la-planta-alpargatas-gana-alberto-fernandez\\\/#primaryimage\"},\"thumbnailUrl\":\"https:\\\/\\\/diariotextual.com\\\/inicio\\\/wp-content\\\/uploads\\\/2018\\\/05\\\/alpargatasfrente2016-1.jpg\",\"articleSection\":[\"A - ES NOTICIA (van abajo)\",\"A - QUE PASA (al costado)\",\"ECONOMIA\"],\"inLanguage\":\"es\"},{\"@type\":\"WebPage\",\"@id\":\"https:\\\/\\\/diariotextual.com\\\/inicio\\\/index.php\\\/2019\\\/08\\\/27\\\/dueno-john-foos-dice-comprara-la-planta-alpargatas-gana-alberto-fernandez\\\/\",\"url\":\"https:\\\/\\\/diariotextual.com\\\/inicio\\\/index.php\\\/2019\\\/08\\\/27\\\/dueno-john-foos-dice-comprara-la-planta-alpargatas-gana-alberto-fernandez\\\/\",\"name\":\"El due\u00f1o de John Foos dice que comprar\u00e1 la planta de Alpargatas si gana Alberto Fern\u00e1ndez - Diario Textual\",\"isPartOf\":{\"@id\":\"https:\\\/\\\/diariotextual.com\\\/inicio\\\/#website\"},\"primaryImageOfPage\":{\"@id\":\"https:\\\/\\\/diariotextual.com\\\/inicio\\\/index.php\\\/2019\\\/08\\\/27\\\/dueno-john-foos-dice-comprara-la-planta-alpargatas-gana-alberto-fernandez\\\/#primaryimage\"},\"image\":{\"@id\":\"https:\\\/\\\/diariotextual.com\\\/inicio\\\/index.php\\\/2019\\\/08\\\/27\\\/dueno-john-foos-dice-comprara-la-planta-alpargatas-gana-alberto-fernandez\\\/#primaryimage\"},\"thumbnailUrl\":\"https:\\\/\\\/diariotextual.com\\\/inicio\\\/wp-content\\\/uploads\\\/2018\\\/05\\\/alpargatasfrente2016-1.jpg\",\"datePublished\":\"2019-08-27T10:54:41+00:00\",\"dateModified\":\"2019-08-27T13:38:08+00:00\",\"breadcrumb\":{\"@id\":\"https:\\\/\\\/diariotextual.com\\\/inicio\\\/index.php\\\/2019\\\/08\\\/27\\\/dueno-john-foos-dice-comprara-la-planta-alpargatas-gana-alberto-fernandez\\\/#breadcrumb\"},\"inLanguage\":\"es\",\"potentialAction\":[{\"@type\":\"ReadAction\",\"target\":[\"https:\\\/\\\/diariotextual.com\\\/inicio\\\/index.php\\\/2019\\\/08\\\/27\\\/dueno-john-foos-dice-comprara-la-planta-alpargatas-gana-alberto-fernandez\\\/\"]}]},{\"@type\":\"ImageObject\",\"inLanguage\":\"es\",\"@id\":\"https:\\\/\\\/diariotextual.com\\\/inicio\\\/index.php\\\/2019\\\/08\\\/27\\\/dueno-john-foos-dice-comprara-la-planta-alpargatas-gana-alberto-fernandez\\\/#primaryimage\",\"url\":\"https:\\\/\\\/diariotextual.com\\\/inicio\\\/wp-content\\\/uploads\\\/2018\\\/05\\\/alpargatasfrente2016-1.jpg\",\"contentUrl\":\"https:\\\/\\\/diariotextual.com\\\/inicio\\\/wp-content\\\/uploads\\\/2018\\\/05\\\/alpargatasfrente2016-1.jpg\",\"width\":622,\"height\":400},{\"@type\":\"BreadcrumbList\",\"@id\":\"https:\\\/\\\/diariotextual.com\\\/inicio\\\/index.php\\\/2019\\\/08\\\/27\\\/dueno-john-foos-dice-comprara-la-planta-alpargatas-gana-alberto-fernandez\\\/#breadcrumb\",\"itemListElement\":[{\"@type\":\"ListItem\",\"position\":1,\"name\":\"Portada\",\"item\":\"https:\\\/\\\/diariotextual.com\\\/inicio\\\/\"},{\"@type\":\"ListItem\",\"position\":2,\"name\":\"El due\u00f1o de John Foos dice que comprar\u00e1 la planta de Alpargatas si gana Alberto Fern\u00e1ndez\"}]},{\"@type\":\"WebSite\",\"@id\":\"https:\\\/\\\/diariotextual.com\\\/inicio\\\/#website\",\"url\":\"https:\\\/\\\/diariotextual.com\\\/inicio\\\/\",\"name\":\"Diario Textual\",\"description\":\"\",\"publisher\":{\"@id\":\"https:\\\/\\\/diariotextual.com\\\/inicio\\\/#organization\"},\"potentialAction\":[{\"@type\":\"SearchAction\",\"target\":{\"@type\":\"EntryPoint\",\"urlTemplate\":\"https:\\\/\\\/diariotextual.com\\\/inicio\\\/?s={search_term_string}\"},\"query-input\":{\"@type\":\"PropertyValueSpecification\",\"valueRequired\":true,\"valueName\":\"search_term_string\"}}],\"inLanguage\":\"es\"},{\"@type\":\"Organization\",\"@id\":\"https:\\\/\\\/diariotextual.com\\\/inicio\\\/#organization\",\"name\":\"Diario Textual\",\"url\":\"https:\\\/\\\/diariotextual.com\\\/inicio\\\/\",\"logo\":{\"@type\":\"ImageObject\",\"inLanguage\":\"es\",\"@id\":\"https:\\\/\\\/diariotextual.com\\\/inicio\\\/#\\\/schema\\\/logo\\\/image\\\/\",\"url\":\"https:\\\/\\\/diariotextual.com\\\/inicio\\\/wp-content\\\/uploads\\\/2023\\\/05\\\/logotextual1.jpg\",\"contentUrl\":\"https:\\\/\\\/diariotextual.com\\\/inicio\\\/wp-content\\\/uploads\\\/2023\\\/05\\\/logotextual1.jpg\",\"width\":516,\"height\":76,\"caption\":\"Diario Textual\"},\"image\":{\"@id\":\"https:\\\/\\\/diariotextual.com\\\/inicio\\\/#\\\/schema\\\/logo\\\/image\\\/\"},\"sameAs\":[\"https:\\\/\\\/www.facebook.com\\\/eltextual\",\"https:\\\/\\\/x.com\\\/eltextual\",\"http:\\\/\\\/www.instagram.com\\\/eltextual\"]},{\"@type\":\"Person\",\"@id\":\"https:\\\/\\\/diariotextual.com\\\/inicio\\\/#\\\/schema\\\/person\\\/418fc4093c33e86ed41562db3508f958\",\"name\":\"Diario1 Diario1\",\"image\":{\"@type\":\"ImageObject\",\"inLanguage\":\"es\",\"@id\":\"https:\\\/\\\/secure.gravatar.com\\\/avatar\\\/9167d280179c85bc18be67aa7eda765854300033af4896dd779b608640f2ef7a?s=96&d=mm&r=g\",\"url\":\"https:\\\/\\\/secure.gravatar.com\\\/avatar\\\/9167d280179c85bc18be67aa7eda765854300033af4896dd779b608640f2ef7a?s=96&d=mm&r=g\",\"contentUrl\":\"https:\\\/\\\/secure.gravatar.com\\\/avatar\\\/9167d280179c85bc18be67aa7eda765854300033af4896dd779b608640f2ef7a?s=96&d=mm&r=g\",\"caption\":\"Diario1 Diario1\"},\"url\":\"https:\\\/\\\/diariotextual.com\\\/inicio\\\/index.php\\\/author\\\/diario1\\\/\"}]}<\/script>\n<!-- \/ Yoast SEO plugin. -->","yoast_head_json":{"title":"El due\u00f1o de John Foos dice que comprar\u00e1 la planta de Alpargatas si gana Alberto Fern\u00e1ndez - Diario Textual","robots":{"index":"index","follow":"follow","max-snippet":"max-snippet:-1","max-image-preview":"max-image-preview:large","max-video-preview":"max-video-preview:-1"},"canonical":"https:\/\/diariotextual.com\/inicio\/index.php\/2019\/08\/27\/dueno-john-foos-dice-comprara-la-planta-alpargatas-gana-alberto-fernandez\/","og_locale":"es_ES","og_type":"article","og_title":"El due\u00f1o de John Foos dice que comprar\u00e1 la planta de Alpargatas si gana Alberto Fern\u00e1ndez - Diario Textual","og_description":"Miguel \u00c1ngel Fosati, due\u00f1o de John Foos, confirm\u00f3 que su propuesta para reabrir la planta que Alpargatas ten\u00eda en Santa Rosa sigue firme, pero que avanzar\u00e1 si es que finalmente&hellip;","og_url":"https:\/\/diariotextual.com\/inicio\/index.php\/2019\/08\/27\/dueno-john-foos-dice-comprara-la-planta-alpargatas-gana-alberto-fernandez\/","og_site_name":"Diario Textual","article_publisher":"https:\/\/www.facebook.com\/eltextual","article_published_time":"2019-08-27T10:54:41+00:00","article_modified_time":"2019-08-27T13:38:08+00:00","og_image":[{"width":622,"height":400,"url":"https:\/\/diariotextual.com\/inicio\/wp-content\/uploads\/2018\/05\/alpargatasfrente2016-1.jpg","type":"image\/jpeg"}],"author":"Diario1 Diario1","twitter_card":"summary_large_image","twitter_creator":"@eltextual","twitter_site":"@eltextual","twitter_misc":{"Escrito por":"Diario1 Diario1","Tiempo de lectura":"2 minutos"},"schema":{"@context":"https:\/\/schema.org","@graph":[{"@type":"Article","@id":"https:\/\/diariotextual.com\/inicio\/index.php\/2019\/08\/27\/dueno-john-foos-dice-comprara-la-planta-alpargatas-gana-alberto-fernandez\/#article","isPartOf":{"@id":"https:\/\/diariotextual.com\/inicio\/index.php\/2019\/08\/27\/dueno-john-foos-dice-comprara-la-planta-alpargatas-gana-alberto-fernandez\/"},"author":{"name":"Diario1 Diario1","@id":"https:\/\/diariotextual.com\/inicio\/#\/schema\/person\/418fc4093c33e86ed41562db3508f958"},"headline":"El due\u00f1o de John Foos dice que comprar\u00e1 la planta de Alpargatas si gana Alberto Fern\u00e1ndez","datePublished":"2019-08-27T10:54:41+00:00","dateModified":"2019-08-27T13:38:08+00:00","mainEntityOfPage":{"@id":"https:\/\/diariotextual.com\/inicio\/index.php\/2019\/08\/27\/dueno-john-foos-dice-comprara-la-planta-alpargatas-gana-alberto-fernandez\/"},"wordCount":328,"publisher":{"@id":"https:\/\/diariotextual.com\/inicio\/#organization"},"image":{"@id":"https:\/\/diariotextual.com\/inicio\/index.php\/2019\/08\/27\/dueno-john-foos-dice-comprara-la-planta-alpargatas-gana-alberto-fernandez\/#primaryimage"},"thumbnailUrl":"https:\/\/diariotextual.com\/inicio\/wp-content\/uploads\/2018\/05\/alpargatasfrente2016-1.jpg","articleSection":["A - ES NOTICIA (van abajo)","A - QUE PASA (al costado)","ECONOMIA"],"inLanguage":"es"},{"@type":"WebPage","@id":"https:\/\/diariotextual.com\/inicio\/index.php\/2019\/08\/27\/dueno-john-foos-dice-comprara-la-planta-alpargatas-gana-alberto-fernandez\/","url":"https:\/\/diariotextual.com\/inicio\/index.php\/2019\/08\/27\/dueno-john-foos-dice-comprara-la-planta-alpargatas-gana-alberto-fernandez\/","name":"El due\u00f1o de John Foos dice que comprar\u00e1 la planta de Alpargatas si gana Alberto Fern\u00e1ndez - Diario Textual","isPartOf":{"@id":"https:\/\/diariotextual.com\/inicio\/#website"},"primaryImageOfPage":{"@id":"https:\/\/diariotextual.com\/inicio\/index.php\/2019\/08\/27\/dueno-john-foos-dice-comprara-la-planta-alpargatas-gana-alberto-fernandez\/#primaryimage"},"image":{"@id":"https:\/\/diariotextual.com\/inicio\/index.php\/2019\/08\/27\/dueno-john-foos-dice-comprara-la-planta-alpargatas-gana-alberto-fernandez\/#primaryimage"},"thumbnailUrl":"https:\/\/diariotextual.com\/inicio\/wp-content\/uploads\/2018\/05\/alpargatasfrente2016-1.jpg","datePublished":"2019-08-27T10:54:41+00:00","dateModified":"2019-08-27T13:38:08+00:00","breadcrumb":{"@id":"https:\/\/diariotextual.com\/inicio\/index.php\/2019\/08\/27\/dueno-john-foos-dice-comprara-la-planta-alpargatas-gana-alberto-fernandez\/#breadcrumb"},"inLanguage":"es","potentialAction":[{"@type":"ReadAction","target":["https:\/\/diariotextual.com\/inicio\/index.php\/2019\/08\/27\/dueno-john-foos-dice-comprara-la-planta-alpargatas-gana-alberto-fernandez\/"]}]},{"@type":"ImageObject","inLanguage":"es","@id":"https:\/\/diariotextual.com\/inicio\/index.php\/2019\/08\/27\/dueno-john-foos-dice-comprara-la-planta-alpargatas-gana-alberto-fernandez\/#primaryimage","url":"https:\/\/diariotextual.com\/inicio\/wp-content\/uploads\/2018\/05\/alpargatasfrente2016-1.jpg","contentUrl":"https:\/\/diariotextual.com\/inicio\/wp-content\/uploads\/2018\/05\/alpargatasfrente2016-1.jpg","width":622,"height":400},{"@type":"BreadcrumbList","@id":"https:\/\/diariotextual.com\/inicio\/index.php\/2019\/08\/27\/dueno-john-foos-dice-comprara-la-planta-alpargatas-gana-alberto-fernandez\/#breadcrumb","itemListElement":[{"@type":"ListItem","position":1,"name":"Portada","item":"https:\/\/diariotextual.com\/inicio\/"},{"@type":"ListItem","position":2,"name":"El due\u00f1o de John Foos dice que comprar\u00e1 la planta de Alpargatas si gana Alberto Fern\u00e1ndez"}]},{"@type":"WebSite","@id":"https:\/\/diariotextual.com\/inicio\/#website","url":"https:\/\/diariotextual.com\/inicio\/","name":"Diario Textual","description":"","publisher":{"@id":"https:\/\/diariotextual.com\/inicio\/#organization"},"potentialAction":[{"@type":"SearchAction","target":{"@type":"EntryPoint","urlTemplate":"https:\/\/diariotextual.com\/inicio\/?s={search_term_string}"},"query-input":{"@type":"PropertyValueSpecification","valueRequired":true,"valueName":"search_term_string"}}],"inLanguage":"es"},{"@type":"Organization","@id":"https:\/\/diariotextual.com\/inicio\/#organization","name":"Diario Textual","url":"https:\/\/diariotextual.com\/inicio\/","logo":{"@type":"ImageObject","inLanguage":"es","@id":"https:\/\/diariotextual.com\/inicio\/#\/schema\/logo\/image\/","url":"https:\/\/diariotextual.com\/inicio\/wp-content\/uploads\/2023\/05\/logotextual1.jpg","contentUrl":"https:\/\/diariotextual.com\/inicio\/wp-content\/uploads\/2023\/05\/logotextual1.jpg","width":516,"height":76,"caption":"Diario Textual"},"image":{"@id":"https:\/\/diariotextual.com\/inicio\/#\/schema\/logo\/image\/"},"sameAs":["https:\/\/www.facebook.com\/eltextual","https:\/\/x.com\/eltextual","http:\/\/www.instagram.com\/eltextual"]},{"@type":"Person","@id":"https:\/\/diariotextual.com\/inicio\/#\/schema\/person\/418fc4093c33e86ed41562db3508f958","name":"Diario1 Diario1","image":{"@type":"ImageObject","inLanguage":"es","@id":"https:\/\/secure.gravatar.com\/avatar\/9167d280179c85bc18be67aa7eda765854300033af4896dd779b608640f2ef7a?s=96&d=mm&r=g","url":"https:\/\/secure.gravatar.com\/avatar\/9167d280179c85bc18be67aa7eda765854300033af4896dd779b608640f2ef7a?s=96&d=mm&r=g","contentUrl":"https:\/\/secure.gravatar.com\/avatar\/9167d280179c85bc18be67aa7eda765854300033af4896dd779b608640f2ef7a?s=96&d=mm&r=g","caption":"Diario1 Diario1"},"url":"https:\/\/diariotextual.com\/inicio\/index.php\/author\/diario1\/"}]}},"_links":{"self":[{"href":"https:\/\/diariotextual.com\/inicio\/index.php\/wp-json\/wp\/v2\/posts\/60817","targetHints":{"allow":["GET"]}}],"collection":[{"href":"https:\/\/diariotextual.com\/inicio\/index.php\/wp-json\/wp\/v2\/posts"}],"about":[{"href":"https:\/\/diariotextual.com\/inicio\/index.php\/wp-json\/wp\/v2\/types\/post"}],"author":[{"embeddable":true,"href":"https:\/\/diariotextual.com\/inicio\/index.php\/wp-json\/wp\/v2\/users\/3"}],"replies":[{"embeddable":true,"href":"https:\/\/diariotextual.com\/inicio\/index.php\/wp-json\/wp\/v2\/comments?post=60817"}],"version-history":[{"count":2,"href":"https:\/\/diariotextual.com\/inicio\/index.php\/wp-json\/wp\/v2\/posts\/60817\/revisions"}],"predecessor-version":[{"id":60820,"href":"https:\/\/diariotextual.com\/inicio\/index.php\/wp-json\/wp\/v2\/posts\/60817\/revisions\/60820"}],"wp:featuredmedia":[{"embeddable":true,"href":"https:\/\/diariotextual.com\/inicio\/index.php\/wp-json\/wp\/v2\/media\/6710"}],"wp:attachment":[{"href":"https:\/\/diariotextual.com\/inicio\/index.php\/wp-json\/wp\/v2\/media?parent=60817"}],"wp:term":[{"taxonomy":"category","embeddable":true,"href":"https:\/\/diariotextual.com\/inicio\/index.php\/wp-json\/wp\/v2\/categories?post=60817"},{"taxonomy":"post_tag","embeddable":true,"href":"https:\/\/diariotextual.com\/inicio\/index.php\/wp-json\/wp\/v2\/tags?post=60817"}],"curies":[{"name":"wp","href":"https:\/\/api.w.org\/{rel}","templated":true}]}}