{"id":60823,"date":"2019-08-27T08:15:15","date_gmt":"2019-08-27T11:15:15","guid":{"rendered":"http:\/\/diariotextual.com\/inicio\/?p=60823"},"modified":"2019-08-27T09:40:22","modified_gmt":"2019-08-27T12:40:22","slug":"constructoras-piden-declaracion-emergencia-la-ejecucion-obra-publica","status":"publish","type":"post","link":"https:\/\/diariotextual.com\/inicio\/index.php\/2019\/08\/27\/constructoras-piden-declaracion-emergencia-la-ejecucion-obra-publica\/","title":{"rendered":"Constructoras piden declaraci\u00f3n de emergencia en la ejecuci\u00f3n de obra p\u00fablica"},"content":{"rendered":"<p>La <strong>C\u00e1mara Argentina de la Construcci\u00f3n<\/strong> le envi\u00f3 una nota al Gobierno nacional en la que plantea la <strong>grav\u00edsima situaci\u00f3n<\/strong> que est\u00e1 atravesando el sector desde el a\u00f1o pasado con<strong> inestabilidad financiera, falta de cr\u00e9dito y recorte en las partidas de obra p\u00fablica<\/strong>, a lo que ahora se sum\u00f3 la <strong>devaluaci\u00f3n<\/strong>. Alertaron por una <strong>paralizaci\u00f3n completa de la actividad<\/strong> ante la incapacidad de fijar precios para los insumos y reclamaron la\u00a0declaraci\u00f3n de <strong>emergencia en la ejecuci\u00f3n de contratos de obra p\u00fablica.<\/strong><\/p>\n<p>\u00abLa incertidumbre genera alteraciones en los mercados, que han restringido la entrega de insumos (pues el proveedor no puede determinar el costo de reposici\u00f3n de lo entregado) o que proponen la entrega en cuenta corriente con precio a fijar\u00bb, denunci\u00f3 Camarco en un comunicado.<\/p>\n<p><strong>\u00abA las ya existentes dificultades de costos incontrolables y costos financieros exorbitantes, se agregan ahora dificultades de aprovisionamiento, que tornan imposible la continuidad de las obras, constituyendo una clara situaci\u00f3n de emergencia\u00bb<\/strong>, alert\u00f3 la c\u00e1mara empresarial.<\/p>\n<p><strong>\u00abSolicitamos la declaraci\u00f3n de emergencia en la ejecuci\u00f3n de contratos de obra p\u00fablica\u00bb<\/strong>, reclam\u00f3.<\/p>\n<p>Las constructoras insistieron en que por el ajuste fiscal \u00abse generaban graves perjuicios los atrasos crecientes en los pagos de las obras certificadas; demoras no razonables en la tramitaci\u00f3n y aprobaci\u00f3n de las redeterminaciones de precios pactadas contractualmente; aplicaci\u00f3n de sanciones por incumplimiento del plan de trabajos, cuando existen razones m\u00e1s que fundadas que lo justifican; indefinici\u00f3n de los comitentes sobre la disponibilidad de cuota presupuestaria para los meses subsiguientes\u00bb.<\/p>\n<p>\u00abTodas esas circunstancias han provocado efectos grav\u00edsimos sobre las empresas contratistas\u00bb, puntualiz\u00f3 Camarco.<\/p>\n<p>A partir de este diagn\u00f3stico, <strong>las compa\u00f1\u00edas del sector propusieron el \u00abpago urgente de todo cr\u00e9dito a favor del contratista\u00bb, la \u00abliquidaci\u00f3n de las redeterminaciones de los precios aplicable de inmediato\u00bb y la \u00abrevisi\u00f3n de los precios contractuales de la obra pendiente de ejecuci\u00f3n, en forma anal\u00edtica, a valores vigentes en el momento en que se normalice la situaci\u00f3n de los mercados\u00bb.<\/strong><\/p>\n<p>Tambi\u00e9n reclamaron por una \u00abneutralizaci\u00f3n de los contratos sin multas ni sanciones, estableciendo un nuevo plan de trabajo por acuerdo de partes o se acuerde la rescisi\u00f3n sin culpa.<\/p>\n<p>&nbsp;<\/p>\n<p>&nbsp;<\/p>\n<p>&nbsp;<\/p>\n","protected":false},"excerpt":{"rendered":"<p>La C\u00e1mara Argentina de la Construcci\u00f3n le envi\u00f3 una nota al Gobierno nacional en la que plantea la grav\u00edsima situaci\u00f3n que est\u00e1 atravesando el sector desde el a\u00f1o pasado con&hellip;<\/p>\n","protected":false},"author":7,"featured_media":23783,"comment_status":"closed","ping_status":"open","sticky":false,"template":"","format":"standard","meta":{"_acf_changed":false,"footnotes":""},"categories":[11,12],"tags":[],"class_list":["post-60823","post","type-post","status-publish","format-standard","has-post-thumbnail","hentry","category-que-pasa","category-sociedad"],"acf":[],"yoast_head":"<!-- This site is optimized with the Yoast SEO plugin v27.5 - https:\/\/yoast.com\/product\/yoast-seo-wordpress\/ -->\n<title>Constructoras piden declaraci\u00f3n de emergencia en la ejecuci\u00f3n de obra p\u00fablica - Diario Textual<\/title>\n<meta name=\"robots\" content=\"index, follow, max-snippet:-1, max-image-preview:large, max-video-preview:-1\" \/>\n<link rel=\"canonical\" href=\"https:\/\/diariotextual.com\/inicio\/index.php\/2019\/08\/27\/constructoras-piden-declaracion-emergencia-la-ejecucion-obra-publica\/\" \/>\n<meta property=\"og:locale\" content=\"es_ES\" \/>\n<meta property=\"og:type\" content=\"article\" \/>\n<meta property=\"og:title\" content=\"Constructoras piden declaraci\u00f3n de emergencia en la ejecuci\u00f3n de obra p\u00fablica - Diario Textual\" \/>\n<meta property=\"og:description\" content=\"La C\u00e1mara Argentina de la Construcci\u00f3n le envi\u00f3 una nota al Gobierno nacional en la que plantea la grav\u00edsima situaci\u00f3n que est\u00e1 atravesando el sector desde el a\u00f1o pasado con&hellip;\" \/>\n<meta property=\"og:url\" content=\"https:\/\/diariotextual.com\/inicio\/index.php\/2019\/08\/27\/constructoras-piden-declaracion-emergencia-la-ejecucion-obra-publica\/\" \/>\n<meta property=\"og:site_name\" content=\"Diario Textual\" \/>\n<meta property=\"article:publisher\" content=\"https:\/\/www.facebook.com\/eltextual\" \/>\n<meta property=\"article:published_time\" content=\"2019-08-27T11:15:15+00:00\" \/>\n<meta property=\"article:modified_time\" content=\"2019-08-27T12:40:22+00:00\" \/>\n<meta property=\"og:image\" content=\"https:\/\/diariotextual.com\/inicio\/wp-content\/uploads\/2018\/10\/construccionsantarosa000001.jpg\" \/>\n\t<meta property=\"og:image:width\" content=\"1100\" \/>\n\t<meta property=\"og:image:height\" content=\"781\" \/>\n\t<meta property=\"og:image:type\" content=\"image\/jpeg\" \/>\n<meta name=\"author\" content=\"diario5\" \/>\n<meta name=\"twitter:card\" content=\"summary_large_image\" \/>\n<meta name=\"twitter:creator\" content=\"@eltextual\" \/>\n<meta name=\"twitter:site\" content=\"@eltextual\" \/>\n<meta name=\"twitter:label1\" content=\"Escrito por\" \/>\n\t<meta name=\"twitter:data1\" content=\"diario5\" \/>\n\t<meta name=\"twitter:label2\" content=\"Tiempo de lectura\" \/>\n\t<meta name=\"twitter:data2\" content=\"2 minutos\" \/>\n<script type=\"application\/ld+json\" class=\"yoast-schema-graph\">{\"@context\":\"https:\\\/\\\/schema.org\",\"@graph\":[{\"@type\":\"Article\",\"@id\":\"https:\\\/\\\/diariotextual.com\\\/inicio\\\/index.php\\\/2019\\\/08\\\/27\\\/constructoras-piden-declaracion-emergencia-la-ejecucion-obra-publica\\\/#article\",\"isPartOf\":{\"@id\":\"https:\\\/\\\/diariotextual.com\\\/inicio\\\/index.php\\\/2019\\\/08\\\/27\\\/constructoras-piden-declaracion-emergencia-la-ejecucion-obra-publica\\\/\"},\"author\":{\"name\":\"diario5\",\"@id\":\"https:\\\/\\\/diariotextual.com\\\/inicio\\\/#\\\/schema\\\/person\\\/c7834961ad8b29b1d9cdbf4571299067\"},\"headline\":\"Constructoras piden declaraci\u00f3n de emergencia en la ejecuci\u00f3n de obra p\u00fablica\",\"datePublished\":\"2019-08-27T11:15:15+00:00\",\"dateModified\":\"2019-08-27T12:40:22+00:00\",\"mainEntityOfPage\":{\"@id\":\"https:\\\/\\\/diariotextual.com\\\/inicio\\\/index.php\\\/2019\\\/08\\\/27\\\/constructoras-piden-declaracion-emergencia-la-ejecucion-obra-publica\\\/\"},\"wordCount\":402,\"publisher\":{\"@id\":\"https:\\\/\\\/diariotextual.com\\\/inicio\\\/#organization\"},\"image\":{\"@id\":\"https:\\\/\\\/diariotextual.com\\\/inicio\\\/index.php\\\/2019\\\/08\\\/27\\\/constructoras-piden-declaracion-emergencia-la-ejecucion-obra-publica\\\/#primaryimage\"},\"thumbnailUrl\":\"https:\\\/\\\/diariotextual.com\\\/inicio\\\/wp-content\\\/uploads\\\/2018\\\/10\\\/construccionsantarosa000001.jpg\",\"articleSection\":[\"A - QUE PASA (al costado)\",\"SOCIEDAD\"],\"inLanguage\":\"es\"},{\"@type\":\"WebPage\",\"@id\":\"https:\\\/\\\/diariotextual.com\\\/inicio\\\/index.php\\\/2019\\\/08\\\/27\\\/constructoras-piden-declaracion-emergencia-la-ejecucion-obra-publica\\\/\",\"url\":\"https:\\\/\\\/diariotextual.com\\\/inicio\\\/index.php\\\/2019\\\/08\\\/27\\\/constructoras-piden-declaracion-emergencia-la-ejecucion-obra-publica\\\/\",\"name\":\"Constructoras piden declaraci\u00f3n de emergencia en la ejecuci\u00f3n de obra p\u00fablica - Diario Textual\",\"isPartOf\":{\"@id\":\"https:\\\/\\\/diariotextual.com\\\/inicio\\\/#website\"},\"primaryImageOfPage\":{\"@id\":\"https:\\\/\\\/diariotextual.com\\\/inicio\\\/index.php\\\/2019\\\/08\\\/27\\\/constructoras-piden-declaracion-emergencia-la-ejecucion-obra-publica\\\/#primaryimage\"},\"image\":{\"@id\":\"https:\\\/\\\/diariotextual.com\\\/inicio\\\/index.php\\\/2019\\\/08\\\/27\\\/constructoras-piden-declaracion-emergencia-la-ejecucion-obra-publica\\\/#primaryimage\"},\"thumbnailUrl\":\"https:\\\/\\\/diariotextual.com\\\/inicio\\\/wp-content\\\/uploads\\\/2018\\\/10\\\/construccionsantarosa000001.jpg\",\"datePublished\":\"2019-08-27T11:15:15+00:00\",\"dateModified\":\"2019-08-27T12:40:22+00:00\",\"breadcrumb\":{\"@id\":\"https:\\\/\\\/diariotextual.com\\\/inicio\\\/index.php\\\/2019\\\/08\\\/27\\\/constructoras-piden-declaracion-emergencia-la-ejecucion-obra-publica\\\/#breadcrumb\"},\"inLanguage\":\"es\",\"potentialAction\":[{\"@type\":\"ReadAction\",\"target\":[\"https:\\\/\\\/diariotextual.com\\\/inicio\\\/index.php\\\/2019\\\/08\\\/27\\\/constructoras-piden-declaracion-emergencia-la-ejecucion-obra-publica\\\/\"]}]},{\"@type\":\"ImageObject\",\"inLanguage\":\"es\",\"@id\":\"https:\\\/\\\/diariotextual.com\\\/inicio\\\/index.php\\\/2019\\\/08\\\/27\\\/constructoras-piden-declaracion-emergencia-la-ejecucion-obra-publica\\\/#primaryimage\",\"url\":\"https:\\\/\\\/diariotextual.com\\\/inicio\\\/wp-content\\\/uploads\\\/2018\\\/10\\\/construccionsantarosa000001.jpg\",\"contentUrl\":\"https:\\\/\\\/diariotextual.com\\\/inicio\\\/wp-content\\\/uploads\\\/2018\\\/10\\\/construccionsantarosa000001.jpg\",\"width\":1100,\"height\":781},{\"@type\":\"BreadcrumbList\",\"@id\":\"https:\\\/\\\/diariotextual.com\\\/inicio\\\/index.php\\\/2019\\\/08\\\/27\\\/constructoras-piden-declaracion-emergencia-la-ejecucion-obra-publica\\\/#breadcrumb\",\"itemListElement\":[{\"@type\":\"ListItem\",\"position\":1,\"name\":\"Portada\",\"item\":\"https:\\\/\\\/diariotextual.com\\\/inicio\\\/\"},{\"@type\":\"ListItem\",\"position\":2,\"name\":\"Constructoras piden declaraci\u00f3n de emergencia en la ejecuci\u00f3n de obra p\u00fablica\"}]},{\"@type\":\"WebSite\",\"@id\":\"https:\\\/\\\/diariotextual.com\\\/inicio\\\/#website\",\"url\":\"https:\\\/\\\/diariotextual.com\\\/inicio\\\/\",\"name\":\"Diario Textual\",\"description\":\"\",\"publisher\":{\"@id\":\"https:\\\/\\\/diariotextual.com\\\/inicio\\\/#organization\"},\"potentialAction\":[{\"@type\":\"SearchAction\",\"target\":{\"@type\":\"EntryPoint\",\"urlTemplate\":\"https:\\\/\\\/diariotextual.com\\\/inicio\\\/?s={search_term_string}\"},\"query-input\":{\"@type\":\"PropertyValueSpecification\",\"valueRequired\":true,\"valueName\":\"search_term_string\"}}],\"inLanguage\":\"es\"},{\"@type\":\"Organization\",\"@id\":\"https:\\\/\\\/diariotextual.com\\\/inicio\\\/#organization\",\"name\":\"Diario Textual\",\"url\":\"https:\\\/\\\/diariotextual.com\\\/inicio\\\/\",\"logo\":{\"@type\":\"ImageObject\",\"inLanguage\":\"es\",\"@id\":\"https:\\\/\\\/diariotextual.com\\\/inicio\\\/#\\\/schema\\\/logo\\\/image\\\/\",\"url\":\"https:\\\/\\\/diariotextual.com\\\/inicio\\\/wp-content\\\/uploads\\\/2023\\\/05\\\/logotextual1.jpg\",\"contentUrl\":\"https:\\\/\\\/diariotextual.com\\\/inicio\\\/wp-content\\\/uploads\\\/2023\\\/05\\\/logotextual1.jpg\",\"width\":516,\"height\":76,\"caption\":\"Diario Textual\"},\"image\":{\"@id\":\"https:\\\/\\\/diariotextual.com\\\/inicio\\\/#\\\/schema\\\/logo\\\/image\\\/\"},\"sameAs\":[\"https:\\\/\\\/www.facebook.com\\\/eltextual\",\"https:\\\/\\\/x.com\\\/eltextual\",\"http:\\\/\\\/www.instagram.com\\\/eltextual\"]},{\"@type\":\"Person\",\"@id\":\"https:\\\/\\\/diariotextual.com\\\/inicio\\\/#\\\/schema\\\/person\\\/c7834961ad8b29b1d9cdbf4571299067\",\"name\":\"diario5\",\"image\":{\"@type\":\"ImageObject\",\"inLanguage\":\"es\",\"@id\":\"https:\\\/\\\/secure.gravatar.com\\\/avatar\\\/948c893b847ca6df68216ead81b63f363408ec9b0f600fefc0641ce78613b111?s=96&d=mm&r=g\",\"url\":\"https:\\\/\\\/secure.gravatar.com\\\/avatar\\\/948c893b847ca6df68216ead81b63f363408ec9b0f600fefc0641ce78613b111?s=96&d=mm&r=g\",\"contentUrl\":\"https:\\\/\\\/secure.gravatar.com\\\/avatar\\\/948c893b847ca6df68216ead81b63f363408ec9b0f600fefc0641ce78613b111?s=96&d=mm&r=g\",\"caption\":\"diario5\"},\"url\":\"https:\\\/\\\/diariotextual.com\\\/inicio\\\/index.php\\\/author\\\/diario5\\\/\"}]}<\/script>\n<!-- \/ Yoast SEO plugin. -->","yoast_head_json":{"title":"Constructoras piden declaraci\u00f3n de emergencia en la ejecuci\u00f3n de obra p\u00fablica - Diario Textual","robots":{"index":"index","follow":"follow","max-snippet":"max-snippet:-1","max-image-preview":"max-image-preview:large","max-video-preview":"max-video-preview:-1"},"canonical":"https:\/\/diariotextual.com\/inicio\/index.php\/2019\/08\/27\/constructoras-piden-declaracion-emergencia-la-ejecucion-obra-publica\/","og_locale":"es_ES","og_type":"article","og_title":"Constructoras piden declaraci\u00f3n de emergencia en la ejecuci\u00f3n de obra p\u00fablica - Diario Textual","og_description":"La C\u00e1mara Argentina de la Construcci\u00f3n le envi\u00f3 una nota al Gobierno nacional en la que plantea la grav\u00edsima situaci\u00f3n que est\u00e1 atravesando el sector desde el a\u00f1o pasado con&hellip;","og_url":"https:\/\/diariotextual.com\/inicio\/index.php\/2019\/08\/27\/constructoras-piden-declaracion-emergencia-la-ejecucion-obra-publica\/","og_site_name":"Diario Textual","article_publisher":"https:\/\/www.facebook.com\/eltextual","article_published_time":"2019-08-27T11:15:15+00:00","article_modified_time":"2019-08-27T12:40:22+00:00","og_image":[{"width":1100,"height":781,"url":"https:\/\/diariotextual.com\/inicio\/wp-content\/uploads\/2018\/10\/construccionsantarosa000001.jpg","type":"image\/jpeg"}],"author":"diario5","twitter_card":"summary_large_image","twitter_creator":"@eltextual","twitter_site":"@eltextual","twitter_misc":{"Escrito por":"diario5","Tiempo de lectura":"2 minutos"},"schema":{"@context":"https:\/\/schema.org","@graph":[{"@type":"Article","@id":"https:\/\/diariotextual.com\/inicio\/index.php\/2019\/08\/27\/constructoras-piden-declaracion-emergencia-la-ejecucion-obra-publica\/#article","isPartOf":{"@id":"https:\/\/diariotextual.com\/inicio\/index.php\/2019\/08\/27\/constructoras-piden-declaracion-emergencia-la-ejecucion-obra-publica\/"},"author":{"name":"diario5","@id":"https:\/\/diariotextual.com\/inicio\/#\/schema\/person\/c7834961ad8b29b1d9cdbf4571299067"},"headline":"Constructoras piden declaraci\u00f3n de emergencia en la ejecuci\u00f3n de obra p\u00fablica","datePublished":"2019-08-27T11:15:15+00:00","dateModified":"2019-08-27T12:40:22+00:00","mainEntityOfPage":{"@id":"https:\/\/diariotextual.com\/inicio\/index.php\/2019\/08\/27\/constructoras-piden-declaracion-emergencia-la-ejecucion-obra-publica\/"},"wordCount":402,"publisher":{"@id":"https:\/\/diariotextual.com\/inicio\/#organization"},"image":{"@id":"https:\/\/diariotextual.com\/inicio\/index.php\/2019\/08\/27\/constructoras-piden-declaracion-emergencia-la-ejecucion-obra-publica\/#primaryimage"},"thumbnailUrl":"https:\/\/diariotextual.com\/inicio\/wp-content\/uploads\/2018\/10\/construccionsantarosa000001.jpg","articleSection":["A - QUE PASA (al costado)","SOCIEDAD"],"inLanguage":"es"},{"@type":"WebPage","@id":"https:\/\/diariotextual.com\/inicio\/index.php\/2019\/08\/27\/constructoras-piden-declaracion-emergencia-la-ejecucion-obra-publica\/","url":"https:\/\/diariotextual.com\/inicio\/index.php\/2019\/08\/27\/constructoras-piden-declaracion-emergencia-la-ejecucion-obra-publica\/","name":"Constructoras piden declaraci\u00f3n de emergencia en la ejecuci\u00f3n de obra p\u00fablica - Diario Textual","isPartOf":{"@id":"https:\/\/diariotextual.com\/inicio\/#website"},"primaryImageOfPage":{"@id":"https:\/\/diariotextual.com\/inicio\/index.php\/2019\/08\/27\/constructoras-piden-declaracion-emergencia-la-ejecucion-obra-publica\/#primaryimage"},"image":{"@id":"https:\/\/diariotextual.com\/inicio\/index.php\/2019\/08\/27\/constructoras-piden-declaracion-emergencia-la-ejecucion-obra-publica\/#primaryimage"},"thumbnailUrl":"https:\/\/diariotextual.com\/inicio\/wp-content\/uploads\/2018\/10\/construccionsantarosa000001.jpg","datePublished":"2019-08-27T11:15:15+00:00","dateModified":"2019-08-27T12:40:22+00:00","breadcrumb":{"@id":"https:\/\/diariotextual.com\/inicio\/index.php\/2019\/08\/27\/constructoras-piden-declaracion-emergencia-la-ejecucion-obra-publica\/#breadcrumb"},"inLanguage":"es","potentialAction":[{"@type":"ReadAction","target":["https:\/\/diariotextual.com\/inicio\/index.php\/2019\/08\/27\/constructoras-piden-declaracion-emergencia-la-ejecucion-obra-publica\/"]}]},{"@type":"ImageObject","inLanguage":"es","@id":"https:\/\/diariotextual.com\/inicio\/index.php\/2019\/08\/27\/constructoras-piden-declaracion-emergencia-la-ejecucion-obra-publica\/#primaryimage","url":"https:\/\/diariotextual.com\/inicio\/wp-content\/uploads\/2018\/10\/construccionsantarosa000001.jpg","contentUrl":"https:\/\/diariotextual.com\/inicio\/wp-content\/uploads\/2018\/10\/construccionsantarosa000001.jpg","width":1100,"height":781},{"@type":"BreadcrumbList","@id":"https:\/\/diariotextual.com\/inicio\/index.php\/2019\/08\/27\/constructoras-piden-declaracion-emergencia-la-ejecucion-obra-publica\/#breadcrumb","itemListElement":[{"@type":"ListItem","position":1,"name":"Portada","item":"https:\/\/diariotextual.com\/inicio\/"},{"@type":"ListItem","position":2,"name":"Constructoras piden declaraci\u00f3n de emergencia en la ejecuci\u00f3n de obra p\u00fablica"}]},{"@type":"WebSite","@id":"https:\/\/diariotextual.com\/inicio\/#website","url":"https:\/\/diariotextual.com\/inicio\/","name":"Diario Textual","description":"","publisher":{"@id":"https:\/\/diariotextual.com\/inicio\/#organization"},"potentialAction":[{"@type":"SearchAction","target":{"@type":"EntryPoint","urlTemplate":"https:\/\/diariotextual.com\/inicio\/?s={search_term_string}"},"query-input":{"@type":"PropertyValueSpecification","valueRequired":true,"valueName":"search_term_string"}}],"inLanguage":"es"},{"@type":"Organization","@id":"https:\/\/diariotextual.com\/inicio\/#organization","name":"Diario Textual","url":"https:\/\/diariotextual.com\/inicio\/","logo":{"@type":"ImageObject","inLanguage":"es","@id":"https:\/\/diariotextual.com\/inicio\/#\/schema\/logo\/image\/","url":"https:\/\/diariotextual.com\/inicio\/wp-content\/uploads\/2023\/05\/logotextual1.jpg","contentUrl":"https:\/\/diariotextual.com\/inicio\/wp-content\/uploads\/2023\/05\/logotextual1.jpg","width":516,"height":76,"caption":"Diario Textual"},"image":{"@id":"https:\/\/diariotextual.com\/inicio\/#\/schema\/logo\/image\/"},"sameAs":["https:\/\/www.facebook.com\/eltextual","https:\/\/x.com\/eltextual","http:\/\/www.instagram.com\/eltextual"]},{"@type":"Person","@id":"https:\/\/diariotextual.com\/inicio\/#\/schema\/person\/c7834961ad8b29b1d9cdbf4571299067","name":"diario5","image":{"@type":"ImageObject","inLanguage":"es","@id":"https:\/\/secure.gravatar.com\/avatar\/948c893b847ca6df68216ead81b63f363408ec9b0f600fefc0641ce78613b111?s=96&d=mm&r=g","url":"https:\/\/secure.gravatar.com\/avatar\/948c893b847ca6df68216ead81b63f363408ec9b0f600fefc0641ce78613b111?s=96&d=mm&r=g","contentUrl":"https:\/\/secure.gravatar.com\/avatar\/948c893b847ca6df68216ead81b63f363408ec9b0f600fefc0641ce78613b111?s=96&d=mm&r=g","caption":"diario5"},"url":"https:\/\/diariotextual.com\/inicio\/index.php\/author\/diario5\/"}]}},"_links":{"self":[{"href":"https:\/\/diariotextual.com\/inicio\/index.php\/wp-json\/wp\/v2\/posts\/60823","targetHints":{"allow":["GET"]}}],"collection":[{"href":"https:\/\/diariotextual.com\/inicio\/index.php\/wp-json\/wp\/v2\/posts"}],"about":[{"href":"https:\/\/diariotextual.com\/inicio\/index.php\/wp-json\/wp\/v2\/types\/post"}],"author":[{"embeddable":true,"href":"https:\/\/diariotextual.com\/inicio\/index.php\/wp-json\/wp\/v2\/users\/7"}],"replies":[{"embeddable":true,"href":"https:\/\/diariotextual.com\/inicio\/index.php\/wp-json\/wp\/v2\/comments?post=60823"}],"version-history":[{"count":1,"href":"https:\/\/diariotextual.com\/inicio\/index.php\/wp-json\/wp\/v2\/posts\/60823\/revisions"}],"predecessor-version":[{"id":60828,"href":"https:\/\/diariotextual.com\/inicio\/index.php\/wp-json\/wp\/v2\/posts\/60823\/revisions\/60828"}],"wp:featuredmedia":[{"embeddable":true,"href":"https:\/\/diariotextual.com\/inicio\/index.php\/wp-json\/wp\/v2\/media\/23783"}],"wp:attachment":[{"href":"https:\/\/diariotextual.com\/inicio\/index.php\/wp-json\/wp\/v2\/media?parent=60823"}],"wp:term":[{"taxonomy":"category","embeddable":true,"href":"https:\/\/diariotextual.com\/inicio\/index.php\/wp-json\/wp\/v2\/categories?post=60823"},{"taxonomy":"post_tag","embeddable":true,"href":"https:\/\/diariotextual.com\/inicio\/index.php\/wp-json\/wp\/v2\/tags?post=60823"}],"curies":[{"name":"wp","href":"https:\/\/api.w.org\/{rel}","templated":true}]}}