{"id":60829,"date":"2019-08-27T08:29:30","date_gmt":"2019-08-27T11:29:30","guid":{"rendered":"http:\/\/diariotextual.com\/inicio\/?p=60829"},"modified":"2019-08-27T09:39:08","modified_gmt":"2019-08-27T12:39:08","slug":"informe-asociacion-industriales-pymes-revelo-cerraron-1-734-fabricas","status":"publish","type":"post","link":"https:\/\/diariotextual.com\/inicio\/index.php\/2019\/08\/27\/informe-asociacion-industriales-pymes-revelo-cerraron-1-734-fabricas\/","title":{"rendered":"Informe de Asociaci\u00f3n de Industriales Pymes revel\u00f3 que cerraron 1.734 f\u00e1bricas"},"content":{"rendered":"<p>La <strong>Asociaci\u00f3n de Industriales Pymes Argentinos<\/strong> revel\u00f3 que en los \u00faltimos doce meses <strong>cerraron 1.734 f\u00e1bricas manufactureras.<\/strong> Pidi\u00f3 \u00abmedidas contundentes para frenar esta brusca ca\u00edda\u00bb.<\/p>\n<blockquote class=\"wp-embedded-content\" data-secret=\"VKUmC1IZc5\"><p><a href=\"http:\/\/diariotextual.com\/inicio\/index.php\/2019\/08\/23\/una-recesion-total-agosto-se-frenaron-todas-las-inversiones-advirtio-unilpa\/\">&#171;Hay una recesi\u00f3n total, en agosto se frenaron todas las inversiones&#187;, advirti\u00f3 Unilpa<\/a><\/p><\/blockquote>\n<p><iframe class=\"wp-embedded-content\" sandbox=\"allow-scripts\" security=\"restricted\" style=\"position: absolute; clip: rect(1px, 1px, 1px, 1px);\" src=\"http:\/\/diariotextual.com\/inicio\/index.php\/2019\/08\/23\/una-recesion-total-agosto-se-frenaron-todas-las-inversiones-advirtio-unilpa\/embed\/#?secret=VKUmC1IZc5\" data-secret=\"VKUmC1IZc5\" width=\"600\" height=\"338\" title=\"&#171;&#171;Hay una recesi\u00f3n total, en agosto se frenaron todas las inversiones&#187;, advirti\u00f3 Unilpa&#187; &#8212; Diario Textual\" frameborder=\"0\" marginwidth=\"0\" marginheight=\"0\" scrolling=\"no\"><\/iframe><\/p>\n<p>El informe de 93 p\u00e1ginas enumera la situaci\u00f3n a partir de los indicadores que reflejan el consumo, la inversi\u00f3n, la demanda externa y la actividad industrial. All\u00ed se observa que <strong>la capacidad instalada industrial est\u00e1 en un promedio de 59%, con un piso del 34% para la rama automotriz.<\/strong><\/p>\n<p>\u00abMostramos sector por sector de la industria y c\u00f3mo viene cayendo. Y nos genera una gran preocupaci\u00f3n y por eso pedimos medidas contundentes para frenar esa brusca ca\u00edda. Nos preocuparon las definiciones del ministro de Econom\u00eda, Hern\u00e1n Lacunza, en donde admite que la recesi\u00f3n continuar\u00e1 sin atenuantes\u00bb, alert\u00f3 el presidente de IPA, Daniel Rosato.<\/p>\n<p>El trabajo publicado por el IPA revel\u00f3 que <strong>desde 2012 la producci\u00f3n industrial argentina exhibe una tendencia contractiva que se fue profundizando. 2011 fue el \u00faltimo a\u00f1o de crecimiento franco (+8%). Luego se alternaron recesiones del nivel de producci\u00f3n en a\u00f1os pares, con recuperaciones parciales en a\u00f1os de elecciones. En 2018 la ca\u00edda acumulada desde 2011 lleg\u00f3 al -13%. En los primeros seis meses de 2019 ese descenso lleg\u00f3 al -16%\u00bb.<\/strong><\/p>\n<p>\u00abComprendemos la situaci\u00f3n por la que atraviesa el pa\u00eds, pero no nos resignamos a una recesi\u00f3n constante. Desde el IPA advertimos que eran necesarias medidas para evitar la crisis actual y ahora reiteramos que son necesarias otras medidas urgentes que acompa\u00f1en al plan alivio\u00bb, afirm\u00f3 Rosato.<\/p>\n<p>&nbsp;<\/p>\n","protected":false},"excerpt":{"rendered":"<p>La Asociaci\u00f3n de Industriales Pymes Argentinos revel\u00f3 que en los \u00faltimos doce meses cerraron 1.734 f\u00e1bricas manufactureras. Pidi\u00f3 \u00abmedidas contundentes para frenar esta brusca ca\u00edda\u00bb. &#171;Hay una recesi\u00f3n total, en&hellip;<\/p>\n","protected":false},"author":7,"featured_media":2385,"comment_status":"closed","ping_status":"open","sticky":false,"template":"","format":"standard","meta":{"_acf_changed":false,"footnotes":""},"categories":[11,5],"tags":[],"class_list":["post-60829","post","type-post","status-publish","format-standard","has-post-thumbnail","hentry","category-que-pasa","category-economia"],"acf":[],"yoast_head":"<!-- This site is optimized with the Yoast SEO plugin v27.5 - https:\/\/yoast.com\/product\/yoast-seo-wordpress\/ -->\n<title>Informe de Asociaci\u00f3n de Industriales Pymes revel\u00f3 que cerraron 1.734 f\u00e1bricas - Diario Textual<\/title>\n<meta name=\"robots\" content=\"index, follow, max-snippet:-1, max-image-preview:large, max-video-preview:-1\" \/>\n<link rel=\"canonical\" href=\"https:\/\/diariotextual.com\/inicio\/index.php\/2019\/08\/27\/informe-asociacion-industriales-pymes-revelo-cerraron-1-734-fabricas\/\" \/>\n<meta property=\"og:locale\" content=\"es_ES\" \/>\n<meta property=\"og:type\" content=\"article\" \/>\n<meta property=\"og:title\" content=\"Informe de Asociaci\u00f3n de Industriales Pymes revel\u00f3 que cerraron 1.734 f\u00e1bricas - Diario Textual\" \/>\n<meta property=\"og:description\" content=\"La Asociaci\u00f3n de Industriales Pymes Argentinos revel\u00f3 que en los \u00faltimos doce meses cerraron 1.734 f\u00e1bricas manufactureras. Pidi\u00f3 \u00abmedidas contundentes para frenar esta brusca ca\u00edda\u00bb. &#171;Hay una recesi\u00f3n total, en&hellip;\" \/>\n<meta property=\"og:url\" content=\"https:\/\/diariotextual.com\/inicio\/index.php\/2019\/08\/27\/informe-asociacion-industriales-pymes-revelo-cerraron-1-734-fabricas\/\" \/>\n<meta property=\"og:site_name\" content=\"Diario Textual\" \/>\n<meta property=\"article:publisher\" content=\"https:\/\/www.facebook.com\/eltextual\" \/>\n<meta property=\"article:published_time\" content=\"2019-08-27T11:29:30+00:00\" \/>\n<meta property=\"article:modified_time\" content=\"2019-08-27T12:39:08+00:00\" \/>\n<meta property=\"og:image\" content=\"https:\/\/diariotextual.com\/inicio\/wp-content\/uploads\/2018\/03\/obreroscalificados.jpg\" \/>\n\t<meta property=\"og:image:width\" content=\"640\" \/>\n\t<meta property=\"og:image:height\" content=\"360\" \/>\n\t<meta property=\"og:image:type\" content=\"image\/jpeg\" \/>\n<meta name=\"author\" content=\"diario5\" \/>\n<meta name=\"twitter:card\" content=\"summary_large_image\" \/>\n<meta name=\"twitter:creator\" content=\"@eltextual\" \/>\n<meta name=\"twitter:site\" content=\"@eltextual\" \/>\n<meta name=\"twitter:label1\" content=\"Escrito por\" \/>\n\t<meta name=\"twitter:data1\" content=\"diario5\" \/>\n\t<meta name=\"twitter:label2\" content=\"Tiempo de lectura\" \/>\n\t<meta name=\"twitter:data2\" content=\"1 minuto\" \/>\n<script type=\"application\/ld+json\" class=\"yoast-schema-graph\">{\"@context\":\"https:\\\/\\\/schema.org\",\"@graph\":[{\"@type\":\"Article\",\"@id\":\"https:\\\/\\\/diariotextual.com\\\/inicio\\\/index.php\\\/2019\\\/08\\\/27\\\/informe-asociacion-industriales-pymes-revelo-cerraron-1-734-fabricas\\\/#article\",\"isPartOf\":{\"@id\":\"https:\\\/\\\/diariotextual.com\\\/inicio\\\/index.php\\\/2019\\\/08\\\/27\\\/informe-asociacion-industriales-pymes-revelo-cerraron-1-734-fabricas\\\/\"},\"author\":{\"name\":\"diario5\",\"@id\":\"https:\\\/\\\/diariotextual.com\\\/inicio\\\/#\\\/schema\\\/person\\\/c7834961ad8b29b1d9cdbf4571299067\"},\"headline\":\"Informe de Asociaci\u00f3n de Industriales Pymes revel\u00f3 que cerraron 1.734 f\u00e1bricas\",\"datePublished\":\"2019-08-27T11:29:30+00:00\",\"dateModified\":\"2019-08-27T12:39:08+00:00\",\"mainEntityOfPage\":{\"@id\":\"https:\\\/\\\/diariotextual.com\\\/inicio\\\/index.php\\\/2019\\\/08\\\/27\\\/informe-asociacion-industriales-pymes-revelo-cerraron-1-734-fabricas\\\/\"},\"wordCount\":277,\"publisher\":{\"@id\":\"https:\\\/\\\/diariotextual.com\\\/inicio\\\/#organization\"},\"image\":{\"@id\":\"https:\\\/\\\/diariotextual.com\\\/inicio\\\/index.php\\\/2019\\\/08\\\/27\\\/informe-asociacion-industriales-pymes-revelo-cerraron-1-734-fabricas\\\/#primaryimage\"},\"thumbnailUrl\":\"https:\\\/\\\/diariotextual.com\\\/inicio\\\/wp-content\\\/uploads\\\/2018\\\/03\\\/obreroscalificados.jpg\",\"articleSection\":[\"A - QUE PASA (al costado)\",\"ECONOMIA\"],\"inLanguage\":\"es\"},{\"@type\":\"WebPage\",\"@id\":\"https:\\\/\\\/diariotextual.com\\\/inicio\\\/index.php\\\/2019\\\/08\\\/27\\\/informe-asociacion-industriales-pymes-revelo-cerraron-1-734-fabricas\\\/\",\"url\":\"https:\\\/\\\/diariotextual.com\\\/inicio\\\/index.php\\\/2019\\\/08\\\/27\\\/informe-asociacion-industriales-pymes-revelo-cerraron-1-734-fabricas\\\/\",\"name\":\"Informe de Asociaci\u00f3n de Industriales Pymes revel\u00f3 que cerraron 1.734 f\u00e1bricas - Diario Textual\",\"isPartOf\":{\"@id\":\"https:\\\/\\\/diariotextual.com\\\/inicio\\\/#website\"},\"primaryImageOfPage\":{\"@id\":\"https:\\\/\\\/diariotextual.com\\\/inicio\\\/index.php\\\/2019\\\/08\\\/27\\\/informe-asociacion-industriales-pymes-revelo-cerraron-1-734-fabricas\\\/#primaryimage\"},\"image\":{\"@id\":\"https:\\\/\\\/diariotextual.com\\\/inicio\\\/index.php\\\/2019\\\/08\\\/27\\\/informe-asociacion-industriales-pymes-revelo-cerraron-1-734-fabricas\\\/#primaryimage\"},\"thumbnailUrl\":\"https:\\\/\\\/diariotextual.com\\\/inicio\\\/wp-content\\\/uploads\\\/2018\\\/03\\\/obreroscalificados.jpg\",\"datePublished\":\"2019-08-27T11:29:30+00:00\",\"dateModified\":\"2019-08-27T12:39:08+00:00\",\"breadcrumb\":{\"@id\":\"https:\\\/\\\/diariotextual.com\\\/inicio\\\/index.php\\\/2019\\\/08\\\/27\\\/informe-asociacion-industriales-pymes-revelo-cerraron-1-734-fabricas\\\/#breadcrumb\"},\"inLanguage\":\"es\",\"potentialAction\":[{\"@type\":\"ReadAction\",\"target\":[\"https:\\\/\\\/diariotextual.com\\\/inicio\\\/index.php\\\/2019\\\/08\\\/27\\\/informe-asociacion-industriales-pymes-revelo-cerraron-1-734-fabricas\\\/\"]}]},{\"@type\":\"ImageObject\",\"inLanguage\":\"es\",\"@id\":\"https:\\\/\\\/diariotextual.com\\\/inicio\\\/index.php\\\/2019\\\/08\\\/27\\\/informe-asociacion-industriales-pymes-revelo-cerraron-1-734-fabricas\\\/#primaryimage\",\"url\":\"https:\\\/\\\/diariotextual.com\\\/inicio\\\/wp-content\\\/uploads\\\/2018\\\/03\\\/obreroscalificados.jpg\",\"contentUrl\":\"https:\\\/\\\/diariotextual.com\\\/inicio\\\/wp-content\\\/uploads\\\/2018\\\/03\\\/obreroscalificados.jpg\",\"width\":640,\"height\":360},{\"@type\":\"BreadcrumbList\",\"@id\":\"https:\\\/\\\/diariotextual.com\\\/inicio\\\/index.php\\\/2019\\\/08\\\/27\\\/informe-asociacion-industriales-pymes-revelo-cerraron-1-734-fabricas\\\/#breadcrumb\",\"itemListElement\":[{\"@type\":\"ListItem\",\"position\":1,\"name\":\"Portada\",\"item\":\"https:\\\/\\\/diariotextual.com\\\/inicio\\\/\"},{\"@type\":\"ListItem\",\"position\":2,\"name\":\"Informe de Asociaci\u00f3n de Industriales Pymes revel\u00f3 que cerraron 1.734 f\u00e1bricas\"}]},{\"@type\":\"WebSite\",\"@id\":\"https:\\\/\\\/diariotextual.com\\\/inicio\\\/#website\",\"url\":\"https:\\\/\\\/diariotextual.com\\\/inicio\\\/\",\"name\":\"Diario Textual\",\"description\":\"\",\"publisher\":{\"@id\":\"https:\\\/\\\/diariotextual.com\\\/inicio\\\/#organization\"},\"potentialAction\":[{\"@type\":\"SearchAction\",\"target\":{\"@type\":\"EntryPoint\",\"urlTemplate\":\"https:\\\/\\\/diariotextual.com\\\/inicio\\\/?s={search_term_string}\"},\"query-input\":{\"@type\":\"PropertyValueSpecification\",\"valueRequired\":true,\"valueName\":\"search_term_string\"}}],\"inLanguage\":\"es\"},{\"@type\":\"Organization\",\"@id\":\"https:\\\/\\\/diariotextual.com\\\/inicio\\\/#organization\",\"name\":\"Diario Textual\",\"url\":\"https:\\\/\\\/diariotextual.com\\\/inicio\\\/\",\"logo\":{\"@type\":\"ImageObject\",\"inLanguage\":\"es\",\"@id\":\"https:\\\/\\\/diariotextual.com\\\/inicio\\\/#\\\/schema\\\/logo\\\/image\\\/\",\"url\":\"https:\\\/\\\/diariotextual.com\\\/inicio\\\/wp-content\\\/uploads\\\/2023\\\/05\\\/logotextual1.jpg\",\"contentUrl\":\"https:\\\/\\\/diariotextual.com\\\/inicio\\\/wp-content\\\/uploads\\\/2023\\\/05\\\/logotextual1.jpg\",\"width\":516,\"height\":76,\"caption\":\"Diario Textual\"},\"image\":{\"@id\":\"https:\\\/\\\/diariotextual.com\\\/inicio\\\/#\\\/schema\\\/logo\\\/image\\\/\"},\"sameAs\":[\"https:\\\/\\\/www.facebook.com\\\/eltextual\",\"https:\\\/\\\/x.com\\\/eltextual\",\"http:\\\/\\\/www.instagram.com\\\/eltextual\"]},{\"@type\":\"Person\",\"@id\":\"https:\\\/\\\/diariotextual.com\\\/inicio\\\/#\\\/schema\\\/person\\\/c7834961ad8b29b1d9cdbf4571299067\",\"name\":\"diario5\",\"image\":{\"@type\":\"ImageObject\",\"inLanguage\":\"es\",\"@id\":\"https:\\\/\\\/secure.gravatar.com\\\/avatar\\\/948c893b847ca6df68216ead81b63f363408ec9b0f600fefc0641ce78613b111?s=96&d=mm&r=g\",\"url\":\"https:\\\/\\\/secure.gravatar.com\\\/avatar\\\/948c893b847ca6df68216ead81b63f363408ec9b0f600fefc0641ce78613b111?s=96&d=mm&r=g\",\"contentUrl\":\"https:\\\/\\\/secure.gravatar.com\\\/avatar\\\/948c893b847ca6df68216ead81b63f363408ec9b0f600fefc0641ce78613b111?s=96&d=mm&r=g\",\"caption\":\"diario5\"},\"url\":\"https:\\\/\\\/diariotextual.com\\\/inicio\\\/index.php\\\/author\\\/diario5\\\/\"}]}<\/script>\n<!-- \/ Yoast SEO plugin. -->","yoast_head_json":{"title":"Informe de Asociaci\u00f3n de Industriales Pymes revel\u00f3 que cerraron 1.734 f\u00e1bricas - Diario Textual","robots":{"index":"index","follow":"follow","max-snippet":"max-snippet:-1","max-image-preview":"max-image-preview:large","max-video-preview":"max-video-preview:-1"},"canonical":"https:\/\/diariotextual.com\/inicio\/index.php\/2019\/08\/27\/informe-asociacion-industriales-pymes-revelo-cerraron-1-734-fabricas\/","og_locale":"es_ES","og_type":"article","og_title":"Informe de Asociaci\u00f3n de Industriales Pymes revel\u00f3 que cerraron 1.734 f\u00e1bricas - Diario Textual","og_description":"La Asociaci\u00f3n de Industriales Pymes Argentinos revel\u00f3 que en los \u00faltimos doce meses cerraron 1.734 f\u00e1bricas manufactureras. Pidi\u00f3 \u00abmedidas contundentes para frenar esta brusca ca\u00edda\u00bb. &#171;Hay una recesi\u00f3n total, en&hellip;","og_url":"https:\/\/diariotextual.com\/inicio\/index.php\/2019\/08\/27\/informe-asociacion-industriales-pymes-revelo-cerraron-1-734-fabricas\/","og_site_name":"Diario Textual","article_publisher":"https:\/\/www.facebook.com\/eltextual","article_published_time":"2019-08-27T11:29:30+00:00","article_modified_time":"2019-08-27T12:39:08+00:00","og_image":[{"width":640,"height":360,"url":"https:\/\/diariotextual.com\/inicio\/wp-content\/uploads\/2018\/03\/obreroscalificados.jpg","type":"image\/jpeg"}],"author":"diario5","twitter_card":"summary_large_image","twitter_creator":"@eltextual","twitter_site":"@eltextual","twitter_misc":{"Escrito por":"diario5","Tiempo de lectura":"1 minuto"},"schema":{"@context":"https:\/\/schema.org","@graph":[{"@type":"Article","@id":"https:\/\/diariotextual.com\/inicio\/index.php\/2019\/08\/27\/informe-asociacion-industriales-pymes-revelo-cerraron-1-734-fabricas\/#article","isPartOf":{"@id":"https:\/\/diariotextual.com\/inicio\/index.php\/2019\/08\/27\/informe-asociacion-industriales-pymes-revelo-cerraron-1-734-fabricas\/"},"author":{"name":"diario5","@id":"https:\/\/diariotextual.com\/inicio\/#\/schema\/person\/c7834961ad8b29b1d9cdbf4571299067"},"headline":"Informe de Asociaci\u00f3n de Industriales Pymes revel\u00f3 que cerraron 1.734 f\u00e1bricas","datePublished":"2019-08-27T11:29:30+00:00","dateModified":"2019-08-27T12:39:08+00:00","mainEntityOfPage":{"@id":"https:\/\/diariotextual.com\/inicio\/index.php\/2019\/08\/27\/informe-asociacion-industriales-pymes-revelo-cerraron-1-734-fabricas\/"},"wordCount":277,"publisher":{"@id":"https:\/\/diariotextual.com\/inicio\/#organization"},"image":{"@id":"https:\/\/diariotextual.com\/inicio\/index.php\/2019\/08\/27\/informe-asociacion-industriales-pymes-revelo-cerraron-1-734-fabricas\/#primaryimage"},"thumbnailUrl":"https:\/\/diariotextual.com\/inicio\/wp-content\/uploads\/2018\/03\/obreroscalificados.jpg","articleSection":["A - QUE PASA (al costado)","ECONOMIA"],"inLanguage":"es"},{"@type":"WebPage","@id":"https:\/\/diariotextual.com\/inicio\/index.php\/2019\/08\/27\/informe-asociacion-industriales-pymes-revelo-cerraron-1-734-fabricas\/","url":"https:\/\/diariotextual.com\/inicio\/index.php\/2019\/08\/27\/informe-asociacion-industriales-pymes-revelo-cerraron-1-734-fabricas\/","name":"Informe de Asociaci\u00f3n de Industriales Pymes revel\u00f3 que cerraron 1.734 f\u00e1bricas - Diario Textual","isPartOf":{"@id":"https:\/\/diariotextual.com\/inicio\/#website"},"primaryImageOfPage":{"@id":"https:\/\/diariotextual.com\/inicio\/index.php\/2019\/08\/27\/informe-asociacion-industriales-pymes-revelo-cerraron-1-734-fabricas\/#primaryimage"},"image":{"@id":"https:\/\/diariotextual.com\/inicio\/index.php\/2019\/08\/27\/informe-asociacion-industriales-pymes-revelo-cerraron-1-734-fabricas\/#primaryimage"},"thumbnailUrl":"https:\/\/diariotextual.com\/inicio\/wp-content\/uploads\/2018\/03\/obreroscalificados.jpg","datePublished":"2019-08-27T11:29:30+00:00","dateModified":"2019-08-27T12:39:08+00:00","breadcrumb":{"@id":"https:\/\/diariotextual.com\/inicio\/index.php\/2019\/08\/27\/informe-asociacion-industriales-pymes-revelo-cerraron-1-734-fabricas\/#breadcrumb"},"inLanguage":"es","potentialAction":[{"@type":"ReadAction","target":["https:\/\/diariotextual.com\/inicio\/index.php\/2019\/08\/27\/informe-asociacion-industriales-pymes-revelo-cerraron-1-734-fabricas\/"]}]},{"@type":"ImageObject","inLanguage":"es","@id":"https:\/\/diariotextual.com\/inicio\/index.php\/2019\/08\/27\/informe-asociacion-industriales-pymes-revelo-cerraron-1-734-fabricas\/#primaryimage","url":"https:\/\/diariotextual.com\/inicio\/wp-content\/uploads\/2018\/03\/obreroscalificados.jpg","contentUrl":"https:\/\/diariotextual.com\/inicio\/wp-content\/uploads\/2018\/03\/obreroscalificados.jpg","width":640,"height":360},{"@type":"BreadcrumbList","@id":"https:\/\/diariotextual.com\/inicio\/index.php\/2019\/08\/27\/informe-asociacion-industriales-pymes-revelo-cerraron-1-734-fabricas\/#breadcrumb","itemListElement":[{"@type":"ListItem","position":1,"name":"Portada","item":"https:\/\/diariotextual.com\/inicio\/"},{"@type":"ListItem","position":2,"name":"Informe de Asociaci\u00f3n de Industriales Pymes revel\u00f3 que cerraron 1.734 f\u00e1bricas"}]},{"@type":"WebSite","@id":"https:\/\/diariotextual.com\/inicio\/#website","url":"https:\/\/diariotextual.com\/inicio\/","name":"Diario Textual","description":"","publisher":{"@id":"https:\/\/diariotextual.com\/inicio\/#organization"},"potentialAction":[{"@type":"SearchAction","target":{"@type":"EntryPoint","urlTemplate":"https:\/\/diariotextual.com\/inicio\/?s={search_term_string}"},"query-input":{"@type":"PropertyValueSpecification","valueRequired":true,"valueName":"search_term_string"}}],"inLanguage":"es"},{"@type":"Organization","@id":"https:\/\/diariotextual.com\/inicio\/#organization","name":"Diario Textual","url":"https:\/\/diariotextual.com\/inicio\/","logo":{"@type":"ImageObject","inLanguage":"es","@id":"https:\/\/diariotextual.com\/inicio\/#\/schema\/logo\/image\/","url":"https:\/\/diariotextual.com\/inicio\/wp-content\/uploads\/2023\/05\/logotextual1.jpg","contentUrl":"https:\/\/diariotextual.com\/inicio\/wp-content\/uploads\/2023\/05\/logotextual1.jpg","width":516,"height":76,"caption":"Diario Textual"},"image":{"@id":"https:\/\/diariotextual.com\/inicio\/#\/schema\/logo\/image\/"},"sameAs":["https:\/\/www.facebook.com\/eltextual","https:\/\/x.com\/eltextual","http:\/\/www.instagram.com\/eltextual"]},{"@type":"Person","@id":"https:\/\/diariotextual.com\/inicio\/#\/schema\/person\/c7834961ad8b29b1d9cdbf4571299067","name":"diario5","image":{"@type":"ImageObject","inLanguage":"es","@id":"https:\/\/secure.gravatar.com\/avatar\/948c893b847ca6df68216ead81b63f363408ec9b0f600fefc0641ce78613b111?s=96&d=mm&r=g","url":"https:\/\/secure.gravatar.com\/avatar\/948c893b847ca6df68216ead81b63f363408ec9b0f600fefc0641ce78613b111?s=96&d=mm&r=g","contentUrl":"https:\/\/secure.gravatar.com\/avatar\/948c893b847ca6df68216ead81b63f363408ec9b0f600fefc0641ce78613b111?s=96&d=mm&r=g","caption":"diario5"},"url":"https:\/\/diariotextual.com\/inicio\/index.php\/author\/diario5\/"}]}},"_links":{"self":[{"href":"https:\/\/diariotextual.com\/inicio\/index.php\/wp-json\/wp\/v2\/posts\/60829","targetHints":{"allow":["GET"]}}],"collection":[{"href":"https:\/\/diariotextual.com\/inicio\/index.php\/wp-json\/wp\/v2\/posts"}],"about":[{"href":"https:\/\/diariotextual.com\/inicio\/index.php\/wp-json\/wp\/v2\/types\/post"}],"author":[{"embeddable":true,"href":"https:\/\/diariotextual.com\/inicio\/index.php\/wp-json\/wp\/v2\/users\/7"}],"replies":[{"embeddable":true,"href":"https:\/\/diariotextual.com\/inicio\/index.php\/wp-json\/wp\/v2\/comments?post=60829"}],"version-history":[{"count":1,"href":"https:\/\/diariotextual.com\/inicio\/index.php\/wp-json\/wp\/v2\/posts\/60829\/revisions"}],"predecessor-version":[{"id":60831,"href":"https:\/\/diariotextual.com\/inicio\/index.php\/wp-json\/wp\/v2\/posts\/60829\/revisions\/60831"}],"wp:featuredmedia":[{"embeddable":true,"href":"https:\/\/diariotextual.com\/inicio\/index.php\/wp-json\/wp\/v2\/media\/2385"}],"wp:attachment":[{"href":"https:\/\/diariotextual.com\/inicio\/index.php\/wp-json\/wp\/v2\/media?parent=60829"}],"wp:term":[{"taxonomy":"category","embeddable":true,"href":"https:\/\/diariotextual.com\/inicio\/index.php\/wp-json\/wp\/v2\/categories?post=60829"},{"taxonomy":"post_tag","embeddable":true,"href":"https:\/\/diariotextual.com\/inicio\/index.php\/wp-json\/wp\/v2\/tags?post=60829"}],"curies":[{"name":"wp","href":"https:\/\/api.w.org\/{rel}","templated":true}]}}