{"id":60832,"date":"2019-08-27T09:17:36","date_gmt":"2019-08-27T12:17:36","guid":{"rendered":"http:\/\/diariotextual.com\/inicio\/?p=60832"},"modified":"2019-08-27T19:57:33","modified_gmt":"2019-08-27T22:57:33","slug":"trabajadores-anses-denuncian-apriete-del-jefe-regional","status":"publish","type":"post","link":"https:\/\/diariotextual.com\/inicio\/index.php\/2019\/08\/27\/trabajadores-anses-denuncian-apriete-del-jefe-regional\/","title":{"rendered":"Trabajadores de Anses denuncian \u00abaprietes\u00bb del jefe regional"},"content":{"rendered":"<p>Trabajadores de Anses de Santa Rosa cortaron la atenci\u00f3n al p\u00fablico para realizar una asamblea en rechazo a los \u00abaprietes\u00bb que denunciaron de parte del jefe regional del organismo, Juan Bellocq, para que tomen los reclamos de los beneficiarios de asignaciones familiares y de discapacidad que no pueden cobrar desde hace d\u00edas por inconvenientes en el\u00a0nuevo sistema inform\u00e1tico.<\/p>\n<blockquote class=\"wp-embedded-content\" data-secret=\"jr8ax4qWez\"><p><a href=\"http:\/\/diariotextual.com\/inicio\/index.php\/2019\/08\/22\/anses-liquidan-mal-las-asignaciones-la-provincia-asamblea-santa-rosa\/\">Anses: liquidan mal las asignaciones y hay asamblea en Santa Rosa<\/a><\/p><\/blockquote>\n<p><iframe class=\"wp-embedded-content\" sandbox=\"allow-scripts\" security=\"restricted\" style=\"position: absolute; clip: rect(1px, 1px, 1px, 1px);\" src=\"http:\/\/diariotextual.com\/inicio\/index.php\/2019\/08\/22\/anses-liquidan-mal-las-asignaciones-la-provincia-asamblea-santa-rosa\/embed\/#?secret=jr8ax4qWez\" data-secret=\"jr8ax4qWez\" width=\"600\" height=\"338\" title=\"&#171;Anses: liquidan mal las asignaciones y hay asamblea en Santa Rosa&#187; &#8212; Diario Textual\" frameborder=\"0\" marginwidth=\"0\" marginheight=\"0\" scrolling=\"no\"><\/iframe><\/p>\n<p>La llegada de Bellocq es porque\u00a0Anses implement\u00f3 hace unos d\u00edas el Sistema de Cobertura Universal de Ni\u00f1ez y Adolescencia (CUNA), que no est\u00e1 funcionando como se esperaba. Es un aplicativo que integra los sistemas liquidadores de asignaciones familiares y universales. El inconveniente viene de al menos hace una semana y, tanto de la sede de la Anses de Santa Rosa y de Pico, no tienen respuesta.<\/p>\n<p>Seg\u00fan dijeron los trabajadores a Diario Textual, Bellock les pidi\u00f3 que tomaran los reclamos de los beneficiarios pese a que no pueden darles respuestas. Consideraron que la orden del funcionario fue un \u00abapriete\u00bb y decidieron interrumpir la atenci\u00f3n para reunirse en asamblea y decidir c\u00f3mo siguen.<\/p>\n<p>Bellock, en contacto con la prensa, pidi\u00f3 a los beneficiarios \u00abpaciencia\u00bb y dijo que el nuevo sistema inform\u00e1tico \u00abse traer\u00e1 soluci\u00f3n a los m\u00e1s de 400 mil reclamos mensuales que hab\u00eda en el pa\u00eds\u00bb.<\/p>\n<p>Asegur\u00f3 que de las 25 delegaciones que supervisa en la \u00fanica que se negaron a atender los reclamos de la gente es en la de Santa Rosa.<\/p>\n<p>Lo que est\u00e1 claro es que desde Anses no dieron una fecha cierta de soluci\u00f3n al problema inform\u00e1tico y los empleados no tienen respuestas para darle a la gente.<\/p>\n","protected":false},"excerpt":{"rendered":"<p>Trabajadores de Anses de Santa Rosa cortaron la atenci\u00f3n al p\u00fablico para realizar una asamblea en rechazo a los \u00abaprietes\u00bb que denunciaron de parte del jefe regional del organismo, Juan&hellip;<\/p>\n","protected":false},"author":7,"featured_media":60833,"comment_status":"closed","ping_status":"open","sticky":false,"template":"","format":"standard","meta":{"_acf_changed":false,"footnotes":""},"categories":[11,319,12],"tags":[],"class_list":["post-60832","post","type-post","status-publish","format-standard","has-post-thumbnail","hentry","category-que-pasa","category-a-temporales","category-sociedad"],"acf":[],"yoast_head":"<!-- This site is optimized with the Yoast SEO plugin v27.5 - https:\/\/yoast.com\/product\/yoast-seo-wordpress\/ -->\n<title>Trabajadores de Anses denuncian &quot;aprietes&quot; del jefe regional - Diario Textual<\/title>\n<meta name=\"robots\" content=\"index, follow, max-snippet:-1, max-image-preview:large, max-video-preview:-1\" \/>\n<link rel=\"canonical\" href=\"https:\/\/diariotextual.com\/inicio\/index.php\/2019\/08\/27\/trabajadores-anses-denuncian-apriete-del-jefe-regional\/\" \/>\n<meta property=\"og:locale\" content=\"es_ES\" \/>\n<meta property=\"og:type\" content=\"article\" \/>\n<meta property=\"og:title\" content=\"Trabajadores de Anses denuncian &quot;aprietes&quot; del jefe regional - Diario Textual\" \/>\n<meta property=\"og:description\" content=\"Trabajadores de Anses de Santa Rosa cortaron la atenci\u00f3n al p\u00fablico para realizar una asamblea en rechazo a los \u00abaprietes\u00bb que denunciaron de parte del jefe regional del organismo, Juan&hellip;\" \/>\n<meta property=\"og:url\" content=\"https:\/\/diariotextual.com\/inicio\/index.php\/2019\/08\/27\/trabajadores-anses-denuncian-apriete-del-jefe-regional\/\" \/>\n<meta property=\"og:site_name\" content=\"Diario Textual\" \/>\n<meta property=\"article:publisher\" content=\"https:\/\/www.facebook.com\/eltextual\" \/>\n<meta property=\"article:published_time\" content=\"2019-08-27T12:17:36+00:00\" \/>\n<meta property=\"article:modified_time\" content=\"2019-08-27T22:57:33+00:00\" \/>\n<meta property=\"og:image\" content=\"https:\/\/diariotextual.com\/inicio\/wp-content\/uploads\/2019\/08\/asambleaanses.jpg\" \/>\n\t<meta property=\"og:image:width\" content=\"1028\" \/>\n\t<meta property=\"og:image:height\" content=\"555\" \/>\n\t<meta property=\"og:image:type\" content=\"image\/jpeg\" \/>\n<meta name=\"author\" content=\"diario5\" \/>\n<meta name=\"twitter:card\" content=\"summary_large_image\" \/>\n<meta name=\"twitter:creator\" content=\"@eltextual\" \/>\n<meta name=\"twitter:site\" content=\"@eltextual\" \/>\n<meta name=\"twitter:label1\" content=\"Escrito por\" \/>\n\t<meta name=\"twitter:data1\" content=\"diario5\" \/>\n\t<meta name=\"twitter:label2\" content=\"Tiempo de lectura\" \/>\n\t<meta name=\"twitter:data2\" content=\"1 minuto\" \/>\n<script type=\"application\/ld+json\" class=\"yoast-schema-graph\">{\"@context\":\"https:\\\/\\\/schema.org\",\"@graph\":[{\"@type\":\"Article\",\"@id\":\"https:\\\/\\\/diariotextual.com\\\/inicio\\\/index.php\\\/2019\\\/08\\\/27\\\/trabajadores-anses-denuncian-apriete-del-jefe-regional\\\/#article\",\"isPartOf\":{\"@id\":\"https:\\\/\\\/diariotextual.com\\\/inicio\\\/index.php\\\/2019\\\/08\\\/27\\\/trabajadores-anses-denuncian-apriete-del-jefe-regional\\\/\"},\"author\":{\"name\":\"diario5\",\"@id\":\"https:\\\/\\\/diariotextual.com\\\/inicio\\\/#\\\/schema\\\/person\\\/c7834961ad8b29b1d9cdbf4571299067\"},\"headline\":\"Trabajadores de Anses denuncian \u00abaprietes\u00bb del jefe regional\",\"datePublished\":\"2019-08-27T12:17:36+00:00\",\"dateModified\":\"2019-08-27T22:57:33+00:00\",\"mainEntityOfPage\":{\"@id\":\"https:\\\/\\\/diariotextual.com\\\/inicio\\\/index.php\\\/2019\\\/08\\\/27\\\/trabajadores-anses-denuncian-apriete-del-jefe-regional\\\/\"},\"wordCount\":291,\"publisher\":{\"@id\":\"https:\\\/\\\/diariotextual.com\\\/inicio\\\/#organization\"},\"image\":{\"@id\":\"https:\\\/\\\/diariotextual.com\\\/inicio\\\/index.php\\\/2019\\\/08\\\/27\\\/trabajadores-anses-denuncian-apriete-del-jefe-regional\\\/#primaryimage\"},\"thumbnailUrl\":\"https:\\\/\\\/diariotextual.com\\\/inicio\\\/wp-content\\\/uploads\\\/2019\\\/08\\\/asambleaanses.jpg\",\"articleSection\":[\"A - QUE PASA (al costado)\",\"A - TEMPORALES\",\"SOCIEDAD\"],\"inLanguage\":\"es\"},{\"@type\":\"WebPage\",\"@id\":\"https:\\\/\\\/diariotextual.com\\\/inicio\\\/index.php\\\/2019\\\/08\\\/27\\\/trabajadores-anses-denuncian-apriete-del-jefe-regional\\\/\",\"url\":\"https:\\\/\\\/diariotextual.com\\\/inicio\\\/index.php\\\/2019\\\/08\\\/27\\\/trabajadores-anses-denuncian-apriete-del-jefe-regional\\\/\",\"name\":\"Trabajadores de Anses denuncian \\\"aprietes\\\" del jefe regional - Diario Textual\",\"isPartOf\":{\"@id\":\"https:\\\/\\\/diariotextual.com\\\/inicio\\\/#website\"},\"primaryImageOfPage\":{\"@id\":\"https:\\\/\\\/diariotextual.com\\\/inicio\\\/index.php\\\/2019\\\/08\\\/27\\\/trabajadores-anses-denuncian-apriete-del-jefe-regional\\\/#primaryimage\"},\"image\":{\"@id\":\"https:\\\/\\\/diariotextual.com\\\/inicio\\\/index.php\\\/2019\\\/08\\\/27\\\/trabajadores-anses-denuncian-apriete-del-jefe-regional\\\/#primaryimage\"},\"thumbnailUrl\":\"https:\\\/\\\/diariotextual.com\\\/inicio\\\/wp-content\\\/uploads\\\/2019\\\/08\\\/asambleaanses.jpg\",\"datePublished\":\"2019-08-27T12:17:36+00:00\",\"dateModified\":\"2019-08-27T22:57:33+00:00\",\"breadcrumb\":{\"@id\":\"https:\\\/\\\/diariotextual.com\\\/inicio\\\/index.php\\\/2019\\\/08\\\/27\\\/trabajadores-anses-denuncian-apriete-del-jefe-regional\\\/#breadcrumb\"},\"inLanguage\":\"es\",\"potentialAction\":[{\"@type\":\"ReadAction\",\"target\":[\"https:\\\/\\\/diariotextual.com\\\/inicio\\\/index.php\\\/2019\\\/08\\\/27\\\/trabajadores-anses-denuncian-apriete-del-jefe-regional\\\/\"]}]},{\"@type\":\"ImageObject\",\"inLanguage\":\"es\",\"@id\":\"https:\\\/\\\/diariotextual.com\\\/inicio\\\/index.php\\\/2019\\\/08\\\/27\\\/trabajadores-anses-denuncian-apriete-del-jefe-regional\\\/#primaryimage\",\"url\":\"https:\\\/\\\/diariotextual.com\\\/inicio\\\/wp-content\\\/uploads\\\/2019\\\/08\\\/asambleaanses.jpg\",\"contentUrl\":\"https:\\\/\\\/diariotextual.com\\\/inicio\\\/wp-content\\\/uploads\\\/2019\\\/08\\\/asambleaanses.jpg\",\"width\":1028,\"height\":555},{\"@type\":\"BreadcrumbList\",\"@id\":\"https:\\\/\\\/diariotextual.com\\\/inicio\\\/index.php\\\/2019\\\/08\\\/27\\\/trabajadores-anses-denuncian-apriete-del-jefe-regional\\\/#breadcrumb\",\"itemListElement\":[{\"@type\":\"ListItem\",\"position\":1,\"name\":\"Portada\",\"item\":\"https:\\\/\\\/diariotextual.com\\\/inicio\\\/\"},{\"@type\":\"ListItem\",\"position\":2,\"name\":\"Trabajadores de Anses denuncian \u00abaprietes\u00bb del jefe regional\"}]},{\"@type\":\"WebSite\",\"@id\":\"https:\\\/\\\/diariotextual.com\\\/inicio\\\/#website\",\"url\":\"https:\\\/\\\/diariotextual.com\\\/inicio\\\/\",\"name\":\"Diario Textual\",\"description\":\"\",\"publisher\":{\"@id\":\"https:\\\/\\\/diariotextual.com\\\/inicio\\\/#organization\"},\"potentialAction\":[{\"@type\":\"SearchAction\",\"target\":{\"@type\":\"EntryPoint\",\"urlTemplate\":\"https:\\\/\\\/diariotextual.com\\\/inicio\\\/?s={search_term_string}\"},\"query-input\":{\"@type\":\"PropertyValueSpecification\",\"valueRequired\":true,\"valueName\":\"search_term_string\"}}],\"inLanguage\":\"es\"},{\"@type\":\"Organization\",\"@id\":\"https:\\\/\\\/diariotextual.com\\\/inicio\\\/#organization\",\"name\":\"Diario Textual\",\"url\":\"https:\\\/\\\/diariotextual.com\\\/inicio\\\/\",\"logo\":{\"@type\":\"ImageObject\",\"inLanguage\":\"es\",\"@id\":\"https:\\\/\\\/diariotextual.com\\\/inicio\\\/#\\\/schema\\\/logo\\\/image\\\/\",\"url\":\"https:\\\/\\\/diariotextual.com\\\/inicio\\\/wp-content\\\/uploads\\\/2023\\\/05\\\/logotextual1.jpg\",\"contentUrl\":\"https:\\\/\\\/diariotextual.com\\\/inicio\\\/wp-content\\\/uploads\\\/2023\\\/05\\\/logotextual1.jpg\",\"width\":516,\"height\":76,\"caption\":\"Diario Textual\"},\"image\":{\"@id\":\"https:\\\/\\\/diariotextual.com\\\/inicio\\\/#\\\/schema\\\/logo\\\/image\\\/\"},\"sameAs\":[\"https:\\\/\\\/www.facebook.com\\\/eltextual\",\"https:\\\/\\\/x.com\\\/eltextual\",\"http:\\\/\\\/www.instagram.com\\\/eltextual\"]},{\"@type\":\"Person\",\"@id\":\"https:\\\/\\\/diariotextual.com\\\/inicio\\\/#\\\/schema\\\/person\\\/c7834961ad8b29b1d9cdbf4571299067\",\"name\":\"diario5\",\"image\":{\"@type\":\"ImageObject\",\"inLanguage\":\"es\",\"@id\":\"https:\\\/\\\/secure.gravatar.com\\\/avatar\\\/948c893b847ca6df68216ead81b63f363408ec9b0f600fefc0641ce78613b111?s=96&d=mm&r=g\",\"url\":\"https:\\\/\\\/secure.gravatar.com\\\/avatar\\\/948c893b847ca6df68216ead81b63f363408ec9b0f600fefc0641ce78613b111?s=96&d=mm&r=g\",\"contentUrl\":\"https:\\\/\\\/secure.gravatar.com\\\/avatar\\\/948c893b847ca6df68216ead81b63f363408ec9b0f600fefc0641ce78613b111?s=96&d=mm&r=g\",\"caption\":\"diario5\"},\"url\":\"https:\\\/\\\/diariotextual.com\\\/inicio\\\/index.php\\\/author\\\/diario5\\\/\"}]}<\/script>\n<!-- \/ Yoast SEO plugin. -->","yoast_head_json":{"title":"Trabajadores de Anses denuncian \"aprietes\" del jefe regional - Diario Textual","robots":{"index":"index","follow":"follow","max-snippet":"max-snippet:-1","max-image-preview":"max-image-preview:large","max-video-preview":"max-video-preview:-1"},"canonical":"https:\/\/diariotextual.com\/inicio\/index.php\/2019\/08\/27\/trabajadores-anses-denuncian-apriete-del-jefe-regional\/","og_locale":"es_ES","og_type":"article","og_title":"Trabajadores de Anses denuncian \"aprietes\" del jefe regional - Diario Textual","og_description":"Trabajadores de Anses de Santa Rosa cortaron la atenci\u00f3n al p\u00fablico para realizar una asamblea en rechazo a los \u00abaprietes\u00bb que denunciaron de parte del jefe regional del organismo, Juan&hellip;","og_url":"https:\/\/diariotextual.com\/inicio\/index.php\/2019\/08\/27\/trabajadores-anses-denuncian-apriete-del-jefe-regional\/","og_site_name":"Diario Textual","article_publisher":"https:\/\/www.facebook.com\/eltextual","article_published_time":"2019-08-27T12:17:36+00:00","article_modified_time":"2019-08-27T22:57:33+00:00","og_image":[{"width":1028,"height":555,"url":"https:\/\/diariotextual.com\/inicio\/wp-content\/uploads\/2019\/08\/asambleaanses.jpg","type":"image\/jpeg"}],"author":"diario5","twitter_card":"summary_large_image","twitter_creator":"@eltextual","twitter_site":"@eltextual","twitter_misc":{"Escrito por":"diario5","Tiempo de lectura":"1 minuto"},"schema":{"@context":"https:\/\/schema.org","@graph":[{"@type":"Article","@id":"https:\/\/diariotextual.com\/inicio\/index.php\/2019\/08\/27\/trabajadores-anses-denuncian-apriete-del-jefe-regional\/#article","isPartOf":{"@id":"https:\/\/diariotextual.com\/inicio\/index.php\/2019\/08\/27\/trabajadores-anses-denuncian-apriete-del-jefe-regional\/"},"author":{"name":"diario5","@id":"https:\/\/diariotextual.com\/inicio\/#\/schema\/person\/c7834961ad8b29b1d9cdbf4571299067"},"headline":"Trabajadores de Anses denuncian \u00abaprietes\u00bb del jefe regional","datePublished":"2019-08-27T12:17:36+00:00","dateModified":"2019-08-27T22:57:33+00:00","mainEntityOfPage":{"@id":"https:\/\/diariotextual.com\/inicio\/index.php\/2019\/08\/27\/trabajadores-anses-denuncian-apriete-del-jefe-regional\/"},"wordCount":291,"publisher":{"@id":"https:\/\/diariotextual.com\/inicio\/#organization"},"image":{"@id":"https:\/\/diariotextual.com\/inicio\/index.php\/2019\/08\/27\/trabajadores-anses-denuncian-apriete-del-jefe-regional\/#primaryimage"},"thumbnailUrl":"https:\/\/diariotextual.com\/inicio\/wp-content\/uploads\/2019\/08\/asambleaanses.jpg","articleSection":["A - QUE PASA (al costado)","A - TEMPORALES","SOCIEDAD"],"inLanguage":"es"},{"@type":"WebPage","@id":"https:\/\/diariotextual.com\/inicio\/index.php\/2019\/08\/27\/trabajadores-anses-denuncian-apriete-del-jefe-regional\/","url":"https:\/\/diariotextual.com\/inicio\/index.php\/2019\/08\/27\/trabajadores-anses-denuncian-apriete-del-jefe-regional\/","name":"Trabajadores de Anses denuncian \"aprietes\" del jefe regional - Diario Textual","isPartOf":{"@id":"https:\/\/diariotextual.com\/inicio\/#website"},"primaryImageOfPage":{"@id":"https:\/\/diariotextual.com\/inicio\/index.php\/2019\/08\/27\/trabajadores-anses-denuncian-apriete-del-jefe-regional\/#primaryimage"},"image":{"@id":"https:\/\/diariotextual.com\/inicio\/index.php\/2019\/08\/27\/trabajadores-anses-denuncian-apriete-del-jefe-regional\/#primaryimage"},"thumbnailUrl":"https:\/\/diariotextual.com\/inicio\/wp-content\/uploads\/2019\/08\/asambleaanses.jpg","datePublished":"2019-08-27T12:17:36+00:00","dateModified":"2019-08-27T22:57:33+00:00","breadcrumb":{"@id":"https:\/\/diariotextual.com\/inicio\/index.php\/2019\/08\/27\/trabajadores-anses-denuncian-apriete-del-jefe-regional\/#breadcrumb"},"inLanguage":"es","potentialAction":[{"@type":"ReadAction","target":["https:\/\/diariotextual.com\/inicio\/index.php\/2019\/08\/27\/trabajadores-anses-denuncian-apriete-del-jefe-regional\/"]}]},{"@type":"ImageObject","inLanguage":"es","@id":"https:\/\/diariotextual.com\/inicio\/index.php\/2019\/08\/27\/trabajadores-anses-denuncian-apriete-del-jefe-regional\/#primaryimage","url":"https:\/\/diariotextual.com\/inicio\/wp-content\/uploads\/2019\/08\/asambleaanses.jpg","contentUrl":"https:\/\/diariotextual.com\/inicio\/wp-content\/uploads\/2019\/08\/asambleaanses.jpg","width":1028,"height":555},{"@type":"BreadcrumbList","@id":"https:\/\/diariotextual.com\/inicio\/index.php\/2019\/08\/27\/trabajadores-anses-denuncian-apriete-del-jefe-regional\/#breadcrumb","itemListElement":[{"@type":"ListItem","position":1,"name":"Portada","item":"https:\/\/diariotextual.com\/inicio\/"},{"@type":"ListItem","position":2,"name":"Trabajadores de Anses denuncian \u00abaprietes\u00bb del jefe regional"}]},{"@type":"WebSite","@id":"https:\/\/diariotextual.com\/inicio\/#website","url":"https:\/\/diariotextual.com\/inicio\/","name":"Diario Textual","description":"","publisher":{"@id":"https:\/\/diariotextual.com\/inicio\/#organization"},"potentialAction":[{"@type":"SearchAction","target":{"@type":"EntryPoint","urlTemplate":"https:\/\/diariotextual.com\/inicio\/?s={search_term_string}"},"query-input":{"@type":"PropertyValueSpecification","valueRequired":true,"valueName":"search_term_string"}}],"inLanguage":"es"},{"@type":"Organization","@id":"https:\/\/diariotextual.com\/inicio\/#organization","name":"Diario Textual","url":"https:\/\/diariotextual.com\/inicio\/","logo":{"@type":"ImageObject","inLanguage":"es","@id":"https:\/\/diariotextual.com\/inicio\/#\/schema\/logo\/image\/","url":"https:\/\/diariotextual.com\/inicio\/wp-content\/uploads\/2023\/05\/logotextual1.jpg","contentUrl":"https:\/\/diariotextual.com\/inicio\/wp-content\/uploads\/2023\/05\/logotextual1.jpg","width":516,"height":76,"caption":"Diario Textual"},"image":{"@id":"https:\/\/diariotextual.com\/inicio\/#\/schema\/logo\/image\/"},"sameAs":["https:\/\/www.facebook.com\/eltextual","https:\/\/x.com\/eltextual","http:\/\/www.instagram.com\/eltextual"]},{"@type":"Person","@id":"https:\/\/diariotextual.com\/inicio\/#\/schema\/person\/c7834961ad8b29b1d9cdbf4571299067","name":"diario5","image":{"@type":"ImageObject","inLanguage":"es","@id":"https:\/\/secure.gravatar.com\/avatar\/948c893b847ca6df68216ead81b63f363408ec9b0f600fefc0641ce78613b111?s=96&d=mm&r=g","url":"https:\/\/secure.gravatar.com\/avatar\/948c893b847ca6df68216ead81b63f363408ec9b0f600fefc0641ce78613b111?s=96&d=mm&r=g","contentUrl":"https:\/\/secure.gravatar.com\/avatar\/948c893b847ca6df68216ead81b63f363408ec9b0f600fefc0641ce78613b111?s=96&d=mm&r=g","caption":"diario5"},"url":"https:\/\/diariotextual.com\/inicio\/index.php\/author\/diario5\/"}]}},"_links":{"self":[{"href":"https:\/\/diariotextual.com\/inicio\/index.php\/wp-json\/wp\/v2\/posts\/60832","targetHints":{"allow":["GET"]}}],"collection":[{"href":"https:\/\/diariotextual.com\/inicio\/index.php\/wp-json\/wp\/v2\/posts"}],"about":[{"href":"https:\/\/diariotextual.com\/inicio\/index.php\/wp-json\/wp\/v2\/types\/post"}],"author":[{"embeddable":true,"href":"https:\/\/diariotextual.com\/inicio\/index.php\/wp-json\/wp\/v2\/users\/7"}],"replies":[{"embeddable":true,"href":"https:\/\/diariotextual.com\/inicio\/index.php\/wp-json\/wp\/v2\/comments?post=60832"}],"version-history":[{"count":4,"href":"https:\/\/diariotextual.com\/inicio\/index.php\/wp-json\/wp\/v2\/posts\/60832\/revisions"}],"predecessor-version":[{"id":60855,"href":"https:\/\/diariotextual.com\/inicio\/index.php\/wp-json\/wp\/v2\/posts\/60832\/revisions\/60855"}],"wp:featuredmedia":[{"embeddable":true,"href":"https:\/\/diariotextual.com\/inicio\/index.php\/wp-json\/wp\/v2\/media\/60833"}],"wp:attachment":[{"href":"https:\/\/diariotextual.com\/inicio\/index.php\/wp-json\/wp\/v2\/media?parent=60832"}],"wp:term":[{"taxonomy":"category","embeddable":true,"href":"https:\/\/diariotextual.com\/inicio\/index.php\/wp-json\/wp\/v2\/categories?post=60832"},{"taxonomy":"post_tag","embeddable":true,"href":"https:\/\/diariotextual.com\/inicio\/index.php\/wp-json\/wp\/v2\/tags?post=60832"}],"curies":[{"name":"wp","href":"https:\/\/api.w.org\/{rel}","templated":true}]}}