{"id":60877,"date":"2019-08-27T13:04:38","date_gmt":"2019-08-27T16:04:38","guid":{"rendered":"http:\/\/diariotextual.com\/inicio\/?p=60877"},"modified":"2019-08-28T07:07:29","modified_gmt":"2019-08-28T10:07:29","slug":"fmi-le-pidio-alberto-fernandez-apruebe-ultimo-desembolso-candidato-se-nego","status":"publish","type":"post","link":"https:\/\/diariotextual.com\/inicio\/index.php\/2019\/08\/27\/fmi-le-pidio-alberto-fernandez-apruebe-ultimo-desembolso-candidato-se-nego\/","title":{"rendered":"El FMI le pidi\u00f3 a Alberto Fern\u00e1ndez que apruebe el \u00faltimo desembolso y el candidato se neg\u00f3"},"content":{"rendered":"<p style=\"font-weight: 300;\">El Fondo Monetario Internacional pidi\u00f3 al candidato por el Frente de Todos,\u00a0<b><strong>Alberto Fern\u00e1ndez,<\/strong><\/b>\u00a0que apoye el \u00faltimo desembolso del 2019 por\u00a0<b><strong>5.400 millones de d\u00f3lares para el mes de septiembre<\/strong><\/b>.\u00a0<b><strong>El ganador de las PASO se neg\u00f3<\/strong><\/b>\u00a0a aprobar ese nuevo salvataje financiero al gobierno de\u00a0<b><strong>Mauricio Macri,\u00a0<\/strong><\/b>ante el temor de una mayor fuga de capitales.<\/p>\n<p style=\"font-weight: 300;\">El intercambio se dio en medio de la reuni\u00f3n que la misi\u00f3n del organismo multilateral mantuvo con miembros de la oposici\u00f3n en el marco de su visita a la Argentina, tras hacer lo propio con las nuevas autoridades del Ministerio de Hacienda.<\/p>\n<p>All\u00ed, seg\u00fan pudo confirmar\u00a0<strong><em>El Destape<\/em><\/strong>, Fern\u00e1ndez les plante\u00f3 que no piensa cogobernar ni comprometerse con las decisiones que tome\u00a0<strong>Mauricio Macri,\u00a0<\/strong>quien viene culpando a la oposici\u00f3n por las penurias econ\u00f3micas de sus casi cuatro a\u00f1os de mandato.<\/p>\n<p style=\"font-weight: 300;\">Del lado del Frente de Todos hay temor porque el pr\u00e9stamo del FMI termine, otra vez,<b><strong>\u00a0financiando la gigantesca fuga de capitales que avala el gobierno de Macri.<\/strong><\/b>\u00a0En 10 d\u00edas se fugaron 10 mil millones de d\u00f3lares y Fern\u00e1ndez piensa que, en estas condiciones, esos\u00a0<b><strong>U$S 5,4 mil millones\u00a0<\/strong><\/b>que el Fondo deber\u00eda desembolsar en septiembre<b><strong>\u00a0se van a fugar tambi\u00e9n.\u00a0<\/strong><\/b><\/p>\n<p style=\"font-weight: 300;\">Seg\u00fan estimaron en el equipo econ\u00f3mico de\u00a0<b><strong>Alberto Fern\u00e1ndez<\/strong><\/b>, solo quedan\u00a0<b><strong>12 mil millones de d\u00f3lares en reservas netas del Banco Central<\/strong><\/b>\u00a0y pronosticaron que a este paso quedar\u00e1n en 0 o incluso negativas para diciembre, cuando deber\u00eda asumir el hoy candidato si confirma el triunfo en las elecciones generales.<\/p>\n<p>&nbsp;<\/p>\n<p>&nbsp;<\/p>\n<p>&nbsp;<\/p>\n<p>&nbsp;<\/p>\n","protected":false},"excerpt":{"rendered":"<p>El Fondo Monetario Internacional pidi\u00f3 al candidato por el Frente de Todos,\u00a0Alberto Fern\u00e1ndez,\u00a0que apoye el \u00faltimo desembolso del 2019 por\u00a05.400 millones de d\u00f3lares para el mes de septiembre.\u00a0El ganador de&hellip;<\/p>\n","protected":false},"author":3,"featured_media":58179,"comment_status":"closed","ping_status":"open","sticky":false,"template":"","format":"standard","meta":{"_acf_changed":false,"footnotes":""},"categories":[319,8],"tags":[],"class_list":["post-60877","post","type-post","status-publish","format-standard","has-post-thumbnail","hentry","category-a-temporales","category-politica"],"acf":[],"yoast_head":"<!-- This site is optimized with the Yoast SEO plugin v27.5 - https:\/\/yoast.com\/product\/yoast-seo-wordpress\/ -->\n<title>El FMI le pidi\u00f3 a Alberto Fern\u00e1ndez que apruebe el \u00faltimo desembolso y el candidato se neg\u00f3 - Diario Textual<\/title>\n<meta name=\"robots\" content=\"index, follow, max-snippet:-1, max-image-preview:large, max-video-preview:-1\" \/>\n<link rel=\"canonical\" href=\"https:\/\/diariotextual.com\/inicio\/index.php\/2019\/08\/27\/fmi-le-pidio-alberto-fernandez-apruebe-ultimo-desembolso-candidato-se-nego\/\" \/>\n<meta property=\"og:locale\" content=\"es_ES\" \/>\n<meta property=\"og:type\" content=\"article\" \/>\n<meta property=\"og:title\" content=\"El FMI le pidi\u00f3 a Alberto Fern\u00e1ndez que apruebe el \u00faltimo desembolso y el candidato se neg\u00f3 - Diario Textual\" \/>\n<meta property=\"og:description\" content=\"El Fondo Monetario Internacional pidi\u00f3 al candidato por el Frente de Todos,\u00a0Alberto Fern\u00e1ndez,\u00a0que apoye el \u00faltimo desembolso del 2019 por\u00a05.400 millones de d\u00f3lares para el mes de septiembre.\u00a0El ganador de&hellip;\" \/>\n<meta property=\"og:url\" content=\"https:\/\/diariotextual.com\/inicio\/index.php\/2019\/08\/27\/fmi-le-pidio-alberto-fernandez-apruebe-ultimo-desembolso-candidato-se-nego\/\" \/>\n<meta property=\"og:site_name\" content=\"Diario Textual\" \/>\n<meta property=\"article:publisher\" content=\"https:\/\/www.facebook.com\/eltextual\" \/>\n<meta property=\"article:published_time\" content=\"2019-08-27T16:04:38+00:00\" \/>\n<meta property=\"article:modified_time\" content=\"2019-08-28T10:07:29+00:00\" \/>\n<meta property=\"og:image\" content=\"https:\/\/diariotextual.com\/inicio\/wp-content\/uploads\/2019\/08\/fernandezalberto2019-2006.jpg\" \/>\n\t<meta property=\"og:image:width\" content=\"960\" \/>\n\t<meta property=\"og:image:height\" content=\"640\" \/>\n\t<meta property=\"og:image:type\" content=\"image\/jpeg\" \/>\n<meta name=\"author\" content=\"Diario1 Diario1\" \/>\n<meta name=\"twitter:card\" content=\"summary_large_image\" \/>\n<meta name=\"twitter:creator\" content=\"@eltextual\" \/>\n<meta name=\"twitter:site\" content=\"@eltextual\" \/>\n<meta name=\"twitter:label1\" content=\"Escrito por\" \/>\n\t<meta name=\"twitter:data1\" content=\"Diario1 Diario1\" \/>\n\t<meta name=\"twitter:label2\" content=\"Tiempo de lectura\" \/>\n\t<meta name=\"twitter:data2\" content=\"1 minuto\" \/>\n<script type=\"application\/ld+json\" class=\"yoast-schema-graph\">{\"@context\":\"https:\\\/\\\/schema.org\",\"@graph\":[{\"@type\":\"Article\",\"@id\":\"https:\\\/\\\/diariotextual.com\\\/inicio\\\/index.php\\\/2019\\\/08\\\/27\\\/fmi-le-pidio-alberto-fernandez-apruebe-ultimo-desembolso-candidato-se-nego\\\/#article\",\"isPartOf\":{\"@id\":\"https:\\\/\\\/diariotextual.com\\\/inicio\\\/index.php\\\/2019\\\/08\\\/27\\\/fmi-le-pidio-alberto-fernandez-apruebe-ultimo-desembolso-candidato-se-nego\\\/\"},\"author\":{\"name\":\"Diario1 Diario1\",\"@id\":\"https:\\\/\\\/diariotextual.com\\\/inicio\\\/#\\\/schema\\\/person\\\/418fc4093c33e86ed41562db3508f958\"},\"headline\":\"El FMI le pidi\u00f3 a Alberto Fern\u00e1ndez que apruebe el \u00faltimo desembolso y el candidato se neg\u00f3\",\"datePublished\":\"2019-08-27T16:04:38+00:00\",\"dateModified\":\"2019-08-28T10:07:29+00:00\",\"mainEntityOfPage\":{\"@id\":\"https:\\\/\\\/diariotextual.com\\\/inicio\\\/index.php\\\/2019\\\/08\\\/27\\\/fmi-le-pidio-alberto-fernandez-apruebe-ultimo-desembolso-candidato-se-nego\\\/\"},\"wordCount\":289,\"publisher\":{\"@id\":\"https:\\\/\\\/diariotextual.com\\\/inicio\\\/#organization\"},\"image\":{\"@id\":\"https:\\\/\\\/diariotextual.com\\\/inicio\\\/index.php\\\/2019\\\/08\\\/27\\\/fmi-le-pidio-alberto-fernandez-apruebe-ultimo-desembolso-candidato-se-nego\\\/#primaryimage\"},\"thumbnailUrl\":\"https:\\\/\\\/diariotextual.com\\\/inicio\\\/wp-content\\\/uploads\\\/2019\\\/08\\\/fernandezalberto2019-2006.jpg\",\"articleSection\":[\"A - TEMPORALES\",\"POLITICA\"],\"inLanguage\":\"es\"},{\"@type\":\"WebPage\",\"@id\":\"https:\\\/\\\/diariotextual.com\\\/inicio\\\/index.php\\\/2019\\\/08\\\/27\\\/fmi-le-pidio-alberto-fernandez-apruebe-ultimo-desembolso-candidato-se-nego\\\/\",\"url\":\"https:\\\/\\\/diariotextual.com\\\/inicio\\\/index.php\\\/2019\\\/08\\\/27\\\/fmi-le-pidio-alberto-fernandez-apruebe-ultimo-desembolso-candidato-se-nego\\\/\",\"name\":\"El FMI le pidi\u00f3 a Alberto Fern\u00e1ndez que apruebe el \u00faltimo desembolso y el candidato se neg\u00f3 - Diario Textual\",\"isPartOf\":{\"@id\":\"https:\\\/\\\/diariotextual.com\\\/inicio\\\/#website\"},\"primaryImageOfPage\":{\"@id\":\"https:\\\/\\\/diariotextual.com\\\/inicio\\\/index.php\\\/2019\\\/08\\\/27\\\/fmi-le-pidio-alberto-fernandez-apruebe-ultimo-desembolso-candidato-se-nego\\\/#primaryimage\"},\"image\":{\"@id\":\"https:\\\/\\\/diariotextual.com\\\/inicio\\\/index.php\\\/2019\\\/08\\\/27\\\/fmi-le-pidio-alberto-fernandez-apruebe-ultimo-desembolso-candidato-se-nego\\\/#primaryimage\"},\"thumbnailUrl\":\"https:\\\/\\\/diariotextual.com\\\/inicio\\\/wp-content\\\/uploads\\\/2019\\\/08\\\/fernandezalberto2019-2006.jpg\",\"datePublished\":\"2019-08-27T16:04:38+00:00\",\"dateModified\":\"2019-08-28T10:07:29+00:00\",\"breadcrumb\":{\"@id\":\"https:\\\/\\\/diariotextual.com\\\/inicio\\\/index.php\\\/2019\\\/08\\\/27\\\/fmi-le-pidio-alberto-fernandez-apruebe-ultimo-desembolso-candidato-se-nego\\\/#breadcrumb\"},\"inLanguage\":\"es\",\"potentialAction\":[{\"@type\":\"ReadAction\",\"target\":[\"https:\\\/\\\/diariotextual.com\\\/inicio\\\/index.php\\\/2019\\\/08\\\/27\\\/fmi-le-pidio-alberto-fernandez-apruebe-ultimo-desembolso-candidato-se-nego\\\/\"]}]},{\"@type\":\"ImageObject\",\"inLanguage\":\"es\",\"@id\":\"https:\\\/\\\/diariotextual.com\\\/inicio\\\/index.php\\\/2019\\\/08\\\/27\\\/fmi-le-pidio-alberto-fernandez-apruebe-ultimo-desembolso-candidato-se-nego\\\/#primaryimage\",\"url\":\"https:\\\/\\\/diariotextual.com\\\/inicio\\\/wp-content\\\/uploads\\\/2019\\\/08\\\/fernandezalberto2019-2006.jpg\",\"contentUrl\":\"https:\\\/\\\/diariotextual.com\\\/inicio\\\/wp-content\\\/uploads\\\/2019\\\/08\\\/fernandezalberto2019-2006.jpg\",\"width\":960,\"height\":640},{\"@type\":\"BreadcrumbList\",\"@id\":\"https:\\\/\\\/diariotextual.com\\\/inicio\\\/index.php\\\/2019\\\/08\\\/27\\\/fmi-le-pidio-alberto-fernandez-apruebe-ultimo-desembolso-candidato-se-nego\\\/#breadcrumb\",\"itemListElement\":[{\"@type\":\"ListItem\",\"position\":1,\"name\":\"Portada\",\"item\":\"https:\\\/\\\/diariotextual.com\\\/inicio\\\/\"},{\"@type\":\"ListItem\",\"position\":2,\"name\":\"El FMI le pidi\u00f3 a Alberto Fern\u00e1ndez que apruebe el \u00faltimo desembolso y el candidato se neg\u00f3\"}]},{\"@type\":\"WebSite\",\"@id\":\"https:\\\/\\\/diariotextual.com\\\/inicio\\\/#website\",\"url\":\"https:\\\/\\\/diariotextual.com\\\/inicio\\\/\",\"name\":\"Diario Textual\",\"description\":\"\",\"publisher\":{\"@id\":\"https:\\\/\\\/diariotextual.com\\\/inicio\\\/#organization\"},\"potentialAction\":[{\"@type\":\"SearchAction\",\"target\":{\"@type\":\"EntryPoint\",\"urlTemplate\":\"https:\\\/\\\/diariotextual.com\\\/inicio\\\/?s={search_term_string}\"},\"query-input\":{\"@type\":\"PropertyValueSpecification\",\"valueRequired\":true,\"valueName\":\"search_term_string\"}}],\"inLanguage\":\"es\"},{\"@type\":\"Organization\",\"@id\":\"https:\\\/\\\/diariotextual.com\\\/inicio\\\/#organization\",\"name\":\"Diario Textual\",\"url\":\"https:\\\/\\\/diariotextual.com\\\/inicio\\\/\",\"logo\":{\"@type\":\"ImageObject\",\"inLanguage\":\"es\",\"@id\":\"https:\\\/\\\/diariotextual.com\\\/inicio\\\/#\\\/schema\\\/logo\\\/image\\\/\",\"url\":\"https:\\\/\\\/diariotextual.com\\\/inicio\\\/wp-content\\\/uploads\\\/2023\\\/05\\\/logotextual1.jpg\",\"contentUrl\":\"https:\\\/\\\/diariotextual.com\\\/inicio\\\/wp-content\\\/uploads\\\/2023\\\/05\\\/logotextual1.jpg\",\"width\":516,\"height\":76,\"caption\":\"Diario Textual\"},\"image\":{\"@id\":\"https:\\\/\\\/diariotextual.com\\\/inicio\\\/#\\\/schema\\\/logo\\\/image\\\/\"},\"sameAs\":[\"https:\\\/\\\/www.facebook.com\\\/eltextual\",\"https:\\\/\\\/x.com\\\/eltextual\",\"http:\\\/\\\/www.instagram.com\\\/eltextual\"]},{\"@type\":\"Person\",\"@id\":\"https:\\\/\\\/diariotextual.com\\\/inicio\\\/#\\\/schema\\\/person\\\/418fc4093c33e86ed41562db3508f958\",\"name\":\"Diario1 Diario1\",\"image\":{\"@type\":\"ImageObject\",\"inLanguage\":\"es\",\"@id\":\"https:\\\/\\\/secure.gravatar.com\\\/avatar\\\/9167d280179c85bc18be67aa7eda765854300033af4896dd779b608640f2ef7a?s=96&d=mm&r=g\",\"url\":\"https:\\\/\\\/secure.gravatar.com\\\/avatar\\\/9167d280179c85bc18be67aa7eda765854300033af4896dd779b608640f2ef7a?s=96&d=mm&r=g\",\"contentUrl\":\"https:\\\/\\\/secure.gravatar.com\\\/avatar\\\/9167d280179c85bc18be67aa7eda765854300033af4896dd779b608640f2ef7a?s=96&d=mm&r=g\",\"caption\":\"Diario1 Diario1\"},\"url\":\"https:\\\/\\\/diariotextual.com\\\/inicio\\\/index.php\\\/author\\\/diario1\\\/\"}]}<\/script>\n<!-- \/ Yoast SEO plugin. -->","yoast_head_json":{"title":"El FMI le pidi\u00f3 a Alberto Fern\u00e1ndez que apruebe el \u00faltimo desembolso y el candidato se neg\u00f3 - Diario Textual","robots":{"index":"index","follow":"follow","max-snippet":"max-snippet:-1","max-image-preview":"max-image-preview:large","max-video-preview":"max-video-preview:-1"},"canonical":"https:\/\/diariotextual.com\/inicio\/index.php\/2019\/08\/27\/fmi-le-pidio-alberto-fernandez-apruebe-ultimo-desembolso-candidato-se-nego\/","og_locale":"es_ES","og_type":"article","og_title":"El FMI le pidi\u00f3 a Alberto Fern\u00e1ndez que apruebe el \u00faltimo desembolso y el candidato se neg\u00f3 - Diario Textual","og_description":"El Fondo Monetario Internacional pidi\u00f3 al candidato por el Frente de Todos,\u00a0Alberto Fern\u00e1ndez,\u00a0que apoye el \u00faltimo desembolso del 2019 por\u00a05.400 millones de d\u00f3lares para el mes de septiembre.\u00a0El ganador de&hellip;","og_url":"https:\/\/diariotextual.com\/inicio\/index.php\/2019\/08\/27\/fmi-le-pidio-alberto-fernandez-apruebe-ultimo-desembolso-candidato-se-nego\/","og_site_name":"Diario Textual","article_publisher":"https:\/\/www.facebook.com\/eltextual","article_published_time":"2019-08-27T16:04:38+00:00","article_modified_time":"2019-08-28T10:07:29+00:00","og_image":[{"width":960,"height":640,"url":"https:\/\/diariotextual.com\/inicio\/wp-content\/uploads\/2019\/08\/fernandezalberto2019-2006.jpg","type":"image\/jpeg"}],"author":"Diario1 Diario1","twitter_card":"summary_large_image","twitter_creator":"@eltextual","twitter_site":"@eltextual","twitter_misc":{"Escrito por":"Diario1 Diario1","Tiempo de lectura":"1 minuto"},"schema":{"@context":"https:\/\/schema.org","@graph":[{"@type":"Article","@id":"https:\/\/diariotextual.com\/inicio\/index.php\/2019\/08\/27\/fmi-le-pidio-alberto-fernandez-apruebe-ultimo-desembolso-candidato-se-nego\/#article","isPartOf":{"@id":"https:\/\/diariotextual.com\/inicio\/index.php\/2019\/08\/27\/fmi-le-pidio-alberto-fernandez-apruebe-ultimo-desembolso-candidato-se-nego\/"},"author":{"name":"Diario1 Diario1","@id":"https:\/\/diariotextual.com\/inicio\/#\/schema\/person\/418fc4093c33e86ed41562db3508f958"},"headline":"El FMI le pidi\u00f3 a Alberto Fern\u00e1ndez que apruebe el \u00faltimo desembolso y el candidato se neg\u00f3","datePublished":"2019-08-27T16:04:38+00:00","dateModified":"2019-08-28T10:07:29+00:00","mainEntityOfPage":{"@id":"https:\/\/diariotextual.com\/inicio\/index.php\/2019\/08\/27\/fmi-le-pidio-alberto-fernandez-apruebe-ultimo-desembolso-candidato-se-nego\/"},"wordCount":289,"publisher":{"@id":"https:\/\/diariotextual.com\/inicio\/#organization"},"image":{"@id":"https:\/\/diariotextual.com\/inicio\/index.php\/2019\/08\/27\/fmi-le-pidio-alberto-fernandez-apruebe-ultimo-desembolso-candidato-se-nego\/#primaryimage"},"thumbnailUrl":"https:\/\/diariotextual.com\/inicio\/wp-content\/uploads\/2019\/08\/fernandezalberto2019-2006.jpg","articleSection":["A - TEMPORALES","POLITICA"],"inLanguage":"es"},{"@type":"WebPage","@id":"https:\/\/diariotextual.com\/inicio\/index.php\/2019\/08\/27\/fmi-le-pidio-alberto-fernandez-apruebe-ultimo-desembolso-candidato-se-nego\/","url":"https:\/\/diariotextual.com\/inicio\/index.php\/2019\/08\/27\/fmi-le-pidio-alberto-fernandez-apruebe-ultimo-desembolso-candidato-se-nego\/","name":"El FMI le pidi\u00f3 a Alberto Fern\u00e1ndez que apruebe el \u00faltimo desembolso y el candidato se neg\u00f3 - Diario Textual","isPartOf":{"@id":"https:\/\/diariotextual.com\/inicio\/#website"},"primaryImageOfPage":{"@id":"https:\/\/diariotextual.com\/inicio\/index.php\/2019\/08\/27\/fmi-le-pidio-alberto-fernandez-apruebe-ultimo-desembolso-candidato-se-nego\/#primaryimage"},"image":{"@id":"https:\/\/diariotextual.com\/inicio\/index.php\/2019\/08\/27\/fmi-le-pidio-alberto-fernandez-apruebe-ultimo-desembolso-candidato-se-nego\/#primaryimage"},"thumbnailUrl":"https:\/\/diariotextual.com\/inicio\/wp-content\/uploads\/2019\/08\/fernandezalberto2019-2006.jpg","datePublished":"2019-08-27T16:04:38+00:00","dateModified":"2019-08-28T10:07:29+00:00","breadcrumb":{"@id":"https:\/\/diariotextual.com\/inicio\/index.php\/2019\/08\/27\/fmi-le-pidio-alberto-fernandez-apruebe-ultimo-desembolso-candidato-se-nego\/#breadcrumb"},"inLanguage":"es","potentialAction":[{"@type":"ReadAction","target":["https:\/\/diariotextual.com\/inicio\/index.php\/2019\/08\/27\/fmi-le-pidio-alberto-fernandez-apruebe-ultimo-desembolso-candidato-se-nego\/"]}]},{"@type":"ImageObject","inLanguage":"es","@id":"https:\/\/diariotextual.com\/inicio\/index.php\/2019\/08\/27\/fmi-le-pidio-alberto-fernandez-apruebe-ultimo-desembolso-candidato-se-nego\/#primaryimage","url":"https:\/\/diariotextual.com\/inicio\/wp-content\/uploads\/2019\/08\/fernandezalberto2019-2006.jpg","contentUrl":"https:\/\/diariotextual.com\/inicio\/wp-content\/uploads\/2019\/08\/fernandezalberto2019-2006.jpg","width":960,"height":640},{"@type":"BreadcrumbList","@id":"https:\/\/diariotextual.com\/inicio\/index.php\/2019\/08\/27\/fmi-le-pidio-alberto-fernandez-apruebe-ultimo-desembolso-candidato-se-nego\/#breadcrumb","itemListElement":[{"@type":"ListItem","position":1,"name":"Portada","item":"https:\/\/diariotextual.com\/inicio\/"},{"@type":"ListItem","position":2,"name":"El FMI le pidi\u00f3 a Alberto Fern\u00e1ndez que apruebe el \u00faltimo desembolso y el candidato se neg\u00f3"}]},{"@type":"WebSite","@id":"https:\/\/diariotextual.com\/inicio\/#website","url":"https:\/\/diariotextual.com\/inicio\/","name":"Diario Textual","description":"","publisher":{"@id":"https:\/\/diariotextual.com\/inicio\/#organization"},"potentialAction":[{"@type":"SearchAction","target":{"@type":"EntryPoint","urlTemplate":"https:\/\/diariotextual.com\/inicio\/?s={search_term_string}"},"query-input":{"@type":"PropertyValueSpecification","valueRequired":true,"valueName":"search_term_string"}}],"inLanguage":"es"},{"@type":"Organization","@id":"https:\/\/diariotextual.com\/inicio\/#organization","name":"Diario Textual","url":"https:\/\/diariotextual.com\/inicio\/","logo":{"@type":"ImageObject","inLanguage":"es","@id":"https:\/\/diariotextual.com\/inicio\/#\/schema\/logo\/image\/","url":"https:\/\/diariotextual.com\/inicio\/wp-content\/uploads\/2023\/05\/logotextual1.jpg","contentUrl":"https:\/\/diariotextual.com\/inicio\/wp-content\/uploads\/2023\/05\/logotextual1.jpg","width":516,"height":76,"caption":"Diario Textual"},"image":{"@id":"https:\/\/diariotextual.com\/inicio\/#\/schema\/logo\/image\/"},"sameAs":["https:\/\/www.facebook.com\/eltextual","https:\/\/x.com\/eltextual","http:\/\/www.instagram.com\/eltextual"]},{"@type":"Person","@id":"https:\/\/diariotextual.com\/inicio\/#\/schema\/person\/418fc4093c33e86ed41562db3508f958","name":"Diario1 Diario1","image":{"@type":"ImageObject","inLanguage":"es","@id":"https:\/\/secure.gravatar.com\/avatar\/9167d280179c85bc18be67aa7eda765854300033af4896dd779b608640f2ef7a?s=96&d=mm&r=g","url":"https:\/\/secure.gravatar.com\/avatar\/9167d280179c85bc18be67aa7eda765854300033af4896dd779b608640f2ef7a?s=96&d=mm&r=g","contentUrl":"https:\/\/secure.gravatar.com\/avatar\/9167d280179c85bc18be67aa7eda765854300033af4896dd779b608640f2ef7a?s=96&d=mm&r=g","caption":"Diario1 Diario1"},"url":"https:\/\/diariotextual.com\/inicio\/index.php\/author\/diario1\/"}]}},"_links":{"self":[{"href":"https:\/\/diariotextual.com\/inicio\/index.php\/wp-json\/wp\/v2\/posts\/60877","targetHints":{"allow":["GET"]}}],"collection":[{"href":"https:\/\/diariotextual.com\/inicio\/index.php\/wp-json\/wp\/v2\/posts"}],"about":[{"href":"https:\/\/diariotextual.com\/inicio\/index.php\/wp-json\/wp\/v2\/types\/post"}],"author":[{"embeddable":true,"href":"https:\/\/diariotextual.com\/inicio\/index.php\/wp-json\/wp\/v2\/users\/3"}],"replies":[{"embeddable":true,"href":"https:\/\/diariotextual.com\/inicio\/index.php\/wp-json\/wp\/v2\/comments?post=60877"}],"version-history":[{"count":1,"href":"https:\/\/diariotextual.com\/inicio\/index.php\/wp-json\/wp\/v2\/posts\/60877\/revisions"}],"predecessor-version":[{"id":60878,"href":"https:\/\/diariotextual.com\/inicio\/index.php\/wp-json\/wp\/v2\/posts\/60877\/revisions\/60878"}],"wp:featuredmedia":[{"embeddable":true,"href":"https:\/\/diariotextual.com\/inicio\/index.php\/wp-json\/wp\/v2\/media\/58179"}],"wp:attachment":[{"href":"https:\/\/diariotextual.com\/inicio\/index.php\/wp-json\/wp\/v2\/media?parent=60877"}],"wp:term":[{"taxonomy":"category","embeddable":true,"href":"https:\/\/diariotextual.com\/inicio\/index.php\/wp-json\/wp\/v2\/categories?post=60877"},{"taxonomy":"post_tag","embeddable":true,"href":"https:\/\/diariotextual.com\/inicio\/index.php\/wp-json\/wp\/v2\/tags?post=60877"}],"curies":[{"name":"wp","href":"https:\/\/api.w.org\/{rel}","templated":true}]}}