{"id":60929,"date":"2019-08-28T07:07:09","date_gmt":"2019-08-28T10:07:09","guid":{"rendered":"http:\/\/diariotextual.com\/inicio\/?p=60929"},"modified":"2019-08-28T11:34:29","modified_gmt":"2019-08-28T14:34:29","slug":"senado-nacional-la-eliminacion-del-canje-pasajes-paso-2020","status":"publish","type":"post","link":"https:\/\/diariotextual.com\/inicio\/index.php\/2019\/08\/28\/senado-nacional-la-eliminacion-del-canje-pasajes-paso-2020\/","title":{"rendered":"Senado nacional: la eliminaci\u00f3n del canje de pasajes pas\u00f3 para el 2020"},"content":{"rendered":"<p>Dos meses despu\u00e9s de que la vicepresidenta<strong> Gabriela Michetti<\/strong> eliminara a trav\u00e9s de un decreto el canje de pasajes a\u00e9reos y terrestres por dinero en efectivo en el Senado nacional, ahora esa medida se \u00abpate\u00f3\u00bb hasta el a\u00f1o pr\u00f3ximo. As\u00ed lo establece la resoluci\u00f3n 369\/19 de la Secretar\u00eda Administrativa, donde se dispone que los senadores tendr\u00e1n tiempo hasta el 31 de diciembre de este a\u00f1o para optar por un nuevo r\u00e9gimen.<\/p>\n<p id=\"m117-116-118\" class=\"paragraph \">Para esa fecha, sea cual fuere el resultado de las elecciones, en la C\u00e1mara alta ya habr\u00e1 una nueva gesti\u00f3n.<\/p>\n<p id=\"m127-126-128\" class=\"paragraph \">\u201cLa implementaci\u00f3n de los ajustes necesarios en el software del Sistema de Administraci\u00f3n de Pasajes requiere una postergaci\u00f3n en la entrada en vigencia del vencimiento mensual de los pasajes otorgados\u201d, argumenta la resoluci\u00f3n, seg\u00fan publica Parlamentario.com.<\/p>\n<p id=\"m132-131-133\" class=\"paragraph \"><strong>Los senadores tendr\u00e1n tiempo hasta el 2020 para optar por una de las cuatro opciones que dispon\u00eda el decreto presidencial: 12 tramos a\u00e9reos m\u00e1s 20 terrestres; 12 tramos a\u00e9reos m\u00e1s $10.000; 20 tramos terrestres m\u00e1s $20.000; o $30.000 en concepto de \u201cmovilidad\u201d.<\/strong><\/p>\n<p id=\"m179-178-180\" class=\"paragraph \">En su momento la eliminaci\u00f3n del canje de pasajes por parte de la vicepresidente hab\u00eda generado una fuerte molestia en unos cuantos legisladores.<\/p>\n<p id=\"m184-183-185\" class=\"paragraph \">Durante la \u00faltima sesi\u00f3n (el 17 de julio pasado) aprobaron sobre tablas un proyecto de resoluci\u00f3n en el que se ped\u00eda saber de cu\u00e1nto era el ahorro de la medida. En el Congreso, tocarles un peso a los legisladores puede tener sus consecuencias. Por ahora, la sangre no lleg\u00f3 al r\u00edo.<\/p>\n<p>&nbsp;<\/p>\n<p>&nbsp;<\/p>\n<p>&nbsp;<\/p>\n<p>&nbsp;<\/p>\n","protected":false},"excerpt":{"rendered":"<p>Dos meses despu\u00e9s de que la vicepresidenta Gabriela Michetti eliminara a trav\u00e9s de un decreto el canje de pasajes a\u00e9reos y terrestres por dinero en efectivo en el Senado nacional,&hellip;<\/p>\n","protected":false},"author":3,"featured_media":16375,"comment_status":"closed","ping_status":"open","sticky":false,"template":"","format":"standard","meta":{"_acf_changed":false,"footnotes":""},"categories":[319,5],"tags":[],"class_list":["post-60929","post","type-post","status-publish","format-standard","has-post-thumbnail","hentry","category-a-temporales","category-economia"],"acf":[],"yoast_head":"<!-- This site is optimized with the Yoast SEO plugin v27.5 - https:\/\/yoast.com\/product\/yoast-seo-wordpress\/ -->\n<title>Senado nacional: la eliminaci\u00f3n del canje de pasajes pas\u00f3 para el 2020 - Diario Textual<\/title>\n<meta name=\"robots\" content=\"index, follow, max-snippet:-1, max-image-preview:large, max-video-preview:-1\" \/>\n<link rel=\"canonical\" href=\"https:\/\/diariotextual.com\/inicio\/index.php\/2019\/08\/28\/senado-nacional-la-eliminacion-del-canje-pasajes-paso-2020\/\" \/>\n<meta property=\"og:locale\" content=\"es_ES\" \/>\n<meta property=\"og:type\" content=\"article\" \/>\n<meta property=\"og:title\" content=\"Senado nacional: la eliminaci\u00f3n del canje de pasajes pas\u00f3 para el 2020 - Diario Textual\" \/>\n<meta property=\"og:description\" content=\"Dos meses despu\u00e9s de que la vicepresidenta Gabriela Michetti eliminara a trav\u00e9s de un decreto el canje de pasajes a\u00e9reos y terrestres por dinero en efectivo en el Senado nacional,&hellip;\" \/>\n<meta property=\"og:url\" content=\"https:\/\/diariotextual.com\/inicio\/index.php\/2019\/08\/28\/senado-nacional-la-eliminacion-del-canje-pasajes-paso-2020\/\" \/>\n<meta property=\"og:site_name\" content=\"Diario Textual\" \/>\n<meta property=\"article:publisher\" content=\"https:\/\/www.facebook.com\/eltextual\" \/>\n<meta property=\"article:published_time\" content=\"2019-08-28T10:07:09+00:00\" \/>\n<meta property=\"article:modified_time\" content=\"2019-08-28T14:34:29+00:00\" \/>\n<meta property=\"og:image\" content=\"https:\/\/diariotextual.com\/inicio\/wp-content\/uploads\/2018\/08\/senadodebateaborto2018-1.jpg\" \/>\n\t<meta property=\"og:image:width\" content=\"657\" \/>\n\t<meta property=\"og:image:height\" content=\"407\" \/>\n\t<meta property=\"og:image:type\" content=\"image\/jpeg\" \/>\n<meta name=\"author\" content=\"Diario1 Diario1\" \/>\n<meta name=\"twitter:card\" content=\"summary_large_image\" \/>\n<meta name=\"twitter:creator\" content=\"@eltextual\" \/>\n<meta name=\"twitter:site\" content=\"@eltextual\" \/>\n<meta name=\"twitter:label1\" content=\"Escrito por\" \/>\n\t<meta name=\"twitter:data1\" content=\"Diario1 Diario1\" \/>\n\t<meta name=\"twitter:label2\" content=\"Tiempo de lectura\" \/>\n\t<meta name=\"twitter:data2\" content=\"1 minuto\" \/>\n<script type=\"application\/ld+json\" class=\"yoast-schema-graph\">{\"@context\":\"https:\\\/\\\/schema.org\",\"@graph\":[{\"@type\":\"Article\",\"@id\":\"https:\\\/\\\/diariotextual.com\\\/inicio\\\/index.php\\\/2019\\\/08\\\/28\\\/senado-nacional-la-eliminacion-del-canje-pasajes-paso-2020\\\/#article\",\"isPartOf\":{\"@id\":\"https:\\\/\\\/diariotextual.com\\\/inicio\\\/index.php\\\/2019\\\/08\\\/28\\\/senado-nacional-la-eliminacion-del-canje-pasajes-paso-2020\\\/\"},\"author\":{\"name\":\"Diario1 Diario1\",\"@id\":\"https:\\\/\\\/diariotextual.com\\\/inicio\\\/#\\\/schema\\\/person\\\/418fc4093c33e86ed41562db3508f958\"},\"headline\":\"Senado nacional: la eliminaci\u00f3n del canje de pasajes pas\u00f3 para el 2020\",\"datePublished\":\"2019-08-28T10:07:09+00:00\",\"dateModified\":\"2019-08-28T14:34:29+00:00\",\"mainEntityOfPage\":{\"@id\":\"https:\\\/\\\/diariotextual.com\\\/inicio\\\/index.php\\\/2019\\\/08\\\/28\\\/senado-nacional-la-eliminacion-del-canje-pasajes-paso-2020\\\/\"},\"wordCount\":280,\"publisher\":{\"@id\":\"https:\\\/\\\/diariotextual.com\\\/inicio\\\/#organization\"},\"image\":{\"@id\":\"https:\\\/\\\/diariotextual.com\\\/inicio\\\/index.php\\\/2019\\\/08\\\/28\\\/senado-nacional-la-eliminacion-del-canje-pasajes-paso-2020\\\/#primaryimage\"},\"thumbnailUrl\":\"https:\\\/\\\/diariotextual.com\\\/inicio\\\/wp-content\\\/uploads\\\/2018\\\/08\\\/senadodebateaborto2018-1.jpg\",\"articleSection\":[\"A - TEMPORALES\",\"ECONOMIA\"],\"inLanguage\":\"es\"},{\"@type\":\"WebPage\",\"@id\":\"https:\\\/\\\/diariotextual.com\\\/inicio\\\/index.php\\\/2019\\\/08\\\/28\\\/senado-nacional-la-eliminacion-del-canje-pasajes-paso-2020\\\/\",\"url\":\"https:\\\/\\\/diariotextual.com\\\/inicio\\\/index.php\\\/2019\\\/08\\\/28\\\/senado-nacional-la-eliminacion-del-canje-pasajes-paso-2020\\\/\",\"name\":\"Senado nacional: la eliminaci\u00f3n del canje de pasajes pas\u00f3 para el 2020 - Diario Textual\",\"isPartOf\":{\"@id\":\"https:\\\/\\\/diariotextual.com\\\/inicio\\\/#website\"},\"primaryImageOfPage\":{\"@id\":\"https:\\\/\\\/diariotextual.com\\\/inicio\\\/index.php\\\/2019\\\/08\\\/28\\\/senado-nacional-la-eliminacion-del-canje-pasajes-paso-2020\\\/#primaryimage\"},\"image\":{\"@id\":\"https:\\\/\\\/diariotextual.com\\\/inicio\\\/index.php\\\/2019\\\/08\\\/28\\\/senado-nacional-la-eliminacion-del-canje-pasajes-paso-2020\\\/#primaryimage\"},\"thumbnailUrl\":\"https:\\\/\\\/diariotextual.com\\\/inicio\\\/wp-content\\\/uploads\\\/2018\\\/08\\\/senadodebateaborto2018-1.jpg\",\"datePublished\":\"2019-08-28T10:07:09+00:00\",\"dateModified\":\"2019-08-28T14:34:29+00:00\",\"breadcrumb\":{\"@id\":\"https:\\\/\\\/diariotextual.com\\\/inicio\\\/index.php\\\/2019\\\/08\\\/28\\\/senado-nacional-la-eliminacion-del-canje-pasajes-paso-2020\\\/#breadcrumb\"},\"inLanguage\":\"es\",\"potentialAction\":[{\"@type\":\"ReadAction\",\"target\":[\"https:\\\/\\\/diariotextual.com\\\/inicio\\\/index.php\\\/2019\\\/08\\\/28\\\/senado-nacional-la-eliminacion-del-canje-pasajes-paso-2020\\\/\"]}]},{\"@type\":\"ImageObject\",\"inLanguage\":\"es\",\"@id\":\"https:\\\/\\\/diariotextual.com\\\/inicio\\\/index.php\\\/2019\\\/08\\\/28\\\/senado-nacional-la-eliminacion-del-canje-pasajes-paso-2020\\\/#primaryimage\",\"url\":\"https:\\\/\\\/diariotextual.com\\\/inicio\\\/wp-content\\\/uploads\\\/2018\\\/08\\\/senadodebateaborto2018-1.jpg\",\"contentUrl\":\"https:\\\/\\\/diariotextual.com\\\/inicio\\\/wp-content\\\/uploads\\\/2018\\\/08\\\/senadodebateaborto2018-1.jpg\",\"width\":657,\"height\":407},{\"@type\":\"BreadcrumbList\",\"@id\":\"https:\\\/\\\/diariotextual.com\\\/inicio\\\/index.php\\\/2019\\\/08\\\/28\\\/senado-nacional-la-eliminacion-del-canje-pasajes-paso-2020\\\/#breadcrumb\",\"itemListElement\":[{\"@type\":\"ListItem\",\"position\":1,\"name\":\"Portada\",\"item\":\"https:\\\/\\\/diariotextual.com\\\/inicio\\\/\"},{\"@type\":\"ListItem\",\"position\":2,\"name\":\"Senado nacional: la eliminaci\u00f3n del canje de pasajes pas\u00f3 para el 2020\"}]},{\"@type\":\"WebSite\",\"@id\":\"https:\\\/\\\/diariotextual.com\\\/inicio\\\/#website\",\"url\":\"https:\\\/\\\/diariotextual.com\\\/inicio\\\/\",\"name\":\"Diario Textual\",\"description\":\"\",\"publisher\":{\"@id\":\"https:\\\/\\\/diariotextual.com\\\/inicio\\\/#organization\"},\"potentialAction\":[{\"@type\":\"SearchAction\",\"target\":{\"@type\":\"EntryPoint\",\"urlTemplate\":\"https:\\\/\\\/diariotextual.com\\\/inicio\\\/?s={search_term_string}\"},\"query-input\":{\"@type\":\"PropertyValueSpecification\",\"valueRequired\":true,\"valueName\":\"search_term_string\"}}],\"inLanguage\":\"es\"},{\"@type\":\"Organization\",\"@id\":\"https:\\\/\\\/diariotextual.com\\\/inicio\\\/#organization\",\"name\":\"Diario Textual\",\"url\":\"https:\\\/\\\/diariotextual.com\\\/inicio\\\/\",\"logo\":{\"@type\":\"ImageObject\",\"inLanguage\":\"es\",\"@id\":\"https:\\\/\\\/diariotextual.com\\\/inicio\\\/#\\\/schema\\\/logo\\\/image\\\/\",\"url\":\"https:\\\/\\\/diariotextual.com\\\/inicio\\\/wp-content\\\/uploads\\\/2023\\\/05\\\/logotextual1.jpg\",\"contentUrl\":\"https:\\\/\\\/diariotextual.com\\\/inicio\\\/wp-content\\\/uploads\\\/2023\\\/05\\\/logotextual1.jpg\",\"width\":516,\"height\":76,\"caption\":\"Diario Textual\"},\"image\":{\"@id\":\"https:\\\/\\\/diariotextual.com\\\/inicio\\\/#\\\/schema\\\/logo\\\/image\\\/\"},\"sameAs\":[\"https:\\\/\\\/www.facebook.com\\\/eltextual\",\"https:\\\/\\\/x.com\\\/eltextual\",\"http:\\\/\\\/www.instagram.com\\\/eltextual\"]},{\"@type\":\"Person\",\"@id\":\"https:\\\/\\\/diariotextual.com\\\/inicio\\\/#\\\/schema\\\/person\\\/418fc4093c33e86ed41562db3508f958\",\"name\":\"Diario1 Diario1\",\"image\":{\"@type\":\"ImageObject\",\"inLanguage\":\"es\",\"@id\":\"https:\\\/\\\/secure.gravatar.com\\\/avatar\\\/9167d280179c85bc18be67aa7eda765854300033af4896dd779b608640f2ef7a?s=96&d=mm&r=g\",\"url\":\"https:\\\/\\\/secure.gravatar.com\\\/avatar\\\/9167d280179c85bc18be67aa7eda765854300033af4896dd779b608640f2ef7a?s=96&d=mm&r=g\",\"contentUrl\":\"https:\\\/\\\/secure.gravatar.com\\\/avatar\\\/9167d280179c85bc18be67aa7eda765854300033af4896dd779b608640f2ef7a?s=96&d=mm&r=g\",\"caption\":\"Diario1 Diario1\"},\"url\":\"https:\\\/\\\/diariotextual.com\\\/inicio\\\/index.php\\\/author\\\/diario1\\\/\"}]}<\/script>\n<!-- \/ Yoast SEO plugin. -->","yoast_head_json":{"title":"Senado nacional: la eliminaci\u00f3n del canje de pasajes pas\u00f3 para el 2020 - Diario Textual","robots":{"index":"index","follow":"follow","max-snippet":"max-snippet:-1","max-image-preview":"max-image-preview:large","max-video-preview":"max-video-preview:-1"},"canonical":"https:\/\/diariotextual.com\/inicio\/index.php\/2019\/08\/28\/senado-nacional-la-eliminacion-del-canje-pasajes-paso-2020\/","og_locale":"es_ES","og_type":"article","og_title":"Senado nacional: la eliminaci\u00f3n del canje de pasajes pas\u00f3 para el 2020 - Diario Textual","og_description":"Dos meses despu\u00e9s de que la vicepresidenta Gabriela Michetti eliminara a trav\u00e9s de un decreto el canje de pasajes a\u00e9reos y terrestres por dinero en efectivo en el Senado nacional,&hellip;","og_url":"https:\/\/diariotextual.com\/inicio\/index.php\/2019\/08\/28\/senado-nacional-la-eliminacion-del-canje-pasajes-paso-2020\/","og_site_name":"Diario Textual","article_publisher":"https:\/\/www.facebook.com\/eltextual","article_published_time":"2019-08-28T10:07:09+00:00","article_modified_time":"2019-08-28T14:34:29+00:00","og_image":[{"width":657,"height":407,"url":"https:\/\/diariotextual.com\/inicio\/wp-content\/uploads\/2018\/08\/senadodebateaborto2018-1.jpg","type":"image\/jpeg"}],"author":"Diario1 Diario1","twitter_card":"summary_large_image","twitter_creator":"@eltextual","twitter_site":"@eltextual","twitter_misc":{"Escrito por":"Diario1 Diario1","Tiempo de lectura":"1 minuto"},"schema":{"@context":"https:\/\/schema.org","@graph":[{"@type":"Article","@id":"https:\/\/diariotextual.com\/inicio\/index.php\/2019\/08\/28\/senado-nacional-la-eliminacion-del-canje-pasajes-paso-2020\/#article","isPartOf":{"@id":"https:\/\/diariotextual.com\/inicio\/index.php\/2019\/08\/28\/senado-nacional-la-eliminacion-del-canje-pasajes-paso-2020\/"},"author":{"name":"Diario1 Diario1","@id":"https:\/\/diariotextual.com\/inicio\/#\/schema\/person\/418fc4093c33e86ed41562db3508f958"},"headline":"Senado nacional: la eliminaci\u00f3n del canje de pasajes pas\u00f3 para el 2020","datePublished":"2019-08-28T10:07:09+00:00","dateModified":"2019-08-28T14:34:29+00:00","mainEntityOfPage":{"@id":"https:\/\/diariotextual.com\/inicio\/index.php\/2019\/08\/28\/senado-nacional-la-eliminacion-del-canje-pasajes-paso-2020\/"},"wordCount":280,"publisher":{"@id":"https:\/\/diariotextual.com\/inicio\/#organization"},"image":{"@id":"https:\/\/diariotextual.com\/inicio\/index.php\/2019\/08\/28\/senado-nacional-la-eliminacion-del-canje-pasajes-paso-2020\/#primaryimage"},"thumbnailUrl":"https:\/\/diariotextual.com\/inicio\/wp-content\/uploads\/2018\/08\/senadodebateaborto2018-1.jpg","articleSection":["A - TEMPORALES","ECONOMIA"],"inLanguage":"es"},{"@type":"WebPage","@id":"https:\/\/diariotextual.com\/inicio\/index.php\/2019\/08\/28\/senado-nacional-la-eliminacion-del-canje-pasajes-paso-2020\/","url":"https:\/\/diariotextual.com\/inicio\/index.php\/2019\/08\/28\/senado-nacional-la-eliminacion-del-canje-pasajes-paso-2020\/","name":"Senado nacional: la eliminaci\u00f3n del canje de pasajes pas\u00f3 para el 2020 - Diario Textual","isPartOf":{"@id":"https:\/\/diariotextual.com\/inicio\/#website"},"primaryImageOfPage":{"@id":"https:\/\/diariotextual.com\/inicio\/index.php\/2019\/08\/28\/senado-nacional-la-eliminacion-del-canje-pasajes-paso-2020\/#primaryimage"},"image":{"@id":"https:\/\/diariotextual.com\/inicio\/index.php\/2019\/08\/28\/senado-nacional-la-eliminacion-del-canje-pasajes-paso-2020\/#primaryimage"},"thumbnailUrl":"https:\/\/diariotextual.com\/inicio\/wp-content\/uploads\/2018\/08\/senadodebateaborto2018-1.jpg","datePublished":"2019-08-28T10:07:09+00:00","dateModified":"2019-08-28T14:34:29+00:00","breadcrumb":{"@id":"https:\/\/diariotextual.com\/inicio\/index.php\/2019\/08\/28\/senado-nacional-la-eliminacion-del-canje-pasajes-paso-2020\/#breadcrumb"},"inLanguage":"es","potentialAction":[{"@type":"ReadAction","target":["https:\/\/diariotextual.com\/inicio\/index.php\/2019\/08\/28\/senado-nacional-la-eliminacion-del-canje-pasajes-paso-2020\/"]}]},{"@type":"ImageObject","inLanguage":"es","@id":"https:\/\/diariotextual.com\/inicio\/index.php\/2019\/08\/28\/senado-nacional-la-eliminacion-del-canje-pasajes-paso-2020\/#primaryimage","url":"https:\/\/diariotextual.com\/inicio\/wp-content\/uploads\/2018\/08\/senadodebateaborto2018-1.jpg","contentUrl":"https:\/\/diariotextual.com\/inicio\/wp-content\/uploads\/2018\/08\/senadodebateaborto2018-1.jpg","width":657,"height":407},{"@type":"BreadcrumbList","@id":"https:\/\/diariotextual.com\/inicio\/index.php\/2019\/08\/28\/senado-nacional-la-eliminacion-del-canje-pasajes-paso-2020\/#breadcrumb","itemListElement":[{"@type":"ListItem","position":1,"name":"Portada","item":"https:\/\/diariotextual.com\/inicio\/"},{"@type":"ListItem","position":2,"name":"Senado nacional: la eliminaci\u00f3n del canje de pasajes pas\u00f3 para el 2020"}]},{"@type":"WebSite","@id":"https:\/\/diariotextual.com\/inicio\/#website","url":"https:\/\/diariotextual.com\/inicio\/","name":"Diario Textual","description":"","publisher":{"@id":"https:\/\/diariotextual.com\/inicio\/#organization"},"potentialAction":[{"@type":"SearchAction","target":{"@type":"EntryPoint","urlTemplate":"https:\/\/diariotextual.com\/inicio\/?s={search_term_string}"},"query-input":{"@type":"PropertyValueSpecification","valueRequired":true,"valueName":"search_term_string"}}],"inLanguage":"es"},{"@type":"Organization","@id":"https:\/\/diariotextual.com\/inicio\/#organization","name":"Diario Textual","url":"https:\/\/diariotextual.com\/inicio\/","logo":{"@type":"ImageObject","inLanguage":"es","@id":"https:\/\/diariotextual.com\/inicio\/#\/schema\/logo\/image\/","url":"https:\/\/diariotextual.com\/inicio\/wp-content\/uploads\/2023\/05\/logotextual1.jpg","contentUrl":"https:\/\/diariotextual.com\/inicio\/wp-content\/uploads\/2023\/05\/logotextual1.jpg","width":516,"height":76,"caption":"Diario Textual"},"image":{"@id":"https:\/\/diariotextual.com\/inicio\/#\/schema\/logo\/image\/"},"sameAs":["https:\/\/www.facebook.com\/eltextual","https:\/\/x.com\/eltextual","http:\/\/www.instagram.com\/eltextual"]},{"@type":"Person","@id":"https:\/\/diariotextual.com\/inicio\/#\/schema\/person\/418fc4093c33e86ed41562db3508f958","name":"Diario1 Diario1","image":{"@type":"ImageObject","inLanguage":"es","@id":"https:\/\/secure.gravatar.com\/avatar\/9167d280179c85bc18be67aa7eda765854300033af4896dd779b608640f2ef7a?s=96&d=mm&r=g","url":"https:\/\/secure.gravatar.com\/avatar\/9167d280179c85bc18be67aa7eda765854300033af4896dd779b608640f2ef7a?s=96&d=mm&r=g","contentUrl":"https:\/\/secure.gravatar.com\/avatar\/9167d280179c85bc18be67aa7eda765854300033af4896dd779b608640f2ef7a?s=96&d=mm&r=g","caption":"Diario1 Diario1"},"url":"https:\/\/diariotextual.com\/inicio\/index.php\/author\/diario1\/"}]}},"_links":{"self":[{"href":"https:\/\/diariotextual.com\/inicio\/index.php\/wp-json\/wp\/v2\/posts\/60929","targetHints":{"allow":["GET"]}}],"collection":[{"href":"https:\/\/diariotextual.com\/inicio\/index.php\/wp-json\/wp\/v2\/posts"}],"about":[{"href":"https:\/\/diariotextual.com\/inicio\/index.php\/wp-json\/wp\/v2\/types\/post"}],"author":[{"embeddable":true,"href":"https:\/\/diariotextual.com\/inicio\/index.php\/wp-json\/wp\/v2\/users\/3"}],"replies":[{"embeddable":true,"href":"https:\/\/diariotextual.com\/inicio\/index.php\/wp-json\/wp\/v2\/comments?post=60929"}],"version-history":[{"count":2,"href":"https:\/\/diariotextual.com\/inicio\/index.php\/wp-json\/wp\/v2\/posts\/60929\/revisions"}],"predecessor-version":[{"id":60931,"href":"https:\/\/diariotextual.com\/inicio\/index.php\/wp-json\/wp\/v2\/posts\/60929\/revisions\/60931"}],"wp:featuredmedia":[{"embeddable":true,"href":"https:\/\/diariotextual.com\/inicio\/index.php\/wp-json\/wp\/v2\/media\/16375"}],"wp:attachment":[{"href":"https:\/\/diariotextual.com\/inicio\/index.php\/wp-json\/wp\/v2\/media?parent=60929"}],"wp:term":[{"taxonomy":"category","embeddable":true,"href":"https:\/\/diariotextual.com\/inicio\/index.php\/wp-json\/wp\/v2\/categories?post=60929"},{"taxonomy":"post_tag","embeddable":true,"href":"https:\/\/diariotextual.com\/inicio\/index.php\/wp-json\/wp\/v2\/tags?post=60929"}],"curies":[{"name":"wp","href":"https:\/\/api.w.org\/{rel}","templated":true}]}}