{"id":60958,"date":"2019-08-28T09:14:57","date_gmt":"2019-08-28T12:14:57","guid":{"rendered":"http:\/\/diariotextual.com\/inicio\/?p=60958"},"modified":"2019-08-29T10:14:48","modified_gmt":"2019-08-29T13:14:48","slug":"la-municipalidad-otra-denuncia-penal-ocupantes-terrenos-villa-uhalde","status":"publish","type":"post","link":"https:\/\/diariotextual.com\/inicio\/index.php\/2019\/08\/28\/la-municipalidad-otra-denuncia-penal-ocupantes-terrenos-villa-uhalde\/","title":{"rendered":"La municipalidad hizo otra denuncia penal a ocupantes de terrenos en Villa Uhalde"},"content":{"rendered":"<p>La Municipalidad de Santa Rosa comunic\u00f3 que abogados de la Direcci\u00f3n de Asuntos Jur\u00eddicos radicaron una nueva denuncia penal contra ocupantes de terrenos municipales en el barrio Villa Uhalde. En esta oportunidad, porque intentaron conectarse a la red de agua potable y rompieron un ca\u00f1o.<\/p>\n<p>\u00abPersonal de la Direcci\u00f3n de Agua y Saneamiento procedi\u00f3 a la reparaci\u00f3n del mismo, y actualmente el servicio funciona con normalidad\u00bb, inform\u00f3.<\/p>\n<blockquote class=\"wp-embedded-content\" data-secret=\"FxR1bbZBCR\"><p><a href=\"http:\/\/diariotextual.com\/inicio\/index.php\/2019\/08\/26\/ocupantes-terrenos-villa-uhalde-rompieron-cano-dejaron-vecinos-sin-agua\/\">Ocupantes de terrenos en Villa Uhalde rompieron un ca\u00f1o y dejaron a vecinos sin agua<\/a><\/p><\/blockquote>\n<p><iframe class=\"wp-embedded-content\" sandbox=\"allow-scripts\" security=\"restricted\" style=\"position: absolute; clip: rect(1px, 1px, 1px, 1px);\" src=\"http:\/\/diariotextual.com\/inicio\/index.php\/2019\/08\/26\/ocupantes-terrenos-villa-uhalde-rompieron-cano-dejaron-vecinos-sin-agua\/embed\/#?secret=FxR1bbZBCR\" data-secret=\"FxR1bbZBCR\" width=\"600\" height=\"338\" title=\"&#171;Ocupantes de terrenos en Villa Uhalde rompieron un ca\u00f1o y dejaron a vecinos sin agua&#187; &#8212; Diario Textual\" frameborder=\"0\" marginwidth=\"0\" marginheight=\"0\" scrolling=\"no\"><\/iframe><\/p>\n<p>&nbsp;<\/p>\n","protected":false},"excerpt":{"rendered":"<p>La Municipalidad de Santa Rosa comunic\u00f3 que abogados de la Direcci\u00f3n de Asuntos Jur\u00eddicos radicaron una nueva denuncia penal contra ocupantes de terrenos municipales en el barrio Villa Uhalde. En&hellip;<\/p>\n","protected":false},"author":3,"featured_media":60961,"comment_status":"closed","ping_status":"open","sticky":false,"template":"","format":"standard","meta":{"_acf_changed":false,"footnotes":""},"categories":[319,12],"tags":[],"class_list":["post-60958","post","type-post","status-publish","format-standard","has-post-thumbnail","hentry","category-a-temporales","category-sociedad"],"acf":[],"yoast_head":"<!-- This site is optimized with the Yoast SEO plugin v27.5 - https:\/\/yoast.com\/product\/yoast-seo-wordpress\/ -->\n<title>La municipalidad hizo otra denuncia penal a ocupantes de terrenos en Villa Uhalde - Diario Textual<\/title>\n<meta name=\"robots\" content=\"index, follow, max-snippet:-1, max-image-preview:large, max-video-preview:-1\" \/>\n<link rel=\"canonical\" href=\"https:\/\/diariotextual.com\/inicio\/index.php\/2019\/08\/28\/la-municipalidad-otra-denuncia-penal-ocupantes-terrenos-villa-uhalde\/\" \/>\n<meta property=\"og:locale\" content=\"es_ES\" \/>\n<meta property=\"og:type\" content=\"article\" \/>\n<meta property=\"og:title\" content=\"La municipalidad hizo otra denuncia penal a ocupantes de terrenos en Villa Uhalde - Diario Textual\" \/>\n<meta property=\"og:description\" content=\"La Municipalidad de Santa Rosa comunic\u00f3 que abogados de la Direcci\u00f3n de Asuntos Jur\u00eddicos radicaron una nueva denuncia penal contra ocupantes de terrenos municipales en el barrio Villa Uhalde. En&hellip;\" \/>\n<meta property=\"og:url\" content=\"https:\/\/diariotextual.com\/inicio\/index.php\/2019\/08\/28\/la-municipalidad-otra-denuncia-penal-ocupantes-terrenos-villa-uhalde\/\" \/>\n<meta property=\"og:site_name\" content=\"Diario Textual\" \/>\n<meta property=\"article:publisher\" content=\"https:\/\/www.facebook.com\/eltextual\" \/>\n<meta property=\"article:published_time\" content=\"2019-08-28T12:14:57+00:00\" \/>\n<meta property=\"article:modified_time\" content=\"2019-08-29T13:14:48+00:00\" \/>\n<meta property=\"og:image\" content=\"https:\/\/diariotextual.com\/inicio\/wp-content\/uploads\/2019\/08\/asentamientouhalde2019-3.jpg\" \/>\n\t<meta property=\"og:image:width\" content=\"1032\" \/>\n\t<meta property=\"og:image:height\" content=\"581\" \/>\n\t<meta property=\"og:image:type\" content=\"image\/jpeg\" \/>\n<meta name=\"author\" content=\"Diario1 Diario1\" \/>\n<meta name=\"twitter:card\" content=\"summary_large_image\" \/>\n<meta name=\"twitter:creator\" content=\"@eltextual\" \/>\n<meta name=\"twitter:site\" content=\"@eltextual\" \/>\n<meta name=\"twitter:label1\" content=\"Escrito por\" \/>\n\t<meta name=\"twitter:data1\" content=\"Diario1 Diario1\" \/>\n<script type=\"application\/ld+json\" class=\"yoast-schema-graph\">{\"@context\":\"https:\\\/\\\/schema.org\",\"@graph\":[{\"@type\":\"Article\",\"@id\":\"https:\\\/\\\/diariotextual.com\\\/inicio\\\/index.php\\\/2019\\\/08\\\/28\\\/la-municipalidad-otra-denuncia-penal-ocupantes-terrenos-villa-uhalde\\\/#article\",\"isPartOf\":{\"@id\":\"https:\\\/\\\/diariotextual.com\\\/inicio\\\/index.php\\\/2019\\\/08\\\/28\\\/la-municipalidad-otra-denuncia-penal-ocupantes-terrenos-villa-uhalde\\\/\"},\"author\":{\"name\":\"Diario1 Diario1\",\"@id\":\"https:\\\/\\\/diariotextual.com\\\/inicio\\\/#\\\/schema\\\/person\\\/418fc4093c33e86ed41562db3508f958\"},\"headline\":\"La municipalidad hizo otra denuncia penal a ocupantes de terrenos en Villa Uhalde\",\"datePublished\":\"2019-08-28T12:14:57+00:00\",\"dateModified\":\"2019-08-29T13:14:48+00:00\",\"mainEntityOfPage\":{\"@id\":\"https:\\\/\\\/diariotextual.com\\\/inicio\\\/index.php\\\/2019\\\/08\\\/28\\\/la-municipalidad-otra-denuncia-penal-ocupantes-terrenos-villa-uhalde\\\/\"},\"wordCount\":93,\"publisher\":{\"@id\":\"https:\\\/\\\/diariotextual.com\\\/inicio\\\/#organization\"},\"image\":{\"@id\":\"https:\\\/\\\/diariotextual.com\\\/inicio\\\/index.php\\\/2019\\\/08\\\/28\\\/la-municipalidad-otra-denuncia-penal-ocupantes-terrenos-villa-uhalde\\\/#primaryimage\"},\"thumbnailUrl\":\"https:\\\/\\\/diariotextual.com\\\/inicio\\\/wp-content\\\/uploads\\\/2019\\\/08\\\/asentamientouhalde2019-3.jpg\",\"articleSection\":[\"A - TEMPORALES\",\"SOCIEDAD\"],\"inLanguage\":\"es\"},{\"@type\":\"WebPage\",\"@id\":\"https:\\\/\\\/diariotextual.com\\\/inicio\\\/index.php\\\/2019\\\/08\\\/28\\\/la-municipalidad-otra-denuncia-penal-ocupantes-terrenos-villa-uhalde\\\/\",\"url\":\"https:\\\/\\\/diariotextual.com\\\/inicio\\\/index.php\\\/2019\\\/08\\\/28\\\/la-municipalidad-otra-denuncia-penal-ocupantes-terrenos-villa-uhalde\\\/\",\"name\":\"La municipalidad hizo otra denuncia penal a ocupantes de terrenos en Villa Uhalde - Diario Textual\",\"isPartOf\":{\"@id\":\"https:\\\/\\\/diariotextual.com\\\/inicio\\\/#website\"},\"primaryImageOfPage\":{\"@id\":\"https:\\\/\\\/diariotextual.com\\\/inicio\\\/index.php\\\/2019\\\/08\\\/28\\\/la-municipalidad-otra-denuncia-penal-ocupantes-terrenos-villa-uhalde\\\/#primaryimage\"},\"image\":{\"@id\":\"https:\\\/\\\/diariotextual.com\\\/inicio\\\/index.php\\\/2019\\\/08\\\/28\\\/la-municipalidad-otra-denuncia-penal-ocupantes-terrenos-villa-uhalde\\\/#primaryimage\"},\"thumbnailUrl\":\"https:\\\/\\\/diariotextual.com\\\/inicio\\\/wp-content\\\/uploads\\\/2019\\\/08\\\/asentamientouhalde2019-3.jpg\",\"datePublished\":\"2019-08-28T12:14:57+00:00\",\"dateModified\":\"2019-08-29T13:14:48+00:00\",\"breadcrumb\":{\"@id\":\"https:\\\/\\\/diariotextual.com\\\/inicio\\\/index.php\\\/2019\\\/08\\\/28\\\/la-municipalidad-otra-denuncia-penal-ocupantes-terrenos-villa-uhalde\\\/#breadcrumb\"},\"inLanguage\":\"es\",\"potentialAction\":[{\"@type\":\"ReadAction\",\"target\":[\"https:\\\/\\\/diariotextual.com\\\/inicio\\\/index.php\\\/2019\\\/08\\\/28\\\/la-municipalidad-otra-denuncia-penal-ocupantes-terrenos-villa-uhalde\\\/\"]}]},{\"@type\":\"ImageObject\",\"inLanguage\":\"es\",\"@id\":\"https:\\\/\\\/diariotextual.com\\\/inicio\\\/index.php\\\/2019\\\/08\\\/28\\\/la-municipalidad-otra-denuncia-penal-ocupantes-terrenos-villa-uhalde\\\/#primaryimage\",\"url\":\"https:\\\/\\\/diariotextual.com\\\/inicio\\\/wp-content\\\/uploads\\\/2019\\\/08\\\/asentamientouhalde2019-3.jpg\",\"contentUrl\":\"https:\\\/\\\/diariotextual.com\\\/inicio\\\/wp-content\\\/uploads\\\/2019\\\/08\\\/asentamientouhalde2019-3.jpg\",\"width\":1032,\"height\":581},{\"@type\":\"BreadcrumbList\",\"@id\":\"https:\\\/\\\/diariotextual.com\\\/inicio\\\/index.php\\\/2019\\\/08\\\/28\\\/la-municipalidad-otra-denuncia-penal-ocupantes-terrenos-villa-uhalde\\\/#breadcrumb\",\"itemListElement\":[{\"@type\":\"ListItem\",\"position\":1,\"name\":\"Portada\",\"item\":\"https:\\\/\\\/diariotextual.com\\\/inicio\\\/\"},{\"@type\":\"ListItem\",\"position\":2,\"name\":\"La municipalidad hizo otra denuncia penal a ocupantes de terrenos en Villa Uhalde\"}]},{\"@type\":\"WebSite\",\"@id\":\"https:\\\/\\\/diariotextual.com\\\/inicio\\\/#website\",\"url\":\"https:\\\/\\\/diariotextual.com\\\/inicio\\\/\",\"name\":\"Diario Textual\",\"description\":\"\",\"publisher\":{\"@id\":\"https:\\\/\\\/diariotextual.com\\\/inicio\\\/#organization\"},\"potentialAction\":[{\"@type\":\"SearchAction\",\"target\":{\"@type\":\"EntryPoint\",\"urlTemplate\":\"https:\\\/\\\/diariotextual.com\\\/inicio\\\/?s={search_term_string}\"},\"query-input\":{\"@type\":\"PropertyValueSpecification\",\"valueRequired\":true,\"valueName\":\"search_term_string\"}}],\"inLanguage\":\"es\"},{\"@type\":\"Organization\",\"@id\":\"https:\\\/\\\/diariotextual.com\\\/inicio\\\/#organization\",\"name\":\"Diario Textual\",\"url\":\"https:\\\/\\\/diariotextual.com\\\/inicio\\\/\",\"logo\":{\"@type\":\"ImageObject\",\"inLanguage\":\"es\",\"@id\":\"https:\\\/\\\/diariotextual.com\\\/inicio\\\/#\\\/schema\\\/logo\\\/image\\\/\",\"url\":\"https:\\\/\\\/diariotextual.com\\\/inicio\\\/wp-content\\\/uploads\\\/2023\\\/05\\\/logotextual1.jpg\",\"contentUrl\":\"https:\\\/\\\/diariotextual.com\\\/inicio\\\/wp-content\\\/uploads\\\/2023\\\/05\\\/logotextual1.jpg\",\"width\":516,\"height\":76,\"caption\":\"Diario Textual\"},\"image\":{\"@id\":\"https:\\\/\\\/diariotextual.com\\\/inicio\\\/#\\\/schema\\\/logo\\\/image\\\/\"},\"sameAs\":[\"https:\\\/\\\/www.facebook.com\\\/eltextual\",\"https:\\\/\\\/x.com\\\/eltextual\",\"http:\\\/\\\/www.instagram.com\\\/eltextual\"]},{\"@type\":\"Person\",\"@id\":\"https:\\\/\\\/diariotextual.com\\\/inicio\\\/#\\\/schema\\\/person\\\/418fc4093c33e86ed41562db3508f958\",\"name\":\"Diario1 Diario1\",\"image\":{\"@type\":\"ImageObject\",\"inLanguage\":\"es\",\"@id\":\"https:\\\/\\\/secure.gravatar.com\\\/avatar\\\/9167d280179c85bc18be67aa7eda765854300033af4896dd779b608640f2ef7a?s=96&d=mm&r=g\",\"url\":\"https:\\\/\\\/secure.gravatar.com\\\/avatar\\\/9167d280179c85bc18be67aa7eda765854300033af4896dd779b608640f2ef7a?s=96&d=mm&r=g\",\"contentUrl\":\"https:\\\/\\\/secure.gravatar.com\\\/avatar\\\/9167d280179c85bc18be67aa7eda765854300033af4896dd779b608640f2ef7a?s=96&d=mm&r=g\",\"caption\":\"Diario1 Diario1\"},\"url\":\"https:\\\/\\\/diariotextual.com\\\/inicio\\\/index.php\\\/author\\\/diario1\\\/\"}]}<\/script>\n<!-- \/ Yoast SEO plugin. -->","yoast_head_json":{"title":"La municipalidad hizo otra denuncia penal a ocupantes de terrenos en Villa Uhalde - Diario Textual","robots":{"index":"index","follow":"follow","max-snippet":"max-snippet:-1","max-image-preview":"max-image-preview:large","max-video-preview":"max-video-preview:-1"},"canonical":"https:\/\/diariotextual.com\/inicio\/index.php\/2019\/08\/28\/la-municipalidad-otra-denuncia-penal-ocupantes-terrenos-villa-uhalde\/","og_locale":"es_ES","og_type":"article","og_title":"La municipalidad hizo otra denuncia penal a ocupantes de terrenos en Villa Uhalde - Diario Textual","og_description":"La Municipalidad de Santa Rosa comunic\u00f3 que abogados de la Direcci\u00f3n de Asuntos Jur\u00eddicos radicaron una nueva denuncia penal contra ocupantes de terrenos municipales en el barrio Villa Uhalde. En&hellip;","og_url":"https:\/\/diariotextual.com\/inicio\/index.php\/2019\/08\/28\/la-municipalidad-otra-denuncia-penal-ocupantes-terrenos-villa-uhalde\/","og_site_name":"Diario Textual","article_publisher":"https:\/\/www.facebook.com\/eltextual","article_published_time":"2019-08-28T12:14:57+00:00","article_modified_time":"2019-08-29T13:14:48+00:00","og_image":[{"width":1032,"height":581,"url":"https:\/\/diariotextual.com\/inicio\/wp-content\/uploads\/2019\/08\/asentamientouhalde2019-3.jpg","type":"image\/jpeg"}],"author":"Diario1 Diario1","twitter_card":"summary_large_image","twitter_creator":"@eltextual","twitter_site":"@eltextual","twitter_misc":{"Escrito por":"Diario1 Diario1"},"schema":{"@context":"https:\/\/schema.org","@graph":[{"@type":"Article","@id":"https:\/\/diariotextual.com\/inicio\/index.php\/2019\/08\/28\/la-municipalidad-otra-denuncia-penal-ocupantes-terrenos-villa-uhalde\/#article","isPartOf":{"@id":"https:\/\/diariotextual.com\/inicio\/index.php\/2019\/08\/28\/la-municipalidad-otra-denuncia-penal-ocupantes-terrenos-villa-uhalde\/"},"author":{"name":"Diario1 Diario1","@id":"https:\/\/diariotextual.com\/inicio\/#\/schema\/person\/418fc4093c33e86ed41562db3508f958"},"headline":"La municipalidad hizo otra denuncia penal a ocupantes de terrenos en Villa Uhalde","datePublished":"2019-08-28T12:14:57+00:00","dateModified":"2019-08-29T13:14:48+00:00","mainEntityOfPage":{"@id":"https:\/\/diariotextual.com\/inicio\/index.php\/2019\/08\/28\/la-municipalidad-otra-denuncia-penal-ocupantes-terrenos-villa-uhalde\/"},"wordCount":93,"publisher":{"@id":"https:\/\/diariotextual.com\/inicio\/#organization"},"image":{"@id":"https:\/\/diariotextual.com\/inicio\/index.php\/2019\/08\/28\/la-municipalidad-otra-denuncia-penal-ocupantes-terrenos-villa-uhalde\/#primaryimage"},"thumbnailUrl":"https:\/\/diariotextual.com\/inicio\/wp-content\/uploads\/2019\/08\/asentamientouhalde2019-3.jpg","articleSection":["A - TEMPORALES","SOCIEDAD"],"inLanguage":"es"},{"@type":"WebPage","@id":"https:\/\/diariotextual.com\/inicio\/index.php\/2019\/08\/28\/la-municipalidad-otra-denuncia-penal-ocupantes-terrenos-villa-uhalde\/","url":"https:\/\/diariotextual.com\/inicio\/index.php\/2019\/08\/28\/la-municipalidad-otra-denuncia-penal-ocupantes-terrenos-villa-uhalde\/","name":"La municipalidad hizo otra denuncia penal a ocupantes de terrenos en Villa Uhalde - Diario Textual","isPartOf":{"@id":"https:\/\/diariotextual.com\/inicio\/#website"},"primaryImageOfPage":{"@id":"https:\/\/diariotextual.com\/inicio\/index.php\/2019\/08\/28\/la-municipalidad-otra-denuncia-penal-ocupantes-terrenos-villa-uhalde\/#primaryimage"},"image":{"@id":"https:\/\/diariotextual.com\/inicio\/index.php\/2019\/08\/28\/la-municipalidad-otra-denuncia-penal-ocupantes-terrenos-villa-uhalde\/#primaryimage"},"thumbnailUrl":"https:\/\/diariotextual.com\/inicio\/wp-content\/uploads\/2019\/08\/asentamientouhalde2019-3.jpg","datePublished":"2019-08-28T12:14:57+00:00","dateModified":"2019-08-29T13:14:48+00:00","breadcrumb":{"@id":"https:\/\/diariotextual.com\/inicio\/index.php\/2019\/08\/28\/la-municipalidad-otra-denuncia-penal-ocupantes-terrenos-villa-uhalde\/#breadcrumb"},"inLanguage":"es","potentialAction":[{"@type":"ReadAction","target":["https:\/\/diariotextual.com\/inicio\/index.php\/2019\/08\/28\/la-municipalidad-otra-denuncia-penal-ocupantes-terrenos-villa-uhalde\/"]}]},{"@type":"ImageObject","inLanguage":"es","@id":"https:\/\/diariotextual.com\/inicio\/index.php\/2019\/08\/28\/la-municipalidad-otra-denuncia-penal-ocupantes-terrenos-villa-uhalde\/#primaryimage","url":"https:\/\/diariotextual.com\/inicio\/wp-content\/uploads\/2019\/08\/asentamientouhalde2019-3.jpg","contentUrl":"https:\/\/diariotextual.com\/inicio\/wp-content\/uploads\/2019\/08\/asentamientouhalde2019-3.jpg","width":1032,"height":581},{"@type":"BreadcrumbList","@id":"https:\/\/diariotextual.com\/inicio\/index.php\/2019\/08\/28\/la-municipalidad-otra-denuncia-penal-ocupantes-terrenos-villa-uhalde\/#breadcrumb","itemListElement":[{"@type":"ListItem","position":1,"name":"Portada","item":"https:\/\/diariotextual.com\/inicio\/"},{"@type":"ListItem","position":2,"name":"La municipalidad hizo otra denuncia penal a ocupantes de terrenos en Villa Uhalde"}]},{"@type":"WebSite","@id":"https:\/\/diariotextual.com\/inicio\/#website","url":"https:\/\/diariotextual.com\/inicio\/","name":"Diario Textual","description":"","publisher":{"@id":"https:\/\/diariotextual.com\/inicio\/#organization"},"potentialAction":[{"@type":"SearchAction","target":{"@type":"EntryPoint","urlTemplate":"https:\/\/diariotextual.com\/inicio\/?s={search_term_string}"},"query-input":{"@type":"PropertyValueSpecification","valueRequired":true,"valueName":"search_term_string"}}],"inLanguage":"es"},{"@type":"Organization","@id":"https:\/\/diariotextual.com\/inicio\/#organization","name":"Diario Textual","url":"https:\/\/diariotextual.com\/inicio\/","logo":{"@type":"ImageObject","inLanguage":"es","@id":"https:\/\/diariotextual.com\/inicio\/#\/schema\/logo\/image\/","url":"https:\/\/diariotextual.com\/inicio\/wp-content\/uploads\/2023\/05\/logotextual1.jpg","contentUrl":"https:\/\/diariotextual.com\/inicio\/wp-content\/uploads\/2023\/05\/logotextual1.jpg","width":516,"height":76,"caption":"Diario Textual"},"image":{"@id":"https:\/\/diariotextual.com\/inicio\/#\/schema\/logo\/image\/"},"sameAs":["https:\/\/www.facebook.com\/eltextual","https:\/\/x.com\/eltextual","http:\/\/www.instagram.com\/eltextual"]},{"@type":"Person","@id":"https:\/\/diariotextual.com\/inicio\/#\/schema\/person\/418fc4093c33e86ed41562db3508f958","name":"Diario1 Diario1","image":{"@type":"ImageObject","inLanguage":"es","@id":"https:\/\/secure.gravatar.com\/avatar\/9167d280179c85bc18be67aa7eda765854300033af4896dd779b608640f2ef7a?s=96&d=mm&r=g","url":"https:\/\/secure.gravatar.com\/avatar\/9167d280179c85bc18be67aa7eda765854300033af4896dd779b608640f2ef7a?s=96&d=mm&r=g","contentUrl":"https:\/\/secure.gravatar.com\/avatar\/9167d280179c85bc18be67aa7eda765854300033af4896dd779b608640f2ef7a?s=96&d=mm&r=g","caption":"Diario1 Diario1"},"url":"https:\/\/diariotextual.com\/inicio\/index.php\/author\/diario1\/"}]}},"_links":{"self":[{"href":"https:\/\/diariotextual.com\/inicio\/index.php\/wp-json\/wp\/v2\/posts\/60958","targetHints":{"allow":["GET"]}}],"collection":[{"href":"https:\/\/diariotextual.com\/inicio\/index.php\/wp-json\/wp\/v2\/posts"}],"about":[{"href":"https:\/\/diariotextual.com\/inicio\/index.php\/wp-json\/wp\/v2\/types\/post"}],"author":[{"embeddable":true,"href":"https:\/\/diariotextual.com\/inicio\/index.php\/wp-json\/wp\/v2\/users\/3"}],"replies":[{"embeddable":true,"href":"https:\/\/diariotextual.com\/inicio\/index.php\/wp-json\/wp\/v2\/comments?post=60958"}],"version-history":[{"count":1,"href":"https:\/\/diariotextual.com\/inicio\/index.php\/wp-json\/wp\/v2\/posts\/60958\/revisions"}],"predecessor-version":[{"id":60962,"href":"https:\/\/diariotextual.com\/inicio\/index.php\/wp-json\/wp\/v2\/posts\/60958\/revisions\/60962"}],"wp:featuredmedia":[{"embeddable":true,"href":"https:\/\/diariotextual.com\/inicio\/index.php\/wp-json\/wp\/v2\/media\/60961"}],"wp:attachment":[{"href":"https:\/\/diariotextual.com\/inicio\/index.php\/wp-json\/wp\/v2\/media?parent=60958"}],"wp:term":[{"taxonomy":"category","embeddable":true,"href":"https:\/\/diariotextual.com\/inicio\/index.php\/wp-json\/wp\/v2\/categories?post=60958"},{"taxonomy":"post_tag","embeddable":true,"href":"https:\/\/diariotextual.com\/inicio\/index.php\/wp-json\/wp\/v2\/tags?post=60958"}],"curies":[{"name":"wp","href":"https:\/\/api.w.org\/{rel}","templated":true}]}}