{"id":61032,"date":"2019-08-28T17:23:54","date_gmt":"2019-08-28T20:23:54","guid":{"rendered":"http:\/\/diariotextual.com\/inicio\/?p=61032"},"modified":"2019-08-28T18:56:31","modified_gmt":"2019-08-28T21:56:31","slug":"ministro-hacienda-convoco-una-conferencia-prensa-las-18","status":"publish","type":"post","link":"https:\/\/diariotextual.com\/inicio\/index.php\/2019\/08\/28\/ministro-hacienda-convoco-una-conferencia-prensa-las-18\/","title":{"rendered":"El Gobierno abre un proceso de renegociaci\u00f3n de los vencimientos de la deuda"},"content":{"rendered":"<p>El ministro de Hacienda, Hern\u00e1n Lacunza, anunci\u00f3 que abrir\u00e1 un proceso de renegociaci\u00f3n de la deuda. Enviar\u00e1 una ley al Congreso para la deuda local y se negociar\u00e1 con los acreedores externos.<\/p>\n<p>En una conferencia de prensa, anunci\u00f3 cuatro medidas que llevar\u00e1 a cabo el gobierno nacional para \u00abdespejar las exigencias financieras\u00bb y para que \u00abel presidente que ostente el poder pueda desplegar sus pol\u00edticas econ\u00f3micas sin una excesiva carga\u00bb de deuda.<\/p>\n<ul>\n<li>Extender los vencimientos de la deuda de corto plazo tanto en d\u00f3lares como en pesos s\u00f3lo para inversores institucionales. Asimismo el funcionario aclar\u00f3 que la medida no alcanzar\u00e1 \u00aba las personas humanas, que cobrar\u00e1n la totalidad de sus acredencias de sus vencimientos en tiempo y forma como esta previsto en el titulo original\u00bb.<\/li>\n<li>Presentar\u00e1n un proyecto\u00a0de ley que provea las herramientas necesarias para promover una extensi\u00f3n voluntaria de los plazos de la deuda de jurisdicci\u00f3n local sin quita de capital ni intereses.<\/li>\n<li>Iniciar un proceso de extensi\u00f3n de plazos de los bonos bajo legislaci\u00f3n extranjera, bajo las llamadas cl\u00e1usulas de acci\u00f3n colectiva con el fin de extender los plazos de vencimiento sin quita de capital ni intereses.<\/li>\n<li>Iniciar un di\u00e1logo con el FMI para \u00abreperfilar los vencimientos de deuda con ese organismo internacional\u00bb.<\/li>\n<\/ul>\n<p>&nbsp;<\/p>\n","protected":false},"excerpt":{"rendered":"<p>El ministro de Hacienda, Hern\u00e1n Lacunza, anunci\u00f3 que abrir\u00e1 un proceso de renegociaci\u00f3n de la deuda. Enviar\u00e1 una ley al Congreso para la deuda local y se negociar\u00e1 con los&hellip;<\/p>\n","protected":false},"author":5,"featured_media":60097,"comment_status":"closed","ping_status":"open","sticky":false,"template":"","format":"standard","meta":{"_acf_changed":false,"footnotes":""},"categories":[5],"tags":[],"class_list":["post-61032","post","type-post","status-publish","format-standard","has-post-thumbnail","hentry","category-economia"],"acf":[],"yoast_head":"<!-- This site is optimized with the Yoast SEO plugin v27.5 - https:\/\/yoast.com\/product\/yoast-seo-wordpress\/ -->\n<title>El Gobierno abre un proceso de renegociaci\u00f3n de los vencimientos de la deuda - Diario Textual<\/title>\n<meta name=\"robots\" content=\"index, follow, max-snippet:-1, max-image-preview:large, max-video-preview:-1\" \/>\n<link rel=\"canonical\" href=\"https:\/\/diariotextual.com\/inicio\/index.php\/2019\/08\/28\/ministro-hacienda-convoco-una-conferencia-prensa-las-18\/\" \/>\n<meta property=\"og:locale\" content=\"es_ES\" \/>\n<meta property=\"og:type\" content=\"article\" \/>\n<meta property=\"og:title\" content=\"El Gobierno abre un proceso de renegociaci\u00f3n de los vencimientos de la deuda - Diario Textual\" \/>\n<meta property=\"og:description\" content=\"El ministro de Hacienda, Hern\u00e1n Lacunza, anunci\u00f3 que abrir\u00e1 un proceso de renegociaci\u00f3n de la deuda. Enviar\u00e1 una ley al Congreso para la deuda local y se negociar\u00e1 con los&hellip;\" \/>\n<meta property=\"og:url\" content=\"https:\/\/diariotextual.com\/inicio\/index.php\/2019\/08\/28\/ministro-hacienda-convoco-una-conferencia-prensa-las-18\/\" \/>\n<meta property=\"og:site_name\" content=\"Diario Textual\" \/>\n<meta property=\"article:publisher\" content=\"https:\/\/www.facebook.com\/eltextual\" \/>\n<meta property=\"article:published_time\" content=\"2019-08-28T20:23:54+00:00\" \/>\n<meta property=\"article:modified_time\" content=\"2019-08-28T21:56:31+00:00\" \/>\n<meta property=\"og:image\" content=\"https:\/\/diariotextual.com\/inicio\/wp-content\/uploads\/2019\/08\/lacunzahernanconferenciasolo0.jpg\" \/>\n\t<meta property=\"og:image:width\" content=\"840\" \/>\n\t<meta property=\"og:image:height\" content=\"489\" \/>\n\t<meta property=\"og:image:type\" content=\"image\/jpeg\" \/>\n<meta name=\"author\" content=\"diario3\" \/>\n<meta name=\"twitter:card\" content=\"summary_large_image\" \/>\n<meta name=\"twitter:creator\" content=\"@eltextual\" \/>\n<meta name=\"twitter:site\" content=\"@eltextual\" \/>\n<meta name=\"twitter:label1\" content=\"Escrito por\" \/>\n\t<meta name=\"twitter:data1\" content=\"diario3\" \/>\n\t<meta name=\"twitter:label2\" content=\"Tiempo de lectura\" \/>\n\t<meta name=\"twitter:data2\" content=\"1 minuto\" \/>\n<script type=\"application\/ld+json\" class=\"yoast-schema-graph\">{\"@context\":\"https:\\\/\\\/schema.org\",\"@graph\":[{\"@type\":\"Article\",\"@id\":\"https:\\\/\\\/diariotextual.com\\\/inicio\\\/index.php\\\/2019\\\/08\\\/28\\\/ministro-hacienda-convoco-una-conferencia-prensa-las-18\\\/#article\",\"isPartOf\":{\"@id\":\"https:\\\/\\\/diariotextual.com\\\/inicio\\\/index.php\\\/2019\\\/08\\\/28\\\/ministro-hacienda-convoco-una-conferencia-prensa-las-18\\\/\"},\"author\":{\"name\":\"diario3\",\"@id\":\"https:\\\/\\\/diariotextual.com\\\/inicio\\\/#\\\/schema\\\/person\\\/a1b6f563e0ee944c60f98119389a4d9f\"},\"headline\":\"El Gobierno abre un proceso de renegociaci\u00f3n de los vencimientos de la deuda\",\"datePublished\":\"2019-08-28T20:23:54+00:00\",\"dateModified\":\"2019-08-28T21:56:31+00:00\",\"mainEntityOfPage\":{\"@id\":\"https:\\\/\\\/diariotextual.com\\\/inicio\\\/index.php\\\/2019\\\/08\\\/28\\\/ministro-hacienda-convoco-una-conferencia-prensa-las-18\\\/\"},\"wordCount\":236,\"publisher\":{\"@id\":\"https:\\\/\\\/diariotextual.com\\\/inicio\\\/#organization\"},\"image\":{\"@id\":\"https:\\\/\\\/diariotextual.com\\\/inicio\\\/index.php\\\/2019\\\/08\\\/28\\\/ministro-hacienda-convoco-una-conferencia-prensa-las-18\\\/#primaryimage\"},\"thumbnailUrl\":\"https:\\\/\\\/diariotextual.com\\\/inicio\\\/wp-content\\\/uploads\\\/2019\\\/08\\\/lacunzahernanconferenciasolo0.jpg\",\"articleSection\":[\"ECONOMIA\"],\"inLanguage\":\"es\"},{\"@type\":\"WebPage\",\"@id\":\"https:\\\/\\\/diariotextual.com\\\/inicio\\\/index.php\\\/2019\\\/08\\\/28\\\/ministro-hacienda-convoco-una-conferencia-prensa-las-18\\\/\",\"url\":\"https:\\\/\\\/diariotextual.com\\\/inicio\\\/index.php\\\/2019\\\/08\\\/28\\\/ministro-hacienda-convoco-una-conferencia-prensa-las-18\\\/\",\"name\":\"El Gobierno abre un proceso de renegociaci\u00f3n de los vencimientos de la deuda - Diario Textual\",\"isPartOf\":{\"@id\":\"https:\\\/\\\/diariotextual.com\\\/inicio\\\/#website\"},\"primaryImageOfPage\":{\"@id\":\"https:\\\/\\\/diariotextual.com\\\/inicio\\\/index.php\\\/2019\\\/08\\\/28\\\/ministro-hacienda-convoco-una-conferencia-prensa-las-18\\\/#primaryimage\"},\"image\":{\"@id\":\"https:\\\/\\\/diariotextual.com\\\/inicio\\\/index.php\\\/2019\\\/08\\\/28\\\/ministro-hacienda-convoco-una-conferencia-prensa-las-18\\\/#primaryimage\"},\"thumbnailUrl\":\"https:\\\/\\\/diariotextual.com\\\/inicio\\\/wp-content\\\/uploads\\\/2019\\\/08\\\/lacunzahernanconferenciasolo0.jpg\",\"datePublished\":\"2019-08-28T20:23:54+00:00\",\"dateModified\":\"2019-08-28T21:56:31+00:00\",\"breadcrumb\":{\"@id\":\"https:\\\/\\\/diariotextual.com\\\/inicio\\\/index.php\\\/2019\\\/08\\\/28\\\/ministro-hacienda-convoco-una-conferencia-prensa-las-18\\\/#breadcrumb\"},\"inLanguage\":\"es\",\"potentialAction\":[{\"@type\":\"ReadAction\",\"target\":[\"https:\\\/\\\/diariotextual.com\\\/inicio\\\/index.php\\\/2019\\\/08\\\/28\\\/ministro-hacienda-convoco-una-conferencia-prensa-las-18\\\/\"]}]},{\"@type\":\"ImageObject\",\"inLanguage\":\"es\",\"@id\":\"https:\\\/\\\/diariotextual.com\\\/inicio\\\/index.php\\\/2019\\\/08\\\/28\\\/ministro-hacienda-convoco-una-conferencia-prensa-las-18\\\/#primaryimage\",\"url\":\"https:\\\/\\\/diariotextual.com\\\/inicio\\\/wp-content\\\/uploads\\\/2019\\\/08\\\/lacunzahernanconferenciasolo0.jpg\",\"contentUrl\":\"https:\\\/\\\/diariotextual.com\\\/inicio\\\/wp-content\\\/uploads\\\/2019\\\/08\\\/lacunzahernanconferenciasolo0.jpg\",\"width\":840,\"height\":489},{\"@type\":\"BreadcrumbList\",\"@id\":\"https:\\\/\\\/diariotextual.com\\\/inicio\\\/index.php\\\/2019\\\/08\\\/28\\\/ministro-hacienda-convoco-una-conferencia-prensa-las-18\\\/#breadcrumb\",\"itemListElement\":[{\"@type\":\"ListItem\",\"position\":1,\"name\":\"Portada\",\"item\":\"https:\\\/\\\/diariotextual.com\\\/inicio\\\/\"},{\"@type\":\"ListItem\",\"position\":2,\"name\":\"El Gobierno abre un proceso de renegociaci\u00f3n de los vencimientos de la deuda\"}]},{\"@type\":\"WebSite\",\"@id\":\"https:\\\/\\\/diariotextual.com\\\/inicio\\\/#website\",\"url\":\"https:\\\/\\\/diariotextual.com\\\/inicio\\\/\",\"name\":\"Diario Textual\",\"description\":\"\",\"publisher\":{\"@id\":\"https:\\\/\\\/diariotextual.com\\\/inicio\\\/#organization\"},\"potentialAction\":[{\"@type\":\"SearchAction\",\"target\":{\"@type\":\"EntryPoint\",\"urlTemplate\":\"https:\\\/\\\/diariotextual.com\\\/inicio\\\/?s={search_term_string}\"},\"query-input\":{\"@type\":\"PropertyValueSpecification\",\"valueRequired\":true,\"valueName\":\"search_term_string\"}}],\"inLanguage\":\"es\"},{\"@type\":\"Organization\",\"@id\":\"https:\\\/\\\/diariotextual.com\\\/inicio\\\/#organization\",\"name\":\"Diario Textual\",\"url\":\"https:\\\/\\\/diariotextual.com\\\/inicio\\\/\",\"logo\":{\"@type\":\"ImageObject\",\"inLanguage\":\"es\",\"@id\":\"https:\\\/\\\/diariotextual.com\\\/inicio\\\/#\\\/schema\\\/logo\\\/image\\\/\",\"url\":\"https:\\\/\\\/diariotextual.com\\\/inicio\\\/wp-content\\\/uploads\\\/2023\\\/05\\\/logotextual1.jpg\",\"contentUrl\":\"https:\\\/\\\/diariotextual.com\\\/inicio\\\/wp-content\\\/uploads\\\/2023\\\/05\\\/logotextual1.jpg\",\"width\":516,\"height\":76,\"caption\":\"Diario Textual\"},\"image\":{\"@id\":\"https:\\\/\\\/diariotextual.com\\\/inicio\\\/#\\\/schema\\\/logo\\\/image\\\/\"},\"sameAs\":[\"https:\\\/\\\/www.facebook.com\\\/eltextual\",\"https:\\\/\\\/x.com\\\/eltextual\",\"http:\\\/\\\/www.instagram.com\\\/eltextual\"]},{\"@type\":\"Person\",\"@id\":\"https:\\\/\\\/diariotextual.com\\\/inicio\\\/#\\\/schema\\\/person\\\/a1b6f563e0ee944c60f98119389a4d9f\",\"name\":\"diario3\",\"image\":{\"@type\":\"ImageObject\",\"inLanguage\":\"es\",\"@id\":\"https:\\\/\\\/secure.gravatar.com\\\/avatar\\\/5e7ee62c82fc04d9dd79d746a390d93c69c43223e5faeeb3ea9461ef752bfc5d?s=96&d=mm&r=g\",\"url\":\"https:\\\/\\\/secure.gravatar.com\\\/avatar\\\/5e7ee62c82fc04d9dd79d746a390d93c69c43223e5faeeb3ea9461ef752bfc5d?s=96&d=mm&r=g\",\"contentUrl\":\"https:\\\/\\\/secure.gravatar.com\\\/avatar\\\/5e7ee62c82fc04d9dd79d746a390d93c69c43223e5faeeb3ea9461ef752bfc5d?s=96&d=mm&r=g\",\"caption\":\"diario3\"},\"url\":\"https:\\\/\\\/diariotextual.com\\\/inicio\\\/index.php\\\/author\\\/diario3\\\/\"}]}<\/script>\n<!-- \/ Yoast SEO plugin. -->","yoast_head_json":{"title":"El Gobierno abre un proceso de renegociaci\u00f3n de los vencimientos de la deuda - Diario Textual","robots":{"index":"index","follow":"follow","max-snippet":"max-snippet:-1","max-image-preview":"max-image-preview:large","max-video-preview":"max-video-preview:-1"},"canonical":"https:\/\/diariotextual.com\/inicio\/index.php\/2019\/08\/28\/ministro-hacienda-convoco-una-conferencia-prensa-las-18\/","og_locale":"es_ES","og_type":"article","og_title":"El Gobierno abre un proceso de renegociaci\u00f3n de los vencimientos de la deuda - Diario Textual","og_description":"El ministro de Hacienda, Hern\u00e1n Lacunza, anunci\u00f3 que abrir\u00e1 un proceso de renegociaci\u00f3n de la deuda. Enviar\u00e1 una ley al Congreso para la deuda local y se negociar\u00e1 con los&hellip;","og_url":"https:\/\/diariotextual.com\/inicio\/index.php\/2019\/08\/28\/ministro-hacienda-convoco-una-conferencia-prensa-las-18\/","og_site_name":"Diario Textual","article_publisher":"https:\/\/www.facebook.com\/eltextual","article_published_time":"2019-08-28T20:23:54+00:00","article_modified_time":"2019-08-28T21:56:31+00:00","og_image":[{"width":840,"height":489,"url":"https:\/\/diariotextual.com\/inicio\/wp-content\/uploads\/2019\/08\/lacunzahernanconferenciasolo0.jpg","type":"image\/jpeg"}],"author":"diario3","twitter_card":"summary_large_image","twitter_creator":"@eltextual","twitter_site":"@eltextual","twitter_misc":{"Escrito por":"diario3","Tiempo de lectura":"1 minuto"},"schema":{"@context":"https:\/\/schema.org","@graph":[{"@type":"Article","@id":"https:\/\/diariotextual.com\/inicio\/index.php\/2019\/08\/28\/ministro-hacienda-convoco-una-conferencia-prensa-las-18\/#article","isPartOf":{"@id":"https:\/\/diariotextual.com\/inicio\/index.php\/2019\/08\/28\/ministro-hacienda-convoco-una-conferencia-prensa-las-18\/"},"author":{"name":"diario3","@id":"https:\/\/diariotextual.com\/inicio\/#\/schema\/person\/a1b6f563e0ee944c60f98119389a4d9f"},"headline":"El Gobierno abre un proceso de renegociaci\u00f3n de los vencimientos de la deuda","datePublished":"2019-08-28T20:23:54+00:00","dateModified":"2019-08-28T21:56:31+00:00","mainEntityOfPage":{"@id":"https:\/\/diariotextual.com\/inicio\/index.php\/2019\/08\/28\/ministro-hacienda-convoco-una-conferencia-prensa-las-18\/"},"wordCount":236,"publisher":{"@id":"https:\/\/diariotextual.com\/inicio\/#organization"},"image":{"@id":"https:\/\/diariotextual.com\/inicio\/index.php\/2019\/08\/28\/ministro-hacienda-convoco-una-conferencia-prensa-las-18\/#primaryimage"},"thumbnailUrl":"https:\/\/diariotextual.com\/inicio\/wp-content\/uploads\/2019\/08\/lacunzahernanconferenciasolo0.jpg","articleSection":["ECONOMIA"],"inLanguage":"es"},{"@type":"WebPage","@id":"https:\/\/diariotextual.com\/inicio\/index.php\/2019\/08\/28\/ministro-hacienda-convoco-una-conferencia-prensa-las-18\/","url":"https:\/\/diariotextual.com\/inicio\/index.php\/2019\/08\/28\/ministro-hacienda-convoco-una-conferencia-prensa-las-18\/","name":"El Gobierno abre un proceso de renegociaci\u00f3n de los vencimientos de la deuda - Diario Textual","isPartOf":{"@id":"https:\/\/diariotextual.com\/inicio\/#website"},"primaryImageOfPage":{"@id":"https:\/\/diariotextual.com\/inicio\/index.php\/2019\/08\/28\/ministro-hacienda-convoco-una-conferencia-prensa-las-18\/#primaryimage"},"image":{"@id":"https:\/\/diariotextual.com\/inicio\/index.php\/2019\/08\/28\/ministro-hacienda-convoco-una-conferencia-prensa-las-18\/#primaryimage"},"thumbnailUrl":"https:\/\/diariotextual.com\/inicio\/wp-content\/uploads\/2019\/08\/lacunzahernanconferenciasolo0.jpg","datePublished":"2019-08-28T20:23:54+00:00","dateModified":"2019-08-28T21:56:31+00:00","breadcrumb":{"@id":"https:\/\/diariotextual.com\/inicio\/index.php\/2019\/08\/28\/ministro-hacienda-convoco-una-conferencia-prensa-las-18\/#breadcrumb"},"inLanguage":"es","potentialAction":[{"@type":"ReadAction","target":["https:\/\/diariotextual.com\/inicio\/index.php\/2019\/08\/28\/ministro-hacienda-convoco-una-conferencia-prensa-las-18\/"]}]},{"@type":"ImageObject","inLanguage":"es","@id":"https:\/\/diariotextual.com\/inicio\/index.php\/2019\/08\/28\/ministro-hacienda-convoco-una-conferencia-prensa-las-18\/#primaryimage","url":"https:\/\/diariotextual.com\/inicio\/wp-content\/uploads\/2019\/08\/lacunzahernanconferenciasolo0.jpg","contentUrl":"https:\/\/diariotextual.com\/inicio\/wp-content\/uploads\/2019\/08\/lacunzahernanconferenciasolo0.jpg","width":840,"height":489},{"@type":"BreadcrumbList","@id":"https:\/\/diariotextual.com\/inicio\/index.php\/2019\/08\/28\/ministro-hacienda-convoco-una-conferencia-prensa-las-18\/#breadcrumb","itemListElement":[{"@type":"ListItem","position":1,"name":"Portada","item":"https:\/\/diariotextual.com\/inicio\/"},{"@type":"ListItem","position":2,"name":"El Gobierno abre un proceso de renegociaci\u00f3n de los vencimientos de la deuda"}]},{"@type":"WebSite","@id":"https:\/\/diariotextual.com\/inicio\/#website","url":"https:\/\/diariotextual.com\/inicio\/","name":"Diario Textual","description":"","publisher":{"@id":"https:\/\/diariotextual.com\/inicio\/#organization"},"potentialAction":[{"@type":"SearchAction","target":{"@type":"EntryPoint","urlTemplate":"https:\/\/diariotextual.com\/inicio\/?s={search_term_string}"},"query-input":{"@type":"PropertyValueSpecification","valueRequired":true,"valueName":"search_term_string"}}],"inLanguage":"es"},{"@type":"Organization","@id":"https:\/\/diariotextual.com\/inicio\/#organization","name":"Diario Textual","url":"https:\/\/diariotextual.com\/inicio\/","logo":{"@type":"ImageObject","inLanguage":"es","@id":"https:\/\/diariotextual.com\/inicio\/#\/schema\/logo\/image\/","url":"https:\/\/diariotextual.com\/inicio\/wp-content\/uploads\/2023\/05\/logotextual1.jpg","contentUrl":"https:\/\/diariotextual.com\/inicio\/wp-content\/uploads\/2023\/05\/logotextual1.jpg","width":516,"height":76,"caption":"Diario Textual"},"image":{"@id":"https:\/\/diariotextual.com\/inicio\/#\/schema\/logo\/image\/"},"sameAs":["https:\/\/www.facebook.com\/eltextual","https:\/\/x.com\/eltextual","http:\/\/www.instagram.com\/eltextual"]},{"@type":"Person","@id":"https:\/\/diariotextual.com\/inicio\/#\/schema\/person\/a1b6f563e0ee944c60f98119389a4d9f","name":"diario3","image":{"@type":"ImageObject","inLanguage":"es","@id":"https:\/\/secure.gravatar.com\/avatar\/5e7ee62c82fc04d9dd79d746a390d93c69c43223e5faeeb3ea9461ef752bfc5d?s=96&d=mm&r=g","url":"https:\/\/secure.gravatar.com\/avatar\/5e7ee62c82fc04d9dd79d746a390d93c69c43223e5faeeb3ea9461ef752bfc5d?s=96&d=mm&r=g","contentUrl":"https:\/\/secure.gravatar.com\/avatar\/5e7ee62c82fc04d9dd79d746a390d93c69c43223e5faeeb3ea9461ef752bfc5d?s=96&d=mm&r=g","caption":"diario3"},"url":"https:\/\/diariotextual.com\/inicio\/index.php\/author\/diario3\/"}]}},"_links":{"self":[{"href":"https:\/\/diariotextual.com\/inicio\/index.php\/wp-json\/wp\/v2\/posts\/61032","targetHints":{"allow":["GET"]}}],"collection":[{"href":"https:\/\/diariotextual.com\/inicio\/index.php\/wp-json\/wp\/v2\/posts"}],"about":[{"href":"https:\/\/diariotextual.com\/inicio\/index.php\/wp-json\/wp\/v2\/types\/post"}],"author":[{"embeddable":true,"href":"https:\/\/diariotextual.com\/inicio\/index.php\/wp-json\/wp\/v2\/users\/5"}],"replies":[{"embeddable":true,"href":"https:\/\/diariotextual.com\/inicio\/index.php\/wp-json\/wp\/v2\/comments?post=61032"}],"version-history":[{"count":2,"href":"https:\/\/diariotextual.com\/inicio\/index.php\/wp-json\/wp\/v2\/posts\/61032\/revisions"}],"predecessor-version":[{"id":61040,"href":"https:\/\/diariotextual.com\/inicio\/index.php\/wp-json\/wp\/v2\/posts\/61032\/revisions\/61040"}],"wp:featuredmedia":[{"embeddable":true,"href":"https:\/\/diariotextual.com\/inicio\/index.php\/wp-json\/wp\/v2\/media\/60097"}],"wp:attachment":[{"href":"https:\/\/diariotextual.com\/inicio\/index.php\/wp-json\/wp\/v2\/media?parent=61032"}],"wp:term":[{"taxonomy":"category","embeddable":true,"href":"https:\/\/diariotextual.com\/inicio\/index.php\/wp-json\/wp\/v2\/categories?post=61032"},{"taxonomy":"post_tag","embeddable":true,"href":"https:\/\/diariotextual.com\/inicio\/index.php\/wp-json\/wp\/v2\/tags?post=61032"}],"curies":[{"name":"wp","href":"https:\/\/api.w.org\/{rel}","templated":true}]}}