{"id":61037,"date":"2019-08-28T18:55:17","date_gmt":"2019-08-28T21:55:17","guid":{"rendered":"http:\/\/diariotextual.com\/inicio\/?p=61037"},"modified":"2019-08-29T08:02:53","modified_gmt":"2019-08-29T11:02:53","slug":"gobierno-abre-proceso-renegociacion-los-vencimientos-la-deuda","status":"publish","type":"post","link":"https:\/\/diariotextual.com\/inicio\/index.php\/2019\/08\/28\/gobierno-abre-proceso-renegociacion-los-vencimientos-la-deuda\/","title":{"rendered":"El Gobierno abre un proceso de renegociaci\u00f3n de los vencimientos de la deuda"},"content":{"rendered":"<p>El ministro de Hacienda,\u00a0<strong>Hern\u00e1n Lacunza,<\/strong>\u00a0anunci\u00f3 que <strong>abrir\u00e1 un proceso de renegociaci\u00f3n de la deuda<\/strong>. Enviar\u00e1 una ley al Congreso para la deuda local y se negociar\u00e1 con los acreedores externos.<\/p>\n<p>En una conferencia de prensa, anunci\u00f3 cuatro medidas que llevar\u00e1 a cabo el gobierno nacional para \u00abdespejar las exigencias financieras\u00bb y para que \u00abel presidente que\u00a0ostente el poder pueda desplegar sus pol\u00edticas econ\u00f3micas\u00a0sin una excesiva carga\u00bb de deuda.<\/p>\n<p><strong>\u00abEl presidente me ha instruido a que resolvamos el problema de corto plazo para garantizar la estabilidad, pero tambi\u00e9n en el mediano y largo plazo. La Argentina no tiene problema de solvencia para el pago de la deuda\u00bb, dijo.<\/strong><\/p>\n<p>As\u00ed, el funcionario anunci\u00f3 cuatro iniciativas para \u00abaliviar la carga financiera\u00bb en el corto y en el mediano plazo.<\/p>\n<p>1. \u00ab<strong>Extender los vencimientos de la deuda de de la deuda de corto plazo<\/strong>, donde la refinanciaci\u00f3n de pasivos aparece condicionada por la incertidumbre electoral, tanto en pesos como en d\u00f3lares, Letes y Lecaps, solo para los inversores institucionales. No para las personas humanas, que cobrar\u00e1n la totalidad de sus acreencias de su vencimiento en tiempo y forma en la moneda prevista\u00bb.<\/p>\n<p>2. \u00abVamos a<strong> elevar a consideraci\u00f3n un proyecto de ley que provea las herramientas para promover una extensi\u00f3n voluntaria de los plazos de la deuda bajo jurisdicci\u00f3n local<\/strong>, sin quita de capital ni de intereses\u00bb.<\/p>\n<p>3. \u00ab<strong>Iniciar un proceso de extensi\u00f3n de plazo de los bonos bajo legislaci\u00f3n extranjera<\/strong>, bajo las llamadas clausulas de acci\u00f3n colectiva, con el mismo fin de extender los vencimientos sin quitas de capital ni intereses, af\u00edn de completar un perfil financiero menos exigente para el per\u00edodo 2020-2023&#8243;.<\/p>\n<p>4. \u00abEn estos d\u00edas visit\u00f3 al pa\u00eds una misi\u00f3n del FMI, adem\u00e1s de haber cumplido con todas las metas fiscales y monetarias por parte del Gobierno que est\u00e1 en curso, y para dar continuidad al acuerdo vigente, <strong>hemos propuesto a ese organismo, y fue una de las sugerencias que recibimos de las fuerzas de la oposici\u00f3n, iniciar el di\u00e1logo que deber\u00e1 concluir en el pr\u00f3ximo mandato para reperfilar los vencimiento de deuda<\/strong>\u00ab.<\/p>\n<p>&nbsp;<\/p>\n<p>&nbsp;<\/p>\n","protected":false},"excerpt":{"rendered":"<p>El ministro de Hacienda,\u00a0Hern\u00e1n Lacunza,\u00a0anunci\u00f3 que abrir\u00e1 un proceso de renegociaci\u00f3n de la deuda. Enviar\u00e1 una ley al Congreso para la deuda local y se negociar\u00e1 con los acreedores externos.&hellip;<\/p>\n","protected":false},"author":3,"featured_media":60097,"comment_status":"closed","ping_status":"open","sticky":false,"template":"","format":"standard","meta":{"_acf_changed":false,"footnotes":""},"categories":[1,11,5],"tags":[],"class_list":["post-61037","post","type-post","status-publish","format-standard","has-post-thumbnail","hentry","category-es-noticia","category-que-pasa","category-economia"],"acf":[],"yoast_head":"<!-- This site is optimized with the Yoast SEO plugin v27.5 - https:\/\/yoast.com\/product\/yoast-seo-wordpress\/ -->\n<title>El Gobierno abre un proceso de renegociaci\u00f3n de los vencimientos de la deuda - Diario Textual<\/title>\n<meta name=\"robots\" content=\"index, follow, max-snippet:-1, max-image-preview:large, max-video-preview:-1\" \/>\n<link rel=\"canonical\" href=\"https:\/\/diariotextual.com\/inicio\/index.php\/2019\/08\/28\/gobierno-abre-proceso-renegociacion-los-vencimientos-la-deuda\/\" \/>\n<meta property=\"og:locale\" content=\"es_ES\" \/>\n<meta property=\"og:type\" content=\"article\" \/>\n<meta property=\"og:title\" content=\"El Gobierno abre un proceso de renegociaci\u00f3n de los vencimientos de la deuda - Diario Textual\" \/>\n<meta property=\"og:description\" content=\"El ministro de Hacienda,\u00a0Hern\u00e1n Lacunza,\u00a0anunci\u00f3 que abrir\u00e1 un proceso de renegociaci\u00f3n de la deuda. Enviar\u00e1 una ley al Congreso para la deuda local y se negociar\u00e1 con los acreedores externos.&hellip;\" \/>\n<meta property=\"og:url\" content=\"https:\/\/diariotextual.com\/inicio\/index.php\/2019\/08\/28\/gobierno-abre-proceso-renegociacion-los-vencimientos-la-deuda\/\" \/>\n<meta property=\"og:site_name\" content=\"Diario Textual\" \/>\n<meta property=\"article:publisher\" content=\"https:\/\/www.facebook.com\/eltextual\" \/>\n<meta property=\"article:published_time\" content=\"2019-08-28T21:55:17+00:00\" \/>\n<meta property=\"article:modified_time\" content=\"2019-08-29T11:02:53+00:00\" \/>\n<meta property=\"og:image\" content=\"https:\/\/diariotextual.com\/inicio\/wp-content\/uploads\/2019\/08\/lacunzahernanconferenciasolo0.jpg\" \/>\n\t<meta property=\"og:image:width\" content=\"840\" \/>\n\t<meta property=\"og:image:height\" content=\"489\" \/>\n\t<meta property=\"og:image:type\" content=\"image\/jpeg\" \/>\n<meta name=\"author\" content=\"Diario1 Diario1\" \/>\n<meta name=\"twitter:card\" content=\"summary_large_image\" \/>\n<meta name=\"twitter:creator\" content=\"@eltextual\" \/>\n<meta name=\"twitter:site\" content=\"@eltextual\" \/>\n<meta name=\"twitter:label1\" content=\"Escrito por\" \/>\n\t<meta name=\"twitter:data1\" content=\"Diario1 Diario1\" \/>\n\t<meta name=\"twitter:label2\" content=\"Tiempo de lectura\" \/>\n\t<meta name=\"twitter:data2\" content=\"2 minutos\" \/>\n<script type=\"application\/ld+json\" class=\"yoast-schema-graph\">{\"@context\":\"https:\\\/\\\/schema.org\",\"@graph\":[{\"@type\":\"Article\",\"@id\":\"https:\\\/\\\/diariotextual.com\\\/inicio\\\/index.php\\\/2019\\\/08\\\/28\\\/gobierno-abre-proceso-renegociacion-los-vencimientos-la-deuda\\\/#article\",\"isPartOf\":{\"@id\":\"https:\\\/\\\/diariotextual.com\\\/inicio\\\/index.php\\\/2019\\\/08\\\/28\\\/gobierno-abre-proceso-renegociacion-los-vencimientos-la-deuda\\\/\"},\"author\":{\"name\":\"Diario1 Diario1\",\"@id\":\"https:\\\/\\\/diariotextual.com\\\/inicio\\\/#\\\/schema\\\/person\\\/418fc4093c33e86ed41562db3508f958\"},\"headline\":\"El Gobierno abre un proceso de renegociaci\u00f3n de los vencimientos de la deuda\",\"datePublished\":\"2019-08-28T21:55:17+00:00\",\"dateModified\":\"2019-08-29T11:02:53+00:00\",\"mainEntityOfPage\":{\"@id\":\"https:\\\/\\\/diariotextual.com\\\/inicio\\\/index.php\\\/2019\\\/08\\\/28\\\/gobierno-abre-proceso-renegociacion-los-vencimientos-la-deuda\\\/\"},\"wordCount\":381,\"publisher\":{\"@id\":\"https:\\\/\\\/diariotextual.com\\\/inicio\\\/#organization\"},\"image\":{\"@id\":\"https:\\\/\\\/diariotextual.com\\\/inicio\\\/index.php\\\/2019\\\/08\\\/28\\\/gobierno-abre-proceso-renegociacion-los-vencimientos-la-deuda\\\/#primaryimage\"},\"thumbnailUrl\":\"https:\\\/\\\/diariotextual.com\\\/inicio\\\/wp-content\\\/uploads\\\/2019\\\/08\\\/lacunzahernanconferenciasolo0.jpg\",\"articleSection\":[\"A - ES NOTICIA (van abajo)\",\"A - QUE PASA (al costado)\",\"ECONOMIA\"],\"inLanguage\":\"es\"},{\"@type\":\"WebPage\",\"@id\":\"https:\\\/\\\/diariotextual.com\\\/inicio\\\/index.php\\\/2019\\\/08\\\/28\\\/gobierno-abre-proceso-renegociacion-los-vencimientos-la-deuda\\\/\",\"url\":\"https:\\\/\\\/diariotextual.com\\\/inicio\\\/index.php\\\/2019\\\/08\\\/28\\\/gobierno-abre-proceso-renegociacion-los-vencimientos-la-deuda\\\/\",\"name\":\"El Gobierno abre un proceso de renegociaci\u00f3n de los vencimientos de la deuda - Diario Textual\",\"isPartOf\":{\"@id\":\"https:\\\/\\\/diariotextual.com\\\/inicio\\\/#website\"},\"primaryImageOfPage\":{\"@id\":\"https:\\\/\\\/diariotextual.com\\\/inicio\\\/index.php\\\/2019\\\/08\\\/28\\\/gobierno-abre-proceso-renegociacion-los-vencimientos-la-deuda\\\/#primaryimage\"},\"image\":{\"@id\":\"https:\\\/\\\/diariotextual.com\\\/inicio\\\/index.php\\\/2019\\\/08\\\/28\\\/gobierno-abre-proceso-renegociacion-los-vencimientos-la-deuda\\\/#primaryimage\"},\"thumbnailUrl\":\"https:\\\/\\\/diariotextual.com\\\/inicio\\\/wp-content\\\/uploads\\\/2019\\\/08\\\/lacunzahernanconferenciasolo0.jpg\",\"datePublished\":\"2019-08-28T21:55:17+00:00\",\"dateModified\":\"2019-08-29T11:02:53+00:00\",\"breadcrumb\":{\"@id\":\"https:\\\/\\\/diariotextual.com\\\/inicio\\\/index.php\\\/2019\\\/08\\\/28\\\/gobierno-abre-proceso-renegociacion-los-vencimientos-la-deuda\\\/#breadcrumb\"},\"inLanguage\":\"es\",\"potentialAction\":[{\"@type\":\"ReadAction\",\"target\":[\"https:\\\/\\\/diariotextual.com\\\/inicio\\\/index.php\\\/2019\\\/08\\\/28\\\/gobierno-abre-proceso-renegociacion-los-vencimientos-la-deuda\\\/\"]}]},{\"@type\":\"ImageObject\",\"inLanguage\":\"es\",\"@id\":\"https:\\\/\\\/diariotextual.com\\\/inicio\\\/index.php\\\/2019\\\/08\\\/28\\\/gobierno-abre-proceso-renegociacion-los-vencimientos-la-deuda\\\/#primaryimage\",\"url\":\"https:\\\/\\\/diariotextual.com\\\/inicio\\\/wp-content\\\/uploads\\\/2019\\\/08\\\/lacunzahernanconferenciasolo0.jpg\",\"contentUrl\":\"https:\\\/\\\/diariotextual.com\\\/inicio\\\/wp-content\\\/uploads\\\/2019\\\/08\\\/lacunzahernanconferenciasolo0.jpg\",\"width\":840,\"height\":489},{\"@type\":\"BreadcrumbList\",\"@id\":\"https:\\\/\\\/diariotextual.com\\\/inicio\\\/index.php\\\/2019\\\/08\\\/28\\\/gobierno-abre-proceso-renegociacion-los-vencimientos-la-deuda\\\/#breadcrumb\",\"itemListElement\":[{\"@type\":\"ListItem\",\"position\":1,\"name\":\"Portada\",\"item\":\"https:\\\/\\\/diariotextual.com\\\/inicio\\\/\"},{\"@type\":\"ListItem\",\"position\":2,\"name\":\"El Gobierno abre un proceso de renegociaci\u00f3n de los vencimientos de la deuda\"}]},{\"@type\":\"WebSite\",\"@id\":\"https:\\\/\\\/diariotextual.com\\\/inicio\\\/#website\",\"url\":\"https:\\\/\\\/diariotextual.com\\\/inicio\\\/\",\"name\":\"Diario Textual\",\"description\":\"\",\"publisher\":{\"@id\":\"https:\\\/\\\/diariotextual.com\\\/inicio\\\/#organization\"},\"potentialAction\":[{\"@type\":\"SearchAction\",\"target\":{\"@type\":\"EntryPoint\",\"urlTemplate\":\"https:\\\/\\\/diariotextual.com\\\/inicio\\\/?s={search_term_string}\"},\"query-input\":{\"@type\":\"PropertyValueSpecification\",\"valueRequired\":true,\"valueName\":\"search_term_string\"}}],\"inLanguage\":\"es\"},{\"@type\":\"Organization\",\"@id\":\"https:\\\/\\\/diariotextual.com\\\/inicio\\\/#organization\",\"name\":\"Diario Textual\",\"url\":\"https:\\\/\\\/diariotextual.com\\\/inicio\\\/\",\"logo\":{\"@type\":\"ImageObject\",\"inLanguage\":\"es\",\"@id\":\"https:\\\/\\\/diariotextual.com\\\/inicio\\\/#\\\/schema\\\/logo\\\/image\\\/\",\"url\":\"https:\\\/\\\/diariotextual.com\\\/inicio\\\/wp-content\\\/uploads\\\/2023\\\/05\\\/logotextual1.jpg\",\"contentUrl\":\"https:\\\/\\\/diariotextual.com\\\/inicio\\\/wp-content\\\/uploads\\\/2023\\\/05\\\/logotextual1.jpg\",\"width\":516,\"height\":76,\"caption\":\"Diario Textual\"},\"image\":{\"@id\":\"https:\\\/\\\/diariotextual.com\\\/inicio\\\/#\\\/schema\\\/logo\\\/image\\\/\"},\"sameAs\":[\"https:\\\/\\\/www.facebook.com\\\/eltextual\",\"https:\\\/\\\/x.com\\\/eltextual\",\"http:\\\/\\\/www.instagram.com\\\/eltextual\"]},{\"@type\":\"Person\",\"@id\":\"https:\\\/\\\/diariotextual.com\\\/inicio\\\/#\\\/schema\\\/person\\\/418fc4093c33e86ed41562db3508f958\",\"name\":\"Diario1 Diario1\",\"image\":{\"@type\":\"ImageObject\",\"inLanguage\":\"es\",\"@id\":\"https:\\\/\\\/secure.gravatar.com\\\/avatar\\\/9167d280179c85bc18be67aa7eda765854300033af4896dd779b608640f2ef7a?s=96&d=mm&r=g\",\"url\":\"https:\\\/\\\/secure.gravatar.com\\\/avatar\\\/9167d280179c85bc18be67aa7eda765854300033af4896dd779b608640f2ef7a?s=96&d=mm&r=g\",\"contentUrl\":\"https:\\\/\\\/secure.gravatar.com\\\/avatar\\\/9167d280179c85bc18be67aa7eda765854300033af4896dd779b608640f2ef7a?s=96&d=mm&r=g\",\"caption\":\"Diario1 Diario1\"},\"url\":\"https:\\\/\\\/diariotextual.com\\\/inicio\\\/index.php\\\/author\\\/diario1\\\/\"}]}<\/script>\n<!-- \/ Yoast SEO plugin. -->","yoast_head_json":{"title":"El Gobierno abre un proceso de renegociaci\u00f3n de los vencimientos de la deuda - Diario Textual","robots":{"index":"index","follow":"follow","max-snippet":"max-snippet:-1","max-image-preview":"max-image-preview:large","max-video-preview":"max-video-preview:-1"},"canonical":"https:\/\/diariotextual.com\/inicio\/index.php\/2019\/08\/28\/gobierno-abre-proceso-renegociacion-los-vencimientos-la-deuda\/","og_locale":"es_ES","og_type":"article","og_title":"El Gobierno abre un proceso de renegociaci\u00f3n de los vencimientos de la deuda - Diario Textual","og_description":"El ministro de Hacienda,\u00a0Hern\u00e1n Lacunza,\u00a0anunci\u00f3 que abrir\u00e1 un proceso de renegociaci\u00f3n de la deuda. Enviar\u00e1 una ley al Congreso para la deuda local y se negociar\u00e1 con los acreedores externos.&hellip;","og_url":"https:\/\/diariotextual.com\/inicio\/index.php\/2019\/08\/28\/gobierno-abre-proceso-renegociacion-los-vencimientos-la-deuda\/","og_site_name":"Diario Textual","article_publisher":"https:\/\/www.facebook.com\/eltextual","article_published_time":"2019-08-28T21:55:17+00:00","article_modified_time":"2019-08-29T11:02:53+00:00","og_image":[{"width":840,"height":489,"url":"https:\/\/diariotextual.com\/inicio\/wp-content\/uploads\/2019\/08\/lacunzahernanconferenciasolo0.jpg","type":"image\/jpeg"}],"author":"Diario1 Diario1","twitter_card":"summary_large_image","twitter_creator":"@eltextual","twitter_site":"@eltextual","twitter_misc":{"Escrito por":"Diario1 Diario1","Tiempo de lectura":"2 minutos"},"schema":{"@context":"https:\/\/schema.org","@graph":[{"@type":"Article","@id":"https:\/\/diariotextual.com\/inicio\/index.php\/2019\/08\/28\/gobierno-abre-proceso-renegociacion-los-vencimientos-la-deuda\/#article","isPartOf":{"@id":"https:\/\/diariotextual.com\/inicio\/index.php\/2019\/08\/28\/gobierno-abre-proceso-renegociacion-los-vencimientos-la-deuda\/"},"author":{"name":"Diario1 Diario1","@id":"https:\/\/diariotextual.com\/inicio\/#\/schema\/person\/418fc4093c33e86ed41562db3508f958"},"headline":"El Gobierno abre un proceso de renegociaci\u00f3n de los vencimientos de la deuda","datePublished":"2019-08-28T21:55:17+00:00","dateModified":"2019-08-29T11:02:53+00:00","mainEntityOfPage":{"@id":"https:\/\/diariotextual.com\/inicio\/index.php\/2019\/08\/28\/gobierno-abre-proceso-renegociacion-los-vencimientos-la-deuda\/"},"wordCount":381,"publisher":{"@id":"https:\/\/diariotextual.com\/inicio\/#organization"},"image":{"@id":"https:\/\/diariotextual.com\/inicio\/index.php\/2019\/08\/28\/gobierno-abre-proceso-renegociacion-los-vencimientos-la-deuda\/#primaryimage"},"thumbnailUrl":"https:\/\/diariotextual.com\/inicio\/wp-content\/uploads\/2019\/08\/lacunzahernanconferenciasolo0.jpg","articleSection":["A - ES NOTICIA (van abajo)","A - QUE PASA (al costado)","ECONOMIA"],"inLanguage":"es"},{"@type":"WebPage","@id":"https:\/\/diariotextual.com\/inicio\/index.php\/2019\/08\/28\/gobierno-abre-proceso-renegociacion-los-vencimientos-la-deuda\/","url":"https:\/\/diariotextual.com\/inicio\/index.php\/2019\/08\/28\/gobierno-abre-proceso-renegociacion-los-vencimientos-la-deuda\/","name":"El Gobierno abre un proceso de renegociaci\u00f3n de los vencimientos de la deuda - Diario Textual","isPartOf":{"@id":"https:\/\/diariotextual.com\/inicio\/#website"},"primaryImageOfPage":{"@id":"https:\/\/diariotextual.com\/inicio\/index.php\/2019\/08\/28\/gobierno-abre-proceso-renegociacion-los-vencimientos-la-deuda\/#primaryimage"},"image":{"@id":"https:\/\/diariotextual.com\/inicio\/index.php\/2019\/08\/28\/gobierno-abre-proceso-renegociacion-los-vencimientos-la-deuda\/#primaryimage"},"thumbnailUrl":"https:\/\/diariotextual.com\/inicio\/wp-content\/uploads\/2019\/08\/lacunzahernanconferenciasolo0.jpg","datePublished":"2019-08-28T21:55:17+00:00","dateModified":"2019-08-29T11:02:53+00:00","breadcrumb":{"@id":"https:\/\/diariotextual.com\/inicio\/index.php\/2019\/08\/28\/gobierno-abre-proceso-renegociacion-los-vencimientos-la-deuda\/#breadcrumb"},"inLanguage":"es","potentialAction":[{"@type":"ReadAction","target":["https:\/\/diariotextual.com\/inicio\/index.php\/2019\/08\/28\/gobierno-abre-proceso-renegociacion-los-vencimientos-la-deuda\/"]}]},{"@type":"ImageObject","inLanguage":"es","@id":"https:\/\/diariotextual.com\/inicio\/index.php\/2019\/08\/28\/gobierno-abre-proceso-renegociacion-los-vencimientos-la-deuda\/#primaryimage","url":"https:\/\/diariotextual.com\/inicio\/wp-content\/uploads\/2019\/08\/lacunzahernanconferenciasolo0.jpg","contentUrl":"https:\/\/diariotextual.com\/inicio\/wp-content\/uploads\/2019\/08\/lacunzahernanconferenciasolo0.jpg","width":840,"height":489},{"@type":"BreadcrumbList","@id":"https:\/\/diariotextual.com\/inicio\/index.php\/2019\/08\/28\/gobierno-abre-proceso-renegociacion-los-vencimientos-la-deuda\/#breadcrumb","itemListElement":[{"@type":"ListItem","position":1,"name":"Portada","item":"https:\/\/diariotextual.com\/inicio\/"},{"@type":"ListItem","position":2,"name":"El Gobierno abre un proceso de renegociaci\u00f3n de los vencimientos de la deuda"}]},{"@type":"WebSite","@id":"https:\/\/diariotextual.com\/inicio\/#website","url":"https:\/\/diariotextual.com\/inicio\/","name":"Diario Textual","description":"","publisher":{"@id":"https:\/\/diariotextual.com\/inicio\/#organization"},"potentialAction":[{"@type":"SearchAction","target":{"@type":"EntryPoint","urlTemplate":"https:\/\/diariotextual.com\/inicio\/?s={search_term_string}"},"query-input":{"@type":"PropertyValueSpecification","valueRequired":true,"valueName":"search_term_string"}}],"inLanguage":"es"},{"@type":"Organization","@id":"https:\/\/diariotextual.com\/inicio\/#organization","name":"Diario Textual","url":"https:\/\/diariotextual.com\/inicio\/","logo":{"@type":"ImageObject","inLanguage":"es","@id":"https:\/\/diariotextual.com\/inicio\/#\/schema\/logo\/image\/","url":"https:\/\/diariotextual.com\/inicio\/wp-content\/uploads\/2023\/05\/logotextual1.jpg","contentUrl":"https:\/\/diariotextual.com\/inicio\/wp-content\/uploads\/2023\/05\/logotextual1.jpg","width":516,"height":76,"caption":"Diario Textual"},"image":{"@id":"https:\/\/diariotextual.com\/inicio\/#\/schema\/logo\/image\/"},"sameAs":["https:\/\/www.facebook.com\/eltextual","https:\/\/x.com\/eltextual","http:\/\/www.instagram.com\/eltextual"]},{"@type":"Person","@id":"https:\/\/diariotextual.com\/inicio\/#\/schema\/person\/418fc4093c33e86ed41562db3508f958","name":"Diario1 Diario1","image":{"@type":"ImageObject","inLanguage":"es","@id":"https:\/\/secure.gravatar.com\/avatar\/9167d280179c85bc18be67aa7eda765854300033af4896dd779b608640f2ef7a?s=96&d=mm&r=g","url":"https:\/\/secure.gravatar.com\/avatar\/9167d280179c85bc18be67aa7eda765854300033af4896dd779b608640f2ef7a?s=96&d=mm&r=g","contentUrl":"https:\/\/secure.gravatar.com\/avatar\/9167d280179c85bc18be67aa7eda765854300033af4896dd779b608640f2ef7a?s=96&d=mm&r=g","caption":"Diario1 Diario1"},"url":"https:\/\/diariotextual.com\/inicio\/index.php\/author\/diario1\/"}]}},"_links":{"self":[{"href":"https:\/\/diariotextual.com\/inicio\/index.php\/wp-json\/wp\/v2\/posts\/61037","targetHints":{"allow":["GET"]}}],"collection":[{"href":"https:\/\/diariotextual.com\/inicio\/index.php\/wp-json\/wp\/v2\/posts"}],"about":[{"href":"https:\/\/diariotextual.com\/inicio\/index.php\/wp-json\/wp\/v2\/types\/post"}],"author":[{"embeddable":true,"href":"https:\/\/diariotextual.com\/inicio\/index.php\/wp-json\/wp\/v2\/users\/3"}],"replies":[{"embeddable":true,"href":"https:\/\/diariotextual.com\/inicio\/index.php\/wp-json\/wp\/v2\/comments?post=61037"}],"version-history":[{"count":5,"href":"https:\/\/diariotextual.com\/inicio\/index.php\/wp-json\/wp\/v2\/posts\/61037\/revisions"}],"predecessor-version":[{"id":61062,"href":"https:\/\/diariotextual.com\/inicio\/index.php\/wp-json\/wp\/v2\/posts\/61037\/revisions\/61062"}],"wp:featuredmedia":[{"embeddable":true,"href":"https:\/\/diariotextual.com\/inicio\/index.php\/wp-json\/wp\/v2\/media\/60097"}],"wp:attachment":[{"href":"https:\/\/diariotextual.com\/inicio\/index.php\/wp-json\/wp\/v2\/media?parent=61037"}],"wp:term":[{"taxonomy":"category","embeddable":true,"href":"https:\/\/diariotextual.com\/inicio\/index.php\/wp-json\/wp\/v2\/categories?post=61037"},{"taxonomy":"post_tag","embeddable":true,"href":"https:\/\/diariotextual.com\/inicio\/index.php\/wp-json\/wp\/v2\/tags?post=61037"}],"curies":[{"name":"wp","href":"https:\/\/api.w.org\/{rel}","templated":true}]}}