{"id":61047,"date":"2019-08-28T20:34:24","date_gmt":"2019-08-28T23:34:24","guid":{"rendered":"http:\/\/diariotextual.com\/inicio\/?p=61047"},"modified":"2019-08-29T08:10:08","modified_gmt":"2019-08-29T11:10:08","slug":"fmi-evaluara-impacto-las-medidas-anunciadas-lacunza","status":"publish","type":"post","link":"https:\/\/diariotextual.com\/inicio\/index.php\/2019\/08\/28\/fmi-evaluara-impacto-las-medidas-anunciadas-lacunza\/","title":{"rendered":"El FMI evaluar\u00e1 \u201cel impacto\u201d de las medidas anunciadas por Lacunza"},"content":{"rendered":"<p>Pocos minutos despu\u00e9s de que el ministro de Hacienda, Hern\u00e1n Lacunza, anunciara que buscar\u00e1n <strong><a href=\"http:\/\/diariotextual.com\/inicio\/index.php\/2019\/08\/28\/gobierno-abre-proceso-renegociacion-los-vencimientos-la-deuda\/\">renegociar la deuda que se tiene con el Fondo Monetario Internacional (FMI)<\/a><\/strong>, el vocero principal del organismo, Gerry Rice, dijo que est\u00e1n evaluando el alcance de los anuncios.<\/p>\n<p><!--more--><\/p>\n<p>\u201cUn equipo del FMI dirigido por el Roberto Cardarelli est\u00e1 regresando a Washington hoy como estaba programado. <strong>El equipo mantuvo conversaciones productivas con el ministro de Finanzas, Hern\u00e1n Lacunza<\/strong>, y el presidente del BCRA, Guido Sandleris, y sus respectivos equipos\u201d, dijo Rice, y agreg\u00f3: \u201cEl <strong>personal del FMI tambi\u00e9n se reuni\u00f3 con el Alberto Fern\u00e1ndez y miembros de su equipo econ\u00f3mico para intercambiar visiones<\/strong> sobre la econom\u00eda de Argentina\u201d.<\/p>\n<p>Luego habl\u00f3 sobre los anuncios de Lacunza y dijo: \u201cCon <strong>respecto a la operaci\u00f3n de la deuda anunciada hoy por las autoridades argentinas, el personal del Fondo est\u00e1 en proceso de analizarlas y evaluar su impacto<\/strong>. Entendemos que las autoridades <strong>han tomado estos pasos importantes para hacer frente a las necesidades de liquidez y para salvaguardar las reservas<\/strong>\u201d.<\/p>\n<p>\u201cEl personal <strong>permanecer\u00e1 en estrecho contacto con las autoridades argentinas en el pr\u00f3ximo per\u00edodo y el Fondo seguir\u00e1 al lado de la Argentina en estos momentos<\/strong> desafiantes\u201d, concluy\u00f3 Rice en un escueto comunicado.<\/p>\n","protected":false},"excerpt":{"rendered":"<p>Pocos minutos despu\u00e9s de que el ministro de Hacienda, Hern\u00e1n Lacunza, anunciara que buscar\u00e1n renegociar la deuda que se tiene con el Fondo Monetario Internacional (FMI), el vocero principal del&hellip;<\/p>\n","protected":false},"author":5,"featured_media":61048,"comment_status":"closed","ping_status":"open","sticky":false,"template":"","format":"standard","meta":{"_acf_changed":false,"footnotes":""},"categories":[11,5],"tags":[],"class_list":["post-61047","post","type-post","status-publish","format-standard","has-post-thumbnail","hentry","category-que-pasa","category-economia"],"acf":[],"yoast_head":"<!-- This site is optimized with the Yoast SEO plugin v27.5 - https:\/\/yoast.com\/product\/yoast-seo-wordpress\/ -->\n<title>El FMI evaluar\u00e1 \u201cel impacto\u201d de las medidas anunciadas por Lacunza - Diario Textual<\/title>\n<meta name=\"robots\" content=\"index, follow, max-snippet:-1, max-image-preview:large, max-video-preview:-1\" \/>\n<link rel=\"canonical\" href=\"https:\/\/diariotextual.com\/inicio\/index.php\/2019\/08\/28\/fmi-evaluara-impacto-las-medidas-anunciadas-lacunza\/\" \/>\n<meta property=\"og:locale\" content=\"es_ES\" \/>\n<meta property=\"og:type\" content=\"article\" \/>\n<meta property=\"og:title\" content=\"El FMI evaluar\u00e1 \u201cel impacto\u201d de las medidas anunciadas por Lacunza - Diario Textual\" \/>\n<meta property=\"og:description\" content=\"Pocos minutos despu\u00e9s de que el ministro de Hacienda, Hern\u00e1n Lacunza, anunciara que buscar\u00e1n renegociar la deuda que se tiene con el Fondo Monetario Internacional (FMI), el vocero principal del&hellip;\" \/>\n<meta property=\"og:url\" content=\"https:\/\/diariotextual.com\/inicio\/index.php\/2019\/08\/28\/fmi-evaluara-impacto-las-medidas-anunciadas-lacunza\/\" \/>\n<meta property=\"og:site_name\" content=\"Diario Textual\" \/>\n<meta property=\"article:publisher\" content=\"https:\/\/www.facebook.com\/eltextual\" \/>\n<meta property=\"article:published_time\" content=\"2019-08-28T23:34:24+00:00\" \/>\n<meta property=\"article:modified_time\" content=\"2019-08-29T11:10:08+00:00\" \/>\n<meta property=\"og:image\" content=\"https:\/\/diariotextual.com\/inicio\/wp-content\/uploads\/2019\/08\/RiceFMI.jpg\" \/>\n\t<meta property=\"og:image:width\" content=\"700\" \/>\n\t<meta property=\"og:image:height\" content=\"444\" \/>\n\t<meta property=\"og:image:type\" content=\"image\/jpeg\" \/>\n<meta name=\"author\" content=\"diario3\" \/>\n<meta name=\"twitter:card\" content=\"summary_large_image\" \/>\n<meta name=\"twitter:creator\" content=\"@eltextual\" \/>\n<meta name=\"twitter:site\" content=\"@eltextual\" \/>\n<meta name=\"twitter:label1\" content=\"Escrito por\" \/>\n\t<meta name=\"twitter:data1\" content=\"diario3\" \/>\n\t<meta name=\"twitter:label2\" content=\"Tiempo de lectura\" \/>\n\t<meta name=\"twitter:data2\" content=\"1 minuto\" \/>\n<script type=\"application\/ld+json\" class=\"yoast-schema-graph\">{\"@context\":\"https:\\\/\\\/schema.org\",\"@graph\":[{\"@type\":\"Article\",\"@id\":\"https:\\\/\\\/diariotextual.com\\\/inicio\\\/index.php\\\/2019\\\/08\\\/28\\\/fmi-evaluara-impacto-las-medidas-anunciadas-lacunza\\\/#article\",\"isPartOf\":{\"@id\":\"https:\\\/\\\/diariotextual.com\\\/inicio\\\/index.php\\\/2019\\\/08\\\/28\\\/fmi-evaluara-impacto-las-medidas-anunciadas-lacunza\\\/\"},\"author\":{\"name\":\"diario3\",\"@id\":\"https:\\\/\\\/diariotextual.com\\\/inicio\\\/#\\\/schema\\\/person\\\/a1b6f563e0ee944c60f98119389a4d9f\"},\"headline\":\"El FMI evaluar\u00e1 \u201cel impacto\u201d de las medidas anunciadas por Lacunza\",\"datePublished\":\"2019-08-28T23:34:24+00:00\",\"dateModified\":\"2019-08-29T11:10:08+00:00\",\"mainEntityOfPage\":{\"@id\":\"https:\\\/\\\/diariotextual.com\\\/inicio\\\/index.php\\\/2019\\\/08\\\/28\\\/fmi-evaluara-impacto-las-medidas-anunciadas-lacunza\\\/\"},\"wordCount\":225,\"publisher\":{\"@id\":\"https:\\\/\\\/diariotextual.com\\\/inicio\\\/#organization\"},\"image\":{\"@id\":\"https:\\\/\\\/diariotextual.com\\\/inicio\\\/index.php\\\/2019\\\/08\\\/28\\\/fmi-evaluara-impacto-las-medidas-anunciadas-lacunza\\\/#primaryimage\"},\"thumbnailUrl\":\"https:\\\/\\\/diariotextual.com\\\/inicio\\\/wp-content\\\/uploads\\\/2019\\\/08\\\/RiceFMI.jpg\",\"articleSection\":[\"A - QUE PASA (al costado)\",\"ECONOMIA\"],\"inLanguage\":\"es\"},{\"@type\":\"WebPage\",\"@id\":\"https:\\\/\\\/diariotextual.com\\\/inicio\\\/index.php\\\/2019\\\/08\\\/28\\\/fmi-evaluara-impacto-las-medidas-anunciadas-lacunza\\\/\",\"url\":\"https:\\\/\\\/diariotextual.com\\\/inicio\\\/index.php\\\/2019\\\/08\\\/28\\\/fmi-evaluara-impacto-las-medidas-anunciadas-lacunza\\\/\",\"name\":\"El FMI evaluar\u00e1 \u201cel impacto\u201d de las medidas anunciadas por Lacunza - Diario Textual\",\"isPartOf\":{\"@id\":\"https:\\\/\\\/diariotextual.com\\\/inicio\\\/#website\"},\"primaryImageOfPage\":{\"@id\":\"https:\\\/\\\/diariotextual.com\\\/inicio\\\/index.php\\\/2019\\\/08\\\/28\\\/fmi-evaluara-impacto-las-medidas-anunciadas-lacunza\\\/#primaryimage\"},\"image\":{\"@id\":\"https:\\\/\\\/diariotextual.com\\\/inicio\\\/index.php\\\/2019\\\/08\\\/28\\\/fmi-evaluara-impacto-las-medidas-anunciadas-lacunza\\\/#primaryimage\"},\"thumbnailUrl\":\"https:\\\/\\\/diariotextual.com\\\/inicio\\\/wp-content\\\/uploads\\\/2019\\\/08\\\/RiceFMI.jpg\",\"datePublished\":\"2019-08-28T23:34:24+00:00\",\"dateModified\":\"2019-08-29T11:10:08+00:00\",\"breadcrumb\":{\"@id\":\"https:\\\/\\\/diariotextual.com\\\/inicio\\\/index.php\\\/2019\\\/08\\\/28\\\/fmi-evaluara-impacto-las-medidas-anunciadas-lacunza\\\/#breadcrumb\"},\"inLanguage\":\"es\",\"potentialAction\":[{\"@type\":\"ReadAction\",\"target\":[\"https:\\\/\\\/diariotextual.com\\\/inicio\\\/index.php\\\/2019\\\/08\\\/28\\\/fmi-evaluara-impacto-las-medidas-anunciadas-lacunza\\\/\"]}]},{\"@type\":\"ImageObject\",\"inLanguage\":\"es\",\"@id\":\"https:\\\/\\\/diariotextual.com\\\/inicio\\\/index.php\\\/2019\\\/08\\\/28\\\/fmi-evaluara-impacto-las-medidas-anunciadas-lacunza\\\/#primaryimage\",\"url\":\"https:\\\/\\\/diariotextual.com\\\/inicio\\\/wp-content\\\/uploads\\\/2019\\\/08\\\/RiceFMI.jpg\",\"contentUrl\":\"https:\\\/\\\/diariotextual.com\\\/inicio\\\/wp-content\\\/uploads\\\/2019\\\/08\\\/RiceFMI.jpg\",\"width\":700,\"height\":444},{\"@type\":\"BreadcrumbList\",\"@id\":\"https:\\\/\\\/diariotextual.com\\\/inicio\\\/index.php\\\/2019\\\/08\\\/28\\\/fmi-evaluara-impacto-las-medidas-anunciadas-lacunza\\\/#breadcrumb\",\"itemListElement\":[{\"@type\":\"ListItem\",\"position\":1,\"name\":\"Portada\",\"item\":\"https:\\\/\\\/diariotextual.com\\\/inicio\\\/\"},{\"@type\":\"ListItem\",\"position\":2,\"name\":\"El FMI evaluar\u00e1 \u201cel impacto\u201d de las medidas anunciadas por Lacunza\"}]},{\"@type\":\"WebSite\",\"@id\":\"https:\\\/\\\/diariotextual.com\\\/inicio\\\/#website\",\"url\":\"https:\\\/\\\/diariotextual.com\\\/inicio\\\/\",\"name\":\"Diario Textual\",\"description\":\"\",\"publisher\":{\"@id\":\"https:\\\/\\\/diariotextual.com\\\/inicio\\\/#organization\"},\"potentialAction\":[{\"@type\":\"SearchAction\",\"target\":{\"@type\":\"EntryPoint\",\"urlTemplate\":\"https:\\\/\\\/diariotextual.com\\\/inicio\\\/?s={search_term_string}\"},\"query-input\":{\"@type\":\"PropertyValueSpecification\",\"valueRequired\":true,\"valueName\":\"search_term_string\"}}],\"inLanguage\":\"es\"},{\"@type\":\"Organization\",\"@id\":\"https:\\\/\\\/diariotextual.com\\\/inicio\\\/#organization\",\"name\":\"Diario Textual\",\"url\":\"https:\\\/\\\/diariotextual.com\\\/inicio\\\/\",\"logo\":{\"@type\":\"ImageObject\",\"inLanguage\":\"es\",\"@id\":\"https:\\\/\\\/diariotextual.com\\\/inicio\\\/#\\\/schema\\\/logo\\\/image\\\/\",\"url\":\"https:\\\/\\\/diariotextual.com\\\/inicio\\\/wp-content\\\/uploads\\\/2023\\\/05\\\/logotextual1.jpg\",\"contentUrl\":\"https:\\\/\\\/diariotextual.com\\\/inicio\\\/wp-content\\\/uploads\\\/2023\\\/05\\\/logotextual1.jpg\",\"width\":516,\"height\":76,\"caption\":\"Diario Textual\"},\"image\":{\"@id\":\"https:\\\/\\\/diariotextual.com\\\/inicio\\\/#\\\/schema\\\/logo\\\/image\\\/\"},\"sameAs\":[\"https:\\\/\\\/www.facebook.com\\\/eltextual\",\"https:\\\/\\\/x.com\\\/eltextual\",\"http:\\\/\\\/www.instagram.com\\\/eltextual\"]},{\"@type\":\"Person\",\"@id\":\"https:\\\/\\\/diariotextual.com\\\/inicio\\\/#\\\/schema\\\/person\\\/a1b6f563e0ee944c60f98119389a4d9f\",\"name\":\"diario3\",\"image\":{\"@type\":\"ImageObject\",\"inLanguage\":\"es\",\"@id\":\"https:\\\/\\\/secure.gravatar.com\\\/avatar\\\/5e7ee62c82fc04d9dd79d746a390d93c69c43223e5faeeb3ea9461ef752bfc5d?s=96&d=mm&r=g\",\"url\":\"https:\\\/\\\/secure.gravatar.com\\\/avatar\\\/5e7ee62c82fc04d9dd79d746a390d93c69c43223e5faeeb3ea9461ef752bfc5d?s=96&d=mm&r=g\",\"contentUrl\":\"https:\\\/\\\/secure.gravatar.com\\\/avatar\\\/5e7ee62c82fc04d9dd79d746a390d93c69c43223e5faeeb3ea9461ef752bfc5d?s=96&d=mm&r=g\",\"caption\":\"diario3\"},\"url\":\"https:\\\/\\\/diariotextual.com\\\/inicio\\\/index.php\\\/author\\\/diario3\\\/\"}]}<\/script>\n<!-- \/ Yoast SEO plugin. -->","yoast_head_json":{"title":"El FMI evaluar\u00e1 \u201cel impacto\u201d de las medidas anunciadas por Lacunza - Diario Textual","robots":{"index":"index","follow":"follow","max-snippet":"max-snippet:-1","max-image-preview":"max-image-preview:large","max-video-preview":"max-video-preview:-1"},"canonical":"https:\/\/diariotextual.com\/inicio\/index.php\/2019\/08\/28\/fmi-evaluara-impacto-las-medidas-anunciadas-lacunza\/","og_locale":"es_ES","og_type":"article","og_title":"El FMI evaluar\u00e1 \u201cel impacto\u201d de las medidas anunciadas por Lacunza - Diario Textual","og_description":"Pocos minutos despu\u00e9s de que el ministro de Hacienda, Hern\u00e1n Lacunza, anunciara que buscar\u00e1n renegociar la deuda que se tiene con el Fondo Monetario Internacional (FMI), el vocero principal del&hellip;","og_url":"https:\/\/diariotextual.com\/inicio\/index.php\/2019\/08\/28\/fmi-evaluara-impacto-las-medidas-anunciadas-lacunza\/","og_site_name":"Diario Textual","article_publisher":"https:\/\/www.facebook.com\/eltextual","article_published_time":"2019-08-28T23:34:24+00:00","article_modified_time":"2019-08-29T11:10:08+00:00","og_image":[{"width":700,"height":444,"url":"https:\/\/diariotextual.com\/inicio\/wp-content\/uploads\/2019\/08\/RiceFMI.jpg","type":"image\/jpeg"}],"author":"diario3","twitter_card":"summary_large_image","twitter_creator":"@eltextual","twitter_site":"@eltextual","twitter_misc":{"Escrito por":"diario3","Tiempo de lectura":"1 minuto"},"schema":{"@context":"https:\/\/schema.org","@graph":[{"@type":"Article","@id":"https:\/\/diariotextual.com\/inicio\/index.php\/2019\/08\/28\/fmi-evaluara-impacto-las-medidas-anunciadas-lacunza\/#article","isPartOf":{"@id":"https:\/\/diariotextual.com\/inicio\/index.php\/2019\/08\/28\/fmi-evaluara-impacto-las-medidas-anunciadas-lacunza\/"},"author":{"name":"diario3","@id":"https:\/\/diariotextual.com\/inicio\/#\/schema\/person\/a1b6f563e0ee944c60f98119389a4d9f"},"headline":"El FMI evaluar\u00e1 \u201cel impacto\u201d de las medidas anunciadas por Lacunza","datePublished":"2019-08-28T23:34:24+00:00","dateModified":"2019-08-29T11:10:08+00:00","mainEntityOfPage":{"@id":"https:\/\/diariotextual.com\/inicio\/index.php\/2019\/08\/28\/fmi-evaluara-impacto-las-medidas-anunciadas-lacunza\/"},"wordCount":225,"publisher":{"@id":"https:\/\/diariotextual.com\/inicio\/#organization"},"image":{"@id":"https:\/\/diariotextual.com\/inicio\/index.php\/2019\/08\/28\/fmi-evaluara-impacto-las-medidas-anunciadas-lacunza\/#primaryimage"},"thumbnailUrl":"https:\/\/diariotextual.com\/inicio\/wp-content\/uploads\/2019\/08\/RiceFMI.jpg","articleSection":["A - QUE PASA (al costado)","ECONOMIA"],"inLanguage":"es"},{"@type":"WebPage","@id":"https:\/\/diariotextual.com\/inicio\/index.php\/2019\/08\/28\/fmi-evaluara-impacto-las-medidas-anunciadas-lacunza\/","url":"https:\/\/diariotextual.com\/inicio\/index.php\/2019\/08\/28\/fmi-evaluara-impacto-las-medidas-anunciadas-lacunza\/","name":"El FMI evaluar\u00e1 \u201cel impacto\u201d de las medidas anunciadas por Lacunza - Diario Textual","isPartOf":{"@id":"https:\/\/diariotextual.com\/inicio\/#website"},"primaryImageOfPage":{"@id":"https:\/\/diariotextual.com\/inicio\/index.php\/2019\/08\/28\/fmi-evaluara-impacto-las-medidas-anunciadas-lacunza\/#primaryimage"},"image":{"@id":"https:\/\/diariotextual.com\/inicio\/index.php\/2019\/08\/28\/fmi-evaluara-impacto-las-medidas-anunciadas-lacunza\/#primaryimage"},"thumbnailUrl":"https:\/\/diariotextual.com\/inicio\/wp-content\/uploads\/2019\/08\/RiceFMI.jpg","datePublished":"2019-08-28T23:34:24+00:00","dateModified":"2019-08-29T11:10:08+00:00","breadcrumb":{"@id":"https:\/\/diariotextual.com\/inicio\/index.php\/2019\/08\/28\/fmi-evaluara-impacto-las-medidas-anunciadas-lacunza\/#breadcrumb"},"inLanguage":"es","potentialAction":[{"@type":"ReadAction","target":["https:\/\/diariotextual.com\/inicio\/index.php\/2019\/08\/28\/fmi-evaluara-impacto-las-medidas-anunciadas-lacunza\/"]}]},{"@type":"ImageObject","inLanguage":"es","@id":"https:\/\/diariotextual.com\/inicio\/index.php\/2019\/08\/28\/fmi-evaluara-impacto-las-medidas-anunciadas-lacunza\/#primaryimage","url":"https:\/\/diariotextual.com\/inicio\/wp-content\/uploads\/2019\/08\/RiceFMI.jpg","contentUrl":"https:\/\/diariotextual.com\/inicio\/wp-content\/uploads\/2019\/08\/RiceFMI.jpg","width":700,"height":444},{"@type":"BreadcrumbList","@id":"https:\/\/diariotextual.com\/inicio\/index.php\/2019\/08\/28\/fmi-evaluara-impacto-las-medidas-anunciadas-lacunza\/#breadcrumb","itemListElement":[{"@type":"ListItem","position":1,"name":"Portada","item":"https:\/\/diariotextual.com\/inicio\/"},{"@type":"ListItem","position":2,"name":"El FMI evaluar\u00e1 \u201cel impacto\u201d de las medidas anunciadas por Lacunza"}]},{"@type":"WebSite","@id":"https:\/\/diariotextual.com\/inicio\/#website","url":"https:\/\/diariotextual.com\/inicio\/","name":"Diario Textual","description":"","publisher":{"@id":"https:\/\/diariotextual.com\/inicio\/#organization"},"potentialAction":[{"@type":"SearchAction","target":{"@type":"EntryPoint","urlTemplate":"https:\/\/diariotextual.com\/inicio\/?s={search_term_string}"},"query-input":{"@type":"PropertyValueSpecification","valueRequired":true,"valueName":"search_term_string"}}],"inLanguage":"es"},{"@type":"Organization","@id":"https:\/\/diariotextual.com\/inicio\/#organization","name":"Diario Textual","url":"https:\/\/diariotextual.com\/inicio\/","logo":{"@type":"ImageObject","inLanguage":"es","@id":"https:\/\/diariotextual.com\/inicio\/#\/schema\/logo\/image\/","url":"https:\/\/diariotextual.com\/inicio\/wp-content\/uploads\/2023\/05\/logotextual1.jpg","contentUrl":"https:\/\/diariotextual.com\/inicio\/wp-content\/uploads\/2023\/05\/logotextual1.jpg","width":516,"height":76,"caption":"Diario Textual"},"image":{"@id":"https:\/\/diariotextual.com\/inicio\/#\/schema\/logo\/image\/"},"sameAs":["https:\/\/www.facebook.com\/eltextual","https:\/\/x.com\/eltextual","http:\/\/www.instagram.com\/eltextual"]},{"@type":"Person","@id":"https:\/\/diariotextual.com\/inicio\/#\/schema\/person\/a1b6f563e0ee944c60f98119389a4d9f","name":"diario3","image":{"@type":"ImageObject","inLanguage":"es","@id":"https:\/\/secure.gravatar.com\/avatar\/5e7ee62c82fc04d9dd79d746a390d93c69c43223e5faeeb3ea9461ef752bfc5d?s=96&d=mm&r=g","url":"https:\/\/secure.gravatar.com\/avatar\/5e7ee62c82fc04d9dd79d746a390d93c69c43223e5faeeb3ea9461ef752bfc5d?s=96&d=mm&r=g","contentUrl":"https:\/\/secure.gravatar.com\/avatar\/5e7ee62c82fc04d9dd79d746a390d93c69c43223e5faeeb3ea9461ef752bfc5d?s=96&d=mm&r=g","caption":"diario3"},"url":"https:\/\/diariotextual.com\/inicio\/index.php\/author\/diario3\/"}]}},"_links":{"self":[{"href":"https:\/\/diariotextual.com\/inicio\/index.php\/wp-json\/wp\/v2\/posts\/61047","targetHints":{"allow":["GET"]}}],"collection":[{"href":"https:\/\/diariotextual.com\/inicio\/index.php\/wp-json\/wp\/v2\/posts"}],"about":[{"href":"https:\/\/diariotextual.com\/inicio\/index.php\/wp-json\/wp\/v2\/types\/post"}],"author":[{"embeddable":true,"href":"https:\/\/diariotextual.com\/inicio\/index.php\/wp-json\/wp\/v2\/users\/5"}],"replies":[{"embeddable":true,"href":"https:\/\/diariotextual.com\/inicio\/index.php\/wp-json\/wp\/v2\/comments?post=61047"}],"version-history":[{"count":1,"href":"https:\/\/diariotextual.com\/inicio\/index.php\/wp-json\/wp\/v2\/posts\/61047\/revisions"}],"predecessor-version":[{"id":61049,"href":"https:\/\/diariotextual.com\/inicio\/index.php\/wp-json\/wp\/v2\/posts\/61047\/revisions\/61049"}],"wp:featuredmedia":[{"embeddable":true,"href":"https:\/\/diariotextual.com\/inicio\/index.php\/wp-json\/wp\/v2\/media\/61048"}],"wp:attachment":[{"href":"https:\/\/diariotextual.com\/inicio\/index.php\/wp-json\/wp\/v2\/media?parent=61047"}],"wp:term":[{"taxonomy":"category","embeddable":true,"href":"https:\/\/diariotextual.com\/inicio\/index.php\/wp-json\/wp\/v2\/categories?post=61047"},{"taxonomy":"post_tag","embeddable":true,"href":"https:\/\/diariotextual.com\/inicio\/index.php\/wp-json\/wp\/v2\/tags?post=61047"}],"curies":[{"name":"wp","href":"https:\/\/api.w.org\/{rel}","templated":true}]}}