{"id":61114,"date":"2019-08-29T11:26:16","date_gmt":"2019-08-29T14:26:16","guid":{"rendered":"http:\/\/diariotextual.com\/inicio\/?p=61114"},"modified":"2019-08-29T14:36:47","modified_gmt":"2019-08-29T17:36:47","slug":"concejal-pide-se-plante-arbol-nino-nina-nazca-pico","status":"publish","type":"post","link":"https:\/\/diariotextual.com\/inicio\/index.php\/2019\/08\/29\/concejal-pide-se-plante-arbol-nino-nina-nazca-pico\/","title":{"rendered":"Un concejal pide que se plante un \u00e1rbol por cada ni\u00f1o y ni\u00f1a que nazca en Pico"},"content":{"rendered":"<p>El concejal radical Guillermo Coppo present\u00f3 este jueves 29 de agosto, en el que se conmemora el D\u00eda Nacional del \u00c1rbol, un proyecto de ordenanza denominado \u201cUn Ni\u00f1o\/a, Un \u00c1rbol\u201d.<\/p>\n<p>La iniciativa del programa tiene como objetivo la plantacio\u0301n de un a\u0301rbol por cada nin\u0303o y ni\u00f1a que nazca en la ciudad de General Pico.<\/p>\n<p>\u00abEste programa -argument\u00f3- fortalecera\u0301 el embellecimiento y el cuidado en general de parques, plazas y espacios verdes de la ciudad. En momentos donde vemos con preocupaci\u00f3n la deforestaci\u00f3n o la quema que se produce en el Amazona, consideramos prioritario intensificar las campan\u0303as de arbolado urbano y promover el cuidado de los mismos por parte de cada uno de los vecinos, implementando poli\u0301ticas pu\u0301blicas saludables y de promocio\u0301n de la participacio\u0301n social. Debemos indicar que poli\u0301ticas de similares caracteri\u0301sticas se esta\u0301n llevando adelante en distintos lugares del mundo como Be\u0301lgica e Israel, o en nuestro pai\u0301s como es el caso de Bariloche, Saliquello, Pellegrini y Ri\u0301o Grande\u201d.<\/p>\n<p>\u00bfC\u00f3mo se implementar\u00eda? \u00abLa municipalidad solicitar\u00e1 al Registro Civil local la no\u0301mina anual de los nin\u0303os y nin\u0303as nacidos durante el periodo 31 de julio del an\u0303o precedente hasta el 31 de Julio del an\u0303o en curso, en cuyo nombre se efectuara\u0301n las plantaciones de la especie y lugar que el municipio determine. Se rotulara\u0301 cada a\u0301rbol con una placa de madera donde se indique el nombre y apellido y la fecha de nacimiento del nin\u0303o o la nin\u0303a homenajeado, y se entregara\u0301 a la familia un certificado de compromiso de la Municipalidad de General Pico con el cuidado del medio ambiente y la calidad de vida de sus habitantes\u201d.<\/p>\n<blockquote class=\"wp-embedded-content\" data-secret=\"0oz3rDBFyJ\"><p><a href=\"http:\/\/diariotextual.com\/inicio\/index.php\/2019\/08\/29\/una-multitud-la-entrega-gratuita-caldenes-jacarandas-chanares\/\">Una multitud en la entrega gratuita de caldenes, jacarand\u00e1s y cha\u00f1ares<\/a><\/p><\/blockquote>\n<p><iframe class=\"wp-embedded-content\" sandbox=\"allow-scripts\" security=\"restricted\" style=\"position: absolute; clip: rect(1px, 1px, 1px, 1px);\" src=\"http:\/\/diariotextual.com\/inicio\/index.php\/2019\/08\/29\/una-multitud-la-entrega-gratuita-caldenes-jacarandas-chanares\/embed\/#?secret=0oz3rDBFyJ\" data-secret=\"0oz3rDBFyJ\" width=\"600\" height=\"338\" title=\"&#171;Una multitud en la entrega gratuita de caldenes, jacarand\u00e1s y cha\u00f1ares&#187; &#8212; Diario Textual\" frameborder=\"0\" marginwidth=\"0\" marginheight=\"0\" scrolling=\"no\"><\/iframe><\/p>\n","protected":false},"excerpt":{"rendered":"<p>El concejal radical Guillermo Coppo present\u00f3 este jueves 29 de agosto, en el que se conmemora el D\u00eda Nacional del \u00c1rbol, un proyecto de ordenanza denominado \u201cUn Ni\u00f1o\/a, Un \u00c1rbol\u201d.&hellip;<\/p>\n","protected":false},"author":3,"featured_media":33564,"comment_status":"closed","ping_status":"open","sticky":false,"template":"","format":"standard","meta":{"_acf_changed":false,"footnotes":""},"categories":[11,319,12],"tags":[],"class_list":["post-61114","post","type-post","status-publish","format-standard","has-post-thumbnail","hentry","category-que-pasa","category-a-temporales","category-sociedad"],"acf":[],"yoast_head":"<!-- This site is optimized with the Yoast SEO plugin v27.5 - https:\/\/yoast.com\/product\/yoast-seo-wordpress\/ -->\n<title>Un concejal pide que se plante un \u00e1rbol por cada ni\u00f1o y ni\u00f1a que nazca en Pico - Diario Textual<\/title>\n<meta name=\"robots\" content=\"index, follow, max-snippet:-1, max-image-preview:large, max-video-preview:-1\" \/>\n<link rel=\"canonical\" href=\"https:\/\/diariotextual.com\/inicio\/index.php\/2019\/08\/29\/concejal-pide-se-plante-arbol-nino-nina-nazca-pico\/\" \/>\n<meta property=\"og:locale\" content=\"es_ES\" \/>\n<meta property=\"og:type\" content=\"article\" \/>\n<meta property=\"og:title\" content=\"Un concejal pide que se plante un \u00e1rbol por cada ni\u00f1o y ni\u00f1a que nazca en Pico - Diario Textual\" \/>\n<meta property=\"og:description\" content=\"El concejal radical Guillermo Coppo present\u00f3 este jueves 29 de agosto, en el que se conmemora el D\u00eda Nacional del \u00c1rbol, un proyecto de ordenanza denominado \u201cUn Ni\u00f1o\/a, Un \u00c1rbol\u201d.&hellip;\" \/>\n<meta property=\"og:url\" content=\"https:\/\/diariotextual.com\/inicio\/index.php\/2019\/08\/29\/concejal-pide-se-plante-arbol-nino-nina-nazca-pico\/\" \/>\n<meta property=\"og:site_name\" content=\"Diario Textual\" \/>\n<meta property=\"article:publisher\" content=\"https:\/\/www.facebook.com\/eltextual\" \/>\n<meta property=\"article:published_time\" content=\"2019-08-29T14:26:16+00:00\" \/>\n<meta property=\"article:modified_time\" content=\"2019-08-29T17:36:47+00:00\" \/>\n<meta property=\"og:image\" content=\"https:\/\/diariotextual.com\/inicio\/wp-content\/uploads\/2019\/01\/picomunicipalidad224.jpg\" \/>\n\t<meta property=\"og:image:width\" content=\"874\" \/>\n\t<meta property=\"og:image:height\" content=\"540\" \/>\n\t<meta property=\"og:image:type\" content=\"image\/jpeg\" \/>\n<meta name=\"author\" content=\"Diario1 Diario1\" \/>\n<meta name=\"twitter:card\" content=\"summary_large_image\" \/>\n<meta name=\"twitter:creator\" content=\"@eltextual\" \/>\n<meta name=\"twitter:site\" content=\"@eltextual\" \/>\n<meta name=\"twitter:label1\" content=\"Escrito por\" \/>\n\t<meta name=\"twitter:data1\" content=\"Diario1 Diario1\" \/>\n\t<meta name=\"twitter:label2\" content=\"Tiempo de lectura\" \/>\n\t<meta name=\"twitter:data2\" content=\"2 minutos\" \/>\n<script type=\"application\/ld+json\" class=\"yoast-schema-graph\">{\"@context\":\"https:\\\/\\\/schema.org\",\"@graph\":[{\"@type\":\"Article\",\"@id\":\"https:\\\/\\\/diariotextual.com\\\/inicio\\\/index.php\\\/2019\\\/08\\\/29\\\/concejal-pide-se-plante-arbol-nino-nina-nazca-pico\\\/#article\",\"isPartOf\":{\"@id\":\"https:\\\/\\\/diariotextual.com\\\/inicio\\\/index.php\\\/2019\\\/08\\\/29\\\/concejal-pide-se-plante-arbol-nino-nina-nazca-pico\\\/\"},\"author\":{\"name\":\"Diario1 Diario1\",\"@id\":\"https:\\\/\\\/diariotextual.com\\\/inicio\\\/#\\\/schema\\\/person\\\/418fc4093c33e86ed41562db3508f958\"},\"headline\":\"Un concejal pide que se plante un \u00e1rbol por cada ni\u00f1o y ni\u00f1a que nazca en Pico\",\"datePublished\":\"2019-08-29T14:26:16+00:00\",\"dateModified\":\"2019-08-29T17:36:47+00:00\",\"mainEntityOfPage\":{\"@id\":\"https:\\\/\\\/diariotextual.com\\\/inicio\\\/index.php\\\/2019\\\/08\\\/29\\\/concejal-pide-se-plante-arbol-nino-nina-nazca-pico\\\/\"},\"wordCount\":326,\"publisher\":{\"@id\":\"https:\\\/\\\/diariotextual.com\\\/inicio\\\/#organization\"},\"image\":{\"@id\":\"https:\\\/\\\/diariotextual.com\\\/inicio\\\/index.php\\\/2019\\\/08\\\/29\\\/concejal-pide-se-plante-arbol-nino-nina-nazca-pico\\\/#primaryimage\"},\"thumbnailUrl\":\"https:\\\/\\\/diariotextual.com\\\/inicio\\\/wp-content\\\/uploads\\\/2019\\\/01\\\/picomunicipalidad224.jpg\",\"articleSection\":[\"A - QUE PASA (al costado)\",\"A - TEMPORALES\",\"SOCIEDAD\"],\"inLanguage\":\"es\"},{\"@type\":\"WebPage\",\"@id\":\"https:\\\/\\\/diariotextual.com\\\/inicio\\\/index.php\\\/2019\\\/08\\\/29\\\/concejal-pide-se-plante-arbol-nino-nina-nazca-pico\\\/\",\"url\":\"https:\\\/\\\/diariotextual.com\\\/inicio\\\/index.php\\\/2019\\\/08\\\/29\\\/concejal-pide-se-plante-arbol-nino-nina-nazca-pico\\\/\",\"name\":\"Un concejal pide que se plante un \u00e1rbol por cada ni\u00f1o y ni\u00f1a que nazca en Pico - Diario Textual\",\"isPartOf\":{\"@id\":\"https:\\\/\\\/diariotextual.com\\\/inicio\\\/#website\"},\"primaryImageOfPage\":{\"@id\":\"https:\\\/\\\/diariotextual.com\\\/inicio\\\/index.php\\\/2019\\\/08\\\/29\\\/concejal-pide-se-plante-arbol-nino-nina-nazca-pico\\\/#primaryimage\"},\"image\":{\"@id\":\"https:\\\/\\\/diariotextual.com\\\/inicio\\\/index.php\\\/2019\\\/08\\\/29\\\/concejal-pide-se-plante-arbol-nino-nina-nazca-pico\\\/#primaryimage\"},\"thumbnailUrl\":\"https:\\\/\\\/diariotextual.com\\\/inicio\\\/wp-content\\\/uploads\\\/2019\\\/01\\\/picomunicipalidad224.jpg\",\"datePublished\":\"2019-08-29T14:26:16+00:00\",\"dateModified\":\"2019-08-29T17:36:47+00:00\",\"breadcrumb\":{\"@id\":\"https:\\\/\\\/diariotextual.com\\\/inicio\\\/index.php\\\/2019\\\/08\\\/29\\\/concejal-pide-se-plante-arbol-nino-nina-nazca-pico\\\/#breadcrumb\"},\"inLanguage\":\"es\",\"potentialAction\":[{\"@type\":\"ReadAction\",\"target\":[\"https:\\\/\\\/diariotextual.com\\\/inicio\\\/index.php\\\/2019\\\/08\\\/29\\\/concejal-pide-se-plante-arbol-nino-nina-nazca-pico\\\/\"]}]},{\"@type\":\"ImageObject\",\"inLanguage\":\"es\",\"@id\":\"https:\\\/\\\/diariotextual.com\\\/inicio\\\/index.php\\\/2019\\\/08\\\/29\\\/concejal-pide-se-plante-arbol-nino-nina-nazca-pico\\\/#primaryimage\",\"url\":\"https:\\\/\\\/diariotextual.com\\\/inicio\\\/wp-content\\\/uploads\\\/2019\\\/01\\\/picomunicipalidad224.jpg\",\"contentUrl\":\"https:\\\/\\\/diariotextual.com\\\/inicio\\\/wp-content\\\/uploads\\\/2019\\\/01\\\/picomunicipalidad224.jpg\",\"width\":874,\"height\":540},{\"@type\":\"BreadcrumbList\",\"@id\":\"https:\\\/\\\/diariotextual.com\\\/inicio\\\/index.php\\\/2019\\\/08\\\/29\\\/concejal-pide-se-plante-arbol-nino-nina-nazca-pico\\\/#breadcrumb\",\"itemListElement\":[{\"@type\":\"ListItem\",\"position\":1,\"name\":\"Portada\",\"item\":\"https:\\\/\\\/diariotextual.com\\\/inicio\\\/\"},{\"@type\":\"ListItem\",\"position\":2,\"name\":\"Un concejal pide que se plante un \u00e1rbol por cada ni\u00f1o y ni\u00f1a que nazca en Pico\"}]},{\"@type\":\"WebSite\",\"@id\":\"https:\\\/\\\/diariotextual.com\\\/inicio\\\/#website\",\"url\":\"https:\\\/\\\/diariotextual.com\\\/inicio\\\/\",\"name\":\"Diario Textual\",\"description\":\"\",\"publisher\":{\"@id\":\"https:\\\/\\\/diariotextual.com\\\/inicio\\\/#organization\"},\"potentialAction\":[{\"@type\":\"SearchAction\",\"target\":{\"@type\":\"EntryPoint\",\"urlTemplate\":\"https:\\\/\\\/diariotextual.com\\\/inicio\\\/?s={search_term_string}\"},\"query-input\":{\"@type\":\"PropertyValueSpecification\",\"valueRequired\":true,\"valueName\":\"search_term_string\"}}],\"inLanguage\":\"es\"},{\"@type\":\"Organization\",\"@id\":\"https:\\\/\\\/diariotextual.com\\\/inicio\\\/#organization\",\"name\":\"Diario Textual\",\"url\":\"https:\\\/\\\/diariotextual.com\\\/inicio\\\/\",\"logo\":{\"@type\":\"ImageObject\",\"inLanguage\":\"es\",\"@id\":\"https:\\\/\\\/diariotextual.com\\\/inicio\\\/#\\\/schema\\\/logo\\\/image\\\/\",\"url\":\"https:\\\/\\\/diariotextual.com\\\/inicio\\\/wp-content\\\/uploads\\\/2023\\\/05\\\/logotextual1.jpg\",\"contentUrl\":\"https:\\\/\\\/diariotextual.com\\\/inicio\\\/wp-content\\\/uploads\\\/2023\\\/05\\\/logotextual1.jpg\",\"width\":516,\"height\":76,\"caption\":\"Diario Textual\"},\"image\":{\"@id\":\"https:\\\/\\\/diariotextual.com\\\/inicio\\\/#\\\/schema\\\/logo\\\/image\\\/\"},\"sameAs\":[\"https:\\\/\\\/www.facebook.com\\\/eltextual\",\"https:\\\/\\\/x.com\\\/eltextual\",\"http:\\\/\\\/www.instagram.com\\\/eltextual\"]},{\"@type\":\"Person\",\"@id\":\"https:\\\/\\\/diariotextual.com\\\/inicio\\\/#\\\/schema\\\/person\\\/418fc4093c33e86ed41562db3508f958\",\"name\":\"Diario1 Diario1\",\"image\":{\"@type\":\"ImageObject\",\"inLanguage\":\"es\",\"@id\":\"https:\\\/\\\/secure.gravatar.com\\\/avatar\\\/9167d280179c85bc18be67aa7eda765854300033af4896dd779b608640f2ef7a?s=96&d=mm&r=g\",\"url\":\"https:\\\/\\\/secure.gravatar.com\\\/avatar\\\/9167d280179c85bc18be67aa7eda765854300033af4896dd779b608640f2ef7a?s=96&d=mm&r=g\",\"contentUrl\":\"https:\\\/\\\/secure.gravatar.com\\\/avatar\\\/9167d280179c85bc18be67aa7eda765854300033af4896dd779b608640f2ef7a?s=96&d=mm&r=g\",\"caption\":\"Diario1 Diario1\"},\"url\":\"https:\\\/\\\/diariotextual.com\\\/inicio\\\/index.php\\\/author\\\/diario1\\\/\"}]}<\/script>\n<!-- \/ Yoast SEO plugin. -->","yoast_head_json":{"title":"Un concejal pide que se plante un \u00e1rbol por cada ni\u00f1o y ni\u00f1a que nazca en Pico - Diario Textual","robots":{"index":"index","follow":"follow","max-snippet":"max-snippet:-1","max-image-preview":"max-image-preview:large","max-video-preview":"max-video-preview:-1"},"canonical":"https:\/\/diariotextual.com\/inicio\/index.php\/2019\/08\/29\/concejal-pide-se-plante-arbol-nino-nina-nazca-pico\/","og_locale":"es_ES","og_type":"article","og_title":"Un concejal pide que se plante un \u00e1rbol por cada ni\u00f1o y ni\u00f1a que nazca en Pico - Diario Textual","og_description":"El concejal radical Guillermo Coppo present\u00f3 este jueves 29 de agosto, en el que se conmemora el D\u00eda Nacional del \u00c1rbol, un proyecto de ordenanza denominado \u201cUn Ni\u00f1o\/a, Un \u00c1rbol\u201d.&hellip;","og_url":"https:\/\/diariotextual.com\/inicio\/index.php\/2019\/08\/29\/concejal-pide-se-plante-arbol-nino-nina-nazca-pico\/","og_site_name":"Diario Textual","article_publisher":"https:\/\/www.facebook.com\/eltextual","article_published_time":"2019-08-29T14:26:16+00:00","article_modified_time":"2019-08-29T17:36:47+00:00","og_image":[{"width":874,"height":540,"url":"https:\/\/diariotextual.com\/inicio\/wp-content\/uploads\/2019\/01\/picomunicipalidad224.jpg","type":"image\/jpeg"}],"author":"Diario1 Diario1","twitter_card":"summary_large_image","twitter_creator":"@eltextual","twitter_site":"@eltextual","twitter_misc":{"Escrito por":"Diario1 Diario1","Tiempo de lectura":"2 minutos"},"schema":{"@context":"https:\/\/schema.org","@graph":[{"@type":"Article","@id":"https:\/\/diariotextual.com\/inicio\/index.php\/2019\/08\/29\/concejal-pide-se-plante-arbol-nino-nina-nazca-pico\/#article","isPartOf":{"@id":"https:\/\/diariotextual.com\/inicio\/index.php\/2019\/08\/29\/concejal-pide-se-plante-arbol-nino-nina-nazca-pico\/"},"author":{"name":"Diario1 Diario1","@id":"https:\/\/diariotextual.com\/inicio\/#\/schema\/person\/418fc4093c33e86ed41562db3508f958"},"headline":"Un concejal pide que se plante un \u00e1rbol por cada ni\u00f1o y ni\u00f1a que nazca en Pico","datePublished":"2019-08-29T14:26:16+00:00","dateModified":"2019-08-29T17:36:47+00:00","mainEntityOfPage":{"@id":"https:\/\/diariotextual.com\/inicio\/index.php\/2019\/08\/29\/concejal-pide-se-plante-arbol-nino-nina-nazca-pico\/"},"wordCount":326,"publisher":{"@id":"https:\/\/diariotextual.com\/inicio\/#organization"},"image":{"@id":"https:\/\/diariotextual.com\/inicio\/index.php\/2019\/08\/29\/concejal-pide-se-plante-arbol-nino-nina-nazca-pico\/#primaryimage"},"thumbnailUrl":"https:\/\/diariotextual.com\/inicio\/wp-content\/uploads\/2019\/01\/picomunicipalidad224.jpg","articleSection":["A - QUE PASA (al costado)","A - TEMPORALES","SOCIEDAD"],"inLanguage":"es"},{"@type":"WebPage","@id":"https:\/\/diariotextual.com\/inicio\/index.php\/2019\/08\/29\/concejal-pide-se-plante-arbol-nino-nina-nazca-pico\/","url":"https:\/\/diariotextual.com\/inicio\/index.php\/2019\/08\/29\/concejal-pide-se-plante-arbol-nino-nina-nazca-pico\/","name":"Un concejal pide que se plante un \u00e1rbol por cada ni\u00f1o y ni\u00f1a que nazca en Pico - Diario Textual","isPartOf":{"@id":"https:\/\/diariotextual.com\/inicio\/#website"},"primaryImageOfPage":{"@id":"https:\/\/diariotextual.com\/inicio\/index.php\/2019\/08\/29\/concejal-pide-se-plante-arbol-nino-nina-nazca-pico\/#primaryimage"},"image":{"@id":"https:\/\/diariotextual.com\/inicio\/index.php\/2019\/08\/29\/concejal-pide-se-plante-arbol-nino-nina-nazca-pico\/#primaryimage"},"thumbnailUrl":"https:\/\/diariotextual.com\/inicio\/wp-content\/uploads\/2019\/01\/picomunicipalidad224.jpg","datePublished":"2019-08-29T14:26:16+00:00","dateModified":"2019-08-29T17:36:47+00:00","breadcrumb":{"@id":"https:\/\/diariotextual.com\/inicio\/index.php\/2019\/08\/29\/concejal-pide-se-plante-arbol-nino-nina-nazca-pico\/#breadcrumb"},"inLanguage":"es","potentialAction":[{"@type":"ReadAction","target":["https:\/\/diariotextual.com\/inicio\/index.php\/2019\/08\/29\/concejal-pide-se-plante-arbol-nino-nina-nazca-pico\/"]}]},{"@type":"ImageObject","inLanguage":"es","@id":"https:\/\/diariotextual.com\/inicio\/index.php\/2019\/08\/29\/concejal-pide-se-plante-arbol-nino-nina-nazca-pico\/#primaryimage","url":"https:\/\/diariotextual.com\/inicio\/wp-content\/uploads\/2019\/01\/picomunicipalidad224.jpg","contentUrl":"https:\/\/diariotextual.com\/inicio\/wp-content\/uploads\/2019\/01\/picomunicipalidad224.jpg","width":874,"height":540},{"@type":"BreadcrumbList","@id":"https:\/\/diariotextual.com\/inicio\/index.php\/2019\/08\/29\/concejal-pide-se-plante-arbol-nino-nina-nazca-pico\/#breadcrumb","itemListElement":[{"@type":"ListItem","position":1,"name":"Portada","item":"https:\/\/diariotextual.com\/inicio\/"},{"@type":"ListItem","position":2,"name":"Un concejal pide que se plante un \u00e1rbol por cada ni\u00f1o y ni\u00f1a que nazca en Pico"}]},{"@type":"WebSite","@id":"https:\/\/diariotextual.com\/inicio\/#website","url":"https:\/\/diariotextual.com\/inicio\/","name":"Diario Textual","description":"","publisher":{"@id":"https:\/\/diariotextual.com\/inicio\/#organization"},"potentialAction":[{"@type":"SearchAction","target":{"@type":"EntryPoint","urlTemplate":"https:\/\/diariotextual.com\/inicio\/?s={search_term_string}"},"query-input":{"@type":"PropertyValueSpecification","valueRequired":true,"valueName":"search_term_string"}}],"inLanguage":"es"},{"@type":"Organization","@id":"https:\/\/diariotextual.com\/inicio\/#organization","name":"Diario Textual","url":"https:\/\/diariotextual.com\/inicio\/","logo":{"@type":"ImageObject","inLanguage":"es","@id":"https:\/\/diariotextual.com\/inicio\/#\/schema\/logo\/image\/","url":"https:\/\/diariotextual.com\/inicio\/wp-content\/uploads\/2023\/05\/logotextual1.jpg","contentUrl":"https:\/\/diariotextual.com\/inicio\/wp-content\/uploads\/2023\/05\/logotextual1.jpg","width":516,"height":76,"caption":"Diario Textual"},"image":{"@id":"https:\/\/diariotextual.com\/inicio\/#\/schema\/logo\/image\/"},"sameAs":["https:\/\/www.facebook.com\/eltextual","https:\/\/x.com\/eltextual","http:\/\/www.instagram.com\/eltextual"]},{"@type":"Person","@id":"https:\/\/diariotextual.com\/inicio\/#\/schema\/person\/418fc4093c33e86ed41562db3508f958","name":"Diario1 Diario1","image":{"@type":"ImageObject","inLanguage":"es","@id":"https:\/\/secure.gravatar.com\/avatar\/9167d280179c85bc18be67aa7eda765854300033af4896dd779b608640f2ef7a?s=96&d=mm&r=g","url":"https:\/\/secure.gravatar.com\/avatar\/9167d280179c85bc18be67aa7eda765854300033af4896dd779b608640f2ef7a?s=96&d=mm&r=g","contentUrl":"https:\/\/secure.gravatar.com\/avatar\/9167d280179c85bc18be67aa7eda765854300033af4896dd779b608640f2ef7a?s=96&d=mm&r=g","caption":"Diario1 Diario1"},"url":"https:\/\/diariotextual.com\/inicio\/index.php\/author\/diario1\/"}]}},"_links":{"self":[{"href":"https:\/\/diariotextual.com\/inicio\/index.php\/wp-json\/wp\/v2\/posts\/61114","targetHints":{"allow":["GET"]}}],"collection":[{"href":"https:\/\/diariotextual.com\/inicio\/index.php\/wp-json\/wp\/v2\/posts"}],"about":[{"href":"https:\/\/diariotextual.com\/inicio\/index.php\/wp-json\/wp\/v2\/types\/post"}],"author":[{"embeddable":true,"href":"https:\/\/diariotextual.com\/inicio\/index.php\/wp-json\/wp\/v2\/users\/3"}],"replies":[{"embeddable":true,"href":"https:\/\/diariotextual.com\/inicio\/index.php\/wp-json\/wp\/v2\/comments?post=61114"}],"version-history":[{"count":2,"href":"https:\/\/diariotextual.com\/inicio\/index.php\/wp-json\/wp\/v2\/posts\/61114\/revisions"}],"predecessor-version":[{"id":61117,"href":"https:\/\/diariotextual.com\/inicio\/index.php\/wp-json\/wp\/v2\/posts\/61114\/revisions\/61117"}],"wp:featuredmedia":[{"embeddable":true,"href":"https:\/\/diariotextual.com\/inicio\/index.php\/wp-json\/wp\/v2\/media\/33564"}],"wp:attachment":[{"href":"https:\/\/diariotextual.com\/inicio\/index.php\/wp-json\/wp\/v2\/media?parent=61114"}],"wp:term":[{"taxonomy":"category","embeddable":true,"href":"https:\/\/diariotextual.com\/inicio\/index.php\/wp-json\/wp\/v2\/categories?post=61114"},{"taxonomy":"post_tag","embeddable":true,"href":"https:\/\/diariotextual.com\/inicio\/index.php\/wp-json\/wp\/v2\/tags?post=61114"}],"curies":[{"name":"wp","href":"https:\/\/api.w.org\/{rel}","templated":true}]}}