{"id":61147,"date":"2019-08-29T14:07:22","date_gmt":"2019-08-29T17:07:22","guid":{"rendered":"http:\/\/diariotextual.com\/inicio\/?p=61147"},"modified":"2019-08-29T21:59:14","modified_gmt":"2019-08-30T00:59:14","slug":"la-unlpam-alerto-esta-sufriendo-una-perdida-la-capacidad-economica","status":"publish","type":"post","link":"https:\/\/diariotextual.com\/inicio\/index.php\/2019\/08\/29\/la-unlpam-alerto-esta-sufriendo-una-perdida-la-capacidad-economica\/","title":{"rendered":"La UNLPam alert\u00f3 que est\u00e1 sufriendo una \u00abp\u00e9rdida de la capacidad econ\u00f3mica\u00bb"},"content":{"rendered":"<p>El <strong>Consejo Superior de la Universidad Nacional de La Pampa<\/strong> advirti\u00f3 su \u201cpreocupaci\u00f3n\u201d por<strong> \u201cla p\u00e9rdida sistem\u00e1tica y continua de la capacidad econ\u00f3mica\u00bb<\/strong> para \u00abdesarrollar sus funciones estatutarias de docencia, investigaci\u00f3n y extensi\u00f3n\u00bb en la alta casa de estudios.<\/p>\n<p>La declaraci\u00f3n fue aprobada, por unanimidad, este mi\u00e9rcoles, en la reuni\u00f3n ordinaria n\u00famero 13 del a\u00f1o 2019. El encuentro fue en el Sal\u00f3n R\u00f3mulo Casal del tercer piso de Gil 353, presidido por la vicerrectora de la UNLPam, Ver\u00f3nica Moreno.<\/p>\n<p>\u00abEn los \u00faltimos a\u00f1os la moneda nacional se depreci\u00f3 fuertemente, repercutiendo en los precios de la econom\u00eda nacional y el poder adquisitivo de las\/os trabajadoras\/es\u201d, remarc\u00f3 el consejo en su declaraci\u00f3n.<\/p>\n<p>\u00abEn Argentina -agreg\u00f3- creci\u00f3 de manera considerable la pobreza, indigencia, desocupaci\u00f3n y subocupaci\u00f3n, repercutiendo de manera negativa y relevante en la vida cotidiana de millones de familias, y especialmente, de ni\u00f1as\/os, j\u00f3venes y jubiladas\/os\u201d.<\/p>\n<p>\u201cLas pol\u00edticas macroecon\u00f3micas desarrolladas impactaron de manera fulminante en el sector productivo, provocando el cierre de miles de PYMEs a lo largo y ancho del pa\u00eds\u201d, dijo el organismo. \u00abEl volumen de la deuda externa contra\u00edda y las tasas de inter\u00e9s comprometidas generan inestabilidad en el corto, mediano y largo plazo, quitando soberan\u00eda de decisi\u00f3n sobre el futuro de la Naci\u00f3n\u201d.<\/p>\n<p>\u201cEl presupuesto asignado a la educaci\u00f3n en general y universitaria p\u00fablica en particular ha bajado de manera considerable, como as\u00ed tambi\u00e9n los fondos p\u00fablicos destinados al desarrollo tecnol\u00f3gico y cient\u00edfico nacional. La UNLPam se ha visto desfavorecida en los \u00faltimos a\u00f1os en general, pero especialmente en el \u00faltimo presupuesto nacional, con un aumento del presupuesto muy por debajo de la inflaci\u00f3n proyectada\u201d, sostuvo.<\/p>\n<p><strong>\u00abLa situaci\u00f3n econ\u00f3mica argentina repercute seriamente en la capacidad econ\u00f3mica de la UNLPam de llevar adelante sus actividades de docencia, investigaci\u00f3n y extensi\u00f3n, mermando de manera considerable su incidencia en el desarrollo del pa\u00eds y la provincia\u201d<\/strong>, alert\u00f3. \u00abLos trabajadores de la UNLPam, sus estudiantes y graduadas\/os se han perjudicado con los \u00faltimos acontecimientos macroecon\u00f3micos-financieros, deteriorando de manera directa su calidad de vida y posibilidades de crecimiento. La UNLPam, como instituci\u00f3n p\u00fablica orientada al desarrollo del pa\u00eds en sentido amplio, debe preocuparse y ocuparse por las condiciones en las que se est\u00e1n desarrollando los acontecimientos, en singular, por el deterioro social actual y futuro de la Argentina\u201d.<\/p>\n<p>&nbsp;<\/p>\n","protected":false},"excerpt":{"rendered":"<p>El Consejo Superior de la Universidad Nacional de La Pampa advirti\u00f3 su \u201cpreocupaci\u00f3n\u201d por \u201cla p\u00e9rdida sistem\u00e1tica y continua de la capacidad econ\u00f3mica\u00bb para \u00abdesarrollar sus funciones estatutarias de docencia,&hellip;<\/p>\n","protected":false},"author":3,"featured_media":5659,"comment_status":"closed","ping_status":"open","sticky":false,"template":"","format":"standard","meta":{"_acf_changed":false,"footnotes":""},"categories":[11,319,12],"tags":[],"class_list":["post-61147","post","type-post","status-publish","format-standard","has-post-thumbnail","hentry","category-que-pasa","category-a-temporales","category-sociedad"],"acf":[],"yoast_head":"<!-- This site is optimized with the Yoast SEO plugin v27.5 - https:\/\/yoast.com\/product\/yoast-seo-wordpress\/ -->\n<title>La UNLPam alert\u00f3 que est\u00e1 sufriendo una &quot;p\u00e9rdida de la capacidad econ\u00f3mica&quot; - Diario Textual<\/title>\n<meta name=\"robots\" content=\"index, follow, max-snippet:-1, max-image-preview:large, max-video-preview:-1\" \/>\n<link rel=\"canonical\" href=\"https:\/\/diariotextual.com\/inicio\/index.php\/2019\/08\/29\/la-unlpam-alerto-esta-sufriendo-una-perdida-la-capacidad-economica\/\" \/>\n<meta property=\"og:locale\" content=\"es_ES\" \/>\n<meta property=\"og:type\" content=\"article\" \/>\n<meta property=\"og:title\" content=\"La UNLPam alert\u00f3 que est\u00e1 sufriendo una &quot;p\u00e9rdida de la capacidad econ\u00f3mica&quot; - Diario Textual\" \/>\n<meta property=\"og:description\" content=\"El Consejo Superior de la Universidad Nacional de La Pampa advirti\u00f3 su \u201cpreocupaci\u00f3n\u201d por \u201cla p\u00e9rdida sistem\u00e1tica y continua de la capacidad econ\u00f3mica\u00bb para \u00abdesarrollar sus funciones estatutarias de docencia,&hellip;\" \/>\n<meta property=\"og:url\" content=\"https:\/\/diariotextual.com\/inicio\/index.php\/2019\/08\/29\/la-unlpam-alerto-esta-sufriendo-una-perdida-la-capacidad-economica\/\" \/>\n<meta property=\"og:site_name\" content=\"Diario Textual\" \/>\n<meta property=\"article:publisher\" content=\"https:\/\/www.facebook.com\/eltextual\" \/>\n<meta property=\"article:published_time\" content=\"2019-08-29T17:07:22+00:00\" \/>\n<meta property=\"article:modified_time\" content=\"2019-08-30T00:59:14+00:00\" \/>\n<meta property=\"og:image\" content=\"https:\/\/diariotextual.com\/inicio\/wp-content\/uploads\/2018\/04\/unlpamfrente8121212.jpg\" \/>\n\t<meta property=\"og:image:width\" content=\"960\" \/>\n\t<meta property=\"og:image:height\" content=\"635\" \/>\n\t<meta property=\"og:image:type\" content=\"image\/jpeg\" \/>\n<meta name=\"author\" content=\"Diario1 Diario1\" \/>\n<meta name=\"twitter:card\" content=\"summary_large_image\" \/>\n<meta name=\"twitter:creator\" content=\"@eltextual\" \/>\n<meta name=\"twitter:site\" content=\"@eltextual\" \/>\n<meta name=\"twitter:label1\" content=\"Escrito por\" \/>\n\t<meta name=\"twitter:data1\" content=\"Diario1 Diario1\" \/>\n\t<meta name=\"twitter:label2\" content=\"Tiempo de lectura\" \/>\n\t<meta name=\"twitter:data2\" content=\"2 minutos\" \/>\n<script type=\"application\/ld+json\" class=\"yoast-schema-graph\">{\"@context\":\"https:\\\/\\\/schema.org\",\"@graph\":[{\"@type\":\"Article\",\"@id\":\"https:\\\/\\\/diariotextual.com\\\/inicio\\\/index.php\\\/2019\\\/08\\\/29\\\/la-unlpam-alerto-esta-sufriendo-una-perdida-la-capacidad-economica\\\/#article\",\"isPartOf\":{\"@id\":\"https:\\\/\\\/diariotextual.com\\\/inicio\\\/index.php\\\/2019\\\/08\\\/29\\\/la-unlpam-alerto-esta-sufriendo-una-perdida-la-capacidad-economica\\\/\"},\"author\":{\"name\":\"Diario1 Diario1\",\"@id\":\"https:\\\/\\\/diariotextual.com\\\/inicio\\\/#\\\/schema\\\/person\\\/418fc4093c33e86ed41562db3508f958\"},\"headline\":\"La UNLPam alert\u00f3 que est\u00e1 sufriendo una \u00abp\u00e9rdida de la capacidad econ\u00f3mica\u00bb\",\"datePublished\":\"2019-08-29T17:07:22+00:00\",\"dateModified\":\"2019-08-30T00:59:14+00:00\",\"mainEntityOfPage\":{\"@id\":\"https:\\\/\\\/diariotextual.com\\\/inicio\\\/index.php\\\/2019\\\/08\\\/29\\\/la-unlpam-alerto-esta-sufriendo-una-perdida-la-capacidad-economica\\\/\"},\"wordCount\":441,\"publisher\":{\"@id\":\"https:\\\/\\\/diariotextual.com\\\/inicio\\\/#organization\"},\"image\":{\"@id\":\"https:\\\/\\\/diariotextual.com\\\/inicio\\\/index.php\\\/2019\\\/08\\\/29\\\/la-unlpam-alerto-esta-sufriendo-una-perdida-la-capacidad-economica\\\/#primaryimage\"},\"thumbnailUrl\":\"https:\\\/\\\/diariotextual.com\\\/inicio\\\/wp-content\\\/uploads\\\/2018\\\/04\\\/unlpamfrente8121212.jpg\",\"articleSection\":[\"A - QUE PASA (al costado)\",\"A - TEMPORALES\",\"SOCIEDAD\"],\"inLanguage\":\"es\"},{\"@type\":\"WebPage\",\"@id\":\"https:\\\/\\\/diariotextual.com\\\/inicio\\\/index.php\\\/2019\\\/08\\\/29\\\/la-unlpam-alerto-esta-sufriendo-una-perdida-la-capacidad-economica\\\/\",\"url\":\"https:\\\/\\\/diariotextual.com\\\/inicio\\\/index.php\\\/2019\\\/08\\\/29\\\/la-unlpam-alerto-esta-sufriendo-una-perdida-la-capacidad-economica\\\/\",\"name\":\"La UNLPam alert\u00f3 que est\u00e1 sufriendo una \\\"p\u00e9rdida de la capacidad econ\u00f3mica\\\" - Diario Textual\",\"isPartOf\":{\"@id\":\"https:\\\/\\\/diariotextual.com\\\/inicio\\\/#website\"},\"primaryImageOfPage\":{\"@id\":\"https:\\\/\\\/diariotextual.com\\\/inicio\\\/index.php\\\/2019\\\/08\\\/29\\\/la-unlpam-alerto-esta-sufriendo-una-perdida-la-capacidad-economica\\\/#primaryimage\"},\"image\":{\"@id\":\"https:\\\/\\\/diariotextual.com\\\/inicio\\\/index.php\\\/2019\\\/08\\\/29\\\/la-unlpam-alerto-esta-sufriendo-una-perdida-la-capacidad-economica\\\/#primaryimage\"},\"thumbnailUrl\":\"https:\\\/\\\/diariotextual.com\\\/inicio\\\/wp-content\\\/uploads\\\/2018\\\/04\\\/unlpamfrente8121212.jpg\",\"datePublished\":\"2019-08-29T17:07:22+00:00\",\"dateModified\":\"2019-08-30T00:59:14+00:00\",\"breadcrumb\":{\"@id\":\"https:\\\/\\\/diariotextual.com\\\/inicio\\\/index.php\\\/2019\\\/08\\\/29\\\/la-unlpam-alerto-esta-sufriendo-una-perdida-la-capacidad-economica\\\/#breadcrumb\"},\"inLanguage\":\"es\",\"potentialAction\":[{\"@type\":\"ReadAction\",\"target\":[\"https:\\\/\\\/diariotextual.com\\\/inicio\\\/index.php\\\/2019\\\/08\\\/29\\\/la-unlpam-alerto-esta-sufriendo-una-perdida-la-capacidad-economica\\\/\"]}]},{\"@type\":\"ImageObject\",\"inLanguage\":\"es\",\"@id\":\"https:\\\/\\\/diariotextual.com\\\/inicio\\\/index.php\\\/2019\\\/08\\\/29\\\/la-unlpam-alerto-esta-sufriendo-una-perdida-la-capacidad-economica\\\/#primaryimage\",\"url\":\"https:\\\/\\\/diariotextual.com\\\/inicio\\\/wp-content\\\/uploads\\\/2018\\\/04\\\/unlpamfrente8121212.jpg\",\"contentUrl\":\"https:\\\/\\\/diariotextual.com\\\/inicio\\\/wp-content\\\/uploads\\\/2018\\\/04\\\/unlpamfrente8121212.jpg\",\"width\":960,\"height\":635},{\"@type\":\"BreadcrumbList\",\"@id\":\"https:\\\/\\\/diariotextual.com\\\/inicio\\\/index.php\\\/2019\\\/08\\\/29\\\/la-unlpam-alerto-esta-sufriendo-una-perdida-la-capacidad-economica\\\/#breadcrumb\",\"itemListElement\":[{\"@type\":\"ListItem\",\"position\":1,\"name\":\"Portada\",\"item\":\"https:\\\/\\\/diariotextual.com\\\/inicio\\\/\"},{\"@type\":\"ListItem\",\"position\":2,\"name\":\"La UNLPam alert\u00f3 que est\u00e1 sufriendo una \u00abp\u00e9rdida de la capacidad econ\u00f3mica\u00bb\"}]},{\"@type\":\"WebSite\",\"@id\":\"https:\\\/\\\/diariotextual.com\\\/inicio\\\/#website\",\"url\":\"https:\\\/\\\/diariotextual.com\\\/inicio\\\/\",\"name\":\"Diario Textual\",\"description\":\"\",\"publisher\":{\"@id\":\"https:\\\/\\\/diariotextual.com\\\/inicio\\\/#organization\"},\"potentialAction\":[{\"@type\":\"SearchAction\",\"target\":{\"@type\":\"EntryPoint\",\"urlTemplate\":\"https:\\\/\\\/diariotextual.com\\\/inicio\\\/?s={search_term_string}\"},\"query-input\":{\"@type\":\"PropertyValueSpecification\",\"valueRequired\":true,\"valueName\":\"search_term_string\"}}],\"inLanguage\":\"es\"},{\"@type\":\"Organization\",\"@id\":\"https:\\\/\\\/diariotextual.com\\\/inicio\\\/#organization\",\"name\":\"Diario Textual\",\"url\":\"https:\\\/\\\/diariotextual.com\\\/inicio\\\/\",\"logo\":{\"@type\":\"ImageObject\",\"inLanguage\":\"es\",\"@id\":\"https:\\\/\\\/diariotextual.com\\\/inicio\\\/#\\\/schema\\\/logo\\\/image\\\/\",\"url\":\"https:\\\/\\\/diariotextual.com\\\/inicio\\\/wp-content\\\/uploads\\\/2023\\\/05\\\/logotextual1.jpg\",\"contentUrl\":\"https:\\\/\\\/diariotextual.com\\\/inicio\\\/wp-content\\\/uploads\\\/2023\\\/05\\\/logotextual1.jpg\",\"width\":516,\"height\":76,\"caption\":\"Diario Textual\"},\"image\":{\"@id\":\"https:\\\/\\\/diariotextual.com\\\/inicio\\\/#\\\/schema\\\/logo\\\/image\\\/\"},\"sameAs\":[\"https:\\\/\\\/www.facebook.com\\\/eltextual\",\"https:\\\/\\\/x.com\\\/eltextual\",\"http:\\\/\\\/www.instagram.com\\\/eltextual\"]},{\"@type\":\"Person\",\"@id\":\"https:\\\/\\\/diariotextual.com\\\/inicio\\\/#\\\/schema\\\/person\\\/418fc4093c33e86ed41562db3508f958\",\"name\":\"Diario1 Diario1\",\"image\":{\"@type\":\"ImageObject\",\"inLanguage\":\"es\",\"@id\":\"https:\\\/\\\/secure.gravatar.com\\\/avatar\\\/9167d280179c85bc18be67aa7eda765854300033af4896dd779b608640f2ef7a?s=96&d=mm&r=g\",\"url\":\"https:\\\/\\\/secure.gravatar.com\\\/avatar\\\/9167d280179c85bc18be67aa7eda765854300033af4896dd779b608640f2ef7a?s=96&d=mm&r=g\",\"contentUrl\":\"https:\\\/\\\/secure.gravatar.com\\\/avatar\\\/9167d280179c85bc18be67aa7eda765854300033af4896dd779b608640f2ef7a?s=96&d=mm&r=g\",\"caption\":\"Diario1 Diario1\"},\"url\":\"https:\\\/\\\/diariotextual.com\\\/inicio\\\/index.php\\\/author\\\/diario1\\\/\"}]}<\/script>\n<!-- \/ Yoast SEO plugin. -->","yoast_head_json":{"title":"La UNLPam alert\u00f3 que est\u00e1 sufriendo una \"p\u00e9rdida de la capacidad econ\u00f3mica\" - Diario Textual","robots":{"index":"index","follow":"follow","max-snippet":"max-snippet:-1","max-image-preview":"max-image-preview:large","max-video-preview":"max-video-preview:-1"},"canonical":"https:\/\/diariotextual.com\/inicio\/index.php\/2019\/08\/29\/la-unlpam-alerto-esta-sufriendo-una-perdida-la-capacidad-economica\/","og_locale":"es_ES","og_type":"article","og_title":"La UNLPam alert\u00f3 que est\u00e1 sufriendo una \"p\u00e9rdida de la capacidad econ\u00f3mica\" - Diario Textual","og_description":"El Consejo Superior de la Universidad Nacional de La Pampa advirti\u00f3 su \u201cpreocupaci\u00f3n\u201d por \u201cla p\u00e9rdida sistem\u00e1tica y continua de la capacidad econ\u00f3mica\u00bb para \u00abdesarrollar sus funciones estatutarias de docencia,&hellip;","og_url":"https:\/\/diariotextual.com\/inicio\/index.php\/2019\/08\/29\/la-unlpam-alerto-esta-sufriendo-una-perdida-la-capacidad-economica\/","og_site_name":"Diario Textual","article_publisher":"https:\/\/www.facebook.com\/eltextual","article_published_time":"2019-08-29T17:07:22+00:00","article_modified_time":"2019-08-30T00:59:14+00:00","og_image":[{"width":960,"height":635,"url":"https:\/\/diariotextual.com\/inicio\/wp-content\/uploads\/2018\/04\/unlpamfrente8121212.jpg","type":"image\/jpeg"}],"author":"Diario1 Diario1","twitter_card":"summary_large_image","twitter_creator":"@eltextual","twitter_site":"@eltextual","twitter_misc":{"Escrito por":"Diario1 Diario1","Tiempo de lectura":"2 minutos"},"schema":{"@context":"https:\/\/schema.org","@graph":[{"@type":"Article","@id":"https:\/\/diariotextual.com\/inicio\/index.php\/2019\/08\/29\/la-unlpam-alerto-esta-sufriendo-una-perdida-la-capacidad-economica\/#article","isPartOf":{"@id":"https:\/\/diariotextual.com\/inicio\/index.php\/2019\/08\/29\/la-unlpam-alerto-esta-sufriendo-una-perdida-la-capacidad-economica\/"},"author":{"name":"Diario1 Diario1","@id":"https:\/\/diariotextual.com\/inicio\/#\/schema\/person\/418fc4093c33e86ed41562db3508f958"},"headline":"La UNLPam alert\u00f3 que est\u00e1 sufriendo una \u00abp\u00e9rdida de la capacidad econ\u00f3mica\u00bb","datePublished":"2019-08-29T17:07:22+00:00","dateModified":"2019-08-30T00:59:14+00:00","mainEntityOfPage":{"@id":"https:\/\/diariotextual.com\/inicio\/index.php\/2019\/08\/29\/la-unlpam-alerto-esta-sufriendo-una-perdida-la-capacidad-economica\/"},"wordCount":441,"publisher":{"@id":"https:\/\/diariotextual.com\/inicio\/#organization"},"image":{"@id":"https:\/\/diariotextual.com\/inicio\/index.php\/2019\/08\/29\/la-unlpam-alerto-esta-sufriendo-una-perdida-la-capacidad-economica\/#primaryimage"},"thumbnailUrl":"https:\/\/diariotextual.com\/inicio\/wp-content\/uploads\/2018\/04\/unlpamfrente8121212.jpg","articleSection":["A - QUE PASA (al costado)","A - TEMPORALES","SOCIEDAD"],"inLanguage":"es"},{"@type":"WebPage","@id":"https:\/\/diariotextual.com\/inicio\/index.php\/2019\/08\/29\/la-unlpam-alerto-esta-sufriendo-una-perdida-la-capacidad-economica\/","url":"https:\/\/diariotextual.com\/inicio\/index.php\/2019\/08\/29\/la-unlpam-alerto-esta-sufriendo-una-perdida-la-capacidad-economica\/","name":"La UNLPam alert\u00f3 que est\u00e1 sufriendo una \"p\u00e9rdida de la capacidad econ\u00f3mica\" - Diario Textual","isPartOf":{"@id":"https:\/\/diariotextual.com\/inicio\/#website"},"primaryImageOfPage":{"@id":"https:\/\/diariotextual.com\/inicio\/index.php\/2019\/08\/29\/la-unlpam-alerto-esta-sufriendo-una-perdida-la-capacidad-economica\/#primaryimage"},"image":{"@id":"https:\/\/diariotextual.com\/inicio\/index.php\/2019\/08\/29\/la-unlpam-alerto-esta-sufriendo-una-perdida-la-capacidad-economica\/#primaryimage"},"thumbnailUrl":"https:\/\/diariotextual.com\/inicio\/wp-content\/uploads\/2018\/04\/unlpamfrente8121212.jpg","datePublished":"2019-08-29T17:07:22+00:00","dateModified":"2019-08-30T00:59:14+00:00","breadcrumb":{"@id":"https:\/\/diariotextual.com\/inicio\/index.php\/2019\/08\/29\/la-unlpam-alerto-esta-sufriendo-una-perdida-la-capacidad-economica\/#breadcrumb"},"inLanguage":"es","potentialAction":[{"@type":"ReadAction","target":["https:\/\/diariotextual.com\/inicio\/index.php\/2019\/08\/29\/la-unlpam-alerto-esta-sufriendo-una-perdida-la-capacidad-economica\/"]}]},{"@type":"ImageObject","inLanguage":"es","@id":"https:\/\/diariotextual.com\/inicio\/index.php\/2019\/08\/29\/la-unlpam-alerto-esta-sufriendo-una-perdida-la-capacidad-economica\/#primaryimage","url":"https:\/\/diariotextual.com\/inicio\/wp-content\/uploads\/2018\/04\/unlpamfrente8121212.jpg","contentUrl":"https:\/\/diariotextual.com\/inicio\/wp-content\/uploads\/2018\/04\/unlpamfrente8121212.jpg","width":960,"height":635},{"@type":"BreadcrumbList","@id":"https:\/\/diariotextual.com\/inicio\/index.php\/2019\/08\/29\/la-unlpam-alerto-esta-sufriendo-una-perdida-la-capacidad-economica\/#breadcrumb","itemListElement":[{"@type":"ListItem","position":1,"name":"Portada","item":"https:\/\/diariotextual.com\/inicio\/"},{"@type":"ListItem","position":2,"name":"La UNLPam alert\u00f3 que est\u00e1 sufriendo una \u00abp\u00e9rdida de la capacidad econ\u00f3mica\u00bb"}]},{"@type":"WebSite","@id":"https:\/\/diariotextual.com\/inicio\/#website","url":"https:\/\/diariotextual.com\/inicio\/","name":"Diario Textual","description":"","publisher":{"@id":"https:\/\/diariotextual.com\/inicio\/#organization"},"potentialAction":[{"@type":"SearchAction","target":{"@type":"EntryPoint","urlTemplate":"https:\/\/diariotextual.com\/inicio\/?s={search_term_string}"},"query-input":{"@type":"PropertyValueSpecification","valueRequired":true,"valueName":"search_term_string"}}],"inLanguage":"es"},{"@type":"Organization","@id":"https:\/\/diariotextual.com\/inicio\/#organization","name":"Diario Textual","url":"https:\/\/diariotextual.com\/inicio\/","logo":{"@type":"ImageObject","inLanguage":"es","@id":"https:\/\/diariotextual.com\/inicio\/#\/schema\/logo\/image\/","url":"https:\/\/diariotextual.com\/inicio\/wp-content\/uploads\/2023\/05\/logotextual1.jpg","contentUrl":"https:\/\/diariotextual.com\/inicio\/wp-content\/uploads\/2023\/05\/logotextual1.jpg","width":516,"height":76,"caption":"Diario Textual"},"image":{"@id":"https:\/\/diariotextual.com\/inicio\/#\/schema\/logo\/image\/"},"sameAs":["https:\/\/www.facebook.com\/eltextual","https:\/\/x.com\/eltextual","http:\/\/www.instagram.com\/eltextual"]},{"@type":"Person","@id":"https:\/\/diariotextual.com\/inicio\/#\/schema\/person\/418fc4093c33e86ed41562db3508f958","name":"Diario1 Diario1","image":{"@type":"ImageObject","inLanguage":"es","@id":"https:\/\/secure.gravatar.com\/avatar\/9167d280179c85bc18be67aa7eda765854300033af4896dd779b608640f2ef7a?s=96&d=mm&r=g","url":"https:\/\/secure.gravatar.com\/avatar\/9167d280179c85bc18be67aa7eda765854300033af4896dd779b608640f2ef7a?s=96&d=mm&r=g","contentUrl":"https:\/\/secure.gravatar.com\/avatar\/9167d280179c85bc18be67aa7eda765854300033af4896dd779b608640f2ef7a?s=96&d=mm&r=g","caption":"Diario1 Diario1"},"url":"https:\/\/diariotextual.com\/inicio\/index.php\/author\/diario1\/"}]}},"_links":{"self":[{"href":"https:\/\/diariotextual.com\/inicio\/index.php\/wp-json\/wp\/v2\/posts\/61147","targetHints":{"allow":["GET"]}}],"collection":[{"href":"https:\/\/diariotextual.com\/inicio\/index.php\/wp-json\/wp\/v2\/posts"}],"about":[{"href":"https:\/\/diariotextual.com\/inicio\/index.php\/wp-json\/wp\/v2\/types\/post"}],"author":[{"embeddable":true,"href":"https:\/\/diariotextual.com\/inicio\/index.php\/wp-json\/wp\/v2\/users\/3"}],"replies":[{"embeddable":true,"href":"https:\/\/diariotextual.com\/inicio\/index.php\/wp-json\/wp\/v2\/comments?post=61147"}],"version-history":[{"count":1,"href":"https:\/\/diariotextual.com\/inicio\/index.php\/wp-json\/wp\/v2\/posts\/61147\/revisions"}],"predecessor-version":[{"id":61149,"href":"https:\/\/diariotextual.com\/inicio\/index.php\/wp-json\/wp\/v2\/posts\/61147\/revisions\/61149"}],"wp:featuredmedia":[{"embeddable":true,"href":"https:\/\/diariotextual.com\/inicio\/index.php\/wp-json\/wp\/v2\/media\/5659"}],"wp:attachment":[{"href":"https:\/\/diariotextual.com\/inicio\/index.php\/wp-json\/wp\/v2\/media?parent=61147"}],"wp:term":[{"taxonomy":"category","embeddable":true,"href":"https:\/\/diariotextual.com\/inicio\/index.php\/wp-json\/wp\/v2\/categories?post=61147"},{"taxonomy":"post_tag","embeddable":true,"href":"https:\/\/diariotextual.com\/inicio\/index.php\/wp-json\/wp\/v2\/tags?post=61147"}],"curies":[{"name":"wp","href":"https:\/\/api.w.org\/{rel}","templated":true}]}}