{"id":61213,"date":"2019-08-30T13:10:19","date_gmt":"2019-08-30T16:10:19","guid":{"rendered":"http:\/\/diariotextual.com\/inicio\/?p=61213"},"modified":"2019-08-30T19:51:34","modified_gmt":"2019-08-30T22:51:34","slug":"marin-anses-la-jefatura-regional-minimizo-problema","status":"publish","type":"post","link":"https:\/\/diariotextual.com\/inicio\/index.php\/2019\/08\/30\/marin-anses-la-jefatura-regional-minimizo-problema\/","title":{"rendered":"Mar\u00edn, sobre Anses: \u201cla jefatura regional minimiz\u00f3 el problema\u00bb"},"content":{"rendered":"<p>El diputado provincia<strong>l Espartaco Mar\u00edn<\/strong> (PJ) se refiri\u00f3 a la situaci\u00f3n que atraviesa la Anses local luego de la demora en el cobro de los\u00a0beneficiarios de asignaciones familiares y de discapacidad. Dijo que desde la jefatura regional \u201cse minimiz\u00f3 el problema y se responsabiliz\u00f3\u00bb a los trabajadores. \u201cFue una muestra m\u00e1s de que <strong>su matriz ideol\u00f3gica tiende a desde\u00f1ar y culpar<\/strong> a quienes solo cumplen sus funciones y que nunca se preocupan por las familias que no han cobrado el beneficio social como corresponde\u201d, lanz\u00f3.<\/p>\n<p>\u201cResulta preocupante la realidad que atraviesan los beneficiarios de asignaciones familiares, que hoy no tienen certeza del cobro, y m\u00e1s en el contexto econ\u00f3mico macrista que estamos atravesando\u201d, expres\u00f3.<\/p>\n<p>La Administraci\u00f3n Nacional de la Seguridad Social puso en funcionamiento\u00a0este mes un nuevo sistema de control para el cobro de las asignaciones familiares que ocasion\u00f3 que a algunos beneficiarios les cambiaron el lugar de cobro o sufrieran recortes en sus haberes, sin ninguna comunicaci\u00f3n oficial de parte del organismo nacional.<\/p>\n<p>Ante esta situaci\u00f3n, el diputado present\u00f3 un proyecto de resoluci\u00f3n por el que se manifiesta la preocupaci\u00f3n por\u00a0los problemas generados por un nuevo sistema de control denominado Cobertura Universal de Ni\u00f1ez y Adolescencia (CUNA), que perjudica el cobro de los beneficiarios pampeanos.<\/p>\n<p>\u201cTuve oportunidad de hablar con excompa\u00f1eros, y por declaraciones que vimos en los medios esto se debe a una falla en el sistema de control, pero <strong>lamentablemente desde la jefatura regional se minimiz\u00f3 el problema y se responsabiliz\u00f3 a los trabajadores<\/strong>, una muestra m\u00e1s de que su matriz ideol\u00f3gica tiende a desde\u00f1ar y culpar a quienes solo cumplen sus funciones y que nunca se preocupan por las familias que no han cobrado el beneficio social como corresponde\u201d, sostuvo.<\/p>\n<p>Por \u00faltimo, el presidente de Bloque Justicialista dese\u00f3 que la situaci\u00f3n se solucione \u201ca la brevedad\u201d y lanz\u00f3: <strong>\u201cesperemos que por lo menos en el \u00faltimo tiempo de su gesti\u00f3n empiecen a hacerse cargo de los errores cometidos y dejar de seguir buscando culpables afuera de su gobierno\u201d.<\/strong><\/p>\n<blockquote class=\"wp-embedded-content\" data-secret=\"EAdFWtDUYM\"><p><a href=\"http:\/\/diariotextual.com\/inicio\/index.php\/2019\/08\/27\/trabajadores-anses-denuncian-apriete-del-jefe-regional\/\">Trabajadores de Anses denuncian &#171;aprietes&#187; del jefe regional<\/a><\/p><\/blockquote>\n<p><iframe class=\"wp-embedded-content\" sandbox=\"allow-scripts\" security=\"restricted\" style=\"position: absolute; clip: rect(1px, 1px, 1px, 1px);\" src=\"http:\/\/diariotextual.com\/inicio\/index.php\/2019\/08\/27\/trabajadores-anses-denuncian-apriete-del-jefe-regional\/embed\/#?secret=EAdFWtDUYM\" data-secret=\"EAdFWtDUYM\" width=\"600\" height=\"338\" title=\"&#171;Trabajadores de Anses denuncian &#171;aprietes&#187; del jefe regional&#187; &#8212; Diario Textual\" frameborder=\"0\" marginwidth=\"0\" marginheight=\"0\" scrolling=\"no\"><\/iframe><\/p>\n","protected":false},"excerpt":{"rendered":"<p>El diputado provincial Espartaco Mar\u00edn (PJ) se refiri\u00f3 a la situaci\u00f3n que atraviesa la Anses local luego de la demora en el cobro de los\u00a0beneficiarios de asignaciones familiares y de&hellip;<\/p>\n","protected":false},"author":4,"featured_media":29702,"comment_status":"closed","ping_status":"open","sticky":false,"template":"","format":"standard","meta":{"_acf_changed":false,"footnotes":""},"categories":[11,319,8],"tags":[],"class_list":["post-61213","post","type-post","status-publish","format-standard","has-post-thumbnail","hentry","category-que-pasa","category-a-temporales","category-politica"],"acf":[],"yoast_head":"<!-- This site is optimized with the Yoast SEO plugin v27.5 - https:\/\/yoast.com\/product\/yoast-seo-wordpress\/ -->\n<title>Mar\u00edn, sobre Anses: \u201cla jefatura regional minimiz\u00f3 el problema&quot; - Diario Textual<\/title>\n<meta name=\"robots\" content=\"index, follow, max-snippet:-1, max-image-preview:large, max-video-preview:-1\" \/>\n<link rel=\"canonical\" href=\"https:\/\/diariotextual.com\/inicio\/index.php\/2019\/08\/30\/marin-anses-la-jefatura-regional-minimizo-problema\/\" \/>\n<meta property=\"og:locale\" content=\"es_ES\" \/>\n<meta property=\"og:type\" content=\"article\" \/>\n<meta property=\"og:title\" content=\"Mar\u00edn, sobre Anses: \u201cla jefatura regional minimiz\u00f3 el problema&quot; - Diario Textual\" \/>\n<meta property=\"og:description\" content=\"El diputado provincial Espartaco Mar\u00edn (PJ) se refiri\u00f3 a la situaci\u00f3n que atraviesa la Anses local luego de la demora en el cobro de los\u00a0beneficiarios de asignaciones familiares y de&hellip;\" \/>\n<meta property=\"og:url\" content=\"https:\/\/diariotextual.com\/inicio\/index.php\/2019\/08\/30\/marin-anses-la-jefatura-regional-minimizo-problema\/\" \/>\n<meta property=\"og:site_name\" content=\"Diario Textual\" \/>\n<meta property=\"article:publisher\" content=\"https:\/\/www.facebook.com\/eltextual\" \/>\n<meta property=\"article:published_time\" content=\"2019-08-30T16:10:19+00:00\" \/>\n<meta property=\"article:modified_time\" content=\"2019-08-30T22:51:34+00:00\" \/>\n<meta property=\"og:image\" content=\"https:\/\/diariotextual.com\/inicio\/wp-content\/uploads\/2018\/12\/marinespartaco94554444.jpg\" \/>\n\t<meta property=\"og:image:width\" content=\"741\" \/>\n\t<meta property=\"og:image:height\" content=\"497\" \/>\n\t<meta property=\"og:image:type\" content=\"image\/jpeg\" \/>\n<meta name=\"author\" content=\"diario2\" \/>\n<meta name=\"twitter:card\" content=\"summary_large_image\" \/>\n<meta name=\"twitter:creator\" content=\"@eltextual\" \/>\n<meta name=\"twitter:site\" content=\"@eltextual\" \/>\n<meta name=\"twitter:label1\" content=\"Escrito por\" \/>\n\t<meta name=\"twitter:data1\" content=\"diario2\" \/>\n\t<meta name=\"twitter:label2\" content=\"Tiempo de lectura\" \/>\n\t<meta name=\"twitter:data2\" content=\"2 minutos\" \/>\n<script type=\"application\/ld+json\" class=\"yoast-schema-graph\">{\"@context\":\"https:\\\/\\\/schema.org\",\"@graph\":[{\"@type\":\"Article\",\"@id\":\"https:\\\/\\\/diariotextual.com\\\/inicio\\\/index.php\\\/2019\\\/08\\\/30\\\/marin-anses-la-jefatura-regional-minimizo-problema\\\/#article\",\"isPartOf\":{\"@id\":\"https:\\\/\\\/diariotextual.com\\\/inicio\\\/index.php\\\/2019\\\/08\\\/30\\\/marin-anses-la-jefatura-regional-minimizo-problema\\\/\"},\"author\":{\"name\":\"diario2\",\"@id\":\"https:\\\/\\\/diariotextual.com\\\/inicio\\\/#\\\/schema\\\/person\\\/694f60677f23c4a530867a98f22b3768\"},\"headline\":\"Mar\u00edn, sobre Anses: \u201cla jefatura regional minimiz\u00f3 el problema\u00bb\",\"datePublished\":\"2019-08-30T16:10:19+00:00\",\"dateModified\":\"2019-08-30T22:51:34+00:00\",\"mainEntityOfPage\":{\"@id\":\"https:\\\/\\\/diariotextual.com\\\/inicio\\\/index.php\\\/2019\\\/08\\\/30\\\/marin-anses-la-jefatura-regional-minimizo-problema\\\/\"},\"wordCount\":371,\"publisher\":{\"@id\":\"https:\\\/\\\/diariotextual.com\\\/inicio\\\/#organization\"},\"image\":{\"@id\":\"https:\\\/\\\/diariotextual.com\\\/inicio\\\/index.php\\\/2019\\\/08\\\/30\\\/marin-anses-la-jefatura-regional-minimizo-problema\\\/#primaryimage\"},\"thumbnailUrl\":\"https:\\\/\\\/diariotextual.com\\\/inicio\\\/wp-content\\\/uploads\\\/2018\\\/12\\\/marinespartaco94554444.jpg\",\"articleSection\":[\"A - QUE PASA (al costado)\",\"A - TEMPORALES\",\"POLITICA\"],\"inLanguage\":\"es\"},{\"@type\":\"WebPage\",\"@id\":\"https:\\\/\\\/diariotextual.com\\\/inicio\\\/index.php\\\/2019\\\/08\\\/30\\\/marin-anses-la-jefatura-regional-minimizo-problema\\\/\",\"url\":\"https:\\\/\\\/diariotextual.com\\\/inicio\\\/index.php\\\/2019\\\/08\\\/30\\\/marin-anses-la-jefatura-regional-minimizo-problema\\\/\",\"name\":\"Mar\u00edn, sobre Anses: \u201cla jefatura regional minimiz\u00f3 el problema\\\" - Diario Textual\",\"isPartOf\":{\"@id\":\"https:\\\/\\\/diariotextual.com\\\/inicio\\\/#website\"},\"primaryImageOfPage\":{\"@id\":\"https:\\\/\\\/diariotextual.com\\\/inicio\\\/index.php\\\/2019\\\/08\\\/30\\\/marin-anses-la-jefatura-regional-minimizo-problema\\\/#primaryimage\"},\"image\":{\"@id\":\"https:\\\/\\\/diariotextual.com\\\/inicio\\\/index.php\\\/2019\\\/08\\\/30\\\/marin-anses-la-jefatura-regional-minimizo-problema\\\/#primaryimage\"},\"thumbnailUrl\":\"https:\\\/\\\/diariotextual.com\\\/inicio\\\/wp-content\\\/uploads\\\/2018\\\/12\\\/marinespartaco94554444.jpg\",\"datePublished\":\"2019-08-30T16:10:19+00:00\",\"dateModified\":\"2019-08-30T22:51:34+00:00\",\"breadcrumb\":{\"@id\":\"https:\\\/\\\/diariotextual.com\\\/inicio\\\/index.php\\\/2019\\\/08\\\/30\\\/marin-anses-la-jefatura-regional-minimizo-problema\\\/#breadcrumb\"},\"inLanguage\":\"es\",\"potentialAction\":[{\"@type\":\"ReadAction\",\"target\":[\"https:\\\/\\\/diariotextual.com\\\/inicio\\\/index.php\\\/2019\\\/08\\\/30\\\/marin-anses-la-jefatura-regional-minimizo-problema\\\/\"]}]},{\"@type\":\"ImageObject\",\"inLanguage\":\"es\",\"@id\":\"https:\\\/\\\/diariotextual.com\\\/inicio\\\/index.php\\\/2019\\\/08\\\/30\\\/marin-anses-la-jefatura-regional-minimizo-problema\\\/#primaryimage\",\"url\":\"https:\\\/\\\/diariotextual.com\\\/inicio\\\/wp-content\\\/uploads\\\/2018\\\/12\\\/marinespartaco94554444.jpg\",\"contentUrl\":\"https:\\\/\\\/diariotextual.com\\\/inicio\\\/wp-content\\\/uploads\\\/2018\\\/12\\\/marinespartaco94554444.jpg\",\"width\":741,\"height\":497,\"caption\":\"????????????????????????????????????\"},{\"@type\":\"BreadcrumbList\",\"@id\":\"https:\\\/\\\/diariotextual.com\\\/inicio\\\/index.php\\\/2019\\\/08\\\/30\\\/marin-anses-la-jefatura-regional-minimizo-problema\\\/#breadcrumb\",\"itemListElement\":[{\"@type\":\"ListItem\",\"position\":1,\"name\":\"Portada\",\"item\":\"https:\\\/\\\/diariotextual.com\\\/inicio\\\/\"},{\"@type\":\"ListItem\",\"position\":2,\"name\":\"Mar\u00edn, sobre Anses: \u201cla jefatura regional minimiz\u00f3 el problema\u00bb\"}]},{\"@type\":\"WebSite\",\"@id\":\"https:\\\/\\\/diariotextual.com\\\/inicio\\\/#website\",\"url\":\"https:\\\/\\\/diariotextual.com\\\/inicio\\\/\",\"name\":\"Diario Textual\",\"description\":\"\",\"publisher\":{\"@id\":\"https:\\\/\\\/diariotextual.com\\\/inicio\\\/#organization\"},\"potentialAction\":[{\"@type\":\"SearchAction\",\"target\":{\"@type\":\"EntryPoint\",\"urlTemplate\":\"https:\\\/\\\/diariotextual.com\\\/inicio\\\/?s={search_term_string}\"},\"query-input\":{\"@type\":\"PropertyValueSpecification\",\"valueRequired\":true,\"valueName\":\"search_term_string\"}}],\"inLanguage\":\"es\"},{\"@type\":\"Organization\",\"@id\":\"https:\\\/\\\/diariotextual.com\\\/inicio\\\/#organization\",\"name\":\"Diario Textual\",\"url\":\"https:\\\/\\\/diariotextual.com\\\/inicio\\\/\",\"logo\":{\"@type\":\"ImageObject\",\"inLanguage\":\"es\",\"@id\":\"https:\\\/\\\/diariotextual.com\\\/inicio\\\/#\\\/schema\\\/logo\\\/image\\\/\",\"url\":\"https:\\\/\\\/diariotextual.com\\\/inicio\\\/wp-content\\\/uploads\\\/2023\\\/05\\\/logotextual1.jpg\",\"contentUrl\":\"https:\\\/\\\/diariotextual.com\\\/inicio\\\/wp-content\\\/uploads\\\/2023\\\/05\\\/logotextual1.jpg\",\"width\":516,\"height\":76,\"caption\":\"Diario Textual\"},\"image\":{\"@id\":\"https:\\\/\\\/diariotextual.com\\\/inicio\\\/#\\\/schema\\\/logo\\\/image\\\/\"},\"sameAs\":[\"https:\\\/\\\/www.facebook.com\\\/eltextual\",\"https:\\\/\\\/x.com\\\/eltextual\",\"http:\\\/\\\/www.instagram.com\\\/eltextual\"]},{\"@type\":\"Person\",\"@id\":\"https:\\\/\\\/diariotextual.com\\\/inicio\\\/#\\\/schema\\\/person\\\/694f60677f23c4a530867a98f22b3768\",\"name\":\"diario2\",\"image\":{\"@type\":\"ImageObject\",\"inLanguage\":\"es\",\"@id\":\"https:\\\/\\\/secure.gravatar.com\\\/avatar\\\/5a2567495ba16b852fcd8f1ed006a2e24fcace936018ed8237e95f488ad6e0a7?s=96&d=mm&r=g\",\"url\":\"https:\\\/\\\/secure.gravatar.com\\\/avatar\\\/5a2567495ba16b852fcd8f1ed006a2e24fcace936018ed8237e95f488ad6e0a7?s=96&d=mm&r=g\",\"contentUrl\":\"https:\\\/\\\/secure.gravatar.com\\\/avatar\\\/5a2567495ba16b852fcd8f1ed006a2e24fcace936018ed8237e95f488ad6e0a7?s=96&d=mm&r=g\",\"caption\":\"diario2\"},\"url\":\"https:\\\/\\\/diariotextual.com\\\/inicio\\\/index.php\\\/author\\\/diario2\\\/\"}]}<\/script>\n<!-- \/ Yoast SEO plugin. -->","yoast_head_json":{"title":"Mar\u00edn, sobre Anses: \u201cla jefatura regional minimiz\u00f3 el problema\" - Diario Textual","robots":{"index":"index","follow":"follow","max-snippet":"max-snippet:-1","max-image-preview":"max-image-preview:large","max-video-preview":"max-video-preview:-1"},"canonical":"https:\/\/diariotextual.com\/inicio\/index.php\/2019\/08\/30\/marin-anses-la-jefatura-regional-minimizo-problema\/","og_locale":"es_ES","og_type":"article","og_title":"Mar\u00edn, sobre Anses: \u201cla jefatura regional minimiz\u00f3 el problema\" - Diario Textual","og_description":"El diputado provincial Espartaco Mar\u00edn (PJ) se refiri\u00f3 a la situaci\u00f3n que atraviesa la Anses local luego de la demora en el cobro de los\u00a0beneficiarios de asignaciones familiares y de&hellip;","og_url":"https:\/\/diariotextual.com\/inicio\/index.php\/2019\/08\/30\/marin-anses-la-jefatura-regional-minimizo-problema\/","og_site_name":"Diario Textual","article_publisher":"https:\/\/www.facebook.com\/eltextual","article_published_time":"2019-08-30T16:10:19+00:00","article_modified_time":"2019-08-30T22:51:34+00:00","og_image":[{"width":741,"height":497,"url":"https:\/\/diariotextual.com\/inicio\/wp-content\/uploads\/2018\/12\/marinespartaco94554444.jpg","type":"image\/jpeg"}],"author":"diario2","twitter_card":"summary_large_image","twitter_creator":"@eltextual","twitter_site":"@eltextual","twitter_misc":{"Escrito por":"diario2","Tiempo de lectura":"2 minutos"},"schema":{"@context":"https:\/\/schema.org","@graph":[{"@type":"Article","@id":"https:\/\/diariotextual.com\/inicio\/index.php\/2019\/08\/30\/marin-anses-la-jefatura-regional-minimizo-problema\/#article","isPartOf":{"@id":"https:\/\/diariotextual.com\/inicio\/index.php\/2019\/08\/30\/marin-anses-la-jefatura-regional-minimizo-problema\/"},"author":{"name":"diario2","@id":"https:\/\/diariotextual.com\/inicio\/#\/schema\/person\/694f60677f23c4a530867a98f22b3768"},"headline":"Mar\u00edn, sobre Anses: \u201cla jefatura regional minimiz\u00f3 el problema\u00bb","datePublished":"2019-08-30T16:10:19+00:00","dateModified":"2019-08-30T22:51:34+00:00","mainEntityOfPage":{"@id":"https:\/\/diariotextual.com\/inicio\/index.php\/2019\/08\/30\/marin-anses-la-jefatura-regional-minimizo-problema\/"},"wordCount":371,"publisher":{"@id":"https:\/\/diariotextual.com\/inicio\/#organization"},"image":{"@id":"https:\/\/diariotextual.com\/inicio\/index.php\/2019\/08\/30\/marin-anses-la-jefatura-regional-minimizo-problema\/#primaryimage"},"thumbnailUrl":"https:\/\/diariotextual.com\/inicio\/wp-content\/uploads\/2018\/12\/marinespartaco94554444.jpg","articleSection":["A - QUE PASA (al costado)","A - TEMPORALES","POLITICA"],"inLanguage":"es"},{"@type":"WebPage","@id":"https:\/\/diariotextual.com\/inicio\/index.php\/2019\/08\/30\/marin-anses-la-jefatura-regional-minimizo-problema\/","url":"https:\/\/diariotextual.com\/inicio\/index.php\/2019\/08\/30\/marin-anses-la-jefatura-regional-minimizo-problema\/","name":"Mar\u00edn, sobre Anses: \u201cla jefatura regional minimiz\u00f3 el problema\" - Diario Textual","isPartOf":{"@id":"https:\/\/diariotextual.com\/inicio\/#website"},"primaryImageOfPage":{"@id":"https:\/\/diariotextual.com\/inicio\/index.php\/2019\/08\/30\/marin-anses-la-jefatura-regional-minimizo-problema\/#primaryimage"},"image":{"@id":"https:\/\/diariotextual.com\/inicio\/index.php\/2019\/08\/30\/marin-anses-la-jefatura-regional-minimizo-problema\/#primaryimage"},"thumbnailUrl":"https:\/\/diariotextual.com\/inicio\/wp-content\/uploads\/2018\/12\/marinespartaco94554444.jpg","datePublished":"2019-08-30T16:10:19+00:00","dateModified":"2019-08-30T22:51:34+00:00","breadcrumb":{"@id":"https:\/\/diariotextual.com\/inicio\/index.php\/2019\/08\/30\/marin-anses-la-jefatura-regional-minimizo-problema\/#breadcrumb"},"inLanguage":"es","potentialAction":[{"@type":"ReadAction","target":["https:\/\/diariotextual.com\/inicio\/index.php\/2019\/08\/30\/marin-anses-la-jefatura-regional-minimizo-problema\/"]}]},{"@type":"ImageObject","inLanguage":"es","@id":"https:\/\/diariotextual.com\/inicio\/index.php\/2019\/08\/30\/marin-anses-la-jefatura-regional-minimizo-problema\/#primaryimage","url":"https:\/\/diariotextual.com\/inicio\/wp-content\/uploads\/2018\/12\/marinespartaco94554444.jpg","contentUrl":"https:\/\/diariotextual.com\/inicio\/wp-content\/uploads\/2018\/12\/marinespartaco94554444.jpg","width":741,"height":497,"caption":"????????????????????????????????????"},{"@type":"BreadcrumbList","@id":"https:\/\/diariotextual.com\/inicio\/index.php\/2019\/08\/30\/marin-anses-la-jefatura-regional-minimizo-problema\/#breadcrumb","itemListElement":[{"@type":"ListItem","position":1,"name":"Portada","item":"https:\/\/diariotextual.com\/inicio\/"},{"@type":"ListItem","position":2,"name":"Mar\u00edn, sobre Anses: \u201cla jefatura regional minimiz\u00f3 el problema\u00bb"}]},{"@type":"WebSite","@id":"https:\/\/diariotextual.com\/inicio\/#website","url":"https:\/\/diariotextual.com\/inicio\/","name":"Diario Textual","description":"","publisher":{"@id":"https:\/\/diariotextual.com\/inicio\/#organization"},"potentialAction":[{"@type":"SearchAction","target":{"@type":"EntryPoint","urlTemplate":"https:\/\/diariotextual.com\/inicio\/?s={search_term_string}"},"query-input":{"@type":"PropertyValueSpecification","valueRequired":true,"valueName":"search_term_string"}}],"inLanguage":"es"},{"@type":"Organization","@id":"https:\/\/diariotextual.com\/inicio\/#organization","name":"Diario Textual","url":"https:\/\/diariotextual.com\/inicio\/","logo":{"@type":"ImageObject","inLanguage":"es","@id":"https:\/\/diariotextual.com\/inicio\/#\/schema\/logo\/image\/","url":"https:\/\/diariotextual.com\/inicio\/wp-content\/uploads\/2023\/05\/logotextual1.jpg","contentUrl":"https:\/\/diariotextual.com\/inicio\/wp-content\/uploads\/2023\/05\/logotextual1.jpg","width":516,"height":76,"caption":"Diario Textual"},"image":{"@id":"https:\/\/diariotextual.com\/inicio\/#\/schema\/logo\/image\/"},"sameAs":["https:\/\/www.facebook.com\/eltextual","https:\/\/x.com\/eltextual","http:\/\/www.instagram.com\/eltextual"]},{"@type":"Person","@id":"https:\/\/diariotextual.com\/inicio\/#\/schema\/person\/694f60677f23c4a530867a98f22b3768","name":"diario2","image":{"@type":"ImageObject","inLanguage":"es","@id":"https:\/\/secure.gravatar.com\/avatar\/5a2567495ba16b852fcd8f1ed006a2e24fcace936018ed8237e95f488ad6e0a7?s=96&d=mm&r=g","url":"https:\/\/secure.gravatar.com\/avatar\/5a2567495ba16b852fcd8f1ed006a2e24fcace936018ed8237e95f488ad6e0a7?s=96&d=mm&r=g","contentUrl":"https:\/\/secure.gravatar.com\/avatar\/5a2567495ba16b852fcd8f1ed006a2e24fcace936018ed8237e95f488ad6e0a7?s=96&d=mm&r=g","caption":"diario2"},"url":"https:\/\/diariotextual.com\/inicio\/index.php\/author\/diario2\/"}]}},"_links":{"self":[{"href":"https:\/\/diariotextual.com\/inicio\/index.php\/wp-json\/wp\/v2\/posts\/61213","targetHints":{"allow":["GET"]}}],"collection":[{"href":"https:\/\/diariotextual.com\/inicio\/index.php\/wp-json\/wp\/v2\/posts"}],"about":[{"href":"https:\/\/diariotextual.com\/inicio\/index.php\/wp-json\/wp\/v2\/types\/post"}],"author":[{"embeddable":true,"href":"https:\/\/diariotextual.com\/inicio\/index.php\/wp-json\/wp\/v2\/users\/4"}],"replies":[{"embeddable":true,"href":"https:\/\/diariotextual.com\/inicio\/index.php\/wp-json\/wp\/v2\/comments?post=61213"}],"version-history":[{"count":3,"href":"https:\/\/diariotextual.com\/inicio\/index.php\/wp-json\/wp\/v2\/posts\/61213\/revisions"}],"predecessor-version":[{"id":61221,"href":"https:\/\/diariotextual.com\/inicio\/index.php\/wp-json\/wp\/v2\/posts\/61213\/revisions\/61221"}],"wp:featuredmedia":[{"embeddable":true,"href":"https:\/\/diariotextual.com\/inicio\/index.php\/wp-json\/wp\/v2\/media\/29702"}],"wp:attachment":[{"href":"https:\/\/diariotextual.com\/inicio\/index.php\/wp-json\/wp\/v2\/media?parent=61213"}],"wp:term":[{"taxonomy":"category","embeddable":true,"href":"https:\/\/diariotextual.com\/inicio\/index.php\/wp-json\/wp\/v2\/categories?post=61213"},{"taxonomy":"post_tag","embeddable":true,"href":"https:\/\/diariotextual.com\/inicio\/index.php\/wp-json\/wp\/v2\/tags?post=61213"}],"curies":[{"name":"wp","href":"https:\/\/api.w.org\/{rel}","templated":true}]}}