{"id":61235,"date":"2019-08-30T19:30:35","date_gmt":"2019-08-30T22:30:35","guid":{"rendered":"http:\/\/diariotextual.com\/inicio\/?p=61235"},"modified":"2019-08-31T14:32:13","modified_gmt":"2019-08-31T17:32:13","slug":"decreto-macri-paralizaron-la-produccion-las-plantas-biodiesel-pico-catrilo","status":"publish","type":"post","link":"https:\/\/diariotextual.com\/inicio\/index.php\/2019\/08\/30\/decreto-macri-paralizaron-la-produccion-las-plantas-biodiesel-pico-catrilo\/","title":{"rendered":"Por el decreto de Macri, paralizaron la producci\u00f3n las plantas de biodi\u00e9sel de Pico y Catril\u00f3"},"content":{"rendered":"<p><strong>Las dos plantas productoras de biodi\u00e9sel de La Pampa paralizaron su producci\u00f3n<\/strong>, en medio de la incertidumbre pol\u00edtica y\u00a0el congelamiento de precios de naftas y gasoil que decret\u00f3 le presidente <strong>Mauricio Macri<\/strong>. Se trata de las plantas propiedad de Lartirogoyen, en General Pico, y de Gente de La Pampa, en Catril\u00f3.<\/p>\n<p><strong>Tom\u00e1s Lorda<\/strong>, de la f\u00e1brica <strong>Enresa<\/strong> (Gente de La Pampa), dijo que no est\u00e1n pensando en despedir personal. \u00abPor ahora el panorama es muy incierto y con pocas expectativas de volver a arrancar en el corto plazo\u00bb, sostuvo. \u00abPor ahora pusimos a la gente a mantenimiento, luego tal vez adelantemos vacaciones y posteriormente veremos c\u00f3mo relocalizar a la gente (en otras unidades de la empresa)\u00bb, sostuvo.<\/p>\n<p>La situaci\u00f3n es similar en el resto del pa\u00eds:\u00a0unas 50 empresas pymes frenaron la producci\u00f3n de biodi\u00e9sel.<\/p>\n<p>As\u00ed lo inform\u00f3 la C\u00e1mara de Empresas Pymes Regionales Elaboradoras de Biocombustibles (Cepreb). Dijo que la decisi\u00f3n del Gobierno \u201cdeja sin recursos\u201d la producci\u00f3n local de biocombustibles para mezcla y pone en riesgo miles de puestos de trabajo.<\/p>\n<p>Cepreb nuclea a las empresas peque\u00f1as y medianas transformadoras de aceite de soja en biodiesel para el mercado local. La mayor\u00eda est\u00e1n radicadas en Santa Fe, C\u00f3rdoba, San Luis, Buenos Aires, La Pampa, Tucum\u00e1n y Neuqu\u00e9n.<\/p>\n<p>Actualmente, <strong>por ley rige un corte obligatorio de 10% de biodiesel con gasoil, y de 12% para el bioetanol (maicero y de ca\u00f1a de az\u00facar). Unas 19 f\u00e1bricas son de bioetanol y 35 de biodiesel.<\/strong><\/p>\n<p>El congelamiento de las tarifas peg\u00f3 de lleno en estas empresas. Los empresarios advirtieron que por <strong>el Decreto 566\/2019, de Macri, est\u00e1n \u201cobligados\u201d a comprar insumos en d\u00f3lares a un tipo de cambio de $60, pero los venden a $45,19<\/strong>, el valor que fij\u00f3 el Gobierno hasta mediados de noviembre.<\/p>\n<p>&nbsp;<\/p>\n<p>&nbsp;<\/p>\n<p>&nbsp;<\/p>\n<p>&nbsp;<\/p>\n","protected":false},"excerpt":{"rendered":"<p>Las dos plantas productoras de biodi\u00e9sel de La Pampa paralizaron su producci\u00f3n, en medio de la incertidumbre pol\u00edtica y\u00a0el congelamiento de precios de naftas y gasoil que decret\u00f3 le presidente&hellip;<\/p>\n","protected":false},"author":3,"featured_media":45451,"comment_status":"closed","ping_status":"open","sticky":false,"template":"","format":"standard","meta":{"_acf_changed":false,"footnotes":""},"categories":[319,5],"tags":[1921],"class_list":["post-61235","post","type-post","status-publish","format-standard","has-post-thumbnail","hentry","category-a-temporales","category-economia","tag-biodiesel"],"acf":[],"yoast_head":"<!-- This site is optimized with the Yoast SEO plugin v27.5 - https:\/\/yoast.com\/product\/yoast-seo-wordpress\/ -->\n<title>Por el decreto de Macri, paralizaron la producci\u00f3n las plantas de biodi\u00e9sel de Pico y Catril\u00f3 - Diario Textual<\/title>\n<meta name=\"robots\" content=\"index, follow, max-snippet:-1, max-image-preview:large, max-video-preview:-1\" \/>\n<link rel=\"canonical\" href=\"https:\/\/diariotextual.com\/inicio\/index.php\/2019\/08\/30\/decreto-macri-paralizaron-la-produccion-las-plantas-biodiesel-pico-catrilo\/\" \/>\n<meta property=\"og:locale\" content=\"es_ES\" \/>\n<meta property=\"og:type\" content=\"article\" \/>\n<meta property=\"og:title\" content=\"Por el decreto de Macri, paralizaron la producci\u00f3n las plantas de biodi\u00e9sel de Pico y Catril\u00f3 - Diario Textual\" \/>\n<meta property=\"og:description\" content=\"Las dos plantas productoras de biodi\u00e9sel de La Pampa paralizaron su producci\u00f3n, en medio de la incertidumbre pol\u00edtica y\u00a0el congelamiento de precios de naftas y gasoil que decret\u00f3 le presidente&hellip;\" \/>\n<meta property=\"og:url\" content=\"https:\/\/diariotextual.com\/inicio\/index.php\/2019\/08\/30\/decreto-macri-paralizaron-la-produccion-las-plantas-biodiesel-pico-catrilo\/\" \/>\n<meta property=\"og:site_name\" content=\"Diario Textual\" \/>\n<meta property=\"article:publisher\" content=\"https:\/\/www.facebook.com\/eltextual\" \/>\n<meta property=\"article:published_time\" content=\"2019-08-30T22:30:35+00:00\" \/>\n<meta property=\"article:modified_time\" content=\"2019-08-31T17:32:13+00:00\" \/>\n<meta property=\"og:image\" content=\"https:\/\/diariotextual.com\/inicio\/wp-content\/uploads\/2019\/04\/gentedelapampa77777.jpg\" \/>\n\t<meta property=\"og:image:width\" content=\"1055\" \/>\n\t<meta property=\"og:image:height\" content=\"697\" \/>\n\t<meta property=\"og:image:type\" content=\"image\/jpeg\" \/>\n<meta name=\"author\" content=\"Diario1 Diario1\" \/>\n<meta name=\"twitter:card\" content=\"summary_large_image\" \/>\n<meta name=\"twitter:creator\" content=\"@eltextual\" \/>\n<meta name=\"twitter:site\" content=\"@eltextual\" \/>\n<meta name=\"twitter:label1\" content=\"Escrito por\" \/>\n\t<meta name=\"twitter:data1\" content=\"Diario1 Diario1\" \/>\n\t<meta name=\"twitter:label2\" content=\"Tiempo de lectura\" \/>\n\t<meta name=\"twitter:data2\" content=\"2 minutos\" \/>\n<script type=\"application\/ld+json\" class=\"yoast-schema-graph\">{\"@context\":\"https:\\\/\\\/schema.org\",\"@graph\":[{\"@type\":\"Article\",\"@id\":\"https:\\\/\\\/diariotextual.com\\\/inicio\\\/index.php\\\/2019\\\/08\\\/30\\\/decreto-macri-paralizaron-la-produccion-las-plantas-biodiesel-pico-catrilo\\\/#article\",\"isPartOf\":{\"@id\":\"https:\\\/\\\/diariotextual.com\\\/inicio\\\/index.php\\\/2019\\\/08\\\/30\\\/decreto-macri-paralizaron-la-produccion-las-plantas-biodiesel-pico-catrilo\\\/\"},\"author\":{\"name\":\"Diario1 Diario1\",\"@id\":\"https:\\\/\\\/diariotextual.com\\\/inicio\\\/#\\\/schema\\\/person\\\/418fc4093c33e86ed41562db3508f958\"},\"headline\":\"Por el decreto de Macri, paralizaron la producci\u00f3n las plantas de biodi\u00e9sel de Pico y Catril\u00f3\",\"datePublished\":\"2019-08-30T22:30:35+00:00\",\"dateModified\":\"2019-08-31T17:32:13+00:00\",\"mainEntityOfPage\":{\"@id\":\"https:\\\/\\\/diariotextual.com\\\/inicio\\\/index.php\\\/2019\\\/08\\\/30\\\/decreto-macri-paralizaron-la-produccion-las-plantas-biodiesel-pico-catrilo\\\/\"},\"wordCount\":334,\"publisher\":{\"@id\":\"https:\\\/\\\/diariotextual.com\\\/inicio\\\/#organization\"},\"image\":{\"@id\":\"https:\\\/\\\/diariotextual.com\\\/inicio\\\/index.php\\\/2019\\\/08\\\/30\\\/decreto-macri-paralizaron-la-produccion-las-plantas-biodiesel-pico-catrilo\\\/#primaryimage\"},\"thumbnailUrl\":\"https:\\\/\\\/diariotextual.com\\\/inicio\\\/wp-content\\\/uploads\\\/2019\\\/04\\\/gentedelapampa77777.jpg\",\"keywords\":[\"biodiesel\"],\"articleSection\":[\"A - TEMPORALES\",\"ECONOMIA\"],\"inLanguage\":\"es\"},{\"@type\":\"WebPage\",\"@id\":\"https:\\\/\\\/diariotextual.com\\\/inicio\\\/index.php\\\/2019\\\/08\\\/30\\\/decreto-macri-paralizaron-la-produccion-las-plantas-biodiesel-pico-catrilo\\\/\",\"url\":\"https:\\\/\\\/diariotextual.com\\\/inicio\\\/index.php\\\/2019\\\/08\\\/30\\\/decreto-macri-paralizaron-la-produccion-las-plantas-biodiesel-pico-catrilo\\\/\",\"name\":\"Por el decreto de Macri, paralizaron la producci\u00f3n las plantas de biodi\u00e9sel de Pico y Catril\u00f3 - Diario Textual\",\"isPartOf\":{\"@id\":\"https:\\\/\\\/diariotextual.com\\\/inicio\\\/#website\"},\"primaryImageOfPage\":{\"@id\":\"https:\\\/\\\/diariotextual.com\\\/inicio\\\/index.php\\\/2019\\\/08\\\/30\\\/decreto-macri-paralizaron-la-produccion-las-plantas-biodiesel-pico-catrilo\\\/#primaryimage\"},\"image\":{\"@id\":\"https:\\\/\\\/diariotextual.com\\\/inicio\\\/index.php\\\/2019\\\/08\\\/30\\\/decreto-macri-paralizaron-la-produccion-las-plantas-biodiesel-pico-catrilo\\\/#primaryimage\"},\"thumbnailUrl\":\"https:\\\/\\\/diariotextual.com\\\/inicio\\\/wp-content\\\/uploads\\\/2019\\\/04\\\/gentedelapampa77777.jpg\",\"datePublished\":\"2019-08-30T22:30:35+00:00\",\"dateModified\":\"2019-08-31T17:32:13+00:00\",\"breadcrumb\":{\"@id\":\"https:\\\/\\\/diariotextual.com\\\/inicio\\\/index.php\\\/2019\\\/08\\\/30\\\/decreto-macri-paralizaron-la-produccion-las-plantas-biodiesel-pico-catrilo\\\/#breadcrumb\"},\"inLanguage\":\"es\",\"potentialAction\":[{\"@type\":\"ReadAction\",\"target\":[\"https:\\\/\\\/diariotextual.com\\\/inicio\\\/index.php\\\/2019\\\/08\\\/30\\\/decreto-macri-paralizaron-la-produccion-las-plantas-biodiesel-pico-catrilo\\\/\"]}]},{\"@type\":\"ImageObject\",\"inLanguage\":\"es\",\"@id\":\"https:\\\/\\\/diariotextual.com\\\/inicio\\\/index.php\\\/2019\\\/08\\\/30\\\/decreto-macri-paralizaron-la-produccion-las-plantas-biodiesel-pico-catrilo\\\/#primaryimage\",\"url\":\"https:\\\/\\\/diariotextual.com\\\/inicio\\\/wp-content\\\/uploads\\\/2019\\\/04\\\/gentedelapampa77777.jpg\",\"contentUrl\":\"https:\\\/\\\/diariotextual.com\\\/inicio\\\/wp-content\\\/uploads\\\/2019\\\/04\\\/gentedelapampa77777.jpg\",\"width\":1055,\"height\":697},{\"@type\":\"BreadcrumbList\",\"@id\":\"https:\\\/\\\/diariotextual.com\\\/inicio\\\/index.php\\\/2019\\\/08\\\/30\\\/decreto-macri-paralizaron-la-produccion-las-plantas-biodiesel-pico-catrilo\\\/#breadcrumb\",\"itemListElement\":[{\"@type\":\"ListItem\",\"position\":1,\"name\":\"Portada\",\"item\":\"https:\\\/\\\/diariotextual.com\\\/inicio\\\/\"},{\"@type\":\"ListItem\",\"position\":2,\"name\":\"Por el decreto de Macri, paralizaron la producci\u00f3n las plantas de biodi\u00e9sel de Pico y Catril\u00f3\"}]},{\"@type\":\"WebSite\",\"@id\":\"https:\\\/\\\/diariotextual.com\\\/inicio\\\/#website\",\"url\":\"https:\\\/\\\/diariotextual.com\\\/inicio\\\/\",\"name\":\"Diario Textual\",\"description\":\"\",\"publisher\":{\"@id\":\"https:\\\/\\\/diariotextual.com\\\/inicio\\\/#organization\"},\"potentialAction\":[{\"@type\":\"SearchAction\",\"target\":{\"@type\":\"EntryPoint\",\"urlTemplate\":\"https:\\\/\\\/diariotextual.com\\\/inicio\\\/?s={search_term_string}\"},\"query-input\":{\"@type\":\"PropertyValueSpecification\",\"valueRequired\":true,\"valueName\":\"search_term_string\"}}],\"inLanguage\":\"es\"},{\"@type\":\"Organization\",\"@id\":\"https:\\\/\\\/diariotextual.com\\\/inicio\\\/#organization\",\"name\":\"Diario Textual\",\"url\":\"https:\\\/\\\/diariotextual.com\\\/inicio\\\/\",\"logo\":{\"@type\":\"ImageObject\",\"inLanguage\":\"es\",\"@id\":\"https:\\\/\\\/diariotextual.com\\\/inicio\\\/#\\\/schema\\\/logo\\\/image\\\/\",\"url\":\"https:\\\/\\\/diariotextual.com\\\/inicio\\\/wp-content\\\/uploads\\\/2023\\\/05\\\/logotextual1.jpg\",\"contentUrl\":\"https:\\\/\\\/diariotextual.com\\\/inicio\\\/wp-content\\\/uploads\\\/2023\\\/05\\\/logotextual1.jpg\",\"width\":516,\"height\":76,\"caption\":\"Diario Textual\"},\"image\":{\"@id\":\"https:\\\/\\\/diariotextual.com\\\/inicio\\\/#\\\/schema\\\/logo\\\/image\\\/\"},\"sameAs\":[\"https:\\\/\\\/www.facebook.com\\\/eltextual\",\"https:\\\/\\\/x.com\\\/eltextual\",\"http:\\\/\\\/www.instagram.com\\\/eltextual\"]},{\"@type\":\"Person\",\"@id\":\"https:\\\/\\\/diariotextual.com\\\/inicio\\\/#\\\/schema\\\/person\\\/418fc4093c33e86ed41562db3508f958\",\"name\":\"Diario1 Diario1\",\"image\":{\"@type\":\"ImageObject\",\"inLanguage\":\"es\",\"@id\":\"https:\\\/\\\/secure.gravatar.com\\\/avatar\\\/9167d280179c85bc18be67aa7eda765854300033af4896dd779b608640f2ef7a?s=96&d=mm&r=g\",\"url\":\"https:\\\/\\\/secure.gravatar.com\\\/avatar\\\/9167d280179c85bc18be67aa7eda765854300033af4896dd779b608640f2ef7a?s=96&d=mm&r=g\",\"contentUrl\":\"https:\\\/\\\/secure.gravatar.com\\\/avatar\\\/9167d280179c85bc18be67aa7eda765854300033af4896dd779b608640f2ef7a?s=96&d=mm&r=g\",\"caption\":\"Diario1 Diario1\"},\"url\":\"https:\\\/\\\/diariotextual.com\\\/inicio\\\/index.php\\\/author\\\/diario1\\\/\"}]}<\/script>\n<!-- \/ Yoast SEO plugin. -->","yoast_head_json":{"title":"Por el decreto de Macri, paralizaron la producci\u00f3n las plantas de biodi\u00e9sel de Pico y Catril\u00f3 - Diario Textual","robots":{"index":"index","follow":"follow","max-snippet":"max-snippet:-1","max-image-preview":"max-image-preview:large","max-video-preview":"max-video-preview:-1"},"canonical":"https:\/\/diariotextual.com\/inicio\/index.php\/2019\/08\/30\/decreto-macri-paralizaron-la-produccion-las-plantas-biodiesel-pico-catrilo\/","og_locale":"es_ES","og_type":"article","og_title":"Por el decreto de Macri, paralizaron la producci\u00f3n las plantas de biodi\u00e9sel de Pico y Catril\u00f3 - Diario Textual","og_description":"Las dos plantas productoras de biodi\u00e9sel de La Pampa paralizaron su producci\u00f3n, en medio de la incertidumbre pol\u00edtica y\u00a0el congelamiento de precios de naftas y gasoil que decret\u00f3 le presidente&hellip;","og_url":"https:\/\/diariotextual.com\/inicio\/index.php\/2019\/08\/30\/decreto-macri-paralizaron-la-produccion-las-plantas-biodiesel-pico-catrilo\/","og_site_name":"Diario Textual","article_publisher":"https:\/\/www.facebook.com\/eltextual","article_published_time":"2019-08-30T22:30:35+00:00","article_modified_time":"2019-08-31T17:32:13+00:00","og_image":[{"width":1055,"height":697,"url":"https:\/\/diariotextual.com\/inicio\/wp-content\/uploads\/2019\/04\/gentedelapampa77777.jpg","type":"image\/jpeg"}],"author":"Diario1 Diario1","twitter_card":"summary_large_image","twitter_creator":"@eltextual","twitter_site":"@eltextual","twitter_misc":{"Escrito por":"Diario1 Diario1","Tiempo de lectura":"2 minutos"},"schema":{"@context":"https:\/\/schema.org","@graph":[{"@type":"Article","@id":"https:\/\/diariotextual.com\/inicio\/index.php\/2019\/08\/30\/decreto-macri-paralizaron-la-produccion-las-plantas-biodiesel-pico-catrilo\/#article","isPartOf":{"@id":"https:\/\/diariotextual.com\/inicio\/index.php\/2019\/08\/30\/decreto-macri-paralizaron-la-produccion-las-plantas-biodiesel-pico-catrilo\/"},"author":{"name":"Diario1 Diario1","@id":"https:\/\/diariotextual.com\/inicio\/#\/schema\/person\/418fc4093c33e86ed41562db3508f958"},"headline":"Por el decreto de Macri, paralizaron la producci\u00f3n las plantas de biodi\u00e9sel de Pico y Catril\u00f3","datePublished":"2019-08-30T22:30:35+00:00","dateModified":"2019-08-31T17:32:13+00:00","mainEntityOfPage":{"@id":"https:\/\/diariotextual.com\/inicio\/index.php\/2019\/08\/30\/decreto-macri-paralizaron-la-produccion-las-plantas-biodiesel-pico-catrilo\/"},"wordCount":334,"publisher":{"@id":"https:\/\/diariotextual.com\/inicio\/#organization"},"image":{"@id":"https:\/\/diariotextual.com\/inicio\/index.php\/2019\/08\/30\/decreto-macri-paralizaron-la-produccion-las-plantas-biodiesel-pico-catrilo\/#primaryimage"},"thumbnailUrl":"https:\/\/diariotextual.com\/inicio\/wp-content\/uploads\/2019\/04\/gentedelapampa77777.jpg","keywords":["biodiesel"],"articleSection":["A - TEMPORALES","ECONOMIA"],"inLanguage":"es"},{"@type":"WebPage","@id":"https:\/\/diariotextual.com\/inicio\/index.php\/2019\/08\/30\/decreto-macri-paralizaron-la-produccion-las-plantas-biodiesel-pico-catrilo\/","url":"https:\/\/diariotextual.com\/inicio\/index.php\/2019\/08\/30\/decreto-macri-paralizaron-la-produccion-las-plantas-biodiesel-pico-catrilo\/","name":"Por el decreto de Macri, paralizaron la producci\u00f3n las plantas de biodi\u00e9sel de Pico y Catril\u00f3 - Diario Textual","isPartOf":{"@id":"https:\/\/diariotextual.com\/inicio\/#website"},"primaryImageOfPage":{"@id":"https:\/\/diariotextual.com\/inicio\/index.php\/2019\/08\/30\/decreto-macri-paralizaron-la-produccion-las-plantas-biodiesel-pico-catrilo\/#primaryimage"},"image":{"@id":"https:\/\/diariotextual.com\/inicio\/index.php\/2019\/08\/30\/decreto-macri-paralizaron-la-produccion-las-plantas-biodiesel-pico-catrilo\/#primaryimage"},"thumbnailUrl":"https:\/\/diariotextual.com\/inicio\/wp-content\/uploads\/2019\/04\/gentedelapampa77777.jpg","datePublished":"2019-08-30T22:30:35+00:00","dateModified":"2019-08-31T17:32:13+00:00","breadcrumb":{"@id":"https:\/\/diariotextual.com\/inicio\/index.php\/2019\/08\/30\/decreto-macri-paralizaron-la-produccion-las-plantas-biodiesel-pico-catrilo\/#breadcrumb"},"inLanguage":"es","potentialAction":[{"@type":"ReadAction","target":["https:\/\/diariotextual.com\/inicio\/index.php\/2019\/08\/30\/decreto-macri-paralizaron-la-produccion-las-plantas-biodiesel-pico-catrilo\/"]}]},{"@type":"ImageObject","inLanguage":"es","@id":"https:\/\/diariotextual.com\/inicio\/index.php\/2019\/08\/30\/decreto-macri-paralizaron-la-produccion-las-plantas-biodiesel-pico-catrilo\/#primaryimage","url":"https:\/\/diariotextual.com\/inicio\/wp-content\/uploads\/2019\/04\/gentedelapampa77777.jpg","contentUrl":"https:\/\/diariotextual.com\/inicio\/wp-content\/uploads\/2019\/04\/gentedelapampa77777.jpg","width":1055,"height":697},{"@type":"BreadcrumbList","@id":"https:\/\/diariotextual.com\/inicio\/index.php\/2019\/08\/30\/decreto-macri-paralizaron-la-produccion-las-plantas-biodiesel-pico-catrilo\/#breadcrumb","itemListElement":[{"@type":"ListItem","position":1,"name":"Portada","item":"https:\/\/diariotextual.com\/inicio\/"},{"@type":"ListItem","position":2,"name":"Por el decreto de Macri, paralizaron la producci\u00f3n las plantas de biodi\u00e9sel de Pico y Catril\u00f3"}]},{"@type":"WebSite","@id":"https:\/\/diariotextual.com\/inicio\/#website","url":"https:\/\/diariotextual.com\/inicio\/","name":"Diario Textual","description":"","publisher":{"@id":"https:\/\/diariotextual.com\/inicio\/#organization"},"potentialAction":[{"@type":"SearchAction","target":{"@type":"EntryPoint","urlTemplate":"https:\/\/diariotextual.com\/inicio\/?s={search_term_string}"},"query-input":{"@type":"PropertyValueSpecification","valueRequired":true,"valueName":"search_term_string"}}],"inLanguage":"es"},{"@type":"Organization","@id":"https:\/\/diariotextual.com\/inicio\/#organization","name":"Diario Textual","url":"https:\/\/diariotextual.com\/inicio\/","logo":{"@type":"ImageObject","inLanguage":"es","@id":"https:\/\/diariotextual.com\/inicio\/#\/schema\/logo\/image\/","url":"https:\/\/diariotextual.com\/inicio\/wp-content\/uploads\/2023\/05\/logotextual1.jpg","contentUrl":"https:\/\/diariotextual.com\/inicio\/wp-content\/uploads\/2023\/05\/logotextual1.jpg","width":516,"height":76,"caption":"Diario Textual"},"image":{"@id":"https:\/\/diariotextual.com\/inicio\/#\/schema\/logo\/image\/"},"sameAs":["https:\/\/www.facebook.com\/eltextual","https:\/\/x.com\/eltextual","http:\/\/www.instagram.com\/eltextual"]},{"@type":"Person","@id":"https:\/\/diariotextual.com\/inicio\/#\/schema\/person\/418fc4093c33e86ed41562db3508f958","name":"Diario1 Diario1","image":{"@type":"ImageObject","inLanguage":"es","@id":"https:\/\/secure.gravatar.com\/avatar\/9167d280179c85bc18be67aa7eda765854300033af4896dd779b608640f2ef7a?s=96&d=mm&r=g","url":"https:\/\/secure.gravatar.com\/avatar\/9167d280179c85bc18be67aa7eda765854300033af4896dd779b608640f2ef7a?s=96&d=mm&r=g","contentUrl":"https:\/\/secure.gravatar.com\/avatar\/9167d280179c85bc18be67aa7eda765854300033af4896dd779b608640f2ef7a?s=96&d=mm&r=g","caption":"Diario1 Diario1"},"url":"https:\/\/diariotextual.com\/inicio\/index.php\/author\/diario1\/"}]}},"_links":{"self":[{"href":"https:\/\/diariotextual.com\/inicio\/index.php\/wp-json\/wp\/v2\/posts\/61235","targetHints":{"allow":["GET"]}}],"collection":[{"href":"https:\/\/diariotextual.com\/inicio\/index.php\/wp-json\/wp\/v2\/posts"}],"about":[{"href":"https:\/\/diariotextual.com\/inicio\/index.php\/wp-json\/wp\/v2\/types\/post"}],"author":[{"embeddable":true,"href":"https:\/\/diariotextual.com\/inicio\/index.php\/wp-json\/wp\/v2\/users\/3"}],"replies":[{"embeddable":true,"href":"https:\/\/diariotextual.com\/inicio\/index.php\/wp-json\/wp\/v2\/comments?post=61235"}],"version-history":[{"count":6,"href":"https:\/\/diariotextual.com\/inicio\/index.php\/wp-json\/wp\/v2\/posts\/61235\/revisions"}],"predecessor-version":[{"id":61241,"href":"https:\/\/diariotextual.com\/inicio\/index.php\/wp-json\/wp\/v2\/posts\/61235\/revisions\/61241"}],"wp:featuredmedia":[{"embeddable":true,"href":"https:\/\/diariotextual.com\/inicio\/index.php\/wp-json\/wp\/v2\/media\/45451"}],"wp:attachment":[{"href":"https:\/\/diariotextual.com\/inicio\/index.php\/wp-json\/wp\/v2\/media?parent=61235"}],"wp:term":[{"taxonomy":"category","embeddable":true,"href":"https:\/\/diariotextual.com\/inicio\/index.php\/wp-json\/wp\/v2\/categories?post=61235"},{"taxonomy":"post_tag","embeddable":true,"href":"https:\/\/diariotextual.com\/inicio\/index.php\/wp-json\/wp\/v2\/tags?post=61235"}],"curies":[{"name":"wp","href":"https:\/\/api.w.org\/{rel}","templated":true}]}}