{"id":61264,"date":"2019-08-30T20:55:06","date_gmt":"2019-08-30T23:55:06","guid":{"rendered":"http:\/\/diariotextual.com\/inicio\/?p=61264"},"modified":"2019-08-31T11:26:30","modified_gmt":"2019-08-31T14:26:30","slug":"macri-pidio-responsabilidad-prudencia-llevar-tranquilidad-los-argentinos","status":"publish","type":"post","link":"https:\/\/diariotextual.com\/inicio\/index.php\/2019\/08\/30\/macri-pidio-responsabilidad-prudencia-llevar-tranquilidad-los-argentinos\/","title":{"rendered":"Macri pidi\u00f3 \u00abresponsabilidad y prudencia\u00bb para llevar \u00abtranquilidad\u00bb a los argentinos"},"content":{"rendered":"<p>El presidente <strong>Mauricio Macri<\/strong>, luego de un d\u00eda en el que subi\u00f3 el riesgo pa\u00eds y<a href=\"http:\/\/diariotextual.com\/inicio\/index.php\/2019\/08\/30\/banco-central-limito-giro-utilidades-los-bancos-al-exterior\/\" target=\"_blank\" rel=\"noopener\"><strong> el Central limit\u00f3 el giro de utilidades<\/strong><\/a> de los bancos al exterior, pidi\u00f3 pidi\u00f3 \u00abresponsabilidad y prudencia\u00bb para \u00abllevar tranquilidad\u00bb a los argentinos.<\/p>\n<p>\u00abTodos podemos ayudar desde la responsabilidad y la prudencia a llevar tranquilidad a los argentinos\u00bb, dijo en un mensaje publicado en su cuenta de Twitter.<\/p>\n<blockquote class=\"wp-embedded-content\" data-secret=\"E1Gp5qaXTB\"><p><a href=\"http:\/\/diariotextual.com\/inicio\/index.php\/2019\/08\/30\/alberto-fernandez-la-argentina-esta-default-virtual\/\">Alberto Fern\u00e1ndez: &#171;La Argentina est\u00e1 en un default virtual&#187;<\/a><\/p><\/blockquote>\n<p><iframe class=\"wp-embedded-content\" sandbox=\"allow-scripts\" security=\"restricted\" style=\"position: absolute; clip: rect(1px, 1px, 1px, 1px);\" src=\"http:\/\/diariotextual.com\/inicio\/index.php\/2019\/08\/30\/alberto-fernandez-la-argentina-esta-default-virtual\/embed\/#?secret=E1Gp5qaXTB\" data-secret=\"E1Gp5qaXTB\" width=\"600\" height=\"338\" title=\"&#171;Alberto Fern\u00e1ndez: &#171;La Argentina est\u00e1 en un default virtual&#187;&#187; &#8212; Diario Textual\" frameborder=\"0\" marginwidth=\"0\" marginheight=\"0\" scrolling=\"no\"><\/iframe><\/p>\n<p>\u00abCada uno desde su lugar. Como Presidente es mi \u00fanica prioridad. Todas mis acciones van en esa direcci\u00f3n, buscando tender puentes y dialogando\u00bb, agreg\u00f3.<\/p>\n<p>El mensaje del primer mandatario lleg\u00f3 algunas horas despu\u00e9s de que el candidato a presidente Alberto Fern\u00e1ndez asegurara que \u00abArgentina est\u00e1 en un default virtual y escondido\u00bb.<\/p>\n<p>Este viernes el diario econ\u00f3mico The Wall Street Journal public\u00f3 una entrevista con Fern\u00e1ndez en las que el postulante del Frente de Todos aseguraba que Argentina se encuentra en un estado de \u00abvirtual default\u00bb. Las declaraciones tomaron mayor relevancia debido a que fueron hechas a uno de los principales medios econ\u00f3micos del mundo en medio de una fuerte crisis cambiaria.<\/p>\n<blockquote class=\"wp-embedded-content\" data-secret=\"V5kjcbxC8e\"><p><a href=\"http:\/\/diariotextual.com\/inicio\/index.php\/2019\/08\/30\/banco-central-limito-giro-utilidades-los-bancos-al-exterior\/\">El Central le pone cepo a los bancos para girar ganancias al exterior<\/a><\/p><\/blockquote>\n<p><iframe class=\"wp-embedded-content\" sandbox=\"allow-scripts\" security=\"restricted\" style=\"position: absolute; clip: rect(1px, 1px, 1px, 1px);\" src=\"http:\/\/diariotextual.com\/inicio\/index.php\/2019\/08\/30\/banco-central-limito-giro-utilidades-los-bancos-al-exterior\/embed\/#?secret=V5kjcbxC8e\" data-secret=\"V5kjcbxC8e\" width=\"600\" height=\"338\" title=\"&#171;El Central le pone cepo a los bancos para girar ganancias al exterior&#187; &#8212; Diario Textual\" frameborder=\"0\" marginwidth=\"0\" marginheight=\"0\" scrolling=\"no\"><\/iframe><\/p>\n<p>&nbsp;<\/p>\n<p>&nbsp;<\/p>\n<p>&nbsp;<\/p>\n","protected":false},"excerpt":{"rendered":"<p>El presidente Mauricio Macri, luego de un d\u00eda en el que subi\u00f3 el riesgo pa\u00eds y el Central limit\u00f3 el giro de utilidades de los bancos al exterior, pidi\u00f3 pidi\u00f3&hellip;<\/p>\n","protected":false},"author":3,"featured_media":59112,"comment_status":"closed","ping_status":"open","sticky":false,"template":"","format":"standard","meta":{"_acf_changed":false,"footnotes":""},"categories":[319,8],"tags":[],"class_list":["post-61264","post","type-post","status-publish","format-standard","has-post-thumbnail","hentry","category-a-temporales","category-politica"],"acf":[],"yoast_head":"<!-- This site is optimized with the Yoast SEO plugin v27.5 - https:\/\/yoast.com\/product\/yoast-seo-wordpress\/ -->\n<title>Macri pidi\u00f3 &quot;responsabilidad y prudencia&quot; para llevar &quot;tranquilidad&quot; a los argentinos - Diario Textual<\/title>\n<meta name=\"robots\" content=\"index, follow, max-snippet:-1, max-image-preview:large, max-video-preview:-1\" \/>\n<link rel=\"canonical\" href=\"https:\/\/diariotextual.com\/inicio\/index.php\/2019\/08\/30\/macri-pidio-responsabilidad-prudencia-llevar-tranquilidad-los-argentinos\/\" \/>\n<meta property=\"og:locale\" content=\"es_ES\" \/>\n<meta property=\"og:type\" content=\"article\" \/>\n<meta property=\"og:title\" content=\"Macri pidi\u00f3 &quot;responsabilidad y prudencia&quot; para llevar &quot;tranquilidad&quot; a los argentinos - Diario Textual\" \/>\n<meta property=\"og:description\" content=\"El presidente Mauricio Macri, luego de un d\u00eda en el que subi\u00f3 el riesgo pa\u00eds y el Central limit\u00f3 el giro de utilidades de los bancos al exterior, pidi\u00f3 pidi\u00f3&hellip;\" \/>\n<meta property=\"og:url\" content=\"https:\/\/diariotextual.com\/inicio\/index.php\/2019\/08\/30\/macri-pidio-responsabilidad-prudencia-llevar-tranquilidad-los-argentinos\/\" \/>\n<meta property=\"og:site_name\" content=\"Diario Textual\" \/>\n<meta property=\"article:publisher\" content=\"https:\/\/www.facebook.com\/eltextual\" \/>\n<meta property=\"article:published_time\" content=\"2019-08-30T23:55:06+00:00\" \/>\n<meta property=\"article:modified_time\" content=\"2019-08-31T14:26:30+00:00\" \/>\n<meta property=\"og:image\" content=\"https:\/\/diariotextual.com\/inicio\/wp-content\/uploads\/2019\/08\/macriderrotapaso2019233.jpg\" \/>\n\t<meta property=\"og:image:width\" content=\"1920\" \/>\n\t<meta property=\"og:image:height\" content=\"1278\" \/>\n\t<meta property=\"og:image:type\" content=\"image\/jpeg\" \/>\n<meta name=\"author\" content=\"Diario1 Diario1\" \/>\n<meta name=\"twitter:card\" content=\"summary_large_image\" \/>\n<meta name=\"twitter:creator\" content=\"@eltextual\" \/>\n<meta name=\"twitter:site\" content=\"@eltextual\" \/>\n<meta name=\"twitter:label1\" content=\"Escrito por\" \/>\n\t<meta name=\"twitter:data1\" content=\"Diario1 Diario1\" \/>\n\t<meta name=\"twitter:label2\" content=\"Tiempo de lectura\" \/>\n\t<meta name=\"twitter:data2\" content=\"1 minuto\" \/>\n<script type=\"application\/ld+json\" class=\"yoast-schema-graph\">{\"@context\":\"https:\\\/\\\/schema.org\",\"@graph\":[{\"@type\":\"Article\",\"@id\":\"https:\\\/\\\/diariotextual.com\\\/inicio\\\/index.php\\\/2019\\\/08\\\/30\\\/macri-pidio-responsabilidad-prudencia-llevar-tranquilidad-los-argentinos\\\/#article\",\"isPartOf\":{\"@id\":\"https:\\\/\\\/diariotextual.com\\\/inicio\\\/index.php\\\/2019\\\/08\\\/30\\\/macri-pidio-responsabilidad-prudencia-llevar-tranquilidad-los-argentinos\\\/\"},\"author\":{\"name\":\"Diario1 Diario1\",\"@id\":\"https:\\\/\\\/diariotextual.com\\\/inicio\\\/#\\\/schema\\\/person\\\/418fc4093c33e86ed41562db3508f958\"},\"headline\":\"Macri pidi\u00f3 \u00abresponsabilidad y prudencia\u00bb para llevar \u00abtranquilidad\u00bb a los argentinos\",\"datePublished\":\"2019-08-30T23:55:06+00:00\",\"dateModified\":\"2019-08-31T14:26:30+00:00\",\"mainEntityOfPage\":{\"@id\":\"https:\\\/\\\/diariotextual.com\\\/inicio\\\/index.php\\\/2019\\\/08\\\/30\\\/macri-pidio-responsabilidad-prudencia-llevar-tranquilidad-los-argentinos\\\/\"},\"wordCount\":211,\"publisher\":{\"@id\":\"https:\\\/\\\/diariotextual.com\\\/inicio\\\/#organization\"},\"image\":{\"@id\":\"https:\\\/\\\/diariotextual.com\\\/inicio\\\/index.php\\\/2019\\\/08\\\/30\\\/macri-pidio-responsabilidad-prudencia-llevar-tranquilidad-los-argentinos\\\/#primaryimage\"},\"thumbnailUrl\":\"https:\\\/\\\/diariotextual.com\\\/inicio\\\/wp-content\\\/uploads\\\/2019\\\/08\\\/macriderrotapaso2019233.jpg\",\"articleSection\":[\"A - TEMPORALES\",\"POLITICA\"],\"inLanguage\":\"es\"},{\"@type\":\"WebPage\",\"@id\":\"https:\\\/\\\/diariotextual.com\\\/inicio\\\/index.php\\\/2019\\\/08\\\/30\\\/macri-pidio-responsabilidad-prudencia-llevar-tranquilidad-los-argentinos\\\/\",\"url\":\"https:\\\/\\\/diariotextual.com\\\/inicio\\\/index.php\\\/2019\\\/08\\\/30\\\/macri-pidio-responsabilidad-prudencia-llevar-tranquilidad-los-argentinos\\\/\",\"name\":\"Macri pidi\u00f3 \\\"responsabilidad y prudencia\\\" para llevar \\\"tranquilidad\\\" a los argentinos - Diario Textual\",\"isPartOf\":{\"@id\":\"https:\\\/\\\/diariotextual.com\\\/inicio\\\/#website\"},\"primaryImageOfPage\":{\"@id\":\"https:\\\/\\\/diariotextual.com\\\/inicio\\\/index.php\\\/2019\\\/08\\\/30\\\/macri-pidio-responsabilidad-prudencia-llevar-tranquilidad-los-argentinos\\\/#primaryimage\"},\"image\":{\"@id\":\"https:\\\/\\\/diariotextual.com\\\/inicio\\\/index.php\\\/2019\\\/08\\\/30\\\/macri-pidio-responsabilidad-prudencia-llevar-tranquilidad-los-argentinos\\\/#primaryimage\"},\"thumbnailUrl\":\"https:\\\/\\\/diariotextual.com\\\/inicio\\\/wp-content\\\/uploads\\\/2019\\\/08\\\/macriderrotapaso2019233.jpg\",\"datePublished\":\"2019-08-30T23:55:06+00:00\",\"dateModified\":\"2019-08-31T14:26:30+00:00\",\"breadcrumb\":{\"@id\":\"https:\\\/\\\/diariotextual.com\\\/inicio\\\/index.php\\\/2019\\\/08\\\/30\\\/macri-pidio-responsabilidad-prudencia-llevar-tranquilidad-los-argentinos\\\/#breadcrumb\"},\"inLanguage\":\"es\",\"potentialAction\":[{\"@type\":\"ReadAction\",\"target\":[\"https:\\\/\\\/diariotextual.com\\\/inicio\\\/index.php\\\/2019\\\/08\\\/30\\\/macri-pidio-responsabilidad-prudencia-llevar-tranquilidad-los-argentinos\\\/\"]}]},{\"@type\":\"ImageObject\",\"inLanguage\":\"es\",\"@id\":\"https:\\\/\\\/diariotextual.com\\\/inicio\\\/index.php\\\/2019\\\/08\\\/30\\\/macri-pidio-responsabilidad-prudencia-llevar-tranquilidad-los-argentinos\\\/#primaryimage\",\"url\":\"https:\\\/\\\/diariotextual.com\\\/inicio\\\/wp-content\\\/uploads\\\/2019\\\/08\\\/macriderrotapaso2019233.jpg\",\"contentUrl\":\"https:\\\/\\\/diariotextual.com\\\/inicio\\\/wp-content\\\/uploads\\\/2019\\\/08\\\/macriderrotapaso2019233.jpg\",\"width\":1920,\"height\":1278,\"caption\":\"AME6272. BUENOS AIRES (ARGENTINA), 11\\\/08\\\/2019.- El presidente de la Argentina, Mauricio Macri, reconoce la derrota de Juntos Por el Cambio en las elecciones internas que se realizaron este domingo, en la ciudad de Buenos Aires (Argentina) EFE\\\/Juan Ignacio Roncoroni\"},{\"@type\":\"BreadcrumbList\",\"@id\":\"https:\\\/\\\/diariotextual.com\\\/inicio\\\/index.php\\\/2019\\\/08\\\/30\\\/macri-pidio-responsabilidad-prudencia-llevar-tranquilidad-los-argentinos\\\/#breadcrumb\",\"itemListElement\":[{\"@type\":\"ListItem\",\"position\":1,\"name\":\"Portada\",\"item\":\"https:\\\/\\\/diariotextual.com\\\/inicio\\\/\"},{\"@type\":\"ListItem\",\"position\":2,\"name\":\"Macri pidi\u00f3 \u00abresponsabilidad y prudencia\u00bb para llevar \u00abtranquilidad\u00bb a los argentinos\"}]},{\"@type\":\"WebSite\",\"@id\":\"https:\\\/\\\/diariotextual.com\\\/inicio\\\/#website\",\"url\":\"https:\\\/\\\/diariotextual.com\\\/inicio\\\/\",\"name\":\"Diario Textual\",\"description\":\"\",\"publisher\":{\"@id\":\"https:\\\/\\\/diariotextual.com\\\/inicio\\\/#organization\"},\"potentialAction\":[{\"@type\":\"SearchAction\",\"target\":{\"@type\":\"EntryPoint\",\"urlTemplate\":\"https:\\\/\\\/diariotextual.com\\\/inicio\\\/?s={search_term_string}\"},\"query-input\":{\"@type\":\"PropertyValueSpecification\",\"valueRequired\":true,\"valueName\":\"search_term_string\"}}],\"inLanguage\":\"es\"},{\"@type\":\"Organization\",\"@id\":\"https:\\\/\\\/diariotextual.com\\\/inicio\\\/#organization\",\"name\":\"Diario Textual\",\"url\":\"https:\\\/\\\/diariotextual.com\\\/inicio\\\/\",\"logo\":{\"@type\":\"ImageObject\",\"inLanguage\":\"es\",\"@id\":\"https:\\\/\\\/diariotextual.com\\\/inicio\\\/#\\\/schema\\\/logo\\\/image\\\/\",\"url\":\"https:\\\/\\\/diariotextual.com\\\/inicio\\\/wp-content\\\/uploads\\\/2023\\\/05\\\/logotextual1.jpg\",\"contentUrl\":\"https:\\\/\\\/diariotextual.com\\\/inicio\\\/wp-content\\\/uploads\\\/2023\\\/05\\\/logotextual1.jpg\",\"width\":516,\"height\":76,\"caption\":\"Diario Textual\"},\"image\":{\"@id\":\"https:\\\/\\\/diariotextual.com\\\/inicio\\\/#\\\/schema\\\/logo\\\/image\\\/\"},\"sameAs\":[\"https:\\\/\\\/www.facebook.com\\\/eltextual\",\"https:\\\/\\\/x.com\\\/eltextual\",\"http:\\\/\\\/www.instagram.com\\\/eltextual\"]},{\"@type\":\"Person\",\"@id\":\"https:\\\/\\\/diariotextual.com\\\/inicio\\\/#\\\/schema\\\/person\\\/418fc4093c33e86ed41562db3508f958\",\"name\":\"Diario1 Diario1\",\"image\":{\"@type\":\"ImageObject\",\"inLanguage\":\"es\",\"@id\":\"https:\\\/\\\/secure.gravatar.com\\\/avatar\\\/9167d280179c85bc18be67aa7eda765854300033af4896dd779b608640f2ef7a?s=96&d=mm&r=g\",\"url\":\"https:\\\/\\\/secure.gravatar.com\\\/avatar\\\/9167d280179c85bc18be67aa7eda765854300033af4896dd779b608640f2ef7a?s=96&d=mm&r=g\",\"contentUrl\":\"https:\\\/\\\/secure.gravatar.com\\\/avatar\\\/9167d280179c85bc18be67aa7eda765854300033af4896dd779b608640f2ef7a?s=96&d=mm&r=g\",\"caption\":\"Diario1 Diario1\"},\"url\":\"https:\\\/\\\/diariotextual.com\\\/inicio\\\/index.php\\\/author\\\/diario1\\\/\"}]}<\/script>\n<!-- \/ Yoast SEO plugin. -->","yoast_head_json":{"title":"Macri pidi\u00f3 \"responsabilidad y prudencia\" para llevar \"tranquilidad\" a los argentinos - Diario Textual","robots":{"index":"index","follow":"follow","max-snippet":"max-snippet:-1","max-image-preview":"max-image-preview:large","max-video-preview":"max-video-preview:-1"},"canonical":"https:\/\/diariotextual.com\/inicio\/index.php\/2019\/08\/30\/macri-pidio-responsabilidad-prudencia-llevar-tranquilidad-los-argentinos\/","og_locale":"es_ES","og_type":"article","og_title":"Macri pidi\u00f3 \"responsabilidad y prudencia\" para llevar \"tranquilidad\" a los argentinos - Diario Textual","og_description":"El presidente Mauricio Macri, luego de un d\u00eda en el que subi\u00f3 el riesgo pa\u00eds y el Central limit\u00f3 el giro de utilidades de los bancos al exterior, pidi\u00f3 pidi\u00f3&hellip;","og_url":"https:\/\/diariotextual.com\/inicio\/index.php\/2019\/08\/30\/macri-pidio-responsabilidad-prudencia-llevar-tranquilidad-los-argentinos\/","og_site_name":"Diario Textual","article_publisher":"https:\/\/www.facebook.com\/eltextual","article_published_time":"2019-08-30T23:55:06+00:00","article_modified_time":"2019-08-31T14:26:30+00:00","og_image":[{"width":1920,"height":1278,"url":"https:\/\/diariotextual.com\/inicio\/wp-content\/uploads\/2019\/08\/macriderrotapaso2019233.jpg","type":"image\/jpeg"}],"author":"Diario1 Diario1","twitter_card":"summary_large_image","twitter_creator":"@eltextual","twitter_site":"@eltextual","twitter_misc":{"Escrito por":"Diario1 Diario1","Tiempo de lectura":"1 minuto"},"schema":{"@context":"https:\/\/schema.org","@graph":[{"@type":"Article","@id":"https:\/\/diariotextual.com\/inicio\/index.php\/2019\/08\/30\/macri-pidio-responsabilidad-prudencia-llevar-tranquilidad-los-argentinos\/#article","isPartOf":{"@id":"https:\/\/diariotextual.com\/inicio\/index.php\/2019\/08\/30\/macri-pidio-responsabilidad-prudencia-llevar-tranquilidad-los-argentinos\/"},"author":{"name":"Diario1 Diario1","@id":"https:\/\/diariotextual.com\/inicio\/#\/schema\/person\/418fc4093c33e86ed41562db3508f958"},"headline":"Macri pidi\u00f3 \u00abresponsabilidad y prudencia\u00bb para llevar \u00abtranquilidad\u00bb a los argentinos","datePublished":"2019-08-30T23:55:06+00:00","dateModified":"2019-08-31T14:26:30+00:00","mainEntityOfPage":{"@id":"https:\/\/diariotextual.com\/inicio\/index.php\/2019\/08\/30\/macri-pidio-responsabilidad-prudencia-llevar-tranquilidad-los-argentinos\/"},"wordCount":211,"publisher":{"@id":"https:\/\/diariotextual.com\/inicio\/#organization"},"image":{"@id":"https:\/\/diariotextual.com\/inicio\/index.php\/2019\/08\/30\/macri-pidio-responsabilidad-prudencia-llevar-tranquilidad-los-argentinos\/#primaryimage"},"thumbnailUrl":"https:\/\/diariotextual.com\/inicio\/wp-content\/uploads\/2019\/08\/macriderrotapaso2019233.jpg","articleSection":["A - TEMPORALES","POLITICA"],"inLanguage":"es"},{"@type":"WebPage","@id":"https:\/\/diariotextual.com\/inicio\/index.php\/2019\/08\/30\/macri-pidio-responsabilidad-prudencia-llevar-tranquilidad-los-argentinos\/","url":"https:\/\/diariotextual.com\/inicio\/index.php\/2019\/08\/30\/macri-pidio-responsabilidad-prudencia-llevar-tranquilidad-los-argentinos\/","name":"Macri pidi\u00f3 \"responsabilidad y prudencia\" para llevar \"tranquilidad\" a los argentinos - Diario Textual","isPartOf":{"@id":"https:\/\/diariotextual.com\/inicio\/#website"},"primaryImageOfPage":{"@id":"https:\/\/diariotextual.com\/inicio\/index.php\/2019\/08\/30\/macri-pidio-responsabilidad-prudencia-llevar-tranquilidad-los-argentinos\/#primaryimage"},"image":{"@id":"https:\/\/diariotextual.com\/inicio\/index.php\/2019\/08\/30\/macri-pidio-responsabilidad-prudencia-llevar-tranquilidad-los-argentinos\/#primaryimage"},"thumbnailUrl":"https:\/\/diariotextual.com\/inicio\/wp-content\/uploads\/2019\/08\/macriderrotapaso2019233.jpg","datePublished":"2019-08-30T23:55:06+00:00","dateModified":"2019-08-31T14:26:30+00:00","breadcrumb":{"@id":"https:\/\/diariotextual.com\/inicio\/index.php\/2019\/08\/30\/macri-pidio-responsabilidad-prudencia-llevar-tranquilidad-los-argentinos\/#breadcrumb"},"inLanguage":"es","potentialAction":[{"@type":"ReadAction","target":["https:\/\/diariotextual.com\/inicio\/index.php\/2019\/08\/30\/macri-pidio-responsabilidad-prudencia-llevar-tranquilidad-los-argentinos\/"]}]},{"@type":"ImageObject","inLanguage":"es","@id":"https:\/\/diariotextual.com\/inicio\/index.php\/2019\/08\/30\/macri-pidio-responsabilidad-prudencia-llevar-tranquilidad-los-argentinos\/#primaryimage","url":"https:\/\/diariotextual.com\/inicio\/wp-content\/uploads\/2019\/08\/macriderrotapaso2019233.jpg","contentUrl":"https:\/\/diariotextual.com\/inicio\/wp-content\/uploads\/2019\/08\/macriderrotapaso2019233.jpg","width":1920,"height":1278,"caption":"AME6272. BUENOS AIRES (ARGENTINA), 11\/08\/2019.- El presidente de la Argentina, Mauricio Macri, reconoce la derrota de Juntos Por el Cambio en las elecciones internas que se realizaron este domingo, en la ciudad de Buenos Aires (Argentina) EFE\/Juan Ignacio Roncoroni"},{"@type":"BreadcrumbList","@id":"https:\/\/diariotextual.com\/inicio\/index.php\/2019\/08\/30\/macri-pidio-responsabilidad-prudencia-llevar-tranquilidad-los-argentinos\/#breadcrumb","itemListElement":[{"@type":"ListItem","position":1,"name":"Portada","item":"https:\/\/diariotextual.com\/inicio\/"},{"@type":"ListItem","position":2,"name":"Macri pidi\u00f3 \u00abresponsabilidad y prudencia\u00bb para llevar \u00abtranquilidad\u00bb a los argentinos"}]},{"@type":"WebSite","@id":"https:\/\/diariotextual.com\/inicio\/#website","url":"https:\/\/diariotextual.com\/inicio\/","name":"Diario Textual","description":"","publisher":{"@id":"https:\/\/diariotextual.com\/inicio\/#organization"},"potentialAction":[{"@type":"SearchAction","target":{"@type":"EntryPoint","urlTemplate":"https:\/\/diariotextual.com\/inicio\/?s={search_term_string}"},"query-input":{"@type":"PropertyValueSpecification","valueRequired":true,"valueName":"search_term_string"}}],"inLanguage":"es"},{"@type":"Organization","@id":"https:\/\/diariotextual.com\/inicio\/#organization","name":"Diario Textual","url":"https:\/\/diariotextual.com\/inicio\/","logo":{"@type":"ImageObject","inLanguage":"es","@id":"https:\/\/diariotextual.com\/inicio\/#\/schema\/logo\/image\/","url":"https:\/\/diariotextual.com\/inicio\/wp-content\/uploads\/2023\/05\/logotextual1.jpg","contentUrl":"https:\/\/diariotextual.com\/inicio\/wp-content\/uploads\/2023\/05\/logotextual1.jpg","width":516,"height":76,"caption":"Diario Textual"},"image":{"@id":"https:\/\/diariotextual.com\/inicio\/#\/schema\/logo\/image\/"},"sameAs":["https:\/\/www.facebook.com\/eltextual","https:\/\/x.com\/eltextual","http:\/\/www.instagram.com\/eltextual"]},{"@type":"Person","@id":"https:\/\/diariotextual.com\/inicio\/#\/schema\/person\/418fc4093c33e86ed41562db3508f958","name":"Diario1 Diario1","image":{"@type":"ImageObject","inLanguage":"es","@id":"https:\/\/secure.gravatar.com\/avatar\/9167d280179c85bc18be67aa7eda765854300033af4896dd779b608640f2ef7a?s=96&d=mm&r=g","url":"https:\/\/secure.gravatar.com\/avatar\/9167d280179c85bc18be67aa7eda765854300033af4896dd779b608640f2ef7a?s=96&d=mm&r=g","contentUrl":"https:\/\/secure.gravatar.com\/avatar\/9167d280179c85bc18be67aa7eda765854300033af4896dd779b608640f2ef7a?s=96&d=mm&r=g","caption":"Diario1 Diario1"},"url":"https:\/\/diariotextual.com\/inicio\/index.php\/author\/diario1\/"}]}},"_links":{"self":[{"href":"https:\/\/diariotextual.com\/inicio\/index.php\/wp-json\/wp\/v2\/posts\/61264","targetHints":{"allow":["GET"]}}],"collection":[{"href":"https:\/\/diariotextual.com\/inicio\/index.php\/wp-json\/wp\/v2\/posts"}],"about":[{"href":"https:\/\/diariotextual.com\/inicio\/index.php\/wp-json\/wp\/v2\/types\/post"}],"author":[{"embeddable":true,"href":"https:\/\/diariotextual.com\/inicio\/index.php\/wp-json\/wp\/v2\/users\/3"}],"replies":[{"embeddable":true,"href":"https:\/\/diariotextual.com\/inicio\/index.php\/wp-json\/wp\/v2\/comments?post=61264"}],"version-history":[{"count":3,"href":"https:\/\/diariotextual.com\/inicio\/index.php\/wp-json\/wp\/v2\/posts\/61264\/revisions"}],"predecessor-version":[{"id":61286,"href":"https:\/\/diariotextual.com\/inicio\/index.php\/wp-json\/wp\/v2\/posts\/61264\/revisions\/61286"}],"wp:featuredmedia":[{"embeddable":true,"href":"https:\/\/diariotextual.com\/inicio\/index.php\/wp-json\/wp\/v2\/media\/59112"}],"wp:attachment":[{"href":"https:\/\/diariotextual.com\/inicio\/index.php\/wp-json\/wp\/v2\/media?parent=61264"}],"wp:term":[{"taxonomy":"category","embeddable":true,"href":"https:\/\/diariotextual.com\/inicio\/index.php\/wp-json\/wp\/v2\/categories?post=61264"},{"taxonomy":"post_tag","embeddable":true,"href":"https:\/\/diariotextual.com\/inicio\/index.php\/wp-json\/wp\/v2\/tags?post=61264"}],"curies":[{"name":"wp","href":"https:\/\/api.w.org\/{rel}","templated":true}]}}