{"id":61282,"date":"2019-08-30T22:39:17","date_gmt":"2019-08-31T01:39:17","guid":{"rendered":"http:\/\/diariotextual.com\/inicio\/?p=61282"},"modified":"2019-08-31T11:15:10","modified_gmt":"2019-08-31T14:15:10","slug":"central-perdio-este-viernes-casi-2-mil-millones-dolares-reservas","status":"publish","type":"post","link":"https:\/\/diariotextual.com\/inicio\/index.php\/2019\/08\/30\/central-perdio-este-viernes-casi-2-mil-millones-dolares-reservas\/","title":{"rendered":"El Central perdi\u00f3 este viernes casi 2 mil millones de d\u00f3lares en reservas"},"content":{"rendered":"<p>Las reservas cayeron en 2000 millones de d\u00f3lares este viernes. La sangr\u00eda se produjo en medio de una jornada marcada por las convulsiones que provoca la decisi\u00f3n del gobierno de postergar los pagos de deuda de muy corto plazo en pesos y en d\u00f3lares e iniciar negociaciones con los acreedores, tanto privados como con el Fondo Monetario, para reformular los plazos de pago de la deuda de mediano y largo plazo.<\/p>\n<blockquote class=\"wp-embedded-content\" data-secret=\"q4M3ckW37A\"><p><a href=\"http:\/\/diariotextual.com\/inicio\/index.php\/2019\/08\/30\/banco-central-limito-giro-utilidades-los-bancos-al-exterior\/\">El Central le pone cepo a los bancos para girar ganancias al exterior<\/a><\/p><\/blockquote>\n<p><iframe class=\"wp-embedded-content\" sandbox=\"allow-scripts\" security=\"restricted\" style=\"position: absolute; clip: rect(1px, 1px, 1px, 1px);\" src=\"http:\/\/diariotextual.com\/inicio\/index.php\/2019\/08\/30\/banco-central-limito-giro-utilidades-los-bancos-al-exterior\/embed\/#?secret=q4M3ckW37A\" data-secret=\"q4M3ckW37A\" width=\"600\" height=\"338\" title=\"&#171;El Central le pone cepo a los bancos para girar ganancias al exterior&#187; &#8212; Diario Textual\" frameborder=\"0\" marginwidth=\"0\" marginheight=\"0\" scrolling=\"no\"><\/iframe><\/p>\n<p>&nbsp;<\/p>\n<p>El Banco Central inform\u00f3 en la tarde de este viernes que las reservas hab\u00edan ca\u00eddo a 56.041 millones de d\u00f3lares desde 54.098 millones de d\u00f3lares que ten\u00eda en sus registros el jueves.<\/p>\n<p>Desde abril el BCRA dej\u00f3 de informar las causas por las cuales las reservas suben o bajan. Sin embargo, la ca\u00edda de reservas sucedida a lo largo del mes de agosto tuvo como causa principal la ca\u00edda de dep\u00f3sitos en d\u00f3lares en cuentas bancarias. Seg\u00fan datos del mercado financiero, esos dep\u00f3sitos habr\u00edan descendido en unos 3500 millones de d\u00f3lares, el equivalente a un 10% del stock que hab\u00eda a principios del mes.<\/p>\n<p>Tambi\u00e9n cayeron las reservas por la venta de d\u00f3lares en billetes que realiz\u00f3 el Banco Central. Desde las PASO, la entidad que dirige Guido Sandleris vendi\u00f3 2018 millones de d\u00f3lares, de los que 1279 millones los entreg\u00f3 en esta semana. Es decir, la venta de d\u00f3lares se est\u00e1 acelerando.<\/p>\n<blockquote class=\"wp-embedded-content\" data-secret=\"ZCrWFzbtCk\"><p><a href=\"http:\/\/diariotextual.com\/inicio\/index.php\/2019\/08\/30\/macri-pidio-responsabilidad-prudencia-llevar-tranquilidad-los-argentinos\/\">Macri pidi\u00f3 &#171;responsabilidad y prudencia&#187; para llevar &#171;tranquilidad&#187; a los argentinos<\/a><\/p><\/blockquote>\n<p><iframe class=\"wp-embedded-content\" sandbox=\"allow-scripts\" security=\"restricted\" style=\"position: absolute; clip: rect(1px, 1px, 1px, 1px);\" src=\"http:\/\/diariotextual.com\/inicio\/index.php\/2019\/08\/30\/macri-pidio-responsabilidad-prudencia-llevar-tranquilidad-los-argentinos\/embed\/#?secret=ZCrWFzbtCk\" data-secret=\"ZCrWFzbtCk\" width=\"600\" height=\"338\" title=\"&#171;Macri pidi\u00f3 &#171;responsabilidad y prudencia&#187; para llevar &#171;tranquilidad&#187; a los argentinos&#187; &#8212; Diario Textual\" frameborder=\"0\" marginwidth=\"0\" marginheight=\"0\" scrolling=\"no\"><\/iframe><\/p>\n<p>&nbsp;<\/p>\n<p>&nbsp;<\/p>\n<p>&nbsp;<\/p>\n","protected":false},"excerpt":{"rendered":"<p>Las reservas cayeron en 2000 millones de d\u00f3lares este viernes. La sangr\u00eda se produjo en medio de una jornada marcada por las convulsiones que provoca la decisi\u00f3n del gobierno de&hellip;<\/p>\n","protected":false},"author":3,"featured_media":7586,"comment_status":"closed","ping_status":"open","sticky":false,"template":"","format":"standard","meta":{"_acf_changed":false,"footnotes":""},"categories":[11,5],"tags":[],"class_list":["post-61282","post","type-post","status-publish","format-standard","has-post-thumbnail","hentry","category-que-pasa","category-economia"],"acf":[],"yoast_head":"<!-- This site is optimized with the Yoast SEO plugin v27.5 - https:\/\/yoast.com\/product\/yoast-seo-wordpress\/ -->\n<title>El Central perdi\u00f3 este viernes casi 2 mil millones de d\u00f3lares en reservas - Diario Textual<\/title>\n<meta name=\"robots\" content=\"index, follow, max-snippet:-1, max-image-preview:large, max-video-preview:-1\" \/>\n<link rel=\"canonical\" href=\"https:\/\/diariotextual.com\/inicio\/index.php\/2019\/08\/30\/central-perdio-este-viernes-casi-2-mil-millones-dolares-reservas\/\" \/>\n<meta property=\"og:locale\" content=\"es_ES\" \/>\n<meta property=\"og:type\" content=\"article\" \/>\n<meta property=\"og:title\" content=\"El Central perdi\u00f3 este viernes casi 2 mil millones de d\u00f3lares en reservas - Diario Textual\" \/>\n<meta property=\"og:description\" content=\"Las reservas cayeron en 2000 millones de d\u00f3lares este viernes. La sangr\u00eda se produjo en medio de una jornada marcada por las convulsiones que provoca la decisi\u00f3n del gobierno de&hellip;\" \/>\n<meta property=\"og:url\" content=\"https:\/\/diariotextual.com\/inicio\/index.php\/2019\/08\/30\/central-perdio-este-viernes-casi-2-mil-millones-dolares-reservas\/\" \/>\n<meta property=\"og:site_name\" content=\"Diario Textual\" \/>\n<meta property=\"article:publisher\" content=\"https:\/\/www.facebook.com\/eltextual\" \/>\n<meta property=\"article:published_time\" content=\"2019-08-31T01:39:17+00:00\" \/>\n<meta property=\"article:modified_time\" content=\"2019-08-31T14:15:10+00:00\" \/>\n<meta property=\"og:image\" content=\"https:\/\/diariotextual.com\/inicio\/wp-content\/uploads\/2018\/05\/bancocentralfrente.jpg\" \/>\n\t<meta property=\"og:image:width\" content=\"900\" \/>\n\t<meta property=\"og:image:height\" content=\"506\" \/>\n\t<meta property=\"og:image:type\" content=\"image\/jpeg\" \/>\n<meta name=\"author\" content=\"Diario1 Diario1\" \/>\n<meta name=\"twitter:card\" content=\"summary_large_image\" \/>\n<meta name=\"twitter:creator\" content=\"@eltextual\" \/>\n<meta name=\"twitter:site\" content=\"@eltextual\" \/>\n<meta name=\"twitter:label1\" content=\"Escrito por\" \/>\n\t<meta name=\"twitter:data1\" content=\"Diario1 Diario1\" \/>\n\t<meta name=\"twitter:label2\" content=\"Tiempo de lectura\" \/>\n\t<meta name=\"twitter:data2\" content=\"1 minuto\" \/>\n<script type=\"application\/ld+json\" class=\"yoast-schema-graph\">{\"@context\":\"https:\\\/\\\/schema.org\",\"@graph\":[{\"@type\":\"Article\",\"@id\":\"https:\\\/\\\/diariotextual.com\\\/inicio\\\/index.php\\\/2019\\\/08\\\/30\\\/central-perdio-este-viernes-casi-2-mil-millones-dolares-reservas\\\/#article\",\"isPartOf\":{\"@id\":\"https:\\\/\\\/diariotextual.com\\\/inicio\\\/index.php\\\/2019\\\/08\\\/30\\\/central-perdio-este-viernes-casi-2-mil-millones-dolares-reservas\\\/\"},\"author\":{\"name\":\"Diario1 Diario1\",\"@id\":\"https:\\\/\\\/diariotextual.com\\\/inicio\\\/#\\\/schema\\\/person\\\/418fc4093c33e86ed41562db3508f958\"},\"headline\":\"El Central perdi\u00f3 este viernes casi 2 mil millones de d\u00f3lares en reservas\",\"datePublished\":\"2019-08-31T01:39:17+00:00\",\"dateModified\":\"2019-08-31T14:15:10+00:00\",\"mainEntityOfPage\":{\"@id\":\"https:\\\/\\\/diariotextual.com\\\/inicio\\\/index.php\\\/2019\\\/08\\\/30\\\/central-perdio-este-viernes-casi-2-mil-millones-dolares-reservas\\\/\"},\"wordCount\":270,\"publisher\":{\"@id\":\"https:\\\/\\\/diariotextual.com\\\/inicio\\\/#organization\"},\"image\":{\"@id\":\"https:\\\/\\\/diariotextual.com\\\/inicio\\\/index.php\\\/2019\\\/08\\\/30\\\/central-perdio-este-viernes-casi-2-mil-millones-dolares-reservas\\\/#primaryimage\"},\"thumbnailUrl\":\"https:\\\/\\\/diariotextual.com\\\/inicio\\\/wp-content\\\/uploads\\\/2018\\\/05\\\/bancocentralfrente.jpg\",\"articleSection\":[\"A - QUE PASA (al costado)\",\"ECONOMIA\"],\"inLanguage\":\"es\"},{\"@type\":\"WebPage\",\"@id\":\"https:\\\/\\\/diariotextual.com\\\/inicio\\\/index.php\\\/2019\\\/08\\\/30\\\/central-perdio-este-viernes-casi-2-mil-millones-dolares-reservas\\\/\",\"url\":\"https:\\\/\\\/diariotextual.com\\\/inicio\\\/index.php\\\/2019\\\/08\\\/30\\\/central-perdio-este-viernes-casi-2-mil-millones-dolares-reservas\\\/\",\"name\":\"El Central perdi\u00f3 este viernes casi 2 mil millones de d\u00f3lares en reservas - Diario Textual\",\"isPartOf\":{\"@id\":\"https:\\\/\\\/diariotextual.com\\\/inicio\\\/#website\"},\"primaryImageOfPage\":{\"@id\":\"https:\\\/\\\/diariotextual.com\\\/inicio\\\/index.php\\\/2019\\\/08\\\/30\\\/central-perdio-este-viernes-casi-2-mil-millones-dolares-reservas\\\/#primaryimage\"},\"image\":{\"@id\":\"https:\\\/\\\/diariotextual.com\\\/inicio\\\/index.php\\\/2019\\\/08\\\/30\\\/central-perdio-este-viernes-casi-2-mil-millones-dolares-reservas\\\/#primaryimage\"},\"thumbnailUrl\":\"https:\\\/\\\/diariotextual.com\\\/inicio\\\/wp-content\\\/uploads\\\/2018\\\/05\\\/bancocentralfrente.jpg\",\"datePublished\":\"2019-08-31T01:39:17+00:00\",\"dateModified\":\"2019-08-31T14:15:10+00:00\",\"breadcrumb\":{\"@id\":\"https:\\\/\\\/diariotextual.com\\\/inicio\\\/index.php\\\/2019\\\/08\\\/30\\\/central-perdio-este-viernes-casi-2-mil-millones-dolares-reservas\\\/#breadcrumb\"},\"inLanguage\":\"es\",\"potentialAction\":[{\"@type\":\"ReadAction\",\"target\":[\"https:\\\/\\\/diariotextual.com\\\/inicio\\\/index.php\\\/2019\\\/08\\\/30\\\/central-perdio-este-viernes-casi-2-mil-millones-dolares-reservas\\\/\"]}]},{\"@type\":\"ImageObject\",\"inLanguage\":\"es\",\"@id\":\"https:\\\/\\\/diariotextual.com\\\/inicio\\\/index.php\\\/2019\\\/08\\\/30\\\/central-perdio-este-viernes-casi-2-mil-millones-dolares-reservas\\\/#primaryimage\",\"url\":\"https:\\\/\\\/diariotextual.com\\\/inicio\\\/wp-content\\\/uploads\\\/2018\\\/05\\\/bancocentralfrente.jpg\",\"contentUrl\":\"https:\\\/\\\/diariotextual.com\\\/inicio\\\/wp-content\\\/uploads\\\/2018\\\/05\\\/bancocentralfrente.jpg\",\"width\":900,\"height\":506},{\"@type\":\"BreadcrumbList\",\"@id\":\"https:\\\/\\\/diariotextual.com\\\/inicio\\\/index.php\\\/2019\\\/08\\\/30\\\/central-perdio-este-viernes-casi-2-mil-millones-dolares-reservas\\\/#breadcrumb\",\"itemListElement\":[{\"@type\":\"ListItem\",\"position\":1,\"name\":\"Portada\",\"item\":\"https:\\\/\\\/diariotextual.com\\\/inicio\\\/\"},{\"@type\":\"ListItem\",\"position\":2,\"name\":\"El Central perdi\u00f3 este viernes casi 2 mil millones de d\u00f3lares en reservas\"}]},{\"@type\":\"WebSite\",\"@id\":\"https:\\\/\\\/diariotextual.com\\\/inicio\\\/#website\",\"url\":\"https:\\\/\\\/diariotextual.com\\\/inicio\\\/\",\"name\":\"Diario Textual\",\"description\":\"\",\"publisher\":{\"@id\":\"https:\\\/\\\/diariotextual.com\\\/inicio\\\/#organization\"},\"potentialAction\":[{\"@type\":\"SearchAction\",\"target\":{\"@type\":\"EntryPoint\",\"urlTemplate\":\"https:\\\/\\\/diariotextual.com\\\/inicio\\\/?s={search_term_string}\"},\"query-input\":{\"@type\":\"PropertyValueSpecification\",\"valueRequired\":true,\"valueName\":\"search_term_string\"}}],\"inLanguage\":\"es\"},{\"@type\":\"Organization\",\"@id\":\"https:\\\/\\\/diariotextual.com\\\/inicio\\\/#organization\",\"name\":\"Diario Textual\",\"url\":\"https:\\\/\\\/diariotextual.com\\\/inicio\\\/\",\"logo\":{\"@type\":\"ImageObject\",\"inLanguage\":\"es\",\"@id\":\"https:\\\/\\\/diariotextual.com\\\/inicio\\\/#\\\/schema\\\/logo\\\/image\\\/\",\"url\":\"https:\\\/\\\/diariotextual.com\\\/inicio\\\/wp-content\\\/uploads\\\/2023\\\/05\\\/logotextual1.jpg\",\"contentUrl\":\"https:\\\/\\\/diariotextual.com\\\/inicio\\\/wp-content\\\/uploads\\\/2023\\\/05\\\/logotextual1.jpg\",\"width\":516,\"height\":76,\"caption\":\"Diario Textual\"},\"image\":{\"@id\":\"https:\\\/\\\/diariotextual.com\\\/inicio\\\/#\\\/schema\\\/logo\\\/image\\\/\"},\"sameAs\":[\"https:\\\/\\\/www.facebook.com\\\/eltextual\",\"https:\\\/\\\/x.com\\\/eltextual\",\"http:\\\/\\\/www.instagram.com\\\/eltextual\"]},{\"@type\":\"Person\",\"@id\":\"https:\\\/\\\/diariotextual.com\\\/inicio\\\/#\\\/schema\\\/person\\\/418fc4093c33e86ed41562db3508f958\",\"name\":\"Diario1 Diario1\",\"image\":{\"@type\":\"ImageObject\",\"inLanguage\":\"es\",\"@id\":\"https:\\\/\\\/secure.gravatar.com\\\/avatar\\\/9167d280179c85bc18be67aa7eda765854300033af4896dd779b608640f2ef7a?s=96&d=mm&r=g\",\"url\":\"https:\\\/\\\/secure.gravatar.com\\\/avatar\\\/9167d280179c85bc18be67aa7eda765854300033af4896dd779b608640f2ef7a?s=96&d=mm&r=g\",\"contentUrl\":\"https:\\\/\\\/secure.gravatar.com\\\/avatar\\\/9167d280179c85bc18be67aa7eda765854300033af4896dd779b608640f2ef7a?s=96&d=mm&r=g\",\"caption\":\"Diario1 Diario1\"},\"url\":\"https:\\\/\\\/diariotextual.com\\\/inicio\\\/index.php\\\/author\\\/diario1\\\/\"}]}<\/script>\n<!-- \/ Yoast SEO plugin. -->","yoast_head_json":{"title":"El Central perdi\u00f3 este viernes casi 2 mil millones de d\u00f3lares en reservas - Diario Textual","robots":{"index":"index","follow":"follow","max-snippet":"max-snippet:-1","max-image-preview":"max-image-preview:large","max-video-preview":"max-video-preview:-1"},"canonical":"https:\/\/diariotextual.com\/inicio\/index.php\/2019\/08\/30\/central-perdio-este-viernes-casi-2-mil-millones-dolares-reservas\/","og_locale":"es_ES","og_type":"article","og_title":"El Central perdi\u00f3 este viernes casi 2 mil millones de d\u00f3lares en reservas - Diario Textual","og_description":"Las reservas cayeron en 2000 millones de d\u00f3lares este viernes. La sangr\u00eda se produjo en medio de una jornada marcada por las convulsiones que provoca la decisi\u00f3n del gobierno de&hellip;","og_url":"https:\/\/diariotextual.com\/inicio\/index.php\/2019\/08\/30\/central-perdio-este-viernes-casi-2-mil-millones-dolares-reservas\/","og_site_name":"Diario Textual","article_publisher":"https:\/\/www.facebook.com\/eltextual","article_published_time":"2019-08-31T01:39:17+00:00","article_modified_time":"2019-08-31T14:15:10+00:00","og_image":[{"width":900,"height":506,"url":"https:\/\/diariotextual.com\/inicio\/wp-content\/uploads\/2018\/05\/bancocentralfrente.jpg","type":"image\/jpeg"}],"author":"Diario1 Diario1","twitter_card":"summary_large_image","twitter_creator":"@eltextual","twitter_site":"@eltextual","twitter_misc":{"Escrito por":"Diario1 Diario1","Tiempo de lectura":"1 minuto"},"schema":{"@context":"https:\/\/schema.org","@graph":[{"@type":"Article","@id":"https:\/\/diariotextual.com\/inicio\/index.php\/2019\/08\/30\/central-perdio-este-viernes-casi-2-mil-millones-dolares-reservas\/#article","isPartOf":{"@id":"https:\/\/diariotextual.com\/inicio\/index.php\/2019\/08\/30\/central-perdio-este-viernes-casi-2-mil-millones-dolares-reservas\/"},"author":{"name":"Diario1 Diario1","@id":"https:\/\/diariotextual.com\/inicio\/#\/schema\/person\/418fc4093c33e86ed41562db3508f958"},"headline":"El Central perdi\u00f3 este viernes casi 2 mil millones de d\u00f3lares en reservas","datePublished":"2019-08-31T01:39:17+00:00","dateModified":"2019-08-31T14:15:10+00:00","mainEntityOfPage":{"@id":"https:\/\/diariotextual.com\/inicio\/index.php\/2019\/08\/30\/central-perdio-este-viernes-casi-2-mil-millones-dolares-reservas\/"},"wordCount":270,"publisher":{"@id":"https:\/\/diariotextual.com\/inicio\/#organization"},"image":{"@id":"https:\/\/diariotextual.com\/inicio\/index.php\/2019\/08\/30\/central-perdio-este-viernes-casi-2-mil-millones-dolares-reservas\/#primaryimage"},"thumbnailUrl":"https:\/\/diariotextual.com\/inicio\/wp-content\/uploads\/2018\/05\/bancocentralfrente.jpg","articleSection":["A - QUE PASA (al costado)","ECONOMIA"],"inLanguage":"es"},{"@type":"WebPage","@id":"https:\/\/diariotextual.com\/inicio\/index.php\/2019\/08\/30\/central-perdio-este-viernes-casi-2-mil-millones-dolares-reservas\/","url":"https:\/\/diariotextual.com\/inicio\/index.php\/2019\/08\/30\/central-perdio-este-viernes-casi-2-mil-millones-dolares-reservas\/","name":"El Central perdi\u00f3 este viernes casi 2 mil millones de d\u00f3lares en reservas - Diario Textual","isPartOf":{"@id":"https:\/\/diariotextual.com\/inicio\/#website"},"primaryImageOfPage":{"@id":"https:\/\/diariotextual.com\/inicio\/index.php\/2019\/08\/30\/central-perdio-este-viernes-casi-2-mil-millones-dolares-reservas\/#primaryimage"},"image":{"@id":"https:\/\/diariotextual.com\/inicio\/index.php\/2019\/08\/30\/central-perdio-este-viernes-casi-2-mil-millones-dolares-reservas\/#primaryimage"},"thumbnailUrl":"https:\/\/diariotextual.com\/inicio\/wp-content\/uploads\/2018\/05\/bancocentralfrente.jpg","datePublished":"2019-08-31T01:39:17+00:00","dateModified":"2019-08-31T14:15:10+00:00","breadcrumb":{"@id":"https:\/\/diariotextual.com\/inicio\/index.php\/2019\/08\/30\/central-perdio-este-viernes-casi-2-mil-millones-dolares-reservas\/#breadcrumb"},"inLanguage":"es","potentialAction":[{"@type":"ReadAction","target":["https:\/\/diariotextual.com\/inicio\/index.php\/2019\/08\/30\/central-perdio-este-viernes-casi-2-mil-millones-dolares-reservas\/"]}]},{"@type":"ImageObject","inLanguage":"es","@id":"https:\/\/diariotextual.com\/inicio\/index.php\/2019\/08\/30\/central-perdio-este-viernes-casi-2-mil-millones-dolares-reservas\/#primaryimage","url":"https:\/\/diariotextual.com\/inicio\/wp-content\/uploads\/2018\/05\/bancocentralfrente.jpg","contentUrl":"https:\/\/diariotextual.com\/inicio\/wp-content\/uploads\/2018\/05\/bancocentralfrente.jpg","width":900,"height":506},{"@type":"BreadcrumbList","@id":"https:\/\/diariotextual.com\/inicio\/index.php\/2019\/08\/30\/central-perdio-este-viernes-casi-2-mil-millones-dolares-reservas\/#breadcrumb","itemListElement":[{"@type":"ListItem","position":1,"name":"Portada","item":"https:\/\/diariotextual.com\/inicio\/"},{"@type":"ListItem","position":2,"name":"El Central perdi\u00f3 este viernes casi 2 mil millones de d\u00f3lares en reservas"}]},{"@type":"WebSite","@id":"https:\/\/diariotextual.com\/inicio\/#website","url":"https:\/\/diariotextual.com\/inicio\/","name":"Diario Textual","description":"","publisher":{"@id":"https:\/\/diariotextual.com\/inicio\/#organization"},"potentialAction":[{"@type":"SearchAction","target":{"@type":"EntryPoint","urlTemplate":"https:\/\/diariotextual.com\/inicio\/?s={search_term_string}"},"query-input":{"@type":"PropertyValueSpecification","valueRequired":true,"valueName":"search_term_string"}}],"inLanguage":"es"},{"@type":"Organization","@id":"https:\/\/diariotextual.com\/inicio\/#organization","name":"Diario Textual","url":"https:\/\/diariotextual.com\/inicio\/","logo":{"@type":"ImageObject","inLanguage":"es","@id":"https:\/\/diariotextual.com\/inicio\/#\/schema\/logo\/image\/","url":"https:\/\/diariotextual.com\/inicio\/wp-content\/uploads\/2023\/05\/logotextual1.jpg","contentUrl":"https:\/\/diariotextual.com\/inicio\/wp-content\/uploads\/2023\/05\/logotextual1.jpg","width":516,"height":76,"caption":"Diario Textual"},"image":{"@id":"https:\/\/diariotextual.com\/inicio\/#\/schema\/logo\/image\/"},"sameAs":["https:\/\/www.facebook.com\/eltextual","https:\/\/x.com\/eltextual","http:\/\/www.instagram.com\/eltextual"]},{"@type":"Person","@id":"https:\/\/diariotextual.com\/inicio\/#\/schema\/person\/418fc4093c33e86ed41562db3508f958","name":"Diario1 Diario1","image":{"@type":"ImageObject","inLanguage":"es","@id":"https:\/\/secure.gravatar.com\/avatar\/9167d280179c85bc18be67aa7eda765854300033af4896dd779b608640f2ef7a?s=96&d=mm&r=g","url":"https:\/\/secure.gravatar.com\/avatar\/9167d280179c85bc18be67aa7eda765854300033af4896dd779b608640f2ef7a?s=96&d=mm&r=g","contentUrl":"https:\/\/secure.gravatar.com\/avatar\/9167d280179c85bc18be67aa7eda765854300033af4896dd779b608640f2ef7a?s=96&d=mm&r=g","caption":"Diario1 Diario1"},"url":"https:\/\/diariotextual.com\/inicio\/index.php\/author\/diario1\/"}]}},"_links":{"self":[{"href":"https:\/\/diariotextual.com\/inicio\/index.php\/wp-json\/wp\/v2\/posts\/61282","targetHints":{"allow":["GET"]}}],"collection":[{"href":"https:\/\/diariotextual.com\/inicio\/index.php\/wp-json\/wp\/v2\/posts"}],"about":[{"href":"https:\/\/diariotextual.com\/inicio\/index.php\/wp-json\/wp\/v2\/types\/post"}],"author":[{"embeddable":true,"href":"https:\/\/diariotextual.com\/inicio\/index.php\/wp-json\/wp\/v2\/users\/3"}],"replies":[{"embeddable":true,"href":"https:\/\/diariotextual.com\/inicio\/index.php\/wp-json\/wp\/v2\/comments?post=61282"}],"version-history":[{"count":3,"href":"https:\/\/diariotextual.com\/inicio\/index.php\/wp-json\/wp\/v2\/posts\/61282\/revisions"}],"predecessor-version":[{"id":61287,"href":"https:\/\/diariotextual.com\/inicio\/index.php\/wp-json\/wp\/v2\/posts\/61282\/revisions\/61287"}],"wp:featuredmedia":[{"embeddable":true,"href":"https:\/\/diariotextual.com\/inicio\/index.php\/wp-json\/wp\/v2\/media\/7586"}],"wp:attachment":[{"href":"https:\/\/diariotextual.com\/inicio\/index.php\/wp-json\/wp\/v2\/media?parent=61282"}],"wp:term":[{"taxonomy":"category","embeddable":true,"href":"https:\/\/diariotextual.com\/inicio\/index.php\/wp-json\/wp\/v2\/categories?post=61282"},{"taxonomy":"post_tag","embeddable":true,"href":"https:\/\/diariotextual.com\/inicio\/index.php\/wp-json\/wp\/v2\/tags?post=61282"}],"curies":[{"name":"wp","href":"https:\/\/api.w.org\/{rel}","templated":true}]}}