{"id":61307,"date":"2019-08-31T11:14:29","date_gmt":"2019-08-31T14:14:29","guid":{"rendered":"http:\/\/diariotextual.com\/inicio\/?p=61307"},"modified":"2019-09-01T10:24:04","modified_gmt":"2019-09-01T13:24:04","slug":"autorizaron-aumento-del-14-la-tarifa-la-luz-los-hogares-pampeanos","status":"publish","type":"post","link":"https:\/\/diariotextual.com\/inicio\/index.php\/2019\/08\/31\/autorizaron-aumento-del-14-la-tarifa-la-luz-los-hogares-pampeanos\/","title":{"rendered":"Sube la luz en La Pampa: un 14% para los hogares"},"content":{"rendered":"<p>La <strong>Administraci\u00f3n Provincial de Energ\u00eda<\/strong> (APE) autoriz\u00f3 un aumento de las tarifas de la energ\u00eda el\u00e9ctrica que va del <strong>14% al 16%<\/strong>, dependiendo del consumo. La medida, que<strong> rige a partir de septiembre y que se ver\u00e1 reflejada con las facturas que vencer\u00e1n en los primeros d\u00edas de noviembre<\/strong>, rige <strong>tanto para los hogares como para los comercios e industrias, dijo\u00a0<\/strong><strong>Luis Usero<\/strong>, gerente de la CPE, en di\u00e1logo con <strong>Radio Textual (FM Sonar)<\/strong>.<\/p>\n<p>La APE autoriz\u00f3 en las \u00faltimas horas a las 30 cooperativas el\u00e9ctricas pampeanas a facturar el aumento desde el consumo de septiembre.<\/p>\n<p>Con el incremento de las tarifas se pretenden\u00a0<strong>cubrir los mayores costos<\/strong>: principalmente para hacer frente a los incrementos salariales de los trabajadores del sector y para comprar insumos -la gran mayor\u00eda, dolarizados-.<\/p>\n<p>El aumento de las tarifas para los comerciantes o industriales ser\u00e1 mayor: es que adem\u00e1s del incremento autorizado por APE, tendr\u00e1n que afrontar el aumento dispuesto por Naci\u00f3n de entre el 2,8% al 4,8%. As\u00ed, <strong>el aumento para no residenciales ser\u00e1 de alrededor del 20%.<\/strong><\/p>\n<p>Usero dio otro dato:<strong> por primera vez en 15 a\u00f1os cayeron usuarios comerciales de la CPE<\/strong>. \u00abEs realmente preocupante\u00bb, dijo. \u00abUno ve permanentemente la ca\u00edda del consumo y sigue disminuyendo en relaci\u00f3n al mes anterior\u00bb, agreg\u00f3.<\/p>\n<p>&nbsp;<\/p>\n<p>&nbsp;<\/p>\n<p>&nbsp;<\/p>\n<p>&nbsp;<\/p>\n","protected":false},"excerpt":{"rendered":"<p>La Administraci\u00f3n Provincial de Energ\u00eda (APE) autoriz\u00f3 un aumento de las tarifas de la energ\u00eda el\u00e9ctrica que va del 14% al 16%, dependiendo del consumo. La medida, que rige a&hellip;<\/p>\n","protected":false},"author":3,"featured_media":33135,"comment_status":"closed","ping_status":"open","sticky":false,"template":"","format":"standard","meta":{"_acf_changed":false,"footnotes":""},"categories":[319,5],"tags":[1271,2220,1343],"class_list":["post-61307","post","type-post","status-publish","format-standard","has-post-thumbnail","hentry","category-a-temporales","category-economia","tag-electricidad","tag-factura","tag-tarifas"],"acf":[],"yoast_head":"<!-- This site is optimized with the Yoast SEO plugin v27.5 - https:\/\/yoast.com\/product\/yoast-seo-wordpress\/ -->\n<title>Sube la luz en La Pampa: un 14% para los hogares - Diario Textual<\/title>\n<meta name=\"robots\" content=\"index, follow, max-snippet:-1, max-image-preview:large, max-video-preview:-1\" \/>\n<link rel=\"canonical\" href=\"https:\/\/diariotextual.com\/inicio\/index.php\/2019\/08\/31\/autorizaron-aumento-del-14-la-tarifa-la-luz-los-hogares-pampeanos\/\" \/>\n<meta property=\"og:locale\" content=\"es_ES\" \/>\n<meta property=\"og:type\" content=\"article\" \/>\n<meta property=\"og:title\" content=\"Sube la luz en La Pampa: un 14% para los hogares - Diario Textual\" \/>\n<meta property=\"og:description\" content=\"La Administraci\u00f3n Provincial de Energ\u00eda (APE) autoriz\u00f3 un aumento de las tarifas de la energ\u00eda el\u00e9ctrica que va del 14% al 16%, dependiendo del consumo. La medida, que rige a&hellip;\" \/>\n<meta property=\"og:url\" content=\"https:\/\/diariotextual.com\/inicio\/index.php\/2019\/08\/31\/autorizaron-aumento-del-14-la-tarifa-la-luz-los-hogares-pampeanos\/\" \/>\n<meta property=\"og:site_name\" content=\"Diario Textual\" \/>\n<meta property=\"article:publisher\" content=\"https:\/\/www.facebook.com\/eltextual\" \/>\n<meta property=\"article:published_time\" content=\"2019-08-31T14:14:29+00:00\" \/>\n<meta property=\"article:modified_time\" content=\"2019-09-01T13:24:04+00:00\" \/>\n<meta property=\"og:image\" content=\"https:\/\/diariotextual.com\/inicio\/wp-content\/uploads\/2019\/01\/electricidad9999999.jpg\" \/>\n\t<meta property=\"og:image:width\" content=\"600\" \/>\n\t<meta property=\"og:image:height\" content=\"399\" \/>\n\t<meta property=\"og:image:type\" content=\"image\/jpeg\" \/>\n<meta name=\"author\" content=\"Diario1 Diario1\" \/>\n<meta name=\"twitter:card\" content=\"summary_large_image\" \/>\n<meta name=\"twitter:creator\" content=\"@eltextual\" \/>\n<meta name=\"twitter:site\" content=\"@eltextual\" \/>\n<meta name=\"twitter:label1\" content=\"Escrito por\" \/>\n\t<meta name=\"twitter:data1\" content=\"Diario1 Diario1\" \/>\n\t<meta name=\"twitter:label2\" content=\"Tiempo de lectura\" \/>\n\t<meta name=\"twitter:data2\" content=\"1 minuto\" \/>\n<script type=\"application\/ld+json\" class=\"yoast-schema-graph\">{\"@context\":\"https:\\\/\\\/schema.org\",\"@graph\":[{\"@type\":\"Article\",\"@id\":\"https:\\\/\\\/diariotextual.com\\\/inicio\\\/index.php\\\/2019\\\/08\\\/31\\\/autorizaron-aumento-del-14-la-tarifa-la-luz-los-hogares-pampeanos\\\/#article\",\"isPartOf\":{\"@id\":\"https:\\\/\\\/diariotextual.com\\\/inicio\\\/index.php\\\/2019\\\/08\\\/31\\\/autorizaron-aumento-del-14-la-tarifa-la-luz-los-hogares-pampeanos\\\/\"},\"author\":{\"name\":\"Diario1 Diario1\",\"@id\":\"https:\\\/\\\/diariotextual.com\\\/inicio\\\/#\\\/schema\\\/person\\\/418fc4093c33e86ed41562db3508f958\"},\"headline\":\"Sube la luz en La Pampa: un 14% para los hogares\",\"datePublished\":\"2019-08-31T14:14:29+00:00\",\"dateModified\":\"2019-09-01T13:24:04+00:00\",\"mainEntityOfPage\":{\"@id\":\"https:\\\/\\\/diariotextual.com\\\/inicio\\\/index.php\\\/2019\\\/08\\\/31\\\/autorizaron-aumento-del-14-la-tarifa-la-luz-los-hogares-pampeanos\\\/\"},\"wordCount\":232,\"publisher\":{\"@id\":\"https:\\\/\\\/diariotextual.com\\\/inicio\\\/#organization\"},\"image\":{\"@id\":\"https:\\\/\\\/diariotextual.com\\\/inicio\\\/index.php\\\/2019\\\/08\\\/31\\\/autorizaron-aumento-del-14-la-tarifa-la-luz-los-hogares-pampeanos\\\/#primaryimage\"},\"thumbnailUrl\":\"https:\\\/\\\/diariotextual.com\\\/inicio\\\/wp-content\\\/uploads\\\/2019\\\/01\\\/electricidad9999999.jpg\",\"keywords\":[\"electricidad\",\"factura\",\"tarifas\"],\"articleSection\":[\"A - TEMPORALES\",\"ECONOMIA\"],\"inLanguage\":\"es\"},{\"@type\":\"WebPage\",\"@id\":\"https:\\\/\\\/diariotextual.com\\\/inicio\\\/index.php\\\/2019\\\/08\\\/31\\\/autorizaron-aumento-del-14-la-tarifa-la-luz-los-hogares-pampeanos\\\/\",\"url\":\"https:\\\/\\\/diariotextual.com\\\/inicio\\\/index.php\\\/2019\\\/08\\\/31\\\/autorizaron-aumento-del-14-la-tarifa-la-luz-los-hogares-pampeanos\\\/\",\"name\":\"Sube la luz en La Pampa: un 14% para los hogares - Diario Textual\",\"isPartOf\":{\"@id\":\"https:\\\/\\\/diariotextual.com\\\/inicio\\\/#website\"},\"primaryImageOfPage\":{\"@id\":\"https:\\\/\\\/diariotextual.com\\\/inicio\\\/index.php\\\/2019\\\/08\\\/31\\\/autorizaron-aumento-del-14-la-tarifa-la-luz-los-hogares-pampeanos\\\/#primaryimage\"},\"image\":{\"@id\":\"https:\\\/\\\/diariotextual.com\\\/inicio\\\/index.php\\\/2019\\\/08\\\/31\\\/autorizaron-aumento-del-14-la-tarifa-la-luz-los-hogares-pampeanos\\\/#primaryimage\"},\"thumbnailUrl\":\"https:\\\/\\\/diariotextual.com\\\/inicio\\\/wp-content\\\/uploads\\\/2019\\\/01\\\/electricidad9999999.jpg\",\"datePublished\":\"2019-08-31T14:14:29+00:00\",\"dateModified\":\"2019-09-01T13:24:04+00:00\",\"breadcrumb\":{\"@id\":\"https:\\\/\\\/diariotextual.com\\\/inicio\\\/index.php\\\/2019\\\/08\\\/31\\\/autorizaron-aumento-del-14-la-tarifa-la-luz-los-hogares-pampeanos\\\/#breadcrumb\"},\"inLanguage\":\"es\",\"potentialAction\":[{\"@type\":\"ReadAction\",\"target\":[\"https:\\\/\\\/diariotextual.com\\\/inicio\\\/index.php\\\/2019\\\/08\\\/31\\\/autorizaron-aumento-del-14-la-tarifa-la-luz-los-hogares-pampeanos\\\/\"]}]},{\"@type\":\"ImageObject\",\"inLanguage\":\"es\",\"@id\":\"https:\\\/\\\/diariotextual.com\\\/inicio\\\/index.php\\\/2019\\\/08\\\/31\\\/autorizaron-aumento-del-14-la-tarifa-la-luz-los-hogares-pampeanos\\\/#primaryimage\",\"url\":\"https:\\\/\\\/diariotextual.com\\\/inicio\\\/wp-content\\\/uploads\\\/2019\\\/01\\\/electricidad9999999.jpg\",\"contentUrl\":\"https:\\\/\\\/diariotextual.com\\\/inicio\\\/wp-content\\\/uploads\\\/2019\\\/01\\\/electricidad9999999.jpg\",\"width\":600,\"height\":399},{\"@type\":\"BreadcrumbList\",\"@id\":\"https:\\\/\\\/diariotextual.com\\\/inicio\\\/index.php\\\/2019\\\/08\\\/31\\\/autorizaron-aumento-del-14-la-tarifa-la-luz-los-hogares-pampeanos\\\/#breadcrumb\",\"itemListElement\":[{\"@type\":\"ListItem\",\"position\":1,\"name\":\"Portada\",\"item\":\"https:\\\/\\\/diariotextual.com\\\/inicio\\\/\"},{\"@type\":\"ListItem\",\"position\":2,\"name\":\"Sube la luz en La Pampa: un 14% para los hogares\"}]},{\"@type\":\"WebSite\",\"@id\":\"https:\\\/\\\/diariotextual.com\\\/inicio\\\/#website\",\"url\":\"https:\\\/\\\/diariotextual.com\\\/inicio\\\/\",\"name\":\"Diario Textual\",\"description\":\"\",\"publisher\":{\"@id\":\"https:\\\/\\\/diariotextual.com\\\/inicio\\\/#organization\"},\"potentialAction\":[{\"@type\":\"SearchAction\",\"target\":{\"@type\":\"EntryPoint\",\"urlTemplate\":\"https:\\\/\\\/diariotextual.com\\\/inicio\\\/?s={search_term_string}\"},\"query-input\":{\"@type\":\"PropertyValueSpecification\",\"valueRequired\":true,\"valueName\":\"search_term_string\"}}],\"inLanguage\":\"es\"},{\"@type\":\"Organization\",\"@id\":\"https:\\\/\\\/diariotextual.com\\\/inicio\\\/#organization\",\"name\":\"Diario Textual\",\"url\":\"https:\\\/\\\/diariotextual.com\\\/inicio\\\/\",\"logo\":{\"@type\":\"ImageObject\",\"inLanguage\":\"es\",\"@id\":\"https:\\\/\\\/diariotextual.com\\\/inicio\\\/#\\\/schema\\\/logo\\\/image\\\/\",\"url\":\"https:\\\/\\\/diariotextual.com\\\/inicio\\\/wp-content\\\/uploads\\\/2023\\\/05\\\/logotextual1.jpg\",\"contentUrl\":\"https:\\\/\\\/diariotextual.com\\\/inicio\\\/wp-content\\\/uploads\\\/2023\\\/05\\\/logotextual1.jpg\",\"width\":516,\"height\":76,\"caption\":\"Diario Textual\"},\"image\":{\"@id\":\"https:\\\/\\\/diariotextual.com\\\/inicio\\\/#\\\/schema\\\/logo\\\/image\\\/\"},\"sameAs\":[\"https:\\\/\\\/www.facebook.com\\\/eltextual\",\"https:\\\/\\\/x.com\\\/eltextual\",\"http:\\\/\\\/www.instagram.com\\\/eltextual\"]},{\"@type\":\"Person\",\"@id\":\"https:\\\/\\\/diariotextual.com\\\/inicio\\\/#\\\/schema\\\/person\\\/418fc4093c33e86ed41562db3508f958\",\"name\":\"Diario1 Diario1\",\"image\":{\"@type\":\"ImageObject\",\"inLanguage\":\"es\",\"@id\":\"https:\\\/\\\/secure.gravatar.com\\\/avatar\\\/9167d280179c85bc18be67aa7eda765854300033af4896dd779b608640f2ef7a?s=96&d=mm&r=g\",\"url\":\"https:\\\/\\\/secure.gravatar.com\\\/avatar\\\/9167d280179c85bc18be67aa7eda765854300033af4896dd779b608640f2ef7a?s=96&d=mm&r=g\",\"contentUrl\":\"https:\\\/\\\/secure.gravatar.com\\\/avatar\\\/9167d280179c85bc18be67aa7eda765854300033af4896dd779b608640f2ef7a?s=96&d=mm&r=g\",\"caption\":\"Diario1 Diario1\"},\"url\":\"https:\\\/\\\/diariotextual.com\\\/inicio\\\/index.php\\\/author\\\/diario1\\\/\"}]}<\/script>\n<!-- \/ Yoast SEO plugin. -->","yoast_head_json":{"title":"Sube la luz en La Pampa: un 14% para los hogares - Diario Textual","robots":{"index":"index","follow":"follow","max-snippet":"max-snippet:-1","max-image-preview":"max-image-preview:large","max-video-preview":"max-video-preview:-1"},"canonical":"https:\/\/diariotextual.com\/inicio\/index.php\/2019\/08\/31\/autorizaron-aumento-del-14-la-tarifa-la-luz-los-hogares-pampeanos\/","og_locale":"es_ES","og_type":"article","og_title":"Sube la luz en La Pampa: un 14% para los hogares - Diario Textual","og_description":"La Administraci\u00f3n Provincial de Energ\u00eda (APE) autoriz\u00f3 un aumento de las tarifas de la energ\u00eda el\u00e9ctrica que va del 14% al 16%, dependiendo del consumo. La medida, que rige a&hellip;","og_url":"https:\/\/diariotextual.com\/inicio\/index.php\/2019\/08\/31\/autorizaron-aumento-del-14-la-tarifa-la-luz-los-hogares-pampeanos\/","og_site_name":"Diario Textual","article_publisher":"https:\/\/www.facebook.com\/eltextual","article_published_time":"2019-08-31T14:14:29+00:00","article_modified_time":"2019-09-01T13:24:04+00:00","og_image":[{"width":600,"height":399,"url":"https:\/\/diariotextual.com\/inicio\/wp-content\/uploads\/2019\/01\/electricidad9999999.jpg","type":"image\/jpeg"}],"author":"Diario1 Diario1","twitter_card":"summary_large_image","twitter_creator":"@eltextual","twitter_site":"@eltextual","twitter_misc":{"Escrito por":"Diario1 Diario1","Tiempo de lectura":"1 minuto"},"schema":{"@context":"https:\/\/schema.org","@graph":[{"@type":"Article","@id":"https:\/\/diariotextual.com\/inicio\/index.php\/2019\/08\/31\/autorizaron-aumento-del-14-la-tarifa-la-luz-los-hogares-pampeanos\/#article","isPartOf":{"@id":"https:\/\/diariotextual.com\/inicio\/index.php\/2019\/08\/31\/autorizaron-aumento-del-14-la-tarifa-la-luz-los-hogares-pampeanos\/"},"author":{"name":"Diario1 Diario1","@id":"https:\/\/diariotextual.com\/inicio\/#\/schema\/person\/418fc4093c33e86ed41562db3508f958"},"headline":"Sube la luz en La Pampa: un 14% para los hogares","datePublished":"2019-08-31T14:14:29+00:00","dateModified":"2019-09-01T13:24:04+00:00","mainEntityOfPage":{"@id":"https:\/\/diariotextual.com\/inicio\/index.php\/2019\/08\/31\/autorizaron-aumento-del-14-la-tarifa-la-luz-los-hogares-pampeanos\/"},"wordCount":232,"publisher":{"@id":"https:\/\/diariotextual.com\/inicio\/#organization"},"image":{"@id":"https:\/\/diariotextual.com\/inicio\/index.php\/2019\/08\/31\/autorizaron-aumento-del-14-la-tarifa-la-luz-los-hogares-pampeanos\/#primaryimage"},"thumbnailUrl":"https:\/\/diariotextual.com\/inicio\/wp-content\/uploads\/2019\/01\/electricidad9999999.jpg","keywords":["electricidad","factura","tarifas"],"articleSection":["A - TEMPORALES","ECONOMIA"],"inLanguage":"es"},{"@type":"WebPage","@id":"https:\/\/diariotextual.com\/inicio\/index.php\/2019\/08\/31\/autorizaron-aumento-del-14-la-tarifa-la-luz-los-hogares-pampeanos\/","url":"https:\/\/diariotextual.com\/inicio\/index.php\/2019\/08\/31\/autorizaron-aumento-del-14-la-tarifa-la-luz-los-hogares-pampeanos\/","name":"Sube la luz en La Pampa: un 14% para los hogares - Diario Textual","isPartOf":{"@id":"https:\/\/diariotextual.com\/inicio\/#website"},"primaryImageOfPage":{"@id":"https:\/\/diariotextual.com\/inicio\/index.php\/2019\/08\/31\/autorizaron-aumento-del-14-la-tarifa-la-luz-los-hogares-pampeanos\/#primaryimage"},"image":{"@id":"https:\/\/diariotextual.com\/inicio\/index.php\/2019\/08\/31\/autorizaron-aumento-del-14-la-tarifa-la-luz-los-hogares-pampeanos\/#primaryimage"},"thumbnailUrl":"https:\/\/diariotextual.com\/inicio\/wp-content\/uploads\/2019\/01\/electricidad9999999.jpg","datePublished":"2019-08-31T14:14:29+00:00","dateModified":"2019-09-01T13:24:04+00:00","breadcrumb":{"@id":"https:\/\/diariotextual.com\/inicio\/index.php\/2019\/08\/31\/autorizaron-aumento-del-14-la-tarifa-la-luz-los-hogares-pampeanos\/#breadcrumb"},"inLanguage":"es","potentialAction":[{"@type":"ReadAction","target":["https:\/\/diariotextual.com\/inicio\/index.php\/2019\/08\/31\/autorizaron-aumento-del-14-la-tarifa-la-luz-los-hogares-pampeanos\/"]}]},{"@type":"ImageObject","inLanguage":"es","@id":"https:\/\/diariotextual.com\/inicio\/index.php\/2019\/08\/31\/autorizaron-aumento-del-14-la-tarifa-la-luz-los-hogares-pampeanos\/#primaryimage","url":"https:\/\/diariotextual.com\/inicio\/wp-content\/uploads\/2019\/01\/electricidad9999999.jpg","contentUrl":"https:\/\/diariotextual.com\/inicio\/wp-content\/uploads\/2019\/01\/electricidad9999999.jpg","width":600,"height":399},{"@type":"BreadcrumbList","@id":"https:\/\/diariotextual.com\/inicio\/index.php\/2019\/08\/31\/autorizaron-aumento-del-14-la-tarifa-la-luz-los-hogares-pampeanos\/#breadcrumb","itemListElement":[{"@type":"ListItem","position":1,"name":"Portada","item":"https:\/\/diariotextual.com\/inicio\/"},{"@type":"ListItem","position":2,"name":"Sube la luz en La Pampa: un 14% para los hogares"}]},{"@type":"WebSite","@id":"https:\/\/diariotextual.com\/inicio\/#website","url":"https:\/\/diariotextual.com\/inicio\/","name":"Diario Textual","description":"","publisher":{"@id":"https:\/\/diariotextual.com\/inicio\/#organization"},"potentialAction":[{"@type":"SearchAction","target":{"@type":"EntryPoint","urlTemplate":"https:\/\/diariotextual.com\/inicio\/?s={search_term_string}"},"query-input":{"@type":"PropertyValueSpecification","valueRequired":true,"valueName":"search_term_string"}}],"inLanguage":"es"},{"@type":"Organization","@id":"https:\/\/diariotextual.com\/inicio\/#organization","name":"Diario Textual","url":"https:\/\/diariotextual.com\/inicio\/","logo":{"@type":"ImageObject","inLanguage":"es","@id":"https:\/\/diariotextual.com\/inicio\/#\/schema\/logo\/image\/","url":"https:\/\/diariotextual.com\/inicio\/wp-content\/uploads\/2023\/05\/logotextual1.jpg","contentUrl":"https:\/\/diariotextual.com\/inicio\/wp-content\/uploads\/2023\/05\/logotextual1.jpg","width":516,"height":76,"caption":"Diario Textual"},"image":{"@id":"https:\/\/diariotextual.com\/inicio\/#\/schema\/logo\/image\/"},"sameAs":["https:\/\/www.facebook.com\/eltextual","https:\/\/x.com\/eltextual","http:\/\/www.instagram.com\/eltextual"]},{"@type":"Person","@id":"https:\/\/diariotextual.com\/inicio\/#\/schema\/person\/418fc4093c33e86ed41562db3508f958","name":"Diario1 Diario1","image":{"@type":"ImageObject","inLanguage":"es","@id":"https:\/\/secure.gravatar.com\/avatar\/9167d280179c85bc18be67aa7eda765854300033af4896dd779b608640f2ef7a?s=96&d=mm&r=g","url":"https:\/\/secure.gravatar.com\/avatar\/9167d280179c85bc18be67aa7eda765854300033af4896dd779b608640f2ef7a?s=96&d=mm&r=g","contentUrl":"https:\/\/secure.gravatar.com\/avatar\/9167d280179c85bc18be67aa7eda765854300033af4896dd779b608640f2ef7a?s=96&d=mm&r=g","caption":"Diario1 Diario1"},"url":"https:\/\/diariotextual.com\/inicio\/index.php\/author\/diario1\/"}]}},"_links":{"self":[{"href":"https:\/\/diariotextual.com\/inicio\/index.php\/wp-json\/wp\/v2\/posts\/61307","targetHints":{"allow":["GET"]}}],"collection":[{"href":"https:\/\/diariotextual.com\/inicio\/index.php\/wp-json\/wp\/v2\/posts"}],"about":[{"href":"https:\/\/diariotextual.com\/inicio\/index.php\/wp-json\/wp\/v2\/types\/post"}],"author":[{"embeddable":true,"href":"https:\/\/diariotextual.com\/inicio\/index.php\/wp-json\/wp\/v2\/users\/3"}],"replies":[{"embeddable":true,"href":"https:\/\/diariotextual.com\/inicio\/index.php\/wp-json\/wp\/v2\/comments?post=61307"}],"version-history":[{"count":5,"href":"https:\/\/diariotextual.com\/inicio\/index.php\/wp-json\/wp\/v2\/posts\/61307\/revisions"}],"predecessor-version":[{"id":61330,"href":"https:\/\/diariotextual.com\/inicio\/index.php\/wp-json\/wp\/v2\/posts\/61307\/revisions\/61330"}],"wp:featuredmedia":[{"embeddable":true,"href":"https:\/\/diariotextual.com\/inicio\/index.php\/wp-json\/wp\/v2\/media\/33135"}],"wp:attachment":[{"href":"https:\/\/diariotextual.com\/inicio\/index.php\/wp-json\/wp\/v2\/media?parent=61307"}],"wp:term":[{"taxonomy":"category","embeddable":true,"href":"https:\/\/diariotextual.com\/inicio\/index.php\/wp-json\/wp\/v2\/categories?post=61307"},{"taxonomy":"post_tag","embeddable":true,"href":"https:\/\/diariotextual.com\/inicio\/index.php\/wp-json\/wp\/v2\/tags?post=61307"}],"curies":[{"name":"wp","href":"https:\/\/api.w.org\/{rel}","templated":true}]}}