{"id":61321,"date":"2019-08-31T14:16:29","date_gmt":"2019-08-31T17:16:29","guid":{"rendered":"http:\/\/diariotextual.com\/inicio\/?p=61321"},"modified":"2019-09-02T08:03:04","modified_gmt":"2019-09-02T11:03:04","slug":"pj-mendoza-quiere-cambiar-portezuelo-dique-mas-chico-trasvase","status":"publish","type":"post","link":"https:\/\/diariotextual.com\/inicio\/index.php\/2019\/08\/31\/pj-mendoza-quiere-cambiar-portezuelo-dique-mas-chico-trasvase\/","title":{"rendered":"El PJ de Mendoza quiere cambiar Portezuelo: dique m\u00e1s chico y con trasvase"},"content":{"rendered":"<p>El <strong>PJ mendocino<\/strong> ya adelant\u00f3 que,<strong> en caso de quedarse con la Gobernaci\u00f3n, modificar\u00e1 el proyecto de la central hidroel\u00e9ctrica Portezuelo del Viento<\/strong>. <strong>Rodolfo Gabrielli<\/strong>, exprimer mandatario de Mendoza y cercano a la candidata a gobernadora <strong>Anabela Fern\u00e1ndez Sagasti<\/strong>, sostuvo que<strong> el actual proyecto \u201ces un negocio armado en Buenos Aires\u201d<\/strong> y dijo que<strong> impulsar\u00e1 un dique m\u00e1s peque\u00f1o y que contemple, adem\u00e1s, el trasvase de agua desde el r\u00edo Grande al Atuel<\/strong>.\u00a0 \u00abLo hemos hablado con Alberto Fern\u00e1ndez -candidato a presidente del Frente de Todos- y si es necesario cambiaremos la licitaci\u00f3n\u00bb, adelant\u00f3.<\/p>\n<p>La obra de Portezuelo es resistida por el Gobierno pampeano y por ONG&#8217;s ambientalistas de casi toda la cuenca: podr\u00eda afectar la cantidad y calidad de agua del r\u00edo Colorado.<\/p>\n<p>La iniciativa cuenta con<strong>\u00a0una obra principal -la presa y central hidroel\u00e9ctrica con sus obras anexas- y cuatro obras complementarias<\/strong>: la reubicaci\u00f3n de Villa Las Loicas, una localidad peque\u00f1a que quedar\u00e1 bajo el agua una vez construido el embalse, la relocalizaci\u00f3n de dos tramos de rutas y la construcci\u00f3n de una l\u00ednea de transmisi\u00f3n el\u00e9ctrica en alta tensi\u00f3n.<\/p>\n<p>Incluye\u00a0<strong>la construcci\u00f3n de una presa en hormig\u00f3n compactado a rodillo de 178 metros de altura, con una capacidad de embalse de 1940 hect\u00f3metro c\u00fabicos (hm3) y una central hidroel\u00e9ctrica asociada con una potencia instalada de 210 MW<\/strong>.<\/p>\n<p><strong>No contempla a\u00fan el trasvase, aunque ese es el objetivo principal del Estado mendocino. La Pampa tambi\u00e9n se niega al trasvase.<\/strong><\/p>\n<p>Rodolfo Gabrielli dijo que la obra debe volver a dise\u00f1arse. \u00ab<strong>Lo del dique Postezuelo del Viento es una aberraci\u00f3n\u00bb, manifest\u00f3 en di\u00e1logo con radio Uno de General Alvear<\/strong>. \u00abUna locura, no tiene sentido&#8230; <strong>Se puede hacer un dique mas peque\u00f1o aguas arriba, mas chico, con un trasvase por arriba y no enterramos ni la ruta de un paso internacional ni el pueblo de Las Loicas<\/strong>. Esto lo vamos a hacer porque el dique que propone (el gobernador radical Alfredo) Cornejo no incluye el trasvase del r\u00edo Grande que es lo que necesita Alvear y San Rafael\u00bb, sostuvo.<\/p>\n<p>\u00abEsta obra est\u00e1 dise\u00f1ada para beneficiar a los productores de Buenos Aires&#8230;\u00bb, dijo. \u00abEs una mega obra mal dise\u00f1ada y orientada a beneficiar a otros y\u00a0 nos venden que es la gran obra. Para nosotros es mas importante el agua que la generaci\u00f3n de energ\u00eda.. Han hecho las cosas mal (en el gobierno provincial) sin preguntar a los que saben y lo vamos a cambiar si Anabel es gobernadora porque con la mitad de la plata hacemos el trasvase y el dique\u2026\u00a0 Ya est\u00e1 hablado, lo hemos hablado con Alberto Fern\u00e1ndez y si es necesario cambiaremos la licitaci\u00f3n. Est\u00e1 mal planteado porque est\u00e1 hecho y hay que invertir como corresponde\u00bb, expres\u00f3.<\/p>\n<blockquote class=\"wp-embedded-content\" data-secret=\"trTEkIdmPD\"><p><a href=\"http:\/\/diariotextual.com\/inicio\/index.php\/2019\/08\/24\/poder-politico-rio-negro-intento-silenciar-la-obra-portezuelo\/\">&#171;El poder pol\u00edtico de R\u00edo Negro intent\u00f3 silenciar la obra Portezuelo&#187;<\/a><\/p><\/blockquote>\n<p><iframe class=\"wp-embedded-content\" sandbox=\"allow-scripts\" security=\"restricted\" style=\"position: absolute; clip: rect(1px, 1px, 1px, 1px);\" src=\"http:\/\/diariotextual.com\/inicio\/index.php\/2019\/08\/24\/poder-politico-rio-negro-intento-silenciar-la-obra-portezuelo\/embed\/#?secret=trTEkIdmPD\" data-secret=\"trTEkIdmPD\" width=\"600\" height=\"338\" title=\"&#171;&#171;El poder pol\u00edtico de R\u00edo Negro intent\u00f3 silenciar la obra Portezuelo&#187;&#187; &#8212; Diario Textual\" frameborder=\"0\" marginwidth=\"0\" marginheight=\"0\" scrolling=\"no\"><\/iframe><\/p>\n<p>&nbsp;<\/p>\n","protected":false},"excerpt":{"rendered":"<p>El PJ mendocino ya adelant\u00f3 que, en caso de quedarse con la Gobernaci\u00f3n, modificar\u00e1 el proyecto de la central hidroel\u00e9ctrica Portezuelo del Viento. Rodolfo Gabrielli, exprimer mandatario de Mendoza y&hellip;<\/p>\n","protected":false},"author":3,"featured_media":58218,"comment_status":"closed","ping_status":"open","sticky":false,"template":"","format":"standard","meta":{"_acf_changed":false,"footnotes":""},"categories":[319,12],"tags":[259],"class_list":["post-61321","post","type-post","status-publish","format-standard","has-post-thumbnail","hentry","category-a-temporales","category-sociedad","tag-portezuelo"],"acf":[],"yoast_head":"<!-- This site is optimized with the Yoast SEO plugin v27.4 - https:\/\/yoast.com\/product\/yoast-seo-wordpress\/ -->\n<title>El PJ de Mendoza quiere cambiar Portezuelo: dique m\u00e1s chico y con trasvase - Diario Textual<\/title>\n<meta name=\"robots\" content=\"index, follow, max-snippet:-1, max-image-preview:large, max-video-preview:-1\" \/>\n<link rel=\"canonical\" href=\"https:\/\/diariotextual.com\/inicio\/index.php\/2019\/08\/31\/pj-mendoza-quiere-cambiar-portezuelo-dique-mas-chico-trasvase\/\" \/>\n<meta property=\"og:locale\" content=\"es_ES\" \/>\n<meta property=\"og:type\" content=\"article\" \/>\n<meta property=\"og:title\" content=\"El PJ de Mendoza quiere cambiar Portezuelo: dique m\u00e1s chico y con trasvase - Diario Textual\" \/>\n<meta property=\"og:description\" content=\"El PJ mendocino ya adelant\u00f3 que, en caso de quedarse con la Gobernaci\u00f3n, modificar\u00e1 el proyecto de la central hidroel\u00e9ctrica Portezuelo del Viento. Rodolfo Gabrielli, exprimer mandatario de Mendoza y&hellip;\" \/>\n<meta property=\"og:url\" content=\"https:\/\/diariotextual.com\/inicio\/index.php\/2019\/08\/31\/pj-mendoza-quiere-cambiar-portezuelo-dique-mas-chico-trasvase\/\" \/>\n<meta property=\"og:site_name\" content=\"Diario Textual\" \/>\n<meta property=\"article:publisher\" content=\"https:\/\/www.facebook.com\/eltextual\" \/>\n<meta property=\"article:published_time\" content=\"2019-08-31T17:16:29+00:00\" \/>\n<meta property=\"article:modified_time\" content=\"2019-09-02T11:03:04+00:00\" \/>\n<meta property=\"og:image\" content=\"https:\/\/diariotextual.com\/inicio\/wp-content\/uploads\/2019\/08\/portezuelodelvientodibujo112.jpg\" \/>\n\t<meta property=\"og:image:width\" content=\"920\" \/>\n\t<meta property=\"og:image:height\" content=\"520\" \/>\n\t<meta property=\"og:image:type\" content=\"image\/jpeg\" \/>\n<meta name=\"author\" content=\"Diario1 Diario1\" \/>\n<meta name=\"twitter:card\" content=\"summary_large_image\" \/>\n<meta name=\"twitter:creator\" content=\"@eltextual\" \/>\n<meta name=\"twitter:site\" content=\"@eltextual\" \/>\n<meta name=\"twitter:label1\" content=\"Escrito por\" \/>\n\t<meta name=\"twitter:data1\" content=\"Diario1 Diario1\" \/>\n\t<meta name=\"twitter:label2\" content=\"Tiempo de lectura\" \/>\n\t<meta name=\"twitter:data2\" content=\"2 minutos\" \/>\n<script type=\"application\/ld+json\" class=\"yoast-schema-graph\">{\"@context\":\"https:\\\/\\\/schema.org\",\"@graph\":[{\"@type\":\"Article\",\"@id\":\"https:\\\/\\\/diariotextual.com\\\/inicio\\\/index.php\\\/2019\\\/08\\\/31\\\/pj-mendoza-quiere-cambiar-portezuelo-dique-mas-chico-trasvase\\\/#article\",\"isPartOf\":{\"@id\":\"https:\\\/\\\/diariotextual.com\\\/inicio\\\/index.php\\\/2019\\\/08\\\/31\\\/pj-mendoza-quiere-cambiar-portezuelo-dique-mas-chico-trasvase\\\/\"},\"author\":{\"name\":\"Diario1 Diario1\",\"@id\":\"https:\\\/\\\/diariotextual.com\\\/inicio\\\/#\\\/schema\\\/person\\\/418fc4093c33e86ed41562db3508f958\"},\"headline\":\"El PJ de Mendoza quiere cambiar Portezuelo: dique m\u00e1s chico y con trasvase\",\"datePublished\":\"2019-08-31T17:16:29+00:00\",\"dateModified\":\"2019-09-02T11:03:04+00:00\",\"mainEntityOfPage\":{\"@id\":\"https:\\\/\\\/diariotextual.com\\\/inicio\\\/index.php\\\/2019\\\/08\\\/31\\\/pj-mendoza-quiere-cambiar-portezuelo-dique-mas-chico-trasvase\\\/\"},\"wordCount\":506,\"publisher\":{\"@id\":\"https:\\\/\\\/diariotextual.com\\\/inicio\\\/#organization\"},\"image\":{\"@id\":\"https:\\\/\\\/diariotextual.com\\\/inicio\\\/index.php\\\/2019\\\/08\\\/31\\\/pj-mendoza-quiere-cambiar-portezuelo-dique-mas-chico-trasvase\\\/#primaryimage\"},\"thumbnailUrl\":\"https:\\\/\\\/diariotextual.com\\\/inicio\\\/wp-content\\\/uploads\\\/2019\\\/08\\\/portezuelodelvientodibujo112.jpg\",\"keywords\":[\"portezuelo\"],\"articleSection\":[\"A - TEMPORALES\",\"SOCIEDAD\"],\"inLanguage\":\"es\"},{\"@type\":\"WebPage\",\"@id\":\"https:\\\/\\\/diariotextual.com\\\/inicio\\\/index.php\\\/2019\\\/08\\\/31\\\/pj-mendoza-quiere-cambiar-portezuelo-dique-mas-chico-trasvase\\\/\",\"url\":\"https:\\\/\\\/diariotextual.com\\\/inicio\\\/index.php\\\/2019\\\/08\\\/31\\\/pj-mendoza-quiere-cambiar-portezuelo-dique-mas-chico-trasvase\\\/\",\"name\":\"El PJ de Mendoza quiere cambiar Portezuelo: dique m\u00e1s chico y con trasvase - Diario Textual\",\"isPartOf\":{\"@id\":\"https:\\\/\\\/diariotextual.com\\\/inicio\\\/#website\"},\"primaryImageOfPage\":{\"@id\":\"https:\\\/\\\/diariotextual.com\\\/inicio\\\/index.php\\\/2019\\\/08\\\/31\\\/pj-mendoza-quiere-cambiar-portezuelo-dique-mas-chico-trasvase\\\/#primaryimage\"},\"image\":{\"@id\":\"https:\\\/\\\/diariotextual.com\\\/inicio\\\/index.php\\\/2019\\\/08\\\/31\\\/pj-mendoza-quiere-cambiar-portezuelo-dique-mas-chico-trasvase\\\/#primaryimage\"},\"thumbnailUrl\":\"https:\\\/\\\/diariotextual.com\\\/inicio\\\/wp-content\\\/uploads\\\/2019\\\/08\\\/portezuelodelvientodibujo112.jpg\",\"datePublished\":\"2019-08-31T17:16:29+00:00\",\"dateModified\":\"2019-09-02T11:03:04+00:00\",\"breadcrumb\":{\"@id\":\"https:\\\/\\\/diariotextual.com\\\/inicio\\\/index.php\\\/2019\\\/08\\\/31\\\/pj-mendoza-quiere-cambiar-portezuelo-dique-mas-chico-trasvase\\\/#breadcrumb\"},\"inLanguage\":\"es\",\"potentialAction\":[{\"@type\":\"ReadAction\",\"target\":[\"https:\\\/\\\/diariotextual.com\\\/inicio\\\/index.php\\\/2019\\\/08\\\/31\\\/pj-mendoza-quiere-cambiar-portezuelo-dique-mas-chico-trasvase\\\/\"]}]},{\"@type\":\"ImageObject\",\"inLanguage\":\"es\",\"@id\":\"https:\\\/\\\/diariotextual.com\\\/inicio\\\/index.php\\\/2019\\\/08\\\/31\\\/pj-mendoza-quiere-cambiar-portezuelo-dique-mas-chico-trasvase\\\/#primaryimage\",\"url\":\"https:\\\/\\\/diariotextual.com\\\/inicio\\\/wp-content\\\/uploads\\\/2019\\\/08\\\/portezuelodelvientodibujo112.jpg\",\"contentUrl\":\"https:\\\/\\\/diariotextual.com\\\/inicio\\\/wp-content\\\/uploads\\\/2019\\\/08\\\/portezuelodelvientodibujo112.jpg\",\"width\":920,\"height\":520},{\"@type\":\"BreadcrumbList\",\"@id\":\"https:\\\/\\\/diariotextual.com\\\/inicio\\\/index.php\\\/2019\\\/08\\\/31\\\/pj-mendoza-quiere-cambiar-portezuelo-dique-mas-chico-trasvase\\\/#breadcrumb\",\"itemListElement\":[{\"@type\":\"ListItem\",\"position\":1,\"name\":\"Portada\",\"item\":\"https:\\\/\\\/diariotextual.com\\\/inicio\\\/\"},{\"@type\":\"ListItem\",\"position\":2,\"name\":\"El PJ de Mendoza quiere cambiar Portezuelo: dique m\u00e1s chico y con trasvase\"}]},{\"@type\":\"WebSite\",\"@id\":\"https:\\\/\\\/diariotextual.com\\\/inicio\\\/#website\",\"url\":\"https:\\\/\\\/diariotextual.com\\\/inicio\\\/\",\"name\":\"Diario Textual\",\"description\":\"\",\"publisher\":{\"@id\":\"https:\\\/\\\/diariotextual.com\\\/inicio\\\/#organization\"},\"potentialAction\":[{\"@type\":\"SearchAction\",\"target\":{\"@type\":\"EntryPoint\",\"urlTemplate\":\"https:\\\/\\\/diariotextual.com\\\/inicio\\\/?s={search_term_string}\"},\"query-input\":{\"@type\":\"PropertyValueSpecification\",\"valueRequired\":true,\"valueName\":\"search_term_string\"}}],\"inLanguage\":\"es\"},{\"@type\":\"Organization\",\"@id\":\"https:\\\/\\\/diariotextual.com\\\/inicio\\\/#organization\",\"name\":\"Diario Textual\",\"url\":\"https:\\\/\\\/diariotextual.com\\\/inicio\\\/\",\"logo\":{\"@type\":\"ImageObject\",\"inLanguage\":\"es\",\"@id\":\"https:\\\/\\\/diariotextual.com\\\/inicio\\\/#\\\/schema\\\/logo\\\/image\\\/\",\"url\":\"https:\\\/\\\/diariotextual.com\\\/inicio\\\/wp-content\\\/uploads\\\/2023\\\/05\\\/logotextual1.jpg\",\"contentUrl\":\"https:\\\/\\\/diariotextual.com\\\/inicio\\\/wp-content\\\/uploads\\\/2023\\\/05\\\/logotextual1.jpg\",\"width\":516,\"height\":76,\"caption\":\"Diario Textual\"},\"image\":{\"@id\":\"https:\\\/\\\/diariotextual.com\\\/inicio\\\/#\\\/schema\\\/logo\\\/image\\\/\"},\"sameAs\":[\"https:\\\/\\\/www.facebook.com\\\/eltextual\",\"https:\\\/\\\/x.com\\\/eltextual\",\"http:\\\/\\\/www.instagram.com\\\/eltextual\"]},{\"@type\":\"Person\",\"@id\":\"https:\\\/\\\/diariotextual.com\\\/inicio\\\/#\\\/schema\\\/person\\\/418fc4093c33e86ed41562db3508f958\",\"name\":\"Diario1 Diario1\",\"image\":{\"@type\":\"ImageObject\",\"inLanguage\":\"es\",\"@id\":\"https:\\\/\\\/secure.gravatar.com\\\/avatar\\\/9167d280179c85bc18be67aa7eda765854300033af4896dd779b608640f2ef7a?s=96&d=mm&r=g\",\"url\":\"https:\\\/\\\/secure.gravatar.com\\\/avatar\\\/9167d280179c85bc18be67aa7eda765854300033af4896dd779b608640f2ef7a?s=96&d=mm&r=g\",\"contentUrl\":\"https:\\\/\\\/secure.gravatar.com\\\/avatar\\\/9167d280179c85bc18be67aa7eda765854300033af4896dd779b608640f2ef7a?s=96&d=mm&r=g\",\"caption\":\"Diario1 Diario1\"},\"url\":\"https:\\\/\\\/diariotextual.com\\\/inicio\\\/index.php\\\/author\\\/diario1\\\/\"}]}<\/script>\n<!-- \/ Yoast SEO plugin. -->","yoast_head_json":{"title":"El PJ de Mendoza quiere cambiar Portezuelo: dique m\u00e1s chico y con trasvase - Diario Textual","robots":{"index":"index","follow":"follow","max-snippet":"max-snippet:-1","max-image-preview":"max-image-preview:large","max-video-preview":"max-video-preview:-1"},"canonical":"https:\/\/diariotextual.com\/inicio\/index.php\/2019\/08\/31\/pj-mendoza-quiere-cambiar-portezuelo-dique-mas-chico-trasvase\/","og_locale":"es_ES","og_type":"article","og_title":"El PJ de Mendoza quiere cambiar Portezuelo: dique m\u00e1s chico y con trasvase - Diario Textual","og_description":"El PJ mendocino ya adelant\u00f3 que, en caso de quedarse con la Gobernaci\u00f3n, modificar\u00e1 el proyecto de la central hidroel\u00e9ctrica Portezuelo del Viento. Rodolfo Gabrielli, exprimer mandatario de Mendoza y&hellip;","og_url":"https:\/\/diariotextual.com\/inicio\/index.php\/2019\/08\/31\/pj-mendoza-quiere-cambiar-portezuelo-dique-mas-chico-trasvase\/","og_site_name":"Diario Textual","article_publisher":"https:\/\/www.facebook.com\/eltextual","article_published_time":"2019-08-31T17:16:29+00:00","article_modified_time":"2019-09-02T11:03:04+00:00","og_image":[{"width":920,"height":520,"url":"https:\/\/diariotextual.com\/inicio\/wp-content\/uploads\/2019\/08\/portezuelodelvientodibujo112.jpg","type":"image\/jpeg"}],"author":"Diario1 Diario1","twitter_card":"summary_large_image","twitter_creator":"@eltextual","twitter_site":"@eltextual","twitter_misc":{"Escrito por":"Diario1 Diario1","Tiempo de lectura":"2 minutos"},"schema":{"@context":"https:\/\/schema.org","@graph":[{"@type":"Article","@id":"https:\/\/diariotextual.com\/inicio\/index.php\/2019\/08\/31\/pj-mendoza-quiere-cambiar-portezuelo-dique-mas-chico-trasvase\/#article","isPartOf":{"@id":"https:\/\/diariotextual.com\/inicio\/index.php\/2019\/08\/31\/pj-mendoza-quiere-cambiar-portezuelo-dique-mas-chico-trasvase\/"},"author":{"name":"Diario1 Diario1","@id":"https:\/\/diariotextual.com\/inicio\/#\/schema\/person\/418fc4093c33e86ed41562db3508f958"},"headline":"El PJ de Mendoza quiere cambiar Portezuelo: dique m\u00e1s chico y con trasvase","datePublished":"2019-08-31T17:16:29+00:00","dateModified":"2019-09-02T11:03:04+00:00","mainEntityOfPage":{"@id":"https:\/\/diariotextual.com\/inicio\/index.php\/2019\/08\/31\/pj-mendoza-quiere-cambiar-portezuelo-dique-mas-chico-trasvase\/"},"wordCount":506,"publisher":{"@id":"https:\/\/diariotextual.com\/inicio\/#organization"},"image":{"@id":"https:\/\/diariotextual.com\/inicio\/index.php\/2019\/08\/31\/pj-mendoza-quiere-cambiar-portezuelo-dique-mas-chico-trasvase\/#primaryimage"},"thumbnailUrl":"https:\/\/diariotextual.com\/inicio\/wp-content\/uploads\/2019\/08\/portezuelodelvientodibujo112.jpg","keywords":["portezuelo"],"articleSection":["A - TEMPORALES","SOCIEDAD"],"inLanguage":"es"},{"@type":"WebPage","@id":"https:\/\/diariotextual.com\/inicio\/index.php\/2019\/08\/31\/pj-mendoza-quiere-cambiar-portezuelo-dique-mas-chico-trasvase\/","url":"https:\/\/diariotextual.com\/inicio\/index.php\/2019\/08\/31\/pj-mendoza-quiere-cambiar-portezuelo-dique-mas-chico-trasvase\/","name":"El PJ de Mendoza quiere cambiar Portezuelo: dique m\u00e1s chico y con trasvase - Diario Textual","isPartOf":{"@id":"https:\/\/diariotextual.com\/inicio\/#website"},"primaryImageOfPage":{"@id":"https:\/\/diariotextual.com\/inicio\/index.php\/2019\/08\/31\/pj-mendoza-quiere-cambiar-portezuelo-dique-mas-chico-trasvase\/#primaryimage"},"image":{"@id":"https:\/\/diariotextual.com\/inicio\/index.php\/2019\/08\/31\/pj-mendoza-quiere-cambiar-portezuelo-dique-mas-chico-trasvase\/#primaryimage"},"thumbnailUrl":"https:\/\/diariotextual.com\/inicio\/wp-content\/uploads\/2019\/08\/portezuelodelvientodibujo112.jpg","datePublished":"2019-08-31T17:16:29+00:00","dateModified":"2019-09-02T11:03:04+00:00","breadcrumb":{"@id":"https:\/\/diariotextual.com\/inicio\/index.php\/2019\/08\/31\/pj-mendoza-quiere-cambiar-portezuelo-dique-mas-chico-trasvase\/#breadcrumb"},"inLanguage":"es","potentialAction":[{"@type":"ReadAction","target":["https:\/\/diariotextual.com\/inicio\/index.php\/2019\/08\/31\/pj-mendoza-quiere-cambiar-portezuelo-dique-mas-chico-trasvase\/"]}]},{"@type":"ImageObject","inLanguage":"es","@id":"https:\/\/diariotextual.com\/inicio\/index.php\/2019\/08\/31\/pj-mendoza-quiere-cambiar-portezuelo-dique-mas-chico-trasvase\/#primaryimage","url":"https:\/\/diariotextual.com\/inicio\/wp-content\/uploads\/2019\/08\/portezuelodelvientodibujo112.jpg","contentUrl":"https:\/\/diariotextual.com\/inicio\/wp-content\/uploads\/2019\/08\/portezuelodelvientodibujo112.jpg","width":920,"height":520},{"@type":"BreadcrumbList","@id":"https:\/\/diariotextual.com\/inicio\/index.php\/2019\/08\/31\/pj-mendoza-quiere-cambiar-portezuelo-dique-mas-chico-trasvase\/#breadcrumb","itemListElement":[{"@type":"ListItem","position":1,"name":"Portada","item":"https:\/\/diariotextual.com\/inicio\/"},{"@type":"ListItem","position":2,"name":"El PJ de Mendoza quiere cambiar Portezuelo: dique m\u00e1s chico y con trasvase"}]},{"@type":"WebSite","@id":"https:\/\/diariotextual.com\/inicio\/#website","url":"https:\/\/diariotextual.com\/inicio\/","name":"Diario Textual","description":"","publisher":{"@id":"https:\/\/diariotextual.com\/inicio\/#organization"},"potentialAction":[{"@type":"SearchAction","target":{"@type":"EntryPoint","urlTemplate":"https:\/\/diariotextual.com\/inicio\/?s={search_term_string}"},"query-input":{"@type":"PropertyValueSpecification","valueRequired":true,"valueName":"search_term_string"}}],"inLanguage":"es"},{"@type":"Organization","@id":"https:\/\/diariotextual.com\/inicio\/#organization","name":"Diario Textual","url":"https:\/\/diariotextual.com\/inicio\/","logo":{"@type":"ImageObject","inLanguage":"es","@id":"https:\/\/diariotextual.com\/inicio\/#\/schema\/logo\/image\/","url":"https:\/\/diariotextual.com\/inicio\/wp-content\/uploads\/2023\/05\/logotextual1.jpg","contentUrl":"https:\/\/diariotextual.com\/inicio\/wp-content\/uploads\/2023\/05\/logotextual1.jpg","width":516,"height":76,"caption":"Diario Textual"},"image":{"@id":"https:\/\/diariotextual.com\/inicio\/#\/schema\/logo\/image\/"},"sameAs":["https:\/\/www.facebook.com\/eltextual","https:\/\/x.com\/eltextual","http:\/\/www.instagram.com\/eltextual"]},{"@type":"Person","@id":"https:\/\/diariotextual.com\/inicio\/#\/schema\/person\/418fc4093c33e86ed41562db3508f958","name":"Diario1 Diario1","image":{"@type":"ImageObject","inLanguage":"es","@id":"https:\/\/secure.gravatar.com\/avatar\/9167d280179c85bc18be67aa7eda765854300033af4896dd779b608640f2ef7a?s=96&d=mm&r=g","url":"https:\/\/secure.gravatar.com\/avatar\/9167d280179c85bc18be67aa7eda765854300033af4896dd779b608640f2ef7a?s=96&d=mm&r=g","contentUrl":"https:\/\/secure.gravatar.com\/avatar\/9167d280179c85bc18be67aa7eda765854300033af4896dd779b608640f2ef7a?s=96&d=mm&r=g","caption":"Diario1 Diario1"},"url":"https:\/\/diariotextual.com\/inicio\/index.php\/author\/diario1\/"}]}},"_links":{"self":[{"href":"https:\/\/diariotextual.com\/inicio\/index.php\/wp-json\/wp\/v2\/posts\/61321","targetHints":{"allow":["GET"]}}],"collection":[{"href":"https:\/\/diariotextual.com\/inicio\/index.php\/wp-json\/wp\/v2\/posts"}],"about":[{"href":"https:\/\/diariotextual.com\/inicio\/index.php\/wp-json\/wp\/v2\/types\/post"}],"author":[{"embeddable":true,"href":"https:\/\/diariotextual.com\/inicio\/index.php\/wp-json\/wp\/v2\/users\/3"}],"replies":[{"embeddable":true,"href":"https:\/\/diariotextual.com\/inicio\/index.php\/wp-json\/wp\/v2\/comments?post=61321"}],"version-history":[{"count":5,"href":"https:\/\/diariotextual.com\/inicio\/index.php\/wp-json\/wp\/v2\/posts\/61321\/revisions"}],"predecessor-version":[{"id":61326,"href":"https:\/\/diariotextual.com\/inicio\/index.php\/wp-json\/wp\/v2\/posts\/61321\/revisions\/61326"}],"wp:featuredmedia":[{"embeddable":true,"href":"https:\/\/diariotextual.com\/inicio\/index.php\/wp-json\/wp\/v2\/media\/58218"}],"wp:attachment":[{"href":"https:\/\/diariotextual.com\/inicio\/index.php\/wp-json\/wp\/v2\/media?parent=61321"}],"wp:term":[{"taxonomy":"category","embeddable":true,"href":"https:\/\/diariotextual.com\/inicio\/index.php\/wp-json\/wp\/v2\/categories?post=61321"},{"taxonomy":"post_tag","embeddable":true,"href":"https:\/\/diariotextual.com\/inicio\/index.php\/wp-json\/wp\/v2\/tags?post=61321"}],"curies":[{"name":"wp","href":"https:\/\/api.w.org\/{rel}","templated":true}]}}