{"id":61346,"date":"2019-08-31T18:53:57","date_gmt":"2019-08-31T21:53:57","guid":{"rendered":"http:\/\/diariotextual.com\/inicio\/?p=61346"},"modified":"2019-09-01T10:13:38","modified_gmt":"2019-09-01T13:13:38","slug":"cfk-pidio-decoro-al-gobierno-nos-la-pasamos-pagando-deuda-tomaron-otros","status":"publish","type":"post","link":"https:\/\/diariotextual.com\/inicio\/index.php\/2019\/08\/31\/cfk-pidio-decoro-al-gobierno-nos-la-pasamos-pagando-deuda-tomaron-otros\/","title":{"rendered":"CFK pidi\u00f3 decoro al Gobierno: \u00abNos la pasamos pagando deuda que tomaron otros\u00bb"},"content":{"rendered":"<p>La candidata a vicepresidenta por el Frente de Todos, <strong>Cristina Kirchner<\/strong>, reconoci\u00f3\u00a0que la sorprendi\u00f3 la diferencia de votos que lograron en las primarias sobre el oficialismo, pero <strong>asegur\u00f3 que \u00abel resultado\u00bb de los comicios fue \u00abpor\u00a0las pol\u00edticas que llev\u00f3 a cabo este Gobierno\u00bb desde 2015<\/strong>. Adem\u00e1s <strong>apunt\u00f3 contra el presidente Mauricio Macri por acusar que la deuda es culpa del populismo<\/strong>.<\/p>\n<p><iframe style=\"border: none; overflow: hidden;\" src=\"https:\/\/www.facebook.com\/plugins\/video.php?href=https%3A%2F%2Fwww.facebook.com%2FCFKArgentina%2Fvideos%2F481504185732053%2F&amp;show_text=1&amp;width=560\" width=\"560\" height=\"407\" frameborder=\"0\" scrolling=\"no\" allowfullscreen=\"allowfullscreen\"><\/iframe><\/p>\n<p>\u00abA nosotros, que nos pasamos pagando la deuda de otros, que las actuales autoridades no nos digan que la culpa es de los populistas que vienen. <strong>La verdad que pido un poco de decoro cuando se habla<\/strong>\u00ab, afirm\u00f3 Cristina Kirchner desde La Plata donde present\u00f3 \u00abSinceramente\u00bb ante una multitud en la Facultad de Periodismo.<\/p>\n<p>\u00abDejamos un pa\u00eds con problemas, pero era una pa\u00eds en caminado y de repente despu\u00e9s de ocho a\u00f1os de presidenta. <strong>En apenas de tres a\u00f1os volver y ver que todo est\u00e1 infinitamente cambiado, peor\u00bb<\/strong>, cuestion\u00f3 la senadora de Unidad Ciudadana.<\/p>\n<p><strong>\u00abSab\u00edamos que \u00edbamos a ganar pero no por esta diferencia\u00bb<\/strong>, reconoci\u00f3 la exmandataria en su primera aparici\u00f3n p\u00fablica tras las elecciones primarias en las que la f\u00f3rmula que integra junto a Alberto Fern\u00e1ndez super\u00f3 por 15 puntos a la del presidente Mauricio Macri y el senador Miguel Pichetto.<\/p>\n<p>Adem\u00e1s, la candidata subray\u00f3: \u00abEl resultado de las PASO es el resultado de las pol\u00edticas que llev\u00f3 a cabo este Gobierno desde 2015. Si hubiesen hecho las cosas bien, tal vez no gan\u00e1bamos y ellos hubieran sido reelectos\u00bb.<\/p>\n<p>&nbsp;<\/p>\n","protected":false},"excerpt":{"rendered":"<p>La candidata a vicepresidenta por el Frente de Todos, Cristina Kirchner, reconoci\u00f3\u00a0que la sorprendi\u00f3 la diferencia de votos que lograron en las primarias sobre el oficialismo, pero asegur\u00f3 que \u00abel&hellip;<\/p>\n","protected":false},"author":3,"featured_media":61357,"comment_status":"closed","ping_status":"open","sticky":false,"template":"","format":"standard","meta":{"_acf_changed":false,"footnotes":""},"categories":[11,319,8],"tags":[],"class_list":["post-61346","post","type-post","status-publish","format-standard","has-post-thumbnail","hentry","category-que-pasa","category-a-temporales","category-politica"],"acf":[],"yoast_head":"<!-- This site is optimized with the Yoast SEO plugin v27.5 - https:\/\/yoast.com\/product\/yoast-seo-wordpress\/ -->\n<title>CFK pidi\u00f3 decoro al Gobierno: &quot;Nos la pasamos pagando deuda que tomaron otros&quot; - Diario Textual<\/title>\n<meta name=\"robots\" content=\"index, follow, max-snippet:-1, max-image-preview:large, max-video-preview:-1\" \/>\n<link rel=\"canonical\" href=\"https:\/\/diariotextual.com\/inicio\/index.php\/2019\/08\/31\/cfk-pidio-decoro-al-gobierno-nos-la-pasamos-pagando-deuda-tomaron-otros\/\" \/>\n<meta property=\"og:locale\" content=\"es_ES\" \/>\n<meta property=\"og:type\" content=\"article\" \/>\n<meta property=\"og:title\" content=\"CFK pidi\u00f3 decoro al Gobierno: &quot;Nos la pasamos pagando deuda que tomaron otros&quot; - Diario Textual\" \/>\n<meta property=\"og:description\" content=\"La candidata a vicepresidenta por el Frente de Todos, Cristina Kirchner, reconoci\u00f3\u00a0que la sorprendi\u00f3 la diferencia de votos que lograron en las primarias sobre el oficialismo, pero asegur\u00f3 que \u00abel&hellip;\" \/>\n<meta property=\"og:url\" content=\"https:\/\/diariotextual.com\/inicio\/index.php\/2019\/08\/31\/cfk-pidio-decoro-al-gobierno-nos-la-pasamos-pagando-deuda-tomaron-otros\/\" \/>\n<meta property=\"og:site_name\" content=\"Diario Textual\" \/>\n<meta property=\"article:publisher\" content=\"https:\/\/www.facebook.com\/eltextual\" \/>\n<meta property=\"article:published_time\" content=\"2019-08-31T21:53:57+00:00\" \/>\n<meta property=\"article:modified_time\" content=\"2019-09-01T13:13:38+00:00\" \/>\n<meta property=\"og:image\" content=\"https:\/\/diariotextual.com\/inicio\/wp-content\/uploads\/2019\/08\/cristinafernandezlaplata2019-2.jpg\" \/>\n\t<meta property=\"og:image:width\" content=\"750\" \/>\n\t<meta property=\"og:image:height\" content=\"500\" \/>\n\t<meta property=\"og:image:type\" content=\"image\/jpeg\" \/>\n<meta name=\"author\" content=\"Diario1 Diario1\" \/>\n<meta name=\"twitter:card\" content=\"summary_large_image\" \/>\n<meta name=\"twitter:creator\" content=\"@eltextual\" \/>\n<meta name=\"twitter:site\" content=\"@eltextual\" \/>\n<meta name=\"twitter:label1\" content=\"Escrito por\" \/>\n\t<meta name=\"twitter:data1\" content=\"Diario1 Diario1\" \/>\n\t<meta name=\"twitter:label2\" content=\"Tiempo de lectura\" \/>\n\t<meta name=\"twitter:data2\" content=\"1 minuto\" \/>\n<script type=\"application\/ld+json\" class=\"yoast-schema-graph\">{\"@context\":\"https:\\\/\\\/schema.org\",\"@graph\":[{\"@type\":\"Article\",\"@id\":\"https:\\\/\\\/diariotextual.com\\\/inicio\\\/index.php\\\/2019\\\/08\\\/31\\\/cfk-pidio-decoro-al-gobierno-nos-la-pasamos-pagando-deuda-tomaron-otros\\\/#article\",\"isPartOf\":{\"@id\":\"https:\\\/\\\/diariotextual.com\\\/inicio\\\/index.php\\\/2019\\\/08\\\/31\\\/cfk-pidio-decoro-al-gobierno-nos-la-pasamos-pagando-deuda-tomaron-otros\\\/\"},\"author\":{\"name\":\"Diario1 Diario1\",\"@id\":\"https:\\\/\\\/diariotextual.com\\\/inicio\\\/#\\\/schema\\\/person\\\/418fc4093c33e86ed41562db3508f958\"},\"headline\":\"CFK pidi\u00f3 decoro al Gobierno: \u00abNos la pasamos pagando deuda que tomaron otros\u00bb\",\"datePublished\":\"2019-08-31T21:53:57+00:00\",\"dateModified\":\"2019-09-01T13:13:38+00:00\",\"mainEntityOfPage\":{\"@id\":\"https:\\\/\\\/diariotextual.com\\\/inicio\\\/index.php\\\/2019\\\/08\\\/31\\\/cfk-pidio-decoro-al-gobierno-nos-la-pasamos-pagando-deuda-tomaron-otros\\\/\"},\"wordCount\":269,\"publisher\":{\"@id\":\"https:\\\/\\\/diariotextual.com\\\/inicio\\\/#organization\"},\"image\":{\"@id\":\"https:\\\/\\\/diariotextual.com\\\/inicio\\\/index.php\\\/2019\\\/08\\\/31\\\/cfk-pidio-decoro-al-gobierno-nos-la-pasamos-pagando-deuda-tomaron-otros\\\/#primaryimage\"},\"thumbnailUrl\":\"https:\\\/\\\/diariotextual.com\\\/inicio\\\/wp-content\\\/uploads\\\/2019\\\/08\\\/cristinafernandezlaplata2019-2.jpg\",\"articleSection\":[\"A - QUE PASA (al costado)\",\"A - TEMPORALES\",\"POLITICA\"],\"inLanguage\":\"es\"},{\"@type\":\"WebPage\",\"@id\":\"https:\\\/\\\/diariotextual.com\\\/inicio\\\/index.php\\\/2019\\\/08\\\/31\\\/cfk-pidio-decoro-al-gobierno-nos-la-pasamos-pagando-deuda-tomaron-otros\\\/\",\"url\":\"https:\\\/\\\/diariotextual.com\\\/inicio\\\/index.php\\\/2019\\\/08\\\/31\\\/cfk-pidio-decoro-al-gobierno-nos-la-pasamos-pagando-deuda-tomaron-otros\\\/\",\"name\":\"CFK pidi\u00f3 decoro al Gobierno: \\\"Nos la pasamos pagando deuda que tomaron otros\\\" - Diario Textual\",\"isPartOf\":{\"@id\":\"https:\\\/\\\/diariotextual.com\\\/inicio\\\/#website\"},\"primaryImageOfPage\":{\"@id\":\"https:\\\/\\\/diariotextual.com\\\/inicio\\\/index.php\\\/2019\\\/08\\\/31\\\/cfk-pidio-decoro-al-gobierno-nos-la-pasamos-pagando-deuda-tomaron-otros\\\/#primaryimage\"},\"image\":{\"@id\":\"https:\\\/\\\/diariotextual.com\\\/inicio\\\/index.php\\\/2019\\\/08\\\/31\\\/cfk-pidio-decoro-al-gobierno-nos-la-pasamos-pagando-deuda-tomaron-otros\\\/#primaryimage\"},\"thumbnailUrl\":\"https:\\\/\\\/diariotextual.com\\\/inicio\\\/wp-content\\\/uploads\\\/2019\\\/08\\\/cristinafernandezlaplata2019-2.jpg\",\"datePublished\":\"2019-08-31T21:53:57+00:00\",\"dateModified\":\"2019-09-01T13:13:38+00:00\",\"breadcrumb\":{\"@id\":\"https:\\\/\\\/diariotextual.com\\\/inicio\\\/index.php\\\/2019\\\/08\\\/31\\\/cfk-pidio-decoro-al-gobierno-nos-la-pasamos-pagando-deuda-tomaron-otros\\\/#breadcrumb\"},\"inLanguage\":\"es\",\"potentialAction\":[{\"@type\":\"ReadAction\",\"target\":[\"https:\\\/\\\/diariotextual.com\\\/inicio\\\/index.php\\\/2019\\\/08\\\/31\\\/cfk-pidio-decoro-al-gobierno-nos-la-pasamos-pagando-deuda-tomaron-otros\\\/\"]}]},{\"@type\":\"ImageObject\",\"inLanguage\":\"es\",\"@id\":\"https:\\\/\\\/diariotextual.com\\\/inicio\\\/index.php\\\/2019\\\/08\\\/31\\\/cfk-pidio-decoro-al-gobierno-nos-la-pasamos-pagando-deuda-tomaron-otros\\\/#primaryimage\",\"url\":\"https:\\\/\\\/diariotextual.com\\\/inicio\\\/wp-content\\\/uploads\\\/2019\\\/08\\\/cristinafernandezlaplata2019-2.jpg\",\"contentUrl\":\"https:\\\/\\\/diariotextual.com\\\/inicio\\\/wp-content\\\/uploads\\\/2019\\\/08\\\/cristinafernandezlaplata2019-2.jpg\",\"width\":750,\"height\":500},{\"@type\":\"BreadcrumbList\",\"@id\":\"https:\\\/\\\/diariotextual.com\\\/inicio\\\/index.php\\\/2019\\\/08\\\/31\\\/cfk-pidio-decoro-al-gobierno-nos-la-pasamos-pagando-deuda-tomaron-otros\\\/#breadcrumb\",\"itemListElement\":[{\"@type\":\"ListItem\",\"position\":1,\"name\":\"Portada\",\"item\":\"https:\\\/\\\/diariotextual.com\\\/inicio\\\/\"},{\"@type\":\"ListItem\",\"position\":2,\"name\":\"CFK pidi\u00f3 decoro al Gobierno: \u00abNos la pasamos pagando deuda que tomaron otros\u00bb\"}]},{\"@type\":\"WebSite\",\"@id\":\"https:\\\/\\\/diariotextual.com\\\/inicio\\\/#website\",\"url\":\"https:\\\/\\\/diariotextual.com\\\/inicio\\\/\",\"name\":\"Diario Textual\",\"description\":\"\",\"publisher\":{\"@id\":\"https:\\\/\\\/diariotextual.com\\\/inicio\\\/#organization\"},\"potentialAction\":[{\"@type\":\"SearchAction\",\"target\":{\"@type\":\"EntryPoint\",\"urlTemplate\":\"https:\\\/\\\/diariotextual.com\\\/inicio\\\/?s={search_term_string}\"},\"query-input\":{\"@type\":\"PropertyValueSpecification\",\"valueRequired\":true,\"valueName\":\"search_term_string\"}}],\"inLanguage\":\"es\"},{\"@type\":\"Organization\",\"@id\":\"https:\\\/\\\/diariotextual.com\\\/inicio\\\/#organization\",\"name\":\"Diario Textual\",\"url\":\"https:\\\/\\\/diariotextual.com\\\/inicio\\\/\",\"logo\":{\"@type\":\"ImageObject\",\"inLanguage\":\"es\",\"@id\":\"https:\\\/\\\/diariotextual.com\\\/inicio\\\/#\\\/schema\\\/logo\\\/image\\\/\",\"url\":\"https:\\\/\\\/diariotextual.com\\\/inicio\\\/wp-content\\\/uploads\\\/2023\\\/05\\\/logotextual1.jpg\",\"contentUrl\":\"https:\\\/\\\/diariotextual.com\\\/inicio\\\/wp-content\\\/uploads\\\/2023\\\/05\\\/logotextual1.jpg\",\"width\":516,\"height\":76,\"caption\":\"Diario Textual\"},\"image\":{\"@id\":\"https:\\\/\\\/diariotextual.com\\\/inicio\\\/#\\\/schema\\\/logo\\\/image\\\/\"},\"sameAs\":[\"https:\\\/\\\/www.facebook.com\\\/eltextual\",\"https:\\\/\\\/x.com\\\/eltextual\",\"http:\\\/\\\/www.instagram.com\\\/eltextual\"]},{\"@type\":\"Person\",\"@id\":\"https:\\\/\\\/diariotextual.com\\\/inicio\\\/#\\\/schema\\\/person\\\/418fc4093c33e86ed41562db3508f958\",\"name\":\"Diario1 Diario1\",\"image\":{\"@type\":\"ImageObject\",\"inLanguage\":\"es\",\"@id\":\"https:\\\/\\\/secure.gravatar.com\\\/avatar\\\/9167d280179c85bc18be67aa7eda765854300033af4896dd779b608640f2ef7a?s=96&d=mm&r=g\",\"url\":\"https:\\\/\\\/secure.gravatar.com\\\/avatar\\\/9167d280179c85bc18be67aa7eda765854300033af4896dd779b608640f2ef7a?s=96&d=mm&r=g\",\"contentUrl\":\"https:\\\/\\\/secure.gravatar.com\\\/avatar\\\/9167d280179c85bc18be67aa7eda765854300033af4896dd779b608640f2ef7a?s=96&d=mm&r=g\",\"caption\":\"Diario1 Diario1\"},\"url\":\"https:\\\/\\\/diariotextual.com\\\/inicio\\\/index.php\\\/author\\\/diario1\\\/\"}]}<\/script>\n<!-- \/ Yoast SEO plugin. -->","yoast_head_json":{"title":"CFK pidi\u00f3 decoro al Gobierno: \"Nos la pasamos pagando deuda que tomaron otros\" - Diario Textual","robots":{"index":"index","follow":"follow","max-snippet":"max-snippet:-1","max-image-preview":"max-image-preview:large","max-video-preview":"max-video-preview:-1"},"canonical":"https:\/\/diariotextual.com\/inicio\/index.php\/2019\/08\/31\/cfk-pidio-decoro-al-gobierno-nos-la-pasamos-pagando-deuda-tomaron-otros\/","og_locale":"es_ES","og_type":"article","og_title":"CFK pidi\u00f3 decoro al Gobierno: \"Nos la pasamos pagando deuda que tomaron otros\" - Diario Textual","og_description":"La candidata a vicepresidenta por el Frente de Todos, Cristina Kirchner, reconoci\u00f3\u00a0que la sorprendi\u00f3 la diferencia de votos que lograron en las primarias sobre el oficialismo, pero asegur\u00f3 que \u00abel&hellip;","og_url":"https:\/\/diariotextual.com\/inicio\/index.php\/2019\/08\/31\/cfk-pidio-decoro-al-gobierno-nos-la-pasamos-pagando-deuda-tomaron-otros\/","og_site_name":"Diario Textual","article_publisher":"https:\/\/www.facebook.com\/eltextual","article_published_time":"2019-08-31T21:53:57+00:00","article_modified_time":"2019-09-01T13:13:38+00:00","og_image":[{"width":750,"height":500,"url":"https:\/\/diariotextual.com\/inicio\/wp-content\/uploads\/2019\/08\/cristinafernandezlaplata2019-2.jpg","type":"image\/jpeg"}],"author":"Diario1 Diario1","twitter_card":"summary_large_image","twitter_creator":"@eltextual","twitter_site":"@eltextual","twitter_misc":{"Escrito por":"Diario1 Diario1","Tiempo de lectura":"1 minuto"},"schema":{"@context":"https:\/\/schema.org","@graph":[{"@type":"Article","@id":"https:\/\/diariotextual.com\/inicio\/index.php\/2019\/08\/31\/cfk-pidio-decoro-al-gobierno-nos-la-pasamos-pagando-deuda-tomaron-otros\/#article","isPartOf":{"@id":"https:\/\/diariotextual.com\/inicio\/index.php\/2019\/08\/31\/cfk-pidio-decoro-al-gobierno-nos-la-pasamos-pagando-deuda-tomaron-otros\/"},"author":{"name":"Diario1 Diario1","@id":"https:\/\/diariotextual.com\/inicio\/#\/schema\/person\/418fc4093c33e86ed41562db3508f958"},"headline":"CFK pidi\u00f3 decoro al Gobierno: \u00abNos la pasamos pagando deuda que tomaron otros\u00bb","datePublished":"2019-08-31T21:53:57+00:00","dateModified":"2019-09-01T13:13:38+00:00","mainEntityOfPage":{"@id":"https:\/\/diariotextual.com\/inicio\/index.php\/2019\/08\/31\/cfk-pidio-decoro-al-gobierno-nos-la-pasamos-pagando-deuda-tomaron-otros\/"},"wordCount":269,"publisher":{"@id":"https:\/\/diariotextual.com\/inicio\/#organization"},"image":{"@id":"https:\/\/diariotextual.com\/inicio\/index.php\/2019\/08\/31\/cfk-pidio-decoro-al-gobierno-nos-la-pasamos-pagando-deuda-tomaron-otros\/#primaryimage"},"thumbnailUrl":"https:\/\/diariotextual.com\/inicio\/wp-content\/uploads\/2019\/08\/cristinafernandezlaplata2019-2.jpg","articleSection":["A - QUE PASA (al costado)","A - TEMPORALES","POLITICA"],"inLanguage":"es"},{"@type":"WebPage","@id":"https:\/\/diariotextual.com\/inicio\/index.php\/2019\/08\/31\/cfk-pidio-decoro-al-gobierno-nos-la-pasamos-pagando-deuda-tomaron-otros\/","url":"https:\/\/diariotextual.com\/inicio\/index.php\/2019\/08\/31\/cfk-pidio-decoro-al-gobierno-nos-la-pasamos-pagando-deuda-tomaron-otros\/","name":"CFK pidi\u00f3 decoro al Gobierno: \"Nos la pasamos pagando deuda que tomaron otros\" - Diario Textual","isPartOf":{"@id":"https:\/\/diariotextual.com\/inicio\/#website"},"primaryImageOfPage":{"@id":"https:\/\/diariotextual.com\/inicio\/index.php\/2019\/08\/31\/cfk-pidio-decoro-al-gobierno-nos-la-pasamos-pagando-deuda-tomaron-otros\/#primaryimage"},"image":{"@id":"https:\/\/diariotextual.com\/inicio\/index.php\/2019\/08\/31\/cfk-pidio-decoro-al-gobierno-nos-la-pasamos-pagando-deuda-tomaron-otros\/#primaryimage"},"thumbnailUrl":"https:\/\/diariotextual.com\/inicio\/wp-content\/uploads\/2019\/08\/cristinafernandezlaplata2019-2.jpg","datePublished":"2019-08-31T21:53:57+00:00","dateModified":"2019-09-01T13:13:38+00:00","breadcrumb":{"@id":"https:\/\/diariotextual.com\/inicio\/index.php\/2019\/08\/31\/cfk-pidio-decoro-al-gobierno-nos-la-pasamos-pagando-deuda-tomaron-otros\/#breadcrumb"},"inLanguage":"es","potentialAction":[{"@type":"ReadAction","target":["https:\/\/diariotextual.com\/inicio\/index.php\/2019\/08\/31\/cfk-pidio-decoro-al-gobierno-nos-la-pasamos-pagando-deuda-tomaron-otros\/"]}]},{"@type":"ImageObject","inLanguage":"es","@id":"https:\/\/diariotextual.com\/inicio\/index.php\/2019\/08\/31\/cfk-pidio-decoro-al-gobierno-nos-la-pasamos-pagando-deuda-tomaron-otros\/#primaryimage","url":"https:\/\/diariotextual.com\/inicio\/wp-content\/uploads\/2019\/08\/cristinafernandezlaplata2019-2.jpg","contentUrl":"https:\/\/diariotextual.com\/inicio\/wp-content\/uploads\/2019\/08\/cristinafernandezlaplata2019-2.jpg","width":750,"height":500},{"@type":"BreadcrumbList","@id":"https:\/\/diariotextual.com\/inicio\/index.php\/2019\/08\/31\/cfk-pidio-decoro-al-gobierno-nos-la-pasamos-pagando-deuda-tomaron-otros\/#breadcrumb","itemListElement":[{"@type":"ListItem","position":1,"name":"Portada","item":"https:\/\/diariotextual.com\/inicio\/"},{"@type":"ListItem","position":2,"name":"CFK pidi\u00f3 decoro al Gobierno: \u00abNos la pasamos pagando deuda que tomaron otros\u00bb"}]},{"@type":"WebSite","@id":"https:\/\/diariotextual.com\/inicio\/#website","url":"https:\/\/diariotextual.com\/inicio\/","name":"Diario Textual","description":"","publisher":{"@id":"https:\/\/diariotextual.com\/inicio\/#organization"},"potentialAction":[{"@type":"SearchAction","target":{"@type":"EntryPoint","urlTemplate":"https:\/\/diariotextual.com\/inicio\/?s={search_term_string}"},"query-input":{"@type":"PropertyValueSpecification","valueRequired":true,"valueName":"search_term_string"}}],"inLanguage":"es"},{"@type":"Organization","@id":"https:\/\/diariotextual.com\/inicio\/#organization","name":"Diario Textual","url":"https:\/\/diariotextual.com\/inicio\/","logo":{"@type":"ImageObject","inLanguage":"es","@id":"https:\/\/diariotextual.com\/inicio\/#\/schema\/logo\/image\/","url":"https:\/\/diariotextual.com\/inicio\/wp-content\/uploads\/2023\/05\/logotextual1.jpg","contentUrl":"https:\/\/diariotextual.com\/inicio\/wp-content\/uploads\/2023\/05\/logotextual1.jpg","width":516,"height":76,"caption":"Diario Textual"},"image":{"@id":"https:\/\/diariotextual.com\/inicio\/#\/schema\/logo\/image\/"},"sameAs":["https:\/\/www.facebook.com\/eltextual","https:\/\/x.com\/eltextual","http:\/\/www.instagram.com\/eltextual"]},{"@type":"Person","@id":"https:\/\/diariotextual.com\/inicio\/#\/schema\/person\/418fc4093c33e86ed41562db3508f958","name":"Diario1 Diario1","image":{"@type":"ImageObject","inLanguage":"es","@id":"https:\/\/secure.gravatar.com\/avatar\/9167d280179c85bc18be67aa7eda765854300033af4896dd779b608640f2ef7a?s=96&d=mm&r=g","url":"https:\/\/secure.gravatar.com\/avatar\/9167d280179c85bc18be67aa7eda765854300033af4896dd779b608640f2ef7a?s=96&d=mm&r=g","contentUrl":"https:\/\/secure.gravatar.com\/avatar\/9167d280179c85bc18be67aa7eda765854300033af4896dd779b608640f2ef7a?s=96&d=mm&r=g","caption":"Diario1 Diario1"},"url":"https:\/\/diariotextual.com\/inicio\/index.php\/author\/diario1\/"}]}},"_links":{"self":[{"href":"https:\/\/diariotextual.com\/inicio\/index.php\/wp-json\/wp\/v2\/posts\/61346","targetHints":{"allow":["GET"]}}],"collection":[{"href":"https:\/\/diariotextual.com\/inicio\/index.php\/wp-json\/wp\/v2\/posts"}],"about":[{"href":"https:\/\/diariotextual.com\/inicio\/index.php\/wp-json\/wp\/v2\/types\/post"}],"author":[{"embeddable":true,"href":"https:\/\/diariotextual.com\/inicio\/index.php\/wp-json\/wp\/v2\/users\/3"}],"replies":[{"embeddable":true,"href":"https:\/\/diariotextual.com\/inicio\/index.php\/wp-json\/wp\/v2\/comments?post=61346"}],"version-history":[{"count":3,"href":"https:\/\/diariotextual.com\/inicio\/index.php\/wp-json\/wp\/v2\/posts\/61346\/revisions"}],"predecessor-version":[{"id":61350,"href":"https:\/\/diariotextual.com\/inicio\/index.php\/wp-json\/wp\/v2\/posts\/61346\/revisions\/61350"}],"wp:featuredmedia":[{"embeddable":true,"href":"https:\/\/diariotextual.com\/inicio\/index.php\/wp-json\/wp\/v2\/media\/61357"}],"wp:attachment":[{"href":"https:\/\/diariotextual.com\/inicio\/index.php\/wp-json\/wp\/v2\/media?parent=61346"}],"wp:term":[{"taxonomy":"category","embeddable":true,"href":"https:\/\/diariotextual.com\/inicio\/index.php\/wp-json\/wp\/v2\/categories?post=61346"},{"taxonomy":"post_tag","embeddable":true,"href":"https:\/\/diariotextual.com\/inicio\/index.php\/wp-json\/wp\/v2\/tags?post=61346"}],"curies":[{"name":"wp","href":"https:\/\/api.w.org\/{rel}","templated":true}]}}