{"id":61391,"date":"2019-09-01T19:03:25","date_gmt":"2019-09-01T22:03:25","guid":{"rendered":"http:\/\/diariotextual.com\/inicio\/?p=61391"},"modified":"2019-09-02T11:08:56","modified_gmt":"2019-09-02T14:08:56","slug":"pisandelli-presento-la-renuncia-la-cnrt-cumpli-una-etapa","status":"publish","type":"post","link":"https:\/\/diariotextual.com\/inicio\/index.php\/2019\/09\/01\/pisandelli-presento-la-renuncia-la-cnrt-cumpli-una-etapa\/","title":{"rendered":"Pisandelli present\u00f3 la renuncia a la CNRT: \u00abCumpl\u00ed una etapa\u00bb"},"content":{"rendered":"<p><strong>Pedro Pisandelli<\/strong>, coordinador regional de la Comisi\u00f3n Nacional de Regulaci\u00f3n del Transporte (CNRT), confirm\u00f3 a Diario Textual que present\u00f3 la renuncia al cargo. Viaj\u00f3 a Espa\u00f1a, donde se encuentra, para atender un problema de salud de una persona familiar.<\/p>\n<p>\u00abCumpl\u00ed una etapa muy linda de mi vida\u00bb, dijo en un mensaje. \u00abAhora estoy fuera del pa\u00eds por temas personales\u00bb, cont\u00f3.<\/p>\n<p>El exfuncionario, quien se precandidateara a la intendencia de Toay, dijo que esos \u00abproblemas de salud\u00bb de una familiar fueron decisivos a la hora de alejarse de la funci\u00f3n p\u00fablica.<\/p>\n<p>Sostuvo que la denuncia penal en su contra, de un exempleado, no influy\u00f3 en su renuncia. \u00abReitero que fue por temas de salud de un familiar\u00bb, dijo.<\/p>\n<p>A principios de agosto, un exempleado de la CNRT inform\u00f3 p\u00fablicamente que lo hab\u00eda denunciado por extorsi\u00f3n, coimas, abuso de autoridad y violencia laboral. Esa denuncia est\u00e1 en la Justicia.<\/p>\n<p>\u00abYo present\u00f3 el telegrama de renuncia en julio\u00bb, asegur\u00f3. Hace dos\u00a0meses que est\u00e1 viviendo en Espa\u00f1a y su cargo es subrogado por personal de Bah\u00eda Blanca.<\/p>\n<p>Pisandelli agradeci\u00f3 al ministro de Transporte, Guillermo Dietrich, y al presidente Mauricio Macri por el apoyo.\u00a0\u201cEl cambio en La Pampa tarde o temprano va a llegar\u00bb, dijo. \u00abY seguramente cuando llegue, estar\u00e9 mejor preparado para volver\u201d, agreg\u00f3.<\/p>\n<p>\u201cFueron d\u00edas muy importante para m\u00ed. He renunciado a mi trabajo, algo que no estaba en mis planes pero que claramente es una vuelta de p\u00e1gina para mi vida. Realmente estoy muy agradecido al ministro de Transporte Guillermo Dietrich y a nuestro presidente Mauricio Macri, quienes me dieron la posibilidad de demostrar que se pueden cambiar las cosas\u201d, dijo.<\/p>\n<p>\u201cCuando entre en pol\u00edtica hace ya casi 5 a\u00f1os nunca pens\u00e9 que iba a vivir todo lo que viv\u00ed, la \u00fanica petici\u00f3n en mi ingreso fue que no me saquen el hombro y jam\u00e1s lo hicieron\u201d, dijo.<\/p>\n<p>Tambi\u00e9n agradeci\u00f3 a sus \u201ccompa\u00f1eros de trabajo\u201d de la comisi\u00f3n. \u201cPor m\u00e1s que yo no est\u00e9, ellos saben lo que tienen que hacer y s\u00e9 que nunca van a faltar a la ejemplaridad p\u00fablica, honestidad, transparencia, respeto y vocaci\u00f3n de servicio\u201d, finaliz\u00f3.<\/p>\n<p>&nbsp;<\/p>\n<p>&nbsp;<\/p>\n<p>&nbsp;<\/p>\n<p>&nbsp;<\/p>\n<p>&nbsp;<\/p>\n<p>&nbsp;<\/p>\n<p>(Noticia en desarrollo)<\/p>\n<p>&nbsp;<\/p>\n<p>&nbsp;<\/p>\n<p>&nbsp;<\/p>\n","protected":false},"excerpt":{"rendered":"<p>Pedro Pisandelli, coordinador regional de la Comisi\u00f3n Nacional de Regulaci\u00f3n del Transporte (CNRT), confirm\u00f3 a Diario Textual que present\u00f3 la renuncia al cargo. Viaj\u00f3 a Espa\u00f1a, donde se encuentra, para&hellip;<\/p>\n","protected":false},"author":3,"featured_media":14866,"comment_status":"closed","ping_status":"open","sticky":false,"template":"","format":"standard","meta":{"_acf_changed":false,"footnotes":""},"categories":[319,8],"tags":[],"class_list":["post-61391","post","type-post","status-publish","format-standard","has-post-thumbnail","hentry","category-a-temporales","category-politica"],"acf":[],"yoast_head":"<!-- This site is optimized with the Yoast SEO plugin v27.5 - https:\/\/yoast.com\/product\/yoast-seo-wordpress\/ -->\n<title>Pisandelli present\u00f3 la renuncia a la CNRT: &quot;Cumpl\u00ed una etapa&quot; - Diario Textual<\/title>\n<meta name=\"robots\" content=\"index, follow, max-snippet:-1, max-image-preview:large, max-video-preview:-1\" \/>\n<link rel=\"canonical\" href=\"https:\/\/diariotextual.com\/inicio\/index.php\/2019\/09\/01\/pisandelli-presento-la-renuncia-la-cnrt-cumpli-una-etapa\/\" \/>\n<meta property=\"og:locale\" content=\"es_ES\" \/>\n<meta property=\"og:type\" content=\"article\" \/>\n<meta property=\"og:title\" content=\"Pisandelli present\u00f3 la renuncia a la CNRT: &quot;Cumpl\u00ed una etapa&quot; - Diario Textual\" \/>\n<meta property=\"og:description\" content=\"Pedro Pisandelli, coordinador regional de la Comisi\u00f3n Nacional de Regulaci\u00f3n del Transporte (CNRT), confirm\u00f3 a Diario Textual que present\u00f3 la renuncia al cargo. Viaj\u00f3 a Espa\u00f1a, donde se encuentra, para&hellip;\" \/>\n<meta property=\"og:url\" content=\"https:\/\/diariotextual.com\/inicio\/index.php\/2019\/09\/01\/pisandelli-presento-la-renuncia-la-cnrt-cumpli-una-etapa\/\" \/>\n<meta property=\"og:site_name\" content=\"Diario Textual\" \/>\n<meta property=\"article:publisher\" content=\"https:\/\/www.facebook.com\/eltextual\" \/>\n<meta property=\"article:published_time\" content=\"2019-09-01T22:03:25+00:00\" \/>\n<meta property=\"article:modified_time\" content=\"2019-09-02T14:08:56+00:00\" \/>\n<meta property=\"og:image\" content=\"https:\/\/diariotextual.com\/inicio\/wp-content\/uploads\/2018\/07\/pisandellipedro155.jpg\" \/>\n\t<meta property=\"og:image:width\" content=\"732\" \/>\n\t<meta property=\"og:image:height\" content=\"516\" \/>\n\t<meta property=\"og:image:type\" content=\"image\/jpeg\" \/>\n<meta name=\"author\" content=\"Diario1 Diario1\" \/>\n<meta name=\"twitter:card\" content=\"summary_large_image\" \/>\n<meta name=\"twitter:creator\" content=\"@eltextual\" \/>\n<meta name=\"twitter:site\" content=\"@eltextual\" \/>\n<meta name=\"twitter:label1\" content=\"Escrito por\" \/>\n\t<meta name=\"twitter:data1\" content=\"Diario1 Diario1\" \/>\n\t<meta name=\"twitter:label2\" content=\"Tiempo de lectura\" \/>\n\t<meta name=\"twitter:data2\" content=\"2 minutos\" \/>\n<script type=\"application\/ld+json\" class=\"yoast-schema-graph\">{\"@context\":\"https:\\\/\\\/schema.org\",\"@graph\":[{\"@type\":\"Article\",\"@id\":\"https:\\\/\\\/diariotextual.com\\\/inicio\\\/index.php\\\/2019\\\/09\\\/01\\\/pisandelli-presento-la-renuncia-la-cnrt-cumpli-una-etapa\\\/#article\",\"isPartOf\":{\"@id\":\"https:\\\/\\\/diariotextual.com\\\/inicio\\\/index.php\\\/2019\\\/09\\\/01\\\/pisandelli-presento-la-renuncia-la-cnrt-cumpli-una-etapa\\\/\"},\"author\":{\"name\":\"Diario1 Diario1\",\"@id\":\"https:\\\/\\\/diariotextual.com\\\/inicio\\\/#\\\/schema\\\/person\\\/418fc4093c33e86ed41562db3508f958\"},\"headline\":\"Pisandelli present\u00f3 la renuncia a la CNRT: \u00abCumpl\u00ed una etapa\u00bb\",\"datePublished\":\"2019-09-01T22:03:25+00:00\",\"dateModified\":\"2019-09-02T14:08:56+00:00\",\"mainEntityOfPage\":{\"@id\":\"https:\\\/\\\/diariotextual.com\\\/inicio\\\/index.php\\\/2019\\\/09\\\/01\\\/pisandelli-presento-la-renuncia-la-cnrt-cumpli-una-etapa\\\/\"},\"wordCount\":394,\"publisher\":{\"@id\":\"https:\\\/\\\/diariotextual.com\\\/inicio\\\/#organization\"},\"image\":{\"@id\":\"https:\\\/\\\/diariotextual.com\\\/inicio\\\/index.php\\\/2019\\\/09\\\/01\\\/pisandelli-presento-la-renuncia-la-cnrt-cumpli-una-etapa\\\/#primaryimage\"},\"thumbnailUrl\":\"https:\\\/\\\/diariotextual.com\\\/inicio\\\/wp-content\\\/uploads\\\/2018\\\/07\\\/pisandellipedro155.jpg\",\"articleSection\":[\"A - TEMPORALES\",\"POLITICA\"],\"inLanguage\":\"es\"},{\"@type\":\"WebPage\",\"@id\":\"https:\\\/\\\/diariotextual.com\\\/inicio\\\/index.php\\\/2019\\\/09\\\/01\\\/pisandelli-presento-la-renuncia-la-cnrt-cumpli-una-etapa\\\/\",\"url\":\"https:\\\/\\\/diariotextual.com\\\/inicio\\\/index.php\\\/2019\\\/09\\\/01\\\/pisandelli-presento-la-renuncia-la-cnrt-cumpli-una-etapa\\\/\",\"name\":\"Pisandelli present\u00f3 la renuncia a la CNRT: \\\"Cumpl\u00ed una etapa\\\" - Diario Textual\",\"isPartOf\":{\"@id\":\"https:\\\/\\\/diariotextual.com\\\/inicio\\\/#website\"},\"primaryImageOfPage\":{\"@id\":\"https:\\\/\\\/diariotextual.com\\\/inicio\\\/index.php\\\/2019\\\/09\\\/01\\\/pisandelli-presento-la-renuncia-la-cnrt-cumpli-una-etapa\\\/#primaryimage\"},\"image\":{\"@id\":\"https:\\\/\\\/diariotextual.com\\\/inicio\\\/index.php\\\/2019\\\/09\\\/01\\\/pisandelli-presento-la-renuncia-la-cnrt-cumpli-una-etapa\\\/#primaryimage\"},\"thumbnailUrl\":\"https:\\\/\\\/diariotextual.com\\\/inicio\\\/wp-content\\\/uploads\\\/2018\\\/07\\\/pisandellipedro155.jpg\",\"datePublished\":\"2019-09-01T22:03:25+00:00\",\"dateModified\":\"2019-09-02T14:08:56+00:00\",\"breadcrumb\":{\"@id\":\"https:\\\/\\\/diariotextual.com\\\/inicio\\\/index.php\\\/2019\\\/09\\\/01\\\/pisandelli-presento-la-renuncia-la-cnrt-cumpli-una-etapa\\\/#breadcrumb\"},\"inLanguage\":\"es\",\"potentialAction\":[{\"@type\":\"ReadAction\",\"target\":[\"https:\\\/\\\/diariotextual.com\\\/inicio\\\/index.php\\\/2019\\\/09\\\/01\\\/pisandelli-presento-la-renuncia-la-cnrt-cumpli-una-etapa\\\/\"]}]},{\"@type\":\"ImageObject\",\"inLanguage\":\"es\",\"@id\":\"https:\\\/\\\/diariotextual.com\\\/inicio\\\/index.php\\\/2019\\\/09\\\/01\\\/pisandelli-presento-la-renuncia-la-cnrt-cumpli-una-etapa\\\/#primaryimage\",\"url\":\"https:\\\/\\\/diariotextual.com\\\/inicio\\\/wp-content\\\/uploads\\\/2018\\\/07\\\/pisandellipedro155.jpg\",\"contentUrl\":\"https:\\\/\\\/diariotextual.com\\\/inicio\\\/wp-content\\\/uploads\\\/2018\\\/07\\\/pisandellipedro155.jpg\",\"width\":732,\"height\":516},{\"@type\":\"BreadcrumbList\",\"@id\":\"https:\\\/\\\/diariotextual.com\\\/inicio\\\/index.php\\\/2019\\\/09\\\/01\\\/pisandelli-presento-la-renuncia-la-cnrt-cumpli-una-etapa\\\/#breadcrumb\",\"itemListElement\":[{\"@type\":\"ListItem\",\"position\":1,\"name\":\"Portada\",\"item\":\"https:\\\/\\\/diariotextual.com\\\/inicio\\\/\"},{\"@type\":\"ListItem\",\"position\":2,\"name\":\"Pisandelli present\u00f3 la renuncia a la CNRT: \u00abCumpl\u00ed una etapa\u00bb\"}]},{\"@type\":\"WebSite\",\"@id\":\"https:\\\/\\\/diariotextual.com\\\/inicio\\\/#website\",\"url\":\"https:\\\/\\\/diariotextual.com\\\/inicio\\\/\",\"name\":\"Diario Textual\",\"description\":\"\",\"publisher\":{\"@id\":\"https:\\\/\\\/diariotextual.com\\\/inicio\\\/#organization\"},\"potentialAction\":[{\"@type\":\"SearchAction\",\"target\":{\"@type\":\"EntryPoint\",\"urlTemplate\":\"https:\\\/\\\/diariotextual.com\\\/inicio\\\/?s={search_term_string}\"},\"query-input\":{\"@type\":\"PropertyValueSpecification\",\"valueRequired\":true,\"valueName\":\"search_term_string\"}}],\"inLanguage\":\"es\"},{\"@type\":\"Organization\",\"@id\":\"https:\\\/\\\/diariotextual.com\\\/inicio\\\/#organization\",\"name\":\"Diario Textual\",\"url\":\"https:\\\/\\\/diariotextual.com\\\/inicio\\\/\",\"logo\":{\"@type\":\"ImageObject\",\"inLanguage\":\"es\",\"@id\":\"https:\\\/\\\/diariotextual.com\\\/inicio\\\/#\\\/schema\\\/logo\\\/image\\\/\",\"url\":\"https:\\\/\\\/diariotextual.com\\\/inicio\\\/wp-content\\\/uploads\\\/2023\\\/05\\\/logotextual1.jpg\",\"contentUrl\":\"https:\\\/\\\/diariotextual.com\\\/inicio\\\/wp-content\\\/uploads\\\/2023\\\/05\\\/logotextual1.jpg\",\"width\":516,\"height\":76,\"caption\":\"Diario Textual\"},\"image\":{\"@id\":\"https:\\\/\\\/diariotextual.com\\\/inicio\\\/#\\\/schema\\\/logo\\\/image\\\/\"},\"sameAs\":[\"https:\\\/\\\/www.facebook.com\\\/eltextual\",\"https:\\\/\\\/x.com\\\/eltextual\",\"http:\\\/\\\/www.instagram.com\\\/eltextual\"]},{\"@type\":\"Person\",\"@id\":\"https:\\\/\\\/diariotextual.com\\\/inicio\\\/#\\\/schema\\\/person\\\/418fc4093c33e86ed41562db3508f958\",\"name\":\"Diario1 Diario1\",\"image\":{\"@type\":\"ImageObject\",\"inLanguage\":\"es\",\"@id\":\"https:\\\/\\\/secure.gravatar.com\\\/avatar\\\/9167d280179c85bc18be67aa7eda765854300033af4896dd779b608640f2ef7a?s=96&d=mm&r=g\",\"url\":\"https:\\\/\\\/secure.gravatar.com\\\/avatar\\\/9167d280179c85bc18be67aa7eda765854300033af4896dd779b608640f2ef7a?s=96&d=mm&r=g\",\"contentUrl\":\"https:\\\/\\\/secure.gravatar.com\\\/avatar\\\/9167d280179c85bc18be67aa7eda765854300033af4896dd779b608640f2ef7a?s=96&d=mm&r=g\",\"caption\":\"Diario1 Diario1\"},\"url\":\"https:\\\/\\\/diariotextual.com\\\/inicio\\\/index.php\\\/author\\\/diario1\\\/\"}]}<\/script>\n<!-- \/ Yoast SEO plugin. -->","yoast_head_json":{"title":"Pisandelli present\u00f3 la renuncia a la CNRT: \"Cumpl\u00ed una etapa\" - Diario Textual","robots":{"index":"index","follow":"follow","max-snippet":"max-snippet:-1","max-image-preview":"max-image-preview:large","max-video-preview":"max-video-preview:-1"},"canonical":"https:\/\/diariotextual.com\/inicio\/index.php\/2019\/09\/01\/pisandelli-presento-la-renuncia-la-cnrt-cumpli-una-etapa\/","og_locale":"es_ES","og_type":"article","og_title":"Pisandelli present\u00f3 la renuncia a la CNRT: \"Cumpl\u00ed una etapa\" - Diario Textual","og_description":"Pedro Pisandelli, coordinador regional de la Comisi\u00f3n Nacional de Regulaci\u00f3n del Transporte (CNRT), confirm\u00f3 a Diario Textual que present\u00f3 la renuncia al cargo. Viaj\u00f3 a Espa\u00f1a, donde se encuentra, para&hellip;","og_url":"https:\/\/diariotextual.com\/inicio\/index.php\/2019\/09\/01\/pisandelli-presento-la-renuncia-la-cnrt-cumpli-una-etapa\/","og_site_name":"Diario Textual","article_publisher":"https:\/\/www.facebook.com\/eltextual","article_published_time":"2019-09-01T22:03:25+00:00","article_modified_time":"2019-09-02T14:08:56+00:00","og_image":[{"width":732,"height":516,"url":"https:\/\/diariotextual.com\/inicio\/wp-content\/uploads\/2018\/07\/pisandellipedro155.jpg","type":"image\/jpeg"}],"author":"Diario1 Diario1","twitter_card":"summary_large_image","twitter_creator":"@eltextual","twitter_site":"@eltextual","twitter_misc":{"Escrito por":"Diario1 Diario1","Tiempo de lectura":"2 minutos"},"schema":{"@context":"https:\/\/schema.org","@graph":[{"@type":"Article","@id":"https:\/\/diariotextual.com\/inicio\/index.php\/2019\/09\/01\/pisandelli-presento-la-renuncia-la-cnrt-cumpli-una-etapa\/#article","isPartOf":{"@id":"https:\/\/diariotextual.com\/inicio\/index.php\/2019\/09\/01\/pisandelli-presento-la-renuncia-la-cnrt-cumpli-una-etapa\/"},"author":{"name":"Diario1 Diario1","@id":"https:\/\/diariotextual.com\/inicio\/#\/schema\/person\/418fc4093c33e86ed41562db3508f958"},"headline":"Pisandelli present\u00f3 la renuncia a la CNRT: \u00abCumpl\u00ed una etapa\u00bb","datePublished":"2019-09-01T22:03:25+00:00","dateModified":"2019-09-02T14:08:56+00:00","mainEntityOfPage":{"@id":"https:\/\/diariotextual.com\/inicio\/index.php\/2019\/09\/01\/pisandelli-presento-la-renuncia-la-cnrt-cumpli-una-etapa\/"},"wordCount":394,"publisher":{"@id":"https:\/\/diariotextual.com\/inicio\/#organization"},"image":{"@id":"https:\/\/diariotextual.com\/inicio\/index.php\/2019\/09\/01\/pisandelli-presento-la-renuncia-la-cnrt-cumpli-una-etapa\/#primaryimage"},"thumbnailUrl":"https:\/\/diariotextual.com\/inicio\/wp-content\/uploads\/2018\/07\/pisandellipedro155.jpg","articleSection":["A - TEMPORALES","POLITICA"],"inLanguage":"es"},{"@type":"WebPage","@id":"https:\/\/diariotextual.com\/inicio\/index.php\/2019\/09\/01\/pisandelli-presento-la-renuncia-la-cnrt-cumpli-una-etapa\/","url":"https:\/\/diariotextual.com\/inicio\/index.php\/2019\/09\/01\/pisandelli-presento-la-renuncia-la-cnrt-cumpli-una-etapa\/","name":"Pisandelli present\u00f3 la renuncia a la CNRT: \"Cumpl\u00ed una etapa\" - Diario Textual","isPartOf":{"@id":"https:\/\/diariotextual.com\/inicio\/#website"},"primaryImageOfPage":{"@id":"https:\/\/diariotextual.com\/inicio\/index.php\/2019\/09\/01\/pisandelli-presento-la-renuncia-la-cnrt-cumpli-una-etapa\/#primaryimage"},"image":{"@id":"https:\/\/diariotextual.com\/inicio\/index.php\/2019\/09\/01\/pisandelli-presento-la-renuncia-la-cnrt-cumpli-una-etapa\/#primaryimage"},"thumbnailUrl":"https:\/\/diariotextual.com\/inicio\/wp-content\/uploads\/2018\/07\/pisandellipedro155.jpg","datePublished":"2019-09-01T22:03:25+00:00","dateModified":"2019-09-02T14:08:56+00:00","breadcrumb":{"@id":"https:\/\/diariotextual.com\/inicio\/index.php\/2019\/09\/01\/pisandelli-presento-la-renuncia-la-cnrt-cumpli-una-etapa\/#breadcrumb"},"inLanguage":"es","potentialAction":[{"@type":"ReadAction","target":["https:\/\/diariotextual.com\/inicio\/index.php\/2019\/09\/01\/pisandelli-presento-la-renuncia-la-cnrt-cumpli-una-etapa\/"]}]},{"@type":"ImageObject","inLanguage":"es","@id":"https:\/\/diariotextual.com\/inicio\/index.php\/2019\/09\/01\/pisandelli-presento-la-renuncia-la-cnrt-cumpli-una-etapa\/#primaryimage","url":"https:\/\/diariotextual.com\/inicio\/wp-content\/uploads\/2018\/07\/pisandellipedro155.jpg","contentUrl":"https:\/\/diariotextual.com\/inicio\/wp-content\/uploads\/2018\/07\/pisandellipedro155.jpg","width":732,"height":516},{"@type":"BreadcrumbList","@id":"https:\/\/diariotextual.com\/inicio\/index.php\/2019\/09\/01\/pisandelli-presento-la-renuncia-la-cnrt-cumpli-una-etapa\/#breadcrumb","itemListElement":[{"@type":"ListItem","position":1,"name":"Portada","item":"https:\/\/diariotextual.com\/inicio\/"},{"@type":"ListItem","position":2,"name":"Pisandelli present\u00f3 la renuncia a la CNRT: \u00abCumpl\u00ed una etapa\u00bb"}]},{"@type":"WebSite","@id":"https:\/\/diariotextual.com\/inicio\/#website","url":"https:\/\/diariotextual.com\/inicio\/","name":"Diario Textual","description":"","publisher":{"@id":"https:\/\/diariotextual.com\/inicio\/#organization"},"potentialAction":[{"@type":"SearchAction","target":{"@type":"EntryPoint","urlTemplate":"https:\/\/diariotextual.com\/inicio\/?s={search_term_string}"},"query-input":{"@type":"PropertyValueSpecification","valueRequired":true,"valueName":"search_term_string"}}],"inLanguage":"es"},{"@type":"Organization","@id":"https:\/\/diariotextual.com\/inicio\/#organization","name":"Diario Textual","url":"https:\/\/diariotextual.com\/inicio\/","logo":{"@type":"ImageObject","inLanguage":"es","@id":"https:\/\/diariotextual.com\/inicio\/#\/schema\/logo\/image\/","url":"https:\/\/diariotextual.com\/inicio\/wp-content\/uploads\/2023\/05\/logotextual1.jpg","contentUrl":"https:\/\/diariotextual.com\/inicio\/wp-content\/uploads\/2023\/05\/logotextual1.jpg","width":516,"height":76,"caption":"Diario Textual"},"image":{"@id":"https:\/\/diariotextual.com\/inicio\/#\/schema\/logo\/image\/"},"sameAs":["https:\/\/www.facebook.com\/eltextual","https:\/\/x.com\/eltextual","http:\/\/www.instagram.com\/eltextual"]},{"@type":"Person","@id":"https:\/\/diariotextual.com\/inicio\/#\/schema\/person\/418fc4093c33e86ed41562db3508f958","name":"Diario1 Diario1","image":{"@type":"ImageObject","inLanguage":"es","@id":"https:\/\/secure.gravatar.com\/avatar\/9167d280179c85bc18be67aa7eda765854300033af4896dd779b608640f2ef7a?s=96&d=mm&r=g","url":"https:\/\/secure.gravatar.com\/avatar\/9167d280179c85bc18be67aa7eda765854300033af4896dd779b608640f2ef7a?s=96&d=mm&r=g","contentUrl":"https:\/\/secure.gravatar.com\/avatar\/9167d280179c85bc18be67aa7eda765854300033af4896dd779b608640f2ef7a?s=96&d=mm&r=g","caption":"Diario1 Diario1"},"url":"https:\/\/diariotextual.com\/inicio\/index.php\/author\/diario1\/"}]}},"_links":{"self":[{"href":"https:\/\/diariotextual.com\/inicio\/index.php\/wp-json\/wp\/v2\/posts\/61391","targetHints":{"allow":["GET"]}}],"collection":[{"href":"https:\/\/diariotextual.com\/inicio\/index.php\/wp-json\/wp\/v2\/posts"}],"about":[{"href":"https:\/\/diariotextual.com\/inicio\/index.php\/wp-json\/wp\/v2\/types\/post"}],"author":[{"embeddable":true,"href":"https:\/\/diariotextual.com\/inicio\/index.php\/wp-json\/wp\/v2\/users\/3"}],"replies":[{"embeddable":true,"href":"https:\/\/diariotextual.com\/inicio\/index.php\/wp-json\/wp\/v2\/comments?post=61391"}],"version-history":[{"count":3,"href":"https:\/\/diariotextual.com\/inicio\/index.php\/wp-json\/wp\/v2\/posts\/61391\/revisions"}],"predecessor-version":[{"id":61394,"href":"https:\/\/diariotextual.com\/inicio\/index.php\/wp-json\/wp\/v2\/posts\/61391\/revisions\/61394"}],"wp:featuredmedia":[{"embeddable":true,"href":"https:\/\/diariotextual.com\/inicio\/index.php\/wp-json\/wp\/v2\/media\/14866"}],"wp:attachment":[{"href":"https:\/\/diariotextual.com\/inicio\/index.php\/wp-json\/wp\/v2\/media?parent=61391"}],"wp:term":[{"taxonomy":"category","embeddable":true,"href":"https:\/\/diariotextual.com\/inicio\/index.php\/wp-json\/wp\/v2\/categories?post=61391"},{"taxonomy":"post_tag","embeddable":true,"href":"https:\/\/diariotextual.com\/inicio\/index.php\/wp-json\/wp\/v2\/tags?post=61391"}],"curies":[{"name":"wp","href":"https:\/\/api.w.org\/{rel}","templated":true}]}}