{"id":61407,"date":"2019-09-02T06:34:16","date_gmt":"2019-09-02T09:34:16","guid":{"rendered":"http:\/\/diariotextual.com\/inicio\/?p=61407"},"modified":"2019-09-02T08:27:32","modified_gmt":"2019-09-02T11:27:32","slug":"lacunza-medidas-incomodas-no-pais-normal","status":"publish","type":"post","link":"https:\/\/diariotextual.com\/inicio\/index.php\/2019\/09\/02\/lacunza-medidas-incomodas-no-pais-normal\/","title":{"rendered":"Lacunza: \u00abSon medidas inc\u00f3modas, no de un pa\u00eds normal\u00bb"},"content":{"rendered":"<p>El ministro de Hacienda, <strong>Hern\u00e1n Lacunza<\/strong>, admiti\u00f3 anoche que las medidas anunciadas para controlar el d\u00f3lar son \u00abinc\u00f3modas y transitorias\u00bb y no corresponden a un \u00abpa\u00eds normal\u00bb, pero neg\u00f3 el riesgo de hiperinflaci\u00f3n. \u00abAhora -dijo- el desaf\u00edo es estacionar el barco en el muelle, pase lo que pase con las elecciones\u00bb.<\/p>\n<p id=\"m112-111-113\" class=\"paragraph \">Tambi\u00e9n resalt\u00f3 que est\u00e1 hablando con la oposici\u00f3n e incluso <strong>\u00abhay di\u00e1logo con el Frente de Todos\u00bb<\/strong>, que aventaj\u00f3 ampliamente al gobierno en las \u00faltimas elecciones primarias.<\/p>\n<p id=\"m117-116-118\" class=\"paragraph \">Lacunza reconoci\u00f3 que \u00abhay una crisis de confianza\u00bb, pero asegur\u00f3 que \u00abno hay riesgo de hiperinflaci\u00f3n\u00bb; manifest\u00f3 su esperanza de que los ahorristas no retiren masivamente la plata de los bancos; y destac\u00f3 que hay aval de las arcas p\u00fablicas para garantizar el dinero de la gente y evitar crisis como las del pasado.<\/p>\n<p id=\"m127-126-128\" class=\"paragraph \"><strong>\u00abLa Argentina parece un c\u00edrculo en el que cada tanto se vuelve al mismo puerto. Este no es el puerto que so\u00f1amos, tendr\u00edamos que revisar las causas\u00bb<\/strong>, dijo Lacunza. \u00abDurante este gobierno se trabaj\u00f3 mucho en la sala de m\u00e1quinas de ese barco, pero nos falt\u00f3 el sal\u00f3n comedor y ese es el mensaje de las urnas\u00bb.<\/p>\n<p id=\"m132-131-133\" class=\"paragraph \">\u00abAhora el desaf\u00edo es estacionar el barco en el muelle, pase lo que pase con las elecciones\u00bb, enfatiz\u00f3, y dijo que<strong> la misi\u00f3n que le encomendaron es que \u00ablos pasajeros no sufran los vaivenes\u00bb de la nave<\/strong>.<\/p>\n<p id=\"m137-136-138\" class=\"paragraph \">\u00abEsto es como una familia que se queda sin cr\u00e9dito y el padre de familia tiene que cubrir la comida de los chicos, las zapatillas y el pago de la cuota del cr\u00e9dito de algo que compr\u00f3\u00bb, sigui\u00f3. \u00abLos primeros dos no se negocian. La comida de los chicos son los dep\u00f3sitos. Las zapatillas son el tipo de cambio. No habr\u00e1 para zapatillas verdes, pero s\u00ed tenemos que usar las celestes, el peso argentino. Y la cuota del cr\u00e9dito tiene que esperar. Y eso fue lo que hicimos entre el mi\u00e9rcoles y hoy, con las dos medidas: el mi\u00e9rcoles le dijimos al acreedor que necesit\u00e1bamos m\u00e1s tiempo\u00bb, dijo\u00a0 a los canales Trece y Am\u00e9rica.<\/p>\n<p id=\"m147-146-148\" class=\"paragraph \"><strong>Las medidas tienen como prioridad \u00abel ciudadano de a pie\u00bb y fueron necesarias para paliar la \u00abincertidumbre\u00bb, no \u00absubiera el tipo de cambio\u00bb y no aumentaran por esa raz\u00f3n la \u00abinflaci\u00f3n y la pobreza\u00bb.<\/strong><\/p>\n<p id=\"m152-151-153\" class=\"paragraph \"><strong>\u00abNo son medidas t\u00edpicas de un pa\u00eds normal, y son inc\u00f3modas para nosotros\u00bb,<\/strong> admiti\u00f3 el funcionario. \u00abSi no las hacemos, y el tipo de cambio sube, las consecuencias son peores porque suben la inflaci\u00f3n y la pobreza, y aumenta la inequidad\u00bb, aclar\u00f3.<\/p>\n<p id=\"m157-156-158\" class=\"paragraph \"><strong>Lacunza defini\u00f3 el paquete como \u00abcontrol de capitales y la dolarizaci\u00f3n<\/strong>\u00ab, y las justific\u00f3 por la irrupci\u00f3n de una \u00abrealidad que no se puede negar\u00bb, en referencia a que, desde el 12 de agosto, un d\u00eda despu\u00e9s de las PASO, \u00abhubo un cambio evidente\u00bb porque \u00abel riesgo pa\u00eds pas\u00f3 de 900 puntos, que ya era alto, a 2.000, y el d\u00f3lar de 45 a 55 pesos\u00bb, adem\u00e1s de que Argentina \u00abperdi\u00f3 cr\u00e9dito\u00bb.<\/p>\n<p id=\"m162-161-163\" class=\"paragraph \">En declaraciones a Canal Trece, el funcionario plante\u00f3 que \u00abhay una incertidumbre\u00bb sobre si \u00ablas reservas alcanzan para todas las demandas potenciales\u00bb de la econom\u00eda, en alusi\u00f3n al \u00abtipo de cambio, los depositantes, que tienen derecho a disponer, y los pagos de deuda\u00bb.<\/p>\n<p id=\"m167-166-168\" class=\"paragraph \"><strong>\u00abOrdenamos las preferencias, y primero est\u00e1n los ciudadanos de a pie: que el d\u00f3lar no suba m\u00e1s de lo que est\u00e1 porque ya est\u00e1 alto\u00bb, subray\u00f3.<\/strong><\/p>\n<p id=\"m172-171-173\" class=\"paragraph \">El Banco Central lanz\u00f3 una serie de medidas entre las que se destaca que las exportadoras deber\u00e1n liquidar las divisas producto de sus ventas en el pa\u00eds y que todas las compa\u00f1\u00edas, no s\u00f3lo los bancos, tendr\u00e1n que pedir autorizaci\u00f3n a la entidad monetaria para girar divisas al exterior.<\/p>\n<p id=\"m177-176-178\" class=\"paragraph \">Adem\u00e1s, las personas podr\u00e1n comprar hasta US$ 10.000 por mes, y tambi\u00e9n girar ese monto al exterior.<\/p>\n<p id=\"m182-181-183\" class=\"paragraph \">Por otro lado, Lacunza sostuvo que \u00abpuede ser\u00bb que despu\u00e9s de estos anuncios \u00abaparezca un tipo de cambio paralelo\u00bb, aunque la puesta en marcha de estos controles, dijo, \u00abno tiene por qu\u00e9 trasladarse a precios\u00bb.<\/p>\n<p>&nbsp;<\/p>\n","protected":false},"excerpt":{"rendered":"<p>El ministro de Hacienda, Hern\u00e1n Lacunza, admiti\u00f3 anoche que las medidas anunciadas para controlar el d\u00f3lar son \u00abinc\u00f3modas y transitorias\u00bb y no corresponden a un \u00abpa\u00eds normal\u00bb, pero neg\u00f3 el&hellip;<\/p>\n","protected":false},"author":3,"featured_media":61408,"comment_status":"closed","ping_status":"open","sticky":false,"template":"","format":"standard","meta":{"_acf_changed":false,"footnotes":""},"categories":[11,5],"tags":[2190],"class_list":["post-61407","post","type-post","status-publish","format-standard","has-post-thumbnail","hentry","category-que-pasa","category-economia","tag-lacunza"],"acf":[],"yoast_head":"<!-- This site is optimized with the Yoast SEO plugin v27.5 - https:\/\/yoast.com\/product\/yoast-seo-wordpress\/ -->\n<title>Lacunza: &quot;Son medidas inc\u00f3modas, no de un pa\u00eds normal&quot; - Diario Textual<\/title>\n<meta name=\"robots\" content=\"index, follow, max-snippet:-1, max-image-preview:large, max-video-preview:-1\" \/>\n<link rel=\"canonical\" href=\"https:\/\/diariotextual.com\/inicio\/index.php\/2019\/09\/02\/lacunza-medidas-incomodas-no-pais-normal\/\" \/>\n<meta property=\"og:locale\" content=\"es_ES\" \/>\n<meta property=\"og:type\" content=\"article\" \/>\n<meta property=\"og:title\" content=\"Lacunza: &quot;Son medidas inc\u00f3modas, no de un pa\u00eds normal&quot; - Diario Textual\" \/>\n<meta property=\"og:description\" content=\"El ministro de Hacienda, Hern\u00e1n Lacunza, admiti\u00f3 anoche que las medidas anunciadas para controlar el d\u00f3lar son \u00abinc\u00f3modas y transitorias\u00bb y no corresponden a un \u00abpa\u00eds normal\u00bb, pero neg\u00f3 el&hellip;\" \/>\n<meta property=\"og:url\" content=\"https:\/\/diariotextual.com\/inicio\/index.php\/2019\/09\/02\/lacunza-medidas-incomodas-no-pais-normal\/\" \/>\n<meta property=\"og:site_name\" content=\"Diario Textual\" \/>\n<meta property=\"article:publisher\" content=\"https:\/\/www.facebook.com\/eltextual\" \/>\n<meta property=\"article:published_time\" content=\"2019-09-02T09:34:16+00:00\" \/>\n<meta property=\"article:modified_time\" content=\"2019-09-02T11:27:32+00:00\" \/>\n<meta property=\"og:image\" content=\"https:\/\/diariotextual.com\/inicio\/wp-content\/uploads\/2019\/09\/lacunzahernantelam77.jpg\" \/>\n\t<meta property=\"og:image:width\" content=\"1004\" \/>\n\t<meta property=\"og:image:height\" content=\"565\" \/>\n\t<meta property=\"og:image:type\" content=\"image\/jpeg\" \/>\n<meta name=\"author\" content=\"Diario1 Diario1\" \/>\n<meta name=\"twitter:card\" content=\"summary_large_image\" \/>\n<meta name=\"twitter:creator\" content=\"@eltextual\" \/>\n<meta name=\"twitter:site\" content=\"@eltextual\" \/>\n<meta name=\"twitter:label1\" content=\"Escrito por\" \/>\n\t<meta name=\"twitter:data1\" content=\"Diario1 Diario1\" \/>\n\t<meta name=\"twitter:label2\" content=\"Tiempo de lectura\" \/>\n\t<meta name=\"twitter:data2\" content=\"4 minutos\" \/>\n<script type=\"application\/ld+json\" class=\"yoast-schema-graph\">{\"@context\":\"https:\\\/\\\/schema.org\",\"@graph\":[{\"@type\":\"Article\",\"@id\":\"https:\\\/\\\/diariotextual.com\\\/inicio\\\/index.php\\\/2019\\\/09\\\/02\\\/lacunza-medidas-incomodas-no-pais-normal\\\/#article\",\"isPartOf\":{\"@id\":\"https:\\\/\\\/diariotextual.com\\\/inicio\\\/index.php\\\/2019\\\/09\\\/02\\\/lacunza-medidas-incomodas-no-pais-normal\\\/\"},\"author\":{\"name\":\"Diario1 Diario1\",\"@id\":\"https:\\\/\\\/diariotextual.com\\\/inicio\\\/#\\\/schema\\\/person\\\/418fc4093c33e86ed41562db3508f958\"},\"headline\":\"Lacunza: \u00abSon medidas inc\u00f3modas, no de un pa\u00eds normal\u00bb\",\"datePublished\":\"2019-09-02T09:34:16+00:00\",\"dateModified\":\"2019-09-02T11:27:32+00:00\",\"mainEntityOfPage\":{\"@id\":\"https:\\\/\\\/diariotextual.com\\\/inicio\\\/index.php\\\/2019\\\/09\\\/02\\\/lacunza-medidas-incomodas-no-pais-normal\\\/\"},\"wordCount\":720,\"publisher\":{\"@id\":\"https:\\\/\\\/diariotextual.com\\\/inicio\\\/#organization\"},\"image\":{\"@id\":\"https:\\\/\\\/diariotextual.com\\\/inicio\\\/index.php\\\/2019\\\/09\\\/02\\\/lacunza-medidas-incomodas-no-pais-normal\\\/#primaryimage\"},\"thumbnailUrl\":\"https:\\\/\\\/diariotextual.com\\\/inicio\\\/wp-content\\\/uploads\\\/2019\\\/09\\\/lacunzahernantelam77.jpg\",\"keywords\":[\"lacunza\"],\"articleSection\":[\"A - QUE PASA (al costado)\",\"ECONOMIA\"],\"inLanguage\":\"es\"},{\"@type\":\"WebPage\",\"@id\":\"https:\\\/\\\/diariotextual.com\\\/inicio\\\/index.php\\\/2019\\\/09\\\/02\\\/lacunza-medidas-incomodas-no-pais-normal\\\/\",\"url\":\"https:\\\/\\\/diariotextual.com\\\/inicio\\\/index.php\\\/2019\\\/09\\\/02\\\/lacunza-medidas-incomodas-no-pais-normal\\\/\",\"name\":\"Lacunza: \\\"Son medidas inc\u00f3modas, no de un pa\u00eds normal\\\" - Diario Textual\",\"isPartOf\":{\"@id\":\"https:\\\/\\\/diariotextual.com\\\/inicio\\\/#website\"},\"primaryImageOfPage\":{\"@id\":\"https:\\\/\\\/diariotextual.com\\\/inicio\\\/index.php\\\/2019\\\/09\\\/02\\\/lacunza-medidas-incomodas-no-pais-normal\\\/#primaryimage\"},\"image\":{\"@id\":\"https:\\\/\\\/diariotextual.com\\\/inicio\\\/index.php\\\/2019\\\/09\\\/02\\\/lacunza-medidas-incomodas-no-pais-normal\\\/#primaryimage\"},\"thumbnailUrl\":\"https:\\\/\\\/diariotextual.com\\\/inicio\\\/wp-content\\\/uploads\\\/2019\\\/09\\\/lacunzahernantelam77.jpg\",\"datePublished\":\"2019-09-02T09:34:16+00:00\",\"dateModified\":\"2019-09-02T11:27:32+00:00\",\"breadcrumb\":{\"@id\":\"https:\\\/\\\/diariotextual.com\\\/inicio\\\/index.php\\\/2019\\\/09\\\/02\\\/lacunza-medidas-incomodas-no-pais-normal\\\/#breadcrumb\"},\"inLanguage\":\"es\",\"potentialAction\":[{\"@type\":\"ReadAction\",\"target\":[\"https:\\\/\\\/diariotextual.com\\\/inicio\\\/index.php\\\/2019\\\/09\\\/02\\\/lacunza-medidas-incomodas-no-pais-normal\\\/\"]}]},{\"@type\":\"ImageObject\",\"inLanguage\":\"es\",\"@id\":\"https:\\\/\\\/diariotextual.com\\\/inicio\\\/index.php\\\/2019\\\/09\\\/02\\\/lacunza-medidas-incomodas-no-pais-normal\\\/#primaryimage\",\"url\":\"https:\\\/\\\/diariotextual.com\\\/inicio\\\/wp-content\\\/uploads\\\/2019\\\/09\\\/lacunzahernantelam77.jpg\",\"contentUrl\":\"https:\\\/\\\/diariotextual.com\\\/inicio\\\/wp-content\\\/uploads\\\/2019\\\/09\\\/lacunzahernantelam77.jpg\",\"width\":1004,\"height\":565},{\"@type\":\"BreadcrumbList\",\"@id\":\"https:\\\/\\\/diariotextual.com\\\/inicio\\\/index.php\\\/2019\\\/09\\\/02\\\/lacunza-medidas-incomodas-no-pais-normal\\\/#breadcrumb\",\"itemListElement\":[{\"@type\":\"ListItem\",\"position\":1,\"name\":\"Portada\",\"item\":\"https:\\\/\\\/diariotextual.com\\\/inicio\\\/\"},{\"@type\":\"ListItem\",\"position\":2,\"name\":\"Lacunza: \u00abSon medidas inc\u00f3modas, no de un pa\u00eds normal\u00bb\"}]},{\"@type\":\"WebSite\",\"@id\":\"https:\\\/\\\/diariotextual.com\\\/inicio\\\/#website\",\"url\":\"https:\\\/\\\/diariotextual.com\\\/inicio\\\/\",\"name\":\"Diario Textual\",\"description\":\"\",\"publisher\":{\"@id\":\"https:\\\/\\\/diariotextual.com\\\/inicio\\\/#organization\"},\"potentialAction\":[{\"@type\":\"SearchAction\",\"target\":{\"@type\":\"EntryPoint\",\"urlTemplate\":\"https:\\\/\\\/diariotextual.com\\\/inicio\\\/?s={search_term_string}\"},\"query-input\":{\"@type\":\"PropertyValueSpecification\",\"valueRequired\":true,\"valueName\":\"search_term_string\"}}],\"inLanguage\":\"es\"},{\"@type\":\"Organization\",\"@id\":\"https:\\\/\\\/diariotextual.com\\\/inicio\\\/#organization\",\"name\":\"Diario Textual\",\"url\":\"https:\\\/\\\/diariotextual.com\\\/inicio\\\/\",\"logo\":{\"@type\":\"ImageObject\",\"inLanguage\":\"es\",\"@id\":\"https:\\\/\\\/diariotextual.com\\\/inicio\\\/#\\\/schema\\\/logo\\\/image\\\/\",\"url\":\"https:\\\/\\\/diariotextual.com\\\/inicio\\\/wp-content\\\/uploads\\\/2023\\\/05\\\/logotextual1.jpg\",\"contentUrl\":\"https:\\\/\\\/diariotextual.com\\\/inicio\\\/wp-content\\\/uploads\\\/2023\\\/05\\\/logotextual1.jpg\",\"width\":516,\"height\":76,\"caption\":\"Diario Textual\"},\"image\":{\"@id\":\"https:\\\/\\\/diariotextual.com\\\/inicio\\\/#\\\/schema\\\/logo\\\/image\\\/\"},\"sameAs\":[\"https:\\\/\\\/www.facebook.com\\\/eltextual\",\"https:\\\/\\\/x.com\\\/eltextual\",\"http:\\\/\\\/www.instagram.com\\\/eltextual\"]},{\"@type\":\"Person\",\"@id\":\"https:\\\/\\\/diariotextual.com\\\/inicio\\\/#\\\/schema\\\/person\\\/418fc4093c33e86ed41562db3508f958\",\"name\":\"Diario1 Diario1\",\"image\":{\"@type\":\"ImageObject\",\"inLanguage\":\"es\",\"@id\":\"https:\\\/\\\/secure.gravatar.com\\\/avatar\\\/9167d280179c85bc18be67aa7eda765854300033af4896dd779b608640f2ef7a?s=96&d=mm&r=g\",\"url\":\"https:\\\/\\\/secure.gravatar.com\\\/avatar\\\/9167d280179c85bc18be67aa7eda765854300033af4896dd779b608640f2ef7a?s=96&d=mm&r=g\",\"contentUrl\":\"https:\\\/\\\/secure.gravatar.com\\\/avatar\\\/9167d280179c85bc18be67aa7eda765854300033af4896dd779b608640f2ef7a?s=96&d=mm&r=g\",\"caption\":\"Diario1 Diario1\"},\"url\":\"https:\\\/\\\/diariotextual.com\\\/inicio\\\/index.php\\\/author\\\/diario1\\\/\"}]}<\/script>\n<!-- \/ Yoast SEO plugin. -->","yoast_head_json":{"title":"Lacunza: \"Son medidas inc\u00f3modas, no de un pa\u00eds normal\" - Diario Textual","robots":{"index":"index","follow":"follow","max-snippet":"max-snippet:-1","max-image-preview":"max-image-preview:large","max-video-preview":"max-video-preview:-1"},"canonical":"https:\/\/diariotextual.com\/inicio\/index.php\/2019\/09\/02\/lacunza-medidas-incomodas-no-pais-normal\/","og_locale":"es_ES","og_type":"article","og_title":"Lacunza: \"Son medidas inc\u00f3modas, no de un pa\u00eds normal\" - Diario Textual","og_description":"El ministro de Hacienda, Hern\u00e1n Lacunza, admiti\u00f3 anoche que las medidas anunciadas para controlar el d\u00f3lar son \u00abinc\u00f3modas y transitorias\u00bb y no corresponden a un \u00abpa\u00eds normal\u00bb, pero neg\u00f3 el&hellip;","og_url":"https:\/\/diariotextual.com\/inicio\/index.php\/2019\/09\/02\/lacunza-medidas-incomodas-no-pais-normal\/","og_site_name":"Diario Textual","article_publisher":"https:\/\/www.facebook.com\/eltextual","article_published_time":"2019-09-02T09:34:16+00:00","article_modified_time":"2019-09-02T11:27:32+00:00","og_image":[{"width":1004,"height":565,"url":"https:\/\/diariotextual.com\/inicio\/wp-content\/uploads\/2019\/09\/lacunzahernantelam77.jpg","type":"image\/jpeg"}],"author":"Diario1 Diario1","twitter_card":"summary_large_image","twitter_creator":"@eltextual","twitter_site":"@eltextual","twitter_misc":{"Escrito por":"Diario1 Diario1","Tiempo de lectura":"4 minutos"},"schema":{"@context":"https:\/\/schema.org","@graph":[{"@type":"Article","@id":"https:\/\/diariotextual.com\/inicio\/index.php\/2019\/09\/02\/lacunza-medidas-incomodas-no-pais-normal\/#article","isPartOf":{"@id":"https:\/\/diariotextual.com\/inicio\/index.php\/2019\/09\/02\/lacunza-medidas-incomodas-no-pais-normal\/"},"author":{"name":"Diario1 Diario1","@id":"https:\/\/diariotextual.com\/inicio\/#\/schema\/person\/418fc4093c33e86ed41562db3508f958"},"headline":"Lacunza: \u00abSon medidas inc\u00f3modas, no de un pa\u00eds normal\u00bb","datePublished":"2019-09-02T09:34:16+00:00","dateModified":"2019-09-02T11:27:32+00:00","mainEntityOfPage":{"@id":"https:\/\/diariotextual.com\/inicio\/index.php\/2019\/09\/02\/lacunza-medidas-incomodas-no-pais-normal\/"},"wordCount":720,"publisher":{"@id":"https:\/\/diariotextual.com\/inicio\/#organization"},"image":{"@id":"https:\/\/diariotextual.com\/inicio\/index.php\/2019\/09\/02\/lacunza-medidas-incomodas-no-pais-normal\/#primaryimage"},"thumbnailUrl":"https:\/\/diariotextual.com\/inicio\/wp-content\/uploads\/2019\/09\/lacunzahernantelam77.jpg","keywords":["lacunza"],"articleSection":["A - QUE PASA (al costado)","ECONOMIA"],"inLanguage":"es"},{"@type":"WebPage","@id":"https:\/\/diariotextual.com\/inicio\/index.php\/2019\/09\/02\/lacunza-medidas-incomodas-no-pais-normal\/","url":"https:\/\/diariotextual.com\/inicio\/index.php\/2019\/09\/02\/lacunza-medidas-incomodas-no-pais-normal\/","name":"Lacunza: \"Son medidas inc\u00f3modas, no de un pa\u00eds normal\" - Diario Textual","isPartOf":{"@id":"https:\/\/diariotextual.com\/inicio\/#website"},"primaryImageOfPage":{"@id":"https:\/\/diariotextual.com\/inicio\/index.php\/2019\/09\/02\/lacunza-medidas-incomodas-no-pais-normal\/#primaryimage"},"image":{"@id":"https:\/\/diariotextual.com\/inicio\/index.php\/2019\/09\/02\/lacunza-medidas-incomodas-no-pais-normal\/#primaryimage"},"thumbnailUrl":"https:\/\/diariotextual.com\/inicio\/wp-content\/uploads\/2019\/09\/lacunzahernantelam77.jpg","datePublished":"2019-09-02T09:34:16+00:00","dateModified":"2019-09-02T11:27:32+00:00","breadcrumb":{"@id":"https:\/\/diariotextual.com\/inicio\/index.php\/2019\/09\/02\/lacunza-medidas-incomodas-no-pais-normal\/#breadcrumb"},"inLanguage":"es","potentialAction":[{"@type":"ReadAction","target":["https:\/\/diariotextual.com\/inicio\/index.php\/2019\/09\/02\/lacunza-medidas-incomodas-no-pais-normal\/"]}]},{"@type":"ImageObject","inLanguage":"es","@id":"https:\/\/diariotextual.com\/inicio\/index.php\/2019\/09\/02\/lacunza-medidas-incomodas-no-pais-normal\/#primaryimage","url":"https:\/\/diariotextual.com\/inicio\/wp-content\/uploads\/2019\/09\/lacunzahernantelam77.jpg","contentUrl":"https:\/\/diariotextual.com\/inicio\/wp-content\/uploads\/2019\/09\/lacunzahernantelam77.jpg","width":1004,"height":565},{"@type":"BreadcrumbList","@id":"https:\/\/diariotextual.com\/inicio\/index.php\/2019\/09\/02\/lacunza-medidas-incomodas-no-pais-normal\/#breadcrumb","itemListElement":[{"@type":"ListItem","position":1,"name":"Portada","item":"https:\/\/diariotextual.com\/inicio\/"},{"@type":"ListItem","position":2,"name":"Lacunza: \u00abSon medidas inc\u00f3modas, no de un pa\u00eds normal\u00bb"}]},{"@type":"WebSite","@id":"https:\/\/diariotextual.com\/inicio\/#website","url":"https:\/\/diariotextual.com\/inicio\/","name":"Diario Textual","description":"","publisher":{"@id":"https:\/\/diariotextual.com\/inicio\/#organization"},"potentialAction":[{"@type":"SearchAction","target":{"@type":"EntryPoint","urlTemplate":"https:\/\/diariotextual.com\/inicio\/?s={search_term_string}"},"query-input":{"@type":"PropertyValueSpecification","valueRequired":true,"valueName":"search_term_string"}}],"inLanguage":"es"},{"@type":"Organization","@id":"https:\/\/diariotextual.com\/inicio\/#organization","name":"Diario Textual","url":"https:\/\/diariotextual.com\/inicio\/","logo":{"@type":"ImageObject","inLanguage":"es","@id":"https:\/\/diariotextual.com\/inicio\/#\/schema\/logo\/image\/","url":"https:\/\/diariotextual.com\/inicio\/wp-content\/uploads\/2023\/05\/logotextual1.jpg","contentUrl":"https:\/\/diariotextual.com\/inicio\/wp-content\/uploads\/2023\/05\/logotextual1.jpg","width":516,"height":76,"caption":"Diario Textual"},"image":{"@id":"https:\/\/diariotextual.com\/inicio\/#\/schema\/logo\/image\/"},"sameAs":["https:\/\/www.facebook.com\/eltextual","https:\/\/x.com\/eltextual","http:\/\/www.instagram.com\/eltextual"]},{"@type":"Person","@id":"https:\/\/diariotextual.com\/inicio\/#\/schema\/person\/418fc4093c33e86ed41562db3508f958","name":"Diario1 Diario1","image":{"@type":"ImageObject","inLanguage":"es","@id":"https:\/\/secure.gravatar.com\/avatar\/9167d280179c85bc18be67aa7eda765854300033af4896dd779b608640f2ef7a?s=96&d=mm&r=g","url":"https:\/\/secure.gravatar.com\/avatar\/9167d280179c85bc18be67aa7eda765854300033af4896dd779b608640f2ef7a?s=96&d=mm&r=g","contentUrl":"https:\/\/secure.gravatar.com\/avatar\/9167d280179c85bc18be67aa7eda765854300033af4896dd779b608640f2ef7a?s=96&d=mm&r=g","caption":"Diario1 Diario1"},"url":"https:\/\/diariotextual.com\/inicio\/index.php\/author\/diario1\/"}]}},"_links":{"self":[{"href":"https:\/\/diariotextual.com\/inicio\/index.php\/wp-json\/wp\/v2\/posts\/61407","targetHints":{"allow":["GET"]}}],"collection":[{"href":"https:\/\/diariotextual.com\/inicio\/index.php\/wp-json\/wp\/v2\/posts"}],"about":[{"href":"https:\/\/diariotextual.com\/inicio\/index.php\/wp-json\/wp\/v2\/types\/post"}],"author":[{"embeddable":true,"href":"https:\/\/diariotextual.com\/inicio\/index.php\/wp-json\/wp\/v2\/users\/3"}],"replies":[{"embeddable":true,"href":"https:\/\/diariotextual.com\/inicio\/index.php\/wp-json\/wp\/v2\/comments?post=61407"}],"version-history":[{"count":4,"href":"https:\/\/diariotextual.com\/inicio\/index.php\/wp-json\/wp\/v2\/posts\/61407\/revisions"}],"predecessor-version":[{"id":61412,"href":"https:\/\/diariotextual.com\/inicio\/index.php\/wp-json\/wp\/v2\/posts\/61407\/revisions\/61412"}],"wp:featuredmedia":[{"embeddable":true,"href":"https:\/\/diariotextual.com\/inicio\/index.php\/wp-json\/wp\/v2\/media\/61408"}],"wp:attachment":[{"href":"https:\/\/diariotextual.com\/inicio\/index.php\/wp-json\/wp\/v2\/media?parent=61407"}],"wp:term":[{"taxonomy":"category","embeddable":true,"href":"https:\/\/diariotextual.com\/inicio\/index.php\/wp-json\/wp\/v2\/categories?post=61407"},{"taxonomy":"post_tag","embeddable":true,"href":"https:\/\/diariotextual.com\/inicio\/index.php\/wp-json\/wp\/v2\/tags?post=61407"}],"curies":[{"name":"wp","href":"https:\/\/api.w.org\/{rel}","templated":true}]}}