{"id":61441,"date":"2019-09-02T10:23:16","date_gmt":"2019-09-02T13:23:16","guid":{"rendered":"http:\/\/diariotextual.com\/inicio\/?p=61441"},"modified":"2019-09-02T10:23:16","modified_gmt":"2019-09-02T13:23:16","slug":"451-libros-lanza-ciclo-la-mas-maravillosa-musica","status":"publish","type":"post","link":"https:\/\/diariotextual.com\/inicio\/index.php\/2019\/09\/02\/451-libros-lanza-ciclo-la-mas-maravillosa-musica\/","title":{"rendered":"451 Libros lanza el ciclo \u00abLa m\u00e1s maravillosa m\u00fasica\u00bb"},"content":{"rendered":"<p>La librer\u00eda <strong>451 Libros<\/strong> (av. San Mart\u00edn Este 167) lanza un ciclo denominado <strong>\u201cLa m\u00e1s maravillosa m\u00fasica\u201d<\/strong>, que involucrar\u00e1 a cuarenta m\u00fasicxs que integran doce conjuntos de la ciudad, apostando una vez m\u00e1s a difundir cultura como lo viene haciendo Fahrenheit Libros \u2013la librer\u00eda madre- desde hace catorce a\u00f1os.<\/p>\n<p>Cada viernes, a las 20.30 horas, la nueva librer\u00eda santarrose\u00f1a ser\u00e1 el lugar de encuentro para escuchar parte de la mejor m\u00fasica local, en una grilla que integra nuevas bandas con otras que vienen tocando hace a\u00f1os.<\/p>\n<p>\u201cLa m\u00e1s maravillosa m\u00fasica\u201d, que cuenta con el apoyo de Expreso Rocinante, UPCN Seccional La Pampa y La Bodega, comenzar\u00e1 el viernes 6 de septiembre con Guillermina &amp; los planetas y continuar\u00e1 de la siguiente manera:<\/p>\n<p><em>20 de septiembre, Vero y los jornaleros<\/em><\/p>\n<p><em>27 de septiembre, La Negra Alvarado y De Mu\u00f1oz<\/em><\/p>\n<p><em>4 de octubre, JazzporTres<\/em><\/p>\n<p><em>11 de octubre, OUIA!<\/em><\/p>\n<p><em>18 de octubre, Zirc\u00f3n<\/em><\/p>\n<p><em>25 de octubre, La Trigue\u00f1a Jazz Band<\/em><\/p>\n<p><em>1 de noviembre, Zohar Tr\u00edo<\/em><\/p>\n<p><em>8 de noviembre, Pamela D\u00edaz<\/em><\/p>\n<p><em>15 de noviembre, Umami<\/em><\/p>\n<p><em>22 de noviembre, The Pian Quartet<\/em><\/p>\n<p><em>29 de noviembre, Las Dogas<\/em><\/p>\n<p>Desde su inauguraci\u00f3n en junio de este a\u00f1o, 451 viene organizando eventos culturales, tales como charlas con periodistas y presentaciones de libros en el marco del reciente Festival \u00a1PAM! de literatura y periodismo.<\/p>\n<p>&nbsp;<\/p>\n<p>&nbsp;<\/p>\n","protected":false},"excerpt":{"rendered":"<p>La librer\u00eda 451 Libros (av. San Mart\u00edn Este 167) lanza un ciclo denominado \u201cLa m\u00e1s maravillosa m\u00fasica\u201d, que involucrar\u00e1 a cuarenta m\u00fasicxs que integran doce conjuntos de la ciudad, apostando&hellip;<\/p>\n","protected":false},"author":3,"featured_media":61443,"comment_status":"closed","ping_status":"open","sticky":false,"template":"","format":"standard","meta":{"_acf_changed":false,"footnotes":""},"categories":[11,319,2],"tags":[],"class_list":["post-61441","post","type-post","status-publish","format-standard","has-post-thumbnail","hentry","category-que-pasa","category-a-temporales","category-cultura"],"acf":[],"yoast_head":"<!-- This site is optimized with the Yoast SEO plugin v27.5 - https:\/\/yoast.com\/product\/yoast-seo-wordpress\/ -->\n<title>451 Libros lanza el ciclo &quot;La m\u00e1s maravillosa m\u00fasica&quot; - Diario Textual<\/title>\n<meta name=\"robots\" content=\"index, follow, max-snippet:-1, max-image-preview:large, max-video-preview:-1\" \/>\n<link rel=\"canonical\" href=\"https:\/\/diariotextual.com\/inicio\/index.php\/2019\/09\/02\/451-libros-lanza-ciclo-la-mas-maravillosa-musica\/\" \/>\n<meta property=\"og:locale\" content=\"es_ES\" \/>\n<meta property=\"og:type\" content=\"article\" \/>\n<meta property=\"og:title\" content=\"451 Libros lanza el ciclo &quot;La m\u00e1s maravillosa m\u00fasica&quot; - Diario Textual\" \/>\n<meta property=\"og:description\" content=\"La librer\u00eda 451 Libros (av. San Mart\u00edn Este 167) lanza un ciclo denominado \u201cLa m\u00e1s maravillosa m\u00fasica\u201d, que involucrar\u00e1 a cuarenta m\u00fasicxs que integran doce conjuntos de la ciudad, apostando&hellip;\" \/>\n<meta property=\"og:url\" content=\"https:\/\/diariotextual.com\/inicio\/index.php\/2019\/09\/02\/451-libros-lanza-ciclo-la-mas-maravillosa-musica\/\" \/>\n<meta property=\"og:site_name\" content=\"Diario Textual\" \/>\n<meta property=\"article:publisher\" content=\"https:\/\/www.facebook.com\/eltextual\" \/>\n<meta property=\"article:published_time\" content=\"2019-09-02T13:23:16+00:00\" \/>\n<meta property=\"og:image\" content=\"https:\/\/diariotextual.com\/inicio\/wp-content\/uploads\/2019\/09\/maravillosaMusica1.jpg\" \/>\n\t<meta property=\"og:image:width\" content=\"1200\" \/>\n\t<meta property=\"og:image:height\" content=\"818\" \/>\n\t<meta property=\"og:image:type\" content=\"image\/jpeg\" \/>\n<meta name=\"author\" content=\"Diario1 Diario1\" \/>\n<meta name=\"twitter:card\" content=\"summary_large_image\" \/>\n<meta name=\"twitter:creator\" content=\"@eltextual\" \/>\n<meta name=\"twitter:site\" content=\"@eltextual\" \/>\n<meta name=\"twitter:label1\" content=\"Escrito por\" \/>\n\t<meta name=\"twitter:data1\" content=\"Diario1 Diario1\" \/>\n\t<meta name=\"twitter:label2\" content=\"Tiempo de lectura\" \/>\n\t<meta name=\"twitter:data2\" content=\"1 minuto\" \/>\n<script type=\"application\/ld+json\" class=\"yoast-schema-graph\">{\"@context\":\"https:\\\/\\\/schema.org\",\"@graph\":[{\"@type\":\"Article\",\"@id\":\"https:\\\/\\\/diariotextual.com\\\/inicio\\\/index.php\\\/2019\\\/09\\\/02\\\/451-libros-lanza-ciclo-la-mas-maravillosa-musica\\\/#article\",\"isPartOf\":{\"@id\":\"https:\\\/\\\/diariotextual.com\\\/inicio\\\/index.php\\\/2019\\\/09\\\/02\\\/451-libros-lanza-ciclo-la-mas-maravillosa-musica\\\/\"},\"author\":{\"name\":\"Diario1 Diario1\",\"@id\":\"https:\\\/\\\/diariotextual.com\\\/inicio\\\/#\\\/schema\\\/person\\\/418fc4093c33e86ed41562db3508f958\"},\"headline\":\"451 Libros lanza el ciclo \u00abLa m\u00e1s maravillosa m\u00fasica\u00bb\",\"datePublished\":\"2019-09-02T13:23:16+00:00\",\"mainEntityOfPage\":{\"@id\":\"https:\\\/\\\/diariotextual.com\\\/inicio\\\/index.php\\\/2019\\\/09\\\/02\\\/451-libros-lanza-ciclo-la-mas-maravillosa-musica\\\/\"},\"wordCount\":232,\"publisher\":{\"@id\":\"https:\\\/\\\/diariotextual.com\\\/inicio\\\/#organization\"},\"image\":{\"@id\":\"https:\\\/\\\/diariotextual.com\\\/inicio\\\/index.php\\\/2019\\\/09\\\/02\\\/451-libros-lanza-ciclo-la-mas-maravillosa-musica\\\/#primaryimage\"},\"thumbnailUrl\":\"https:\\\/\\\/diariotextual.com\\\/inicio\\\/wp-content\\\/uploads\\\/2019\\\/09\\\/maravillosaMusica1.jpg\",\"articleSection\":[\"A - QUE PASA (al costado)\",\"A - TEMPORALES\",\"CULTURA\"],\"inLanguage\":\"es\"},{\"@type\":\"WebPage\",\"@id\":\"https:\\\/\\\/diariotextual.com\\\/inicio\\\/index.php\\\/2019\\\/09\\\/02\\\/451-libros-lanza-ciclo-la-mas-maravillosa-musica\\\/\",\"url\":\"https:\\\/\\\/diariotextual.com\\\/inicio\\\/index.php\\\/2019\\\/09\\\/02\\\/451-libros-lanza-ciclo-la-mas-maravillosa-musica\\\/\",\"name\":\"451 Libros lanza el ciclo \\\"La m\u00e1s maravillosa m\u00fasica\\\" - Diario Textual\",\"isPartOf\":{\"@id\":\"https:\\\/\\\/diariotextual.com\\\/inicio\\\/#website\"},\"primaryImageOfPage\":{\"@id\":\"https:\\\/\\\/diariotextual.com\\\/inicio\\\/index.php\\\/2019\\\/09\\\/02\\\/451-libros-lanza-ciclo-la-mas-maravillosa-musica\\\/#primaryimage\"},\"image\":{\"@id\":\"https:\\\/\\\/diariotextual.com\\\/inicio\\\/index.php\\\/2019\\\/09\\\/02\\\/451-libros-lanza-ciclo-la-mas-maravillosa-musica\\\/#primaryimage\"},\"thumbnailUrl\":\"https:\\\/\\\/diariotextual.com\\\/inicio\\\/wp-content\\\/uploads\\\/2019\\\/09\\\/maravillosaMusica1.jpg\",\"datePublished\":\"2019-09-02T13:23:16+00:00\",\"breadcrumb\":{\"@id\":\"https:\\\/\\\/diariotextual.com\\\/inicio\\\/index.php\\\/2019\\\/09\\\/02\\\/451-libros-lanza-ciclo-la-mas-maravillosa-musica\\\/#breadcrumb\"},\"inLanguage\":\"es\",\"potentialAction\":[{\"@type\":\"ReadAction\",\"target\":[\"https:\\\/\\\/diariotextual.com\\\/inicio\\\/index.php\\\/2019\\\/09\\\/02\\\/451-libros-lanza-ciclo-la-mas-maravillosa-musica\\\/\"]}]},{\"@type\":\"ImageObject\",\"inLanguage\":\"es\",\"@id\":\"https:\\\/\\\/diariotextual.com\\\/inicio\\\/index.php\\\/2019\\\/09\\\/02\\\/451-libros-lanza-ciclo-la-mas-maravillosa-musica\\\/#primaryimage\",\"url\":\"https:\\\/\\\/diariotextual.com\\\/inicio\\\/wp-content\\\/uploads\\\/2019\\\/09\\\/maravillosaMusica1.jpg\",\"contentUrl\":\"https:\\\/\\\/diariotextual.com\\\/inicio\\\/wp-content\\\/uploads\\\/2019\\\/09\\\/maravillosaMusica1.jpg\",\"width\":1200,\"height\":818},{\"@type\":\"BreadcrumbList\",\"@id\":\"https:\\\/\\\/diariotextual.com\\\/inicio\\\/index.php\\\/2019\\\/09\\\/02\\\/451-libros-lanza-ciclo-la-mas-maravillosa-musica\\\/#breadcrumb\",\"itemListElement\":[{\"@type\":\"ListItem\",\"position\":1,\"name\":\"Portada\",\"item\":\"https:\\\/\\\/diariotextual.com\\\/inicio\\\/\"},{\"@type\":\"ListItem\",\"position\":2,\"name\":\"451 Libros lanza el ciclo \u00abLa m\u00e1s maravillosa m\u00fasica\u00bb\"}]},{\"@type\":\"WebSite\",\"@id\":\"https:\\\/\\\/diariotextual.com\\\/inicio\\\/#website\",\"url\":\"https:\\\/\\\/diariotextual.com\\\/inicio\\\/\",\"name\":\"Diario Textual\",\"description\":\"\",\"publisher\":{\"@id\":\"https:\\\/\\\/diariotextual.com\\\/inicio\\\/#organization\"},\"potentialAction\":[{\"@type\":\"SearchAction\",\"target\":{\"@type\":\"EntryPoint\",\"urlTemplate\":\"https:\\\/\\\/diariotextual.com\\\/inicio\\\/?s={search_term_string}\"},\"query-input\":{\"@type\":\"PropertyValueSpecification\",\"valueRequired\":true,\"valueName\":\"search_term_string\"}}],\"inLanguage\":\"es\"},{\"@type\":\"Organization\",\"@id\":\"https:\\\/\\\/diariotextual.com\\\/inicio\\\/#organization\",\"name\":\"Diario Textual\",\"url\":\"https:\\\/\\\/diariotextual.com\\\/inicio\\\/\",\"logo\":{\"@type\":\"ImageObject\",\"inLanguage\":\"es\",\"@id\":\"https:\\\/\\\/diariotextual.com\\\/inicio\\\/#\\\/schema\\\/logo\\\/image\\\/\",\"url\":\"https:\\\/\\\/diariotextual.com\\\/inicio\\\/wp-content\\\/uploads\\\/2023\\\/05\\\/logotextual1.jpg\",\"contentUrl\":\"https:\\\/\\\/diariotextual.com\\\/inicio\\\/wp-content\\\/uploads\\\/2023\\\/05\\\/logotextual1.jpg\",\"width\":516,\"height\":76,\"caption\":\"Diario Textual\"},\"image\":{\"@id\":\"https:\\\/\\\/diariotextual.com\\\/inicio\\\/#\\\/schema\\\/logo\\\/image\\\/\"},\"sameAs\":[\"https:\\\/\\\/www.facebook.com\\\/eltextual\",\"https:\\\/\\\/x.com\\\/eltextual\",\"http:\\\/\\\/www.instagram.com\\\/eltextual\"]},{\"@type\":\"Person\",\"@id\":\"https:\\\/\\\/diariotextual.com\\\/inicio\\\/#\\\/schema\\\/person\\\/418fc4093c33e86ed41562db3508f958\",\"name\":\"Diario1 Diario1\",\"image\":{\"@type\":\"ImageObject\",\"inLanguage\":\"es\",\"@id\":\"https:\\\/\\\/secure.gravatar.com\\\/avatar\\\/9167d280179c85bc18be67aa7eda765854300033af4896dd779b608640f2ef7a?s=96&d=mm&r=g\",\"url\":\"https:\\\/\\\/secure.gravatar.com\\\/avatar\\\/9167d280179c85bc18be67aa7eda765854300033af4896dd779b608640f2ef7a?s=96&d=mm&r=g\",\"contentUrl\":\"https:\\\/\\\/secure.gravatar.com\\\/avatar\\\/9167d280179c85bc18be67aa7eda765854300033af4896dd779b608640f2ef7a?s=96&d=mm&r=g\",\"caption\":\"Diario1 Diario1\"},\"url\":\"https:\\\/\\\/diariotextual.com\\\/inicio\\\/index.php\\\/author\\\/diario1\\\/\"}]}<\/script>\n<!-- \/ Yoast SEO plugin. -->","yoast_head_json":{"title":"451 Libros lanza el ciclo \"La m\u00e1s maravillosa m\u00fasica\" - Diario Textual","robots":{"index":"index","follow":"follow","max-snippet":"max-snippet:-1","max-image-preview":"max-image-preview:large","max-video-preview":"max-video-preview:-1"},"canonical":"https:\/\/diariotextual.com\/inicio\/index.php\/2019\/09\/02\/451-libros-lanza-ciclo-la-mas-maravillosa-musica\/","og_locale":"es_ES","og_type":"article","og_title":"451 Libros lanza el ciclo \"La m\u00e1s maravillosa m\u00fasica\" - Diario Textual","og_description":"La librer\u00eda 451 Libros (av. San Mart\u00edn Este 167) lanza un ciclo denominado \u201cLa m\u00e1s maravillosa m\u00fasica\u201d, que involucrar\u00e1 a cuarenta m\u00fasicxs que integran doce conjuntos de la ciudad, apostando&hellip;","og_url":"https:\/\/diariotextual.com\/inicio\/index.php\/2019\/09\/02\/451-libros-lanza-ciclo-la-mas-maravillosa-musica\/","og_site_name":"Diario Textual","article_publisher":"https:\/\/www.facebook.com\/eltextual","article_published_time":"2019-09-02T13:23:16+00:00","og_image":[{"width":1200,"height":818,"url":"https:\/\/diariotextual.com\/inicio\/wp-content\/uploads\/2019\/09\/maravillosaMusica1.jpg","type":"image\/jpeg"}],"author":"Diario1 Diario1","twitter_card":"summary_large_image","twitter_creator":"@eltextual","twitter_site":"@eltextual","twitter_misc":{"Escrito por":"Diario1 Diario1","Tiempo de lectura":"1 minuto"},"schema":{"@context":"https:\/\/schema.org","@graph":[{"@type":"Article","@id":"https:\/\/diariotextual.com\/inicio\/index.php\/2019\/09\/02\/451-libros-lanza-ciclo-la-mas-maravillosa-musica\/#article","isPartOf":{"@id":"https:\/\/diariotextual.com\/inicio\/index.php\/2019\/09\/02\/451-libros-lanza-ciclo-la-mas-maravillosa-musica\/"},"author":{"name":"Diario1 Diario1","@id":"https:\/\/diariotextual.com\/inicio\/#\/schema\/person\/418fc4093c33e86ed41562db3508f958"},"headline":"451 Libros lanza el ciclo \u00abLa m\u00e1s maravillosa m\u00fasica\u00bb","datePublished":"2019-09-02T13:23:16+00:00","mainEntityOfPage":{"@id":"https:\/\/diariotextual.com\/inicio\/index.php\/2019\/09\/02\/451-libros-lanza-ciclo-la-mas-maravillosa-musica\/"},"wordCount":232,"publisher":{"@id":"https:\/\/diariotextual.com\/inicio\/#organization"},"image":{"@id":"https:\/\/diariotextual.com\/inicio\/index.php\/2019\/09\/02\/451-libros-lanza-ciclo-la-mas-maravillosa-musica\/#primaryimage"},"thumbnailUrl":"https:\/\/diariotextual.com\/inicio\/wp-content\/uploads\/2019\/09\/maravillosaMusica1.jpg","articleSection":["A - QUE PASA (al costado)","A - TEMPORALES","CULTURA"],"inLanguage":"es"},{"@type":"WebPage","@id":"https:\/\/diariotextual.com\/inicio\/index.php\/2019\/09\/02\/451-libros-lanza-ciclo-la-mas-maravillosa-musica\/","url":"https:\/\/diariotextual.com\/inicio\/index.php\/2019\/09\/02\/451-libros-lanza-ciclo-la-mas-maravillosa-musica\/","name":"451 Libros lanza el ciclo \"La m\u00e1s maravillosa m\u00fasica\" - Diario Textual","isPartOf":{"@id":"https:\/\/diariotextual.com\/inicio\/#website"},"primaryImageOfPage":{"@id":"https:\/\/diariotextual.com\/inicio\/index.php\/2019\/09\/02\/451-libros-lanza-ciclo-la-mas-maravillosa-musica\/#primaryimage"},"image":{"@id":"https:\/\/diariotextual.com\/inicio\/index.php\/2019\/09\/02\/451-libros-lanza-ciclo-la-mas-maravillosa-musica\/#primaryimage"},"thumbnailUrl":"https:\/\/diariotextual.com\/inicio\/wp-content\/uploads\/2019\/09\/maravillosaMusica1.jpg","datePublished":"2019-09-02T13:23:16+00:00","breadcrumb":{"@id":"https:\/\/diariotextual.com\/inicio\/index.php\/2019\/09\/02\/451-libros-lanza-ciclo-la-mas-maravillosa-musica\/#breadcrumb"},"inLanguage":"es","potentialAction":[{"@type":"ReadAction","target":["https:\/\/diariotextual.com\/inicio\/index.php\/2019\/09\/02\/451-libros-lanza-ciclo-la-mas-maravillosa-musica\/"]}]},{"@type":"ImageObject","inLanguage":"es","@id":"https:\/\/diariotextual.com\/inicio\/index.php\/2019\/09\/02\/451-libros-lanza-ciclo-la-mas-maravillosa-musica\/#primaryimage","url":"https:\/\/diariotextual.com\/inicio\/wp-content\/uploads\/2019\/09\/maravillosaMusica1.jpg","contentUrl":"https:\/\/diariotextual.com\/inicio\/wp-content\/uploads\/2019\/09\/maravillosaMusica1.jpg","width":1200,"height":818},{"@type":"BreadcrumbList","@id":"https:\/\/diariotextual.com\/inicio\/index.php\/2019\/09\/02\/451-libros-lanza-ciclo-la-mas-maravillosa-musica\/#breadcrumb","itemListElement":[{"@type":"ListItem","position":1,"name":"Portada","item":"https:\/\/diariotextual.com\/inicio\/"},{"@type":"ListItem","position":2,"name":"451 Libros lanza el ciclo \u00abLa m\u00e1s maravillosa m\u00fasica\u00bb"}]},{"@type":"WebSite","@id":"https:\/\/diariotextual.com\/inicio\/#website","url":"https:\/\/diariotextual.com\/inicio\/","name":"Diario Textual","description":"","publisher":{"@id":"https:\/\/diariotextual.com\/inicio\/#organization"},"potentialAction":[{"@type":"SearchAction","target":{"@type":"EntryPoint","urlTemplate":"https:\/\/diariotextual.com\/inicio\/?s={search_term_string}"},"query-input":{"@type":"PropertyValueSpecification","valueRequired":true,"valueName":"search_term_string"}}],"inLanguage":"es"},{"@type":"Organization","@id":"https:\/\/diariotextual.com\/inicio\/#organization","name":"Diario Textual","url":"https:\/\/diariotextual.com\/inicio\/","logo":{"@type":"ImageObject","inLanguage":"es","@id":"https:\/\/diariotextual.com\/inicio\/#\/schema\/logo\/image\/","url":"https:\/\/diariotextual.com\/inicio\/wp-content\/uploads\/2023\/05\/logotextual1.jpg","contentUrl":"https:\/\/diariotextual.com\/inicio\/wp-content\/uploads\/2023\/05\/logotextual1.jpg","width":516,"height":76,"caption":"Diario Textual"},"image":{"@id":"https:\/\/diariotextual.com\/inicio\/#\/schema\/logo\/image\/"},"sameAs":["https:\/\/www.facebook.com\/eltextual","https:\/\/x.com\/eltextual","http:\/\/www.instagram.com\/eltextual"]},{"@type":"Person","@id":"https:\/\/diariotextual.com\/inicio\/#\/schema\/person\/418fc4093c33e86ed41562db3508f958","name":"Diario1 Diario1","image":{"@type":"ImageObject","inLanguage":"es","@id":"https:\/\/secure.gravatar.com\/avatar\/9167d280179c85bc18be67aa7eda765854300033af4896dd779b608640f2ef7a?s=96&d=mm&r=g","url":"https:\/\/secure.gravatar.com\/avatar\/9167d280179c85bc18be67aa7eda765854300033af4896dd779b608640f2ef7a?s=96&d=mm&r=g","contentUrl":"https:\/\/secure.gravatar.com\/avatar\/9167d280179c85bc18be67aa7eda765854300033af4896dd779b608640f2ef7a?s=96&d=mm&r=g","caption":"Diario1 Diario1"},"url":"https:\/\/diariotextual.com\/inicio\/index.php\/author\/diario1\/"}]}},"_links":{"self":[{"href":"https:\/\/diariotextual.com\/inicio\/index.php\/wp-json\/wp\/v2\/posts\/61441","targetHints":{"allow":["GET"]}}],"collection":[{"href":"https:\/\/diariotextual.com\/inicio\/index.php\/wp-json\/wp\/v2\/posts"}],"about":[{"href":"https:\/\/diariotextual.com\/inicio\/index.php\/wp-json\/wp\/v2\/types\/post"}],"author":[{"embeddable":true,"href":"https:\/\/diariotextual.com\/inicio\/index.php\/wp-json\/wp\/v2\/users\/3"}],"replies":[{"embeddable":true,"href":"https:\/\/diariotextual.com\/inicio\/index.php\/wp-json\/wp\/v2\/comments?post=61441"}],"version-history":[{"count":2,"href":"https:\/\/diariotextual.com\/inicio\/index.php\/wp-json\/wp\/v2\/posts\/61441\/revisions"}],"predecessor-version":[{"id":61444,"href":"https:\/\/diariotextual.com\/inicio\/index.php\/wp-json\/wp\/v2\/posts\/61441\/revisions\/61444"}],"wp:featuredmedia":[{"embeddable":true,"href":"https:\/\/diariotextual.com\/inicio\/index.php\/wp-json\/wp\/v2\/media\/61443"}],"wp:attachment":[{"href":"https:\/\/diariotextual.com\/inicio\/index.php\/wp-json\/wp\/v2\/media?parent=61441"}],"wp:term":[{"taxonomy":"category","embeddable":true,"href":"https:\/\/diariotextual.com\/inicio\/index.php\/wp-json\/wp\/v2\/categories?post=61441"},{"taxonomy":"post_tag","embeddable":true,"href":"https:\/\/diariotextual.com\/inicio\/index.php\/wp-json\/wp\/v2\/tags?post=61441"}],"curies":[{"name":"wp","href":"https:\/\/api.w.org\/{rel}","templated":true}]}}