{"id":61453,"date":"2019-09-02T11:08:25","date_gmt":"2019-09-02T14:08:25","guid":{"rendered":"http:\/\/diariotextual.com\/inicio\/?p=61453"},"modified":"2019-09-02T16:23:42","modified_gmt":"2019-09-02T19:23:42","slug":"pichetto-aseguro-macri-gana-levantara-control-cambios-al-dia","status":"publish","type":"post","link":"https:\/\/diariotextual.com\/inicio\/index.php\/2019\/09\/02\/pichetto-aseguro-macri-gana-levantara-control-cambios-al-dia\/","title":{"rendered":"Pichetto asegur\u00f3 que si Macri gana levantar\u00e1 el control de cambios \u00abal otro d\u00eda\u00bb"},"content":{"rendered":"<div class=\"detail-body\">\n<article id=\"note-body\" class=\"note-body first\" data-twitter-link=\"https:\/\/twitter.com\/intent\/tweet?url=https:\/\/www.minutouno.com\/c5052106&amp;v\u00eda=minutounocom&amp;related=MinutoUno&amp;text=\">\n<div class=\"row\">\n<div class=\"inside-note col-xs-12\">\n<p>El candidato a vicepresidente de Juntos por el Cambio, Miguel Pichetto, advirti\u00f3 que las nuevas medidas del Gobierno para asegurar el abastecimiento de d\u00f3lares a empresas y ahorristas son\u00a0<strong>\u00abtransitorias\u00bb y \u00abnecesarias\u00bb, a la vez que aclar\u00f3 que si el mandatario Mauricio Macri ganara las elecciones de octubre, \u00abal otro d\u00eda las levanta\u00bb.<\/strong><\/p>\n<\/div>\n<\/div>\n<\/article>\n<\/div>\n<div class=\"clearfix\">\u00abEl presidente ha tomado medidas transitorias, necesarias y que tienden a preservar las reservas, cuidar a los argentinos, garantizar el poder adquisitivo y evitar que el d\u00f3lar se dispare\u00bb, plante\u00f3 Pichetto, quien a\u00f1adi\u00f3 que\u00a0<strong>\u00abson correctas y van a permitir el control de la situaci\u00f3n\u00bb.<\/strong><\/div>\n<div class=\"detail-body \">\n<article id=\"note-body\" class=\"note-body\" data-twitter-link=\"https:\/\/twitter.com\/intent\/tweet?url=https:\/\/www.minutouno.com\/c5052106&amp;v\u00eda=minutounocom&amp;related=MinutoUno&amp;text=\">\n<div class=\"row\">\n<div class=\"inside-note col-xs-12\">\n<p>En declaraciones televisivas, el senador peronista sostuvo que la incertidumbre econ\u00f3mica responde a \u00abun proceso de naturaleza pol\u00edtica donde el 11 de agosto la sociedad vot\u00f3\u00bb, en referencia a las PASO en las que el precandidato del Frente de Todos, Alberto Fern\u00e1ndez, le sac\u00f3 15 puntos de diferencia a Macri.<\/p>\n<p>\u00abNo estoy discutiendo el contenido de ese voto, pero la percepci\u00f3n de actores econ\u00f3micos, inversores y el mundo es que le tienen m\u00e1s miedo, supuestamente, a lo que podr\u00eda venir si se ratificara ese resultado electoral el 27 de octubre\u00bb, puntualiz\u00f3.<\/p>\n<p>El Banco Central lanz\u00f3 una serie de medidas entre las que se destaca que las exportadoras deber\u00e1n liquidar las divisas producto de sus ventas en el pa\u00eds y que todas las compa\u00f1\u00edas, no s\u00f3lo los bancos, tendr\u00e1n que pedir autorizaci\u00f3n a la entidad monetaria para girar divisas al exterior.<\/p>\n<\/div>\n<p>&nbsp;<\/p>\n<\/div>\n<\/article>\n<\/div>\n","protected":false},"excerpt":{"rendered":"<p>El candidato a vicepresidente de Juntos por el Cambio, Miguel Pichetto, advirti\u00f3 que las nuevas medidas del Gobierno para asegurar el abastecimiento de d\u00f3lares a empresas y ahorristas son\u00a0\u00abtransitorias\u00bb y&hellip;<\/p>\n","protected":false},"author":3,"featured_media":51754,"comment_status":"closed","ping_status":"open","sticky":false,"template":"","format":"standard","meta":{"_acf_changed":false,"footnotes":""},"categories":[319,8],"tags":[],"class_list":["post-61453","post","type-post","status-publish","format-standard","has-post-thumbnail","hentry","category-a-temporales","category-politica"],"acf":[],"yoast_head":"<!-- This site is optimized with the Yoast SEO plugin v27.5 - https:\/\/yoast.com\/product\/yoast-seo-wordpress\/ -->\n<title>Pichetto asegur\u00f3 que si Macri gana levantar\u00e1 el control de cambios &quot;al otro d\u00eda&quot; - Diario Textual<\/title>\n<meta name=\"robots\" content=\"index, follow, max-snippet:-1, max-image-preview:large, max-video-preview:-1\" \/>\n<link rel=\"canonical\" href=\"https:\/\/diariotextual.com\/inicio\/index.php\/2019\/09\/02\/pichetto-aseguro-macri-gana-levantara-control-cambios-al-dia\/\" \/>\n<meta property=\"og:locale\" content=\"es_ES\" \/>\n<meta property=\"og:type\" content=\"article\" \/>\n<meta property=\"og:title\" content=\"Pichetto asegur\u00f3 que si Macri gana levantar\u00e1 el control de cambios &quot;al otro d\u00eda&quot; - Diario Textual\" \/>\n<meta property=\"og:description\" content=\"El candidato a vicepresidente de Juntos por el Cambio, Miguel Pichetto, advirti\u00f3 que las nuevas medidas del Gobierno para asegurar el abastecimiento de d\u00f3lares a empresas y ahorristas son\u00a0\u00abtransitorias\u00bb y&hellip;\" \/>\n<meta property=\"og:url\" content=\"https:\/\/diariotextual.com\/inicio\/index.php\/2019\/09\/02\/pichetto-aseguro-macri-gana-levantara-control-cambios-al-dia\/\" \/>\n<meta property=\"og:site_name\" content=\"Diario Textual\" \/>\n<meta property=\"article:publisher\" content=\"https:\/\/www.facebook.com\/eltextual\" \/>\n<meta property=\"article:published_time\" content=\"2019-09-02T14:08:25+00:00\" \/>\n<meta property=\"article:modified_time\" content=\"2019-09-02T19:23:42+00:00\" \/>\n<meta property=\"og:image\" content=\"https:\/\/diariotextual.com\/inicio\/wp-content\/uploads\/2019\/06\/pichettomiguel88888.jpg\" \/>\n\t<meta property=\"og:image:width\" content=\"1200\" \/>\n\t<meta property=\"og:image:height\" content=\"762\" \/>\n\t<meta property=\"og:image:type\" content=\"image\/jpeg\" \/>\n<meta name=\"author\" content=\"Diario1 Diario1\" \/>\n<meta name=\"twitter:card\" content=\"summary_large_image\" \/>\n<meta name=\"twitter:creator\" content=\"@eltextual\" \/>\n<meta name=\"twitter:site\" content=\"@eltextual\" \/>\n<meta name=\"twitter:label1\" content=\"Escrito por\" \/>\n\t<meta name=\"twitter:data1\" content=\"Diario1 Diario1\" \/>\n\t<meta name=\"twitter:label2\" content=\"Tiempo de lectura\" \/>\n\t<meta name=\"twitter:data2\" content=\"1 minuto\" \/>\n<script type=\"application\/ld+json\" class=\"yoast-schema-graph\">{\"@context\":\"https:\\\/\\\/schema.org\",\"@graph\":[{\"@type\":\"Article\",\"@id\":\"https:\\\/\\\/diariotextual.com\\\/inicio\\\/index.php\\\/2019\\\/09\\\/02\\\/pichetto-aseguro-macri-gana-levantara-control-cambios-al-dia\\\/#article\",\"isPartOf\":{\"@id\":\"https:\\\/\\\/diariotextual.com\\\/inicio\\\/index.php\\\/2019\\\/09\\\/02\\\/pichetto-aseguro-macri-gana-levantara-control-cambios-al-dia\\\/\"},\"author\":{\"name\":\"Diario1 Diario1\",\"@id\":\"https:\\\/\\\/diariotextual.com\\\/inicio\\\/#\\\/schema\\\/person\\\/418fc4093c33e86ed41562db3508f958\"},\"headline\":\"Pichetto asegur\u00f3 que si Macri gana levantar\u00e1 el control de cambios \u00abal otro d\u00eda\u00bb\",\"datePublished\":\"2019-09-02T14:08:25+00:00\",\"dateModified\":\"2019-09-02T19:23:42+00:00\",\"mainEntityOfPage\":{\"@id\":\"https:\\\/\\\/diariotextual.com\\\/inicio\\\/index.php\\\/2019\\\/09\\\/02\\\/pichetto-aseguro-macri-gana-levantara-control-cambios-al-dia\\\/\"},\"wordCount\":269,\"publisher\":{\"@id\":\"https:\\\/\\\/diariotextual.com\\\/inicio\\\/#organization\"},\"image\":{\"@id\":\"https:\\\/\\\/diariotextual.com\\\/inicio\\\/index.php\\\/2019\\\/09\\\/02\\\/pichetto-aseguro-macri-gana-levantara-control-cambios-al-dia\\\/#primaryimage\"},\"thumbnailUrl\":\"https:\\\/\\\/diariotextual.com\\\/inicio\\\/wp-content\\\/uploads\\\/2019\\\/06\\\/pichettomiguel88888.jpg\",\"articleSection\":[\"A - TEMPORALES\",\"POLITICA\"],\"inLanguage\":\"es\"},{\"@type\":\"WebPage\",\"@id\":\"https:\\\/\\\/diariotextual.com\\\/inicio\\\/index.php\\\/2019\\\/09\\\/02\\\/pichetto-aseguro-macri-gana-levantara-control-cambios-al-dia\\\/\",\"url\":\"https:\\\/\\\/diariotextual.com\\\/inicio\\\/index.php\\\/2019\\\/09\\\/02\\\/pichetto-aseguro-macri-gana-levantara-control-cambios-al-dia\\\/\",\"name\":\"Pichetto asegur\u00f3 que si Macri gana levantar\u00e1 el control de cambios \\\"al otro d\u00eda\\\" - Diario Textual\",\"isPartOf\":{\"@id\":\"https:\\\/\\\/diariotextual.com\\\/inicio\\\/#website\"},\"primaryImageOfPage\":{\"@id\":\"https:\\\/\\\/diariotextual.com\\\/inicio\\\/index.php\\\/2019\\\/09\\\/02\\\/pichetto-aseguro-macri-gana-levantara-control-cambios-al-dia\\\/#primaryimage\"},\"image\":{\"@id\":\"https:\\\/\\\/diariotextual.com\\\/inicio\\\/index.php\\\/2019\\\/09\\\/02\\\/pichetto-aseguro-macri-gana-levantara-control-cambios-al-dia\\\/#primaryimage\"},\"thumbnailUrl\":\"https:\\\/\\\/diariotextual.com\\\/inicio\\\/wp-content\\\/uploads\\\/2019\\\/06\\\/pichettomiguel88888.jpg\",\"datePublished\":\"2019-09-02T14:08:25+00:00\",\"dateModified\":\"2019-09-02T19:23:42+00:00\",\"breadcrumb\":{\"@id\":\"https:\\\/\\\/diariotextual.com\\\/inicio\\\/index.php\\\/2019\\\/09\\\/02\\\/pichetto-aseguro-macri-gana-levantara-control-cambios-al-dia\\\/#breadcrumb\"},\"inLanguage\":\"es\",\"potentialAction\":[{\"@type\":\"ReadAction\",\"target\":[\"https:\\\/\\\/diariotextual.com\\\/inicio\\\/index.php\\\/2019\\\/09\\\/02\\\/pichetto-aseguro-macri-gana-levantara-control-cambios-al-dia\\\/\"]}]},{\"@type\":\"ImageObject\",\"inLanguage\":\"es\",\"@id\":\"https:\\\/\\\/diariotextual.com\\\/inicio\\\/index.php\\\/2019\\\/09\\\/02\\\/pichetto-aseguro-macri-gana-levantara-control-cambios-al-dia\\\/#primaryimage\",\"url\":\"https:\\\/\\\/diariotextual.com\\\/inicio\\\/wp-content\\\/uploads\\\/2019\\\/06\\\/pichettomiguel88888.jpg\",\"contentUrl\":\"https:\\\/\\\/diariotextual.com\\\/inicio\\\/wp-content\\\/uploads\\\/2019\\\/06\\\/pichettomiguel88888.jpg\",\"width\":1200,\"height\":762},{\"@type\":\"BreadcrumbList\",\"@id\":\"https:\\\/\\\/diariotextual.com\\\/inicio\\\/index.php\\\/2019\\\/09\\\/02\\\/pichetto-aseguro-macri-gana-levantara-control-cambios-al-dia\\\/#breadcrumb\",\"itemListElement\":[{\"@type\":\"ListItem\",\"position\":1,\"name\":\"Portada\",\"item\":\"https:\\\/\\\/diariotextual.com\\\/inicio\\\/\"},{\"@type\":\"ListItem\",\"position\":2,\"name\":\"Pichetto asegur\u00f3 que si Macri gana levantar\u00e1 el control de cambios \u00abal otro d\u00eda\u00bb\"}]},{\"@type\":\"WebSite\",\"@id\":\"https:\\\/\\\/diariotextual.com\\\/inicio\\\/#website\",\"url\":\"https:\\\/\\\/diariotextual.com\\\/inicio\\\/\",\"name\":\"Diario Textual\",\"description\":\"\",\"publisher\":{\"@id\":\"https:\\\/\\\/diariotextual.com\\\/inicio\\\/#organization\"},\"potentialAction\":[{\"@type\":\"SearchAction\",\"target\":{\"@type\":\"EntryPoint\",\"urlTemplate\":\"https:\\\/\\\/diariotextual.com\\\/inicio\\\/?s={search_term_string}\"},\"query-input\":{\"@type\":\"PropertyValueSpecification\",\"valueRequired\":true,\"valueName\":\"search_term_string\"}}],\"inLanguage\":\"es\"},{\"@type\":\"Organization\",\"@id\":\"https:\\\/\\\/diariotextual.com\\\/inicio\\\/#organization\",\"name\":\"Diario Textual\",\"url\":\"https:\\\/\\\/diariotextual.com\\\/inicio\\\/\",\"logo\":{\"@type\":\"ImageObject\",\"inLanguage\":\"es\",\"@id\":\"https:\\\/\\\/diariotextual.com\\\/inicio\\\/#\\\/schema\\\/logo\\\/image\\\/\",\"url\":\"https:\\\/\\\/diariotextual.com\\\/inicio\\\/wp-content\\\/uploads\\\/2023\\\/05\\\/logotextual1.jpg\",\"contentUrl\":\"https:\\\/\\\/diariotextual.com\\\/inicio\\\/wp-content\\\/uploads\\\/2023\\\/05\\\/logotextual1.jpg\",\"width\":516,\"height\":76,\"caption\":\"Diario Textual\"},\"image\":{\"@id\":\"https:\\\/\\\/diariotextual.com\\\/inicio\\\/#\\\/schema\\\/logo\\\/image\\\/\"},\"sameAs\":[\"https:\\\/\\\/www.facebook.com\\\/eltextual\",\"https:\\\/\\\/x.com\\\/eltextual\",\"http:\\\/\\\/www.instagram.com\\\/eltextual\"]},{\"@type\":\"Person\",\"@id\":\"https:\\\/\\\/diariotextual.com\\\/inicio\\\/#\\\/schema\\\/person\\\/418fc4093c33e86ed41562db3508f958\",\"name\":\"Diario1 Diario1\",\"image\":{\"@type\":\"ImageObject\",\"inLanguage\":\"es\",\"@id\":\"https:\\\/\\\/secure.gravatar.com\\\/avatar\\\/9167d280179c85bc18be67aa7eda765854300033af4896dd779b608640f2ef7a?s=96&d=mm&r=g\",\"url\":\"https:\\\/\\\/secure.gravatar.com\\\/avatar\\\/9167d280179c85bc18be67aa7eda765854300033af4896dd779b608640f2ef7a?s=96&d=mm&r=g\",\"contentUrl\":\"https:\\\/\\\/secure.gravatar.com\\\/avatar\\\/9167d280179c85bc18be67aa7eda765854300033af4896dd779b608640f2ef7a?s=96&d=mm&r=g\",\"caption\":\"Diario1 Diario1\"},\"url\":\"https:\\\/\\\/diariotextual.com\\\/inicio\\\/index.php\\\/author\\\/diario1\\\/\"}]}<\/script>\n<!-- \/ Yoast SEO plugin. -->","yoast_head_json":{"title":"Pichetto asegur\u00f3 que si Macri gana levantar\u00e1 el control de cambios \"al otro d\u00eda\" - Diario Textual","robots":{"index":"index","follow":"follow","max-snippet":"max-snippet:-1","max-image-preview":"max-image-preview:large","max-video-preview":"max-video-preview:-1"},"canonical":"https:\/\/diariotextual.com\/inicio\/index.php\/2019\/09\/02\/pichetto-aseguro-macri-gana-levantara-control-cambios-al-dia\/","og_locale":"es_ES","og_type":"article","og_title":"Pichetto asegur\u00f3 que si Macri gana levantar\u00e1 el control de cambios \"al otro d\u00eda\" - Diario Textual","og_description":"El candidato a vicepresidente de Juntos por el Cambio, Miguel Pichetto, advirti\u00f3 que las nuevas medidas del Gobierno para asegurar el abastecimiento de d\u00f3lares a empresas y ahorristas son\u00a0\u00abtransitorias\u00bb y&hellip;","og_url":"https:\/\/diariotextual.com\/inicio\/index.php\/2019\/09\/02\/pichetto-aseguro-macri-gana-levantara-control-cambios-al-dia\/","og_site_name":"Diario Textual","article_publisher":"https:\/\/www.facebook.com\/eltextual","article_published_time":"2019-09-02T14:08:25+00:00","article_modified_time":"2019-09-02T19:23:42+00:00","og_image":[{"width":1200,"height":762,"url":"https:\/\/diariotextual.com\/inicio\/wp-content\/uploads\/2019\/06\/pichettomiguel88888.jpg","type":"image\/jpeg"}],"author":"Diario1 Diario1","twitter_card":"summary_large_image","twitter_creator":"@eltextual","twitter_site":"@eltextual","twitter_misc":{"Escrito por":"Diario1 Diario1","Tiempo de lectura":"1 minuto"},"schema":{"@context":"https:\/\/schema.org","@graph":[{"@type":"Article","@id":"https:\/\/diariotextual.com\/inicio\/index.php\/2019\/09\/02\/pichetto-aseguro-macri-gana-levantara-control-cambios-al-dia\/#article","isPartOf":{"@id":"https:\/\/diariotextual.com\/inicio\/index.php\/2019\/09\/02\/pichetto-aseguro-macri-gana-levantara-control-cambios-al-dia\/"},"author":{"name":"Diario1 Diario1","@id":"https:\/\/diariotextual.com\/inicio\/#\/schema\/person\/418fc4093c33e86ed41562db3508f958"},"headline":"Pichetto asegur\u00f3 que si Macri gana levantar\u00e1 el control de cambios \u00abal otro d\u00eda\u00bb","datePublished":"2019-09-02T14:08:25+00:00","dateModified":"2019-09-02T19:23:42+00:00","mainEntityOfPage":{"@id":"https:\/\/diariotextual.com\/inicio\/index.php\/2019\/09\/02\/pichetto-aseguro-macri-gana-levantara-control-cambios-al-dia\/"},"wordCount":269,"publisher":{"@id":"https:\/\/diariotextual.com\/inicio\/#organization"},"image":{"@id":"https:\/\/diariotextual.com\/inicio\/index.php\/2019\/09\/02\/pichetto-aseguro-macri-gana-levantara-control-cambios-al-dia\/#primaryimage"},"thumbnailUrl":"https:\/\/diariotextual.com\/inicio\/wp-content\/uploads\/2019\/06\/pichettomiguel88888.jpg","articleSection":["A - TEMPORALES","POLITICA"],"inLanguage":"es"},{"@type":"WebPage","@id":"https:\/\/diariotextual.com\/inicio\/index.php\/2019\/09\/02\/pichetto-aseguro-macri-gana-levantara-control-cambios-al-dia\/","url":"https:\/\/diariotextual.com\/inicio\/index.php\/2019\/09\/02\/pichetto-aseguro-macri-gana-levantara-control-cambios-al-dia\/","name":"Pichetto asegur\u00f3 que si Macri gana levantar\u00e1 el control de cambios \"al otro d\u00eda\" - Diario Textual","isPartOf":{"@id":"https:\/\/diariotextual.com\/inicio\/#website"},"primaryImageOfPage":{"@id":"https:\/\/diariotextual.com\/inicio\/index.php\/2019\/09\/02\/pichetto-aseguro-macri-gana-levantara-control-cambios-al-dia\/#primaryimage"},"image":{"@id":"https:\/\/diariotextual.com\/inicio\/index.php\/2019\/09\/02\/pichetto-aseguro-macri-gana-levantara-control-cambios-al-dia\/#primaryimage"},"thumbnailUrl":"https:\/\/diariotextual.com\/inicio\/wp-content\/uploads\/2019\/06\/pichettomiguel88888.jpg","datePublished":"2019-09-02T14:08:25+00:00","dateModified":"2019-09-02T19:23:42+00:00","breadcrumb":{"@id":"https:\/\/diariotextual.com\/inicio\/index.php\/2019\/09\/02\/pichetto-aseguro-macri-gana-levantara-control-cambios-al-dia\/#breadcrumb"},"inLanguage":"es","potentialAction":[{"@type":"ReadAction","target":["https:\/\/diariotextual.com\/inicio\/index.php\/2019\/09\/02\/pichetto-aseguro-macri-gana-levantara-control-cambios-al-dia\/"]}]},{"@type":"ImageObject","inLanguage":"es","@id":"https:\/\/diariotextual.com\/inicio\/index.php\/2019\/09\/02\/pichetto-aseguro-macri-gana-levantara-control-cambios-al-dia\/#primaryimage","url":"https:\/\/diariotextual.com\/inicio\/wp-content\/uploads\/2019\/06\/pichettomiguel88888.jpg","contentUrl":"https:\/\/diariotextual.com\/inicio\/wp-content\/uploads\/2019\/06\/pichettomiguel88888.jpg","width":1200,"height":762},{"@type":"BreadcrumbList","@id":"https:\/\/diariotextual.com\/inicio\/index.php\/2019\/09\/02\/pichetto-aseguro-macri-gana-levantara-control-cambios-al-dia\/#breadcrumb","itemListElement":[{"@type":"ListItem","position":1,"name":"Portada","item":"https:\/\/diariotextual.com\/inicio\/"},{"@type":"ListItem","position":2,"name":"Pichetto asegur\u00f3 que si Macri gana levantar\u00e1 el control de cambios \u00abal otro d\u00eda\u00bb"}]},{"@type":"WebSite","@id":"https:\/\/diariotextual.com\/inicio\/#website","url":"https:\/\/diariotextual.com\/inicio\/","name":"Diario Textual","description":"","publisher":{"@id":"https:\/\/diariotextual.com\/inicio\/#organization"},"potentialAction":[{"@type":"SearchAction","target":{"@type":"EntryPoint","urlTemplate":"https:\/\/diariotextual.com\/inicio\/?s={search_term_string}"},"query-input":{"@type":"PropertyValueSpecification","valueRequired":true,"valueName":"search_term_string"}}],"inLanguage":"es"},{"@type":"Organization","@id":"https:\/\/diariotextual.com\/inicio\/#organization","name":"Diario Textual","url":"https:\/\/diariotextual.com\/inicio\/","logo":{"@type":"ImageObject","inLanguage":"es","@id":"https:\/\/diariotextual.com\/inicio\/#\/schema\/logo\/image\/","url":"https:\/\/diariotextual.com\/inicio\/wp-content\/uploads\/2023\/05\/logotextual1.jpg","contentUrl":"https:\/\/diariotextual.com\/inicio\/wp-content\/uploads\/2023\/05\/logotextual1.jpg","width":516,"height":76,"caption":"Diario Textual"},"image":{"@id":"https:\/\/diariotextual.com\/inicio\/#\/schema\/logo\/image\/"},"sameAs":["https:\/\/www.facebook.com\/eltextual","https:\/\/x.com\/eltextual","http:\/\/www.instagram.com\/eltextual"]},{"@type":"Person","@id":"https:\/\/diariotextual.com\/inicio\/#\/schema\/person\/418fc4093c33e86ed41562db3508f958","name":"Diario1 Diario1","image":{"@type":"ImageObject","inLanguage":"es","@id":"https:\/\/secure.gravatar.com\/avatar\/9167d280179c85bc18be67aa7eda765854300033af4896dd779b608640f2ef7a?s=96&d=mm&r=g","url":"https:\/\/secure.gravatar.com\/avatar\/9167d280179c85bc18be67aa7eda765854300033af4896dd779b608640f2ef7a?s=96&d=mm&r=g","contentUrl":"https:\/\/secure.gravatar.com\/avatar\/9167d280179c85bc18be67aa7eda765854300033af4896dd779b608640f2ef7a?s=96&d=mm&r=g","caption":"Diario1 Diario1"},"url":"https:\/\/diariotextual.com\/inicio\/index.php\/author\/diario1\/"}]}},"_links":{"self":[{"href":"https:\/\/diariotextual.com\/inicio\/index.php\/wp-json\/wp\/v2\/posts\/61453","targetHints":{"allow":["GET"]}}],"collection":[{"href":"https:\/\/diariotextual.com\/inicio\/index.php\/wp-json\/wp\/v2\/posts"}],"about":[{"href":"https:\/\/diariotextual.com\/inicio\/index.php\/wp-json\/wp\/v2\/types\/post"}],"author":[{"embeddable":true,"href":"https:\/\/diariotextual.com\/inicio\/index.php\/wp-json\/wp\/v2\/users\/3"}],"replies":[{"embeddable":true,"href":"https:\/\/diariotextual.com\/inicio\/index.php\/wp-json\/wp\/v2\/comments?post=61453"}],"version-history":[{"count":1,"href":"https:\/\/diariotextual.com\/inicio\/index.php\/wp-json\/wp\/v2\/posts\/61453\/revisions"}],"predecessor-version":[{"id":61454,"href":"https:\/\/diariotextual.com\/inicio\/index.php\/wp-json\/wp\/v2\/posts\/61453\/revisions\/61454"}],"wp:featuredmedia":[{"embeddable":true,"href":"https:\/\/diariotextual.com\/inicio\/index.php\/wp-json\/wp\/v2\/media\/51754"}],"wp:attachment":[{"href":"https:\/\/diariotextual.com\/inicio\/index.php\/wp-json\/wp\/v2\/media?parent=61453"}],"wp:term":[{"taxonomy":"category","embeddable":true,"href":"https:\/\/diariotextual.com\/inicio\/index.php\/wp-json\/wp\/v2\/categories?post=61453"},{"taxonomy":"post_tag","embeddable":true,"href":"https:\/\/diariotextual.com\/inicio\/index.php\/wp-json\/wp\/v2\/tags?post=61453"}],"curies":[{"name":"wp","href":"https:\/\/api.w.org\/{rel}","templated":true}]}}