{"id":61480,"date":"2019-09-02T16:23:14","date_gmt":"2019-09-02T19:23:14","guid":{"rendered":"http:\/\/diariotextual.com\/inicio\/?p=61480"},"modified":"2019-09-03T07:46:40","modified_gmt":"2019-09-03T10:46:40","slug":"lograron-captar-monstruoso-ojo-del-huracan-dorian-desde-adentro","status":"publish","type":"post","link":"https:\/\/diariotextual.com\/inicio\/index.php\/2019\/09\/02\/lograron-captar-monstruoso-ojo-del-huracan-dorian-desde-adentro\/","title":{"rendered":"Lograron captar el monstruoso ojo del hurac\u00e1n Dorian desde adentro"},"content":{"rendered":"<div class=\"row pb-content-type-text\">\n<div class=\"col-xs-12 col-print-12\">\n<p class=\"element element-paragraph\"><strong>La unidad voladora de la Fuerza A\u00e9rea de Estados Unidos consigui\u00f3 captar im\u00e1genes del ojo del hurac\u00e1n Dorian<\/strong>\u00a0mientras sobrevolaban Bahamas.<\/p>\n<\/div>\n<\/div>\n<div class=\"row pb-content-type-text\">\n<div class=\"col-xs-12 col-print-12\">\n<blockquote class=\"twitter-tweet\">\n<p dir=\"ltr\" lang=\"en\">INSIDE THE EYE OF HURRICANE DORIAN &#8211; <a href=\"https:\/\/twitter.com\/hashtag\/NOAA42?src=hash&amp;ref_src=twsrc%5Etfw\">#NOAA42<\/a> Kermit flies through Category 5 Hurricane <a href=\"https:\/\/twitter.com\/hashtag\/Dorian?src=hash&amp;ref_src=twsrc%5Etfw\">#Dorian<\/a> on 09\/01\/19 morning mission (credit: Ian Sears, NOAA). Forecasts and advisories at <a href=\"https:\/\/t.co\/3phpgKMZaS\">https:\/\/t.co\/3phpgKMZaS<\/a>, preparation tips at <a href=\"https:\/\/t.co\/ZUC1oGAvw6\">https:\/\/t.co\/ZUC1oGAvw6<\/a> <a href=\"https:\/\/twitter.com\/hashtag\/FlyNOAA?src=hash&amp;ref_src=twsrc%5Etfw\">#FlyNOAA<\/a> <a href=\"https:\/\/t.co\/iclEmItCtb\">pic.twitter.com\/iclEmItCtb<\/a><\/p>\n<p>\u2014 NOAA Aircraft Operations Center (@NOAA_HurrHunter) <a href=\"https:\/\/twitter.com\/NOAA_HurrHunter\/status\/1168365343103959040?ref_src=twsrc%5Etfw\">September 2, 2019<\/a><\/p><\/blockquote>\n<p><script async src=\"https:\/\/platform.twitter.com\/widgets.js\" charset=\"utf-8\"><\/script><\/p>\n<p class=\"element element-paragraph\"><strong>El meteor\u00f3logo Garret Black, miembro de este equipo, y cazador de huracanes comparti\u00f3 las impresionantes im\u00e1genes en su cuenta de Twitter<\/strong>. Adem\u00e1s del video, subi\u00f3 una foto del fen\u00f3meno por dentro.<\/p>\n<\/div>\n<p>Apodados los \u00abCazadores de Huracanes\u00bb, los poderosos aviones Super H\u00e9rcules se ven envueltos en fuertes tormentas para recopilar datos para el Centro Nacional de Huracanes (NHC). Las im\u00e1genes subidas por Black, de hecho, permiten ver parte de una de esas poderosas naves.<\/p>\n<p>Seg\u00fan el \u00faltimo bolet\u00edn del NHC, emitido a las 11.00 hora local (15.00 GMT), Dorian ha reducido ligeramente la intensidad de sus vientos en las \u00faltimas dos horas, en las que ha perdido 10 millas por hora (16 km\/h).<\/p>\n<p>Esto le ha hecho perder la m\u00e1xima categor\u00eda de la escala que mide los ciclones por la intensidad de sus vientos, que llegaron a ser el domingo de 185 millas por hora (295 km\/h), lo que le sit\u00faa como el segundo m\u00e1s poderoso desde que se tiene registro, junto con \u00abLabor Day\u00bb (1935), Gilbert (1988) y Wilma (2005), y solo superado por Allen, que en 1980 registr\u00f3 190 millas por hora (305 km\/h).<\/p>\n<p>El cicl\u00f3n sigue pr\u00e1cticamente est\u00e1tico mientras mantiene su rumbo oeste a solo una milla por hora (2 km\/h), por lo que no termina de pasar por encima de Bahamas, donde sigue causando estragos. Especialmente en la isla de Gran Bahama, donde se experimentan \u00abvientos catastr\u00f3ficos\u00bb y una subida de la marea de hasta 23 pies (7 metros) sobre el nivel habitual del mar.<\/p>\n<\/div>\n","protected":false},"excerpt":{"rendered":"<p>La unidad voladora de la Fuerza A\u00e9rea de Estados Unidos consigui\u00f3 captar im\u00e1genes del ojo del hurac\u00e1n Dorian\u00a0mientras sobrevolaban Bahamas. INSIDE THE EYE OF HURRICANE DORIAN &#8211; #NOAA42 Kermit flies&hellip;<\/p>\n","protected":false},"author":3,"featured_media":61485,"comment_status":"closed","ping_status":"open","sticky":false,"template":"","format":"standard","meta":{"_acf_changed":false,"footnotes":""},"categories":[1,319,7],"tags":[],"class_list":["post-61480","post","type-post","status-publish","format-standard","has-post-thumbnail","hentry","category-es-noticia","category-a-temporales","category-mundo"],"acf":[],"yoast_head":"<!-- This site is optimized with the Yoast SEO plugin v27.5 - https:\/\/yoast.com\/product\/yoast-seo-wordpress\/ -->\n<title>Lograron captar el monstruoso ojo del hurac\u00e1n Dorian desde adentro - Diario Textual<\/title>\n<meta name=\"robots\" content=\"index, follow, max-snippet:-1, max-image-preview:large, max-video-preview:-1\" \/>\n<link rel=\"canonical\" href=\"https:\/\/diariotextual.com\/inicio\/index.php\/2019\/09\/02\/lograron-captar-monstruoso-ojo-del-huracan-dorian-desde-adentro\/\" \/>\n<meta property=\"og:locale\" content=\"es_ES\" \/>\n<meta property=\"og:type\" content=\"article\" \/>\n<meta property=\"og:title\" content=\"Lograron captar el monstruoso ojo del hurac\u00e1n Dorian desde adentro - Diario Textual\" \/>\n<meta property=\"og:description\" content=\"La unidad voladora de la Fuerza A\u00e9rea de Estados Unidos consigui\u00f3 captar im\u00e1genes del ojo del hurac\u00e1n Dorian\u00a0mientras sobrevolaban Bahamas. INSIDE THE EYE OF HURRICANE DORIAN &#8211; #NOAA42 Kermit flies&hellip;\" \/>\n<meta property=\"og:url\" content=\"https:\/\/diariotextual.com\/inicio\/index.php\/2019\/09\/02\/lograron-captar-monstruoso-ojo-del-huracan-dorian-desde-adentro\/\" \/>\n<meta property=\"og:site_name\" content=\"Diario Textual\" \/>\n<meta property=\"article:publisher\" content=\"https:\/\/www.facebook.com\/eltextual\" \/>\n<meta property=\"article:published_time\" content=\"2019-09-02T19:23:14+00:00\" \/>\n<meta property=\"article:modified_time\" content=\"2019-09-03T10:46:40+00:00\" \/>\n<meta property=\"og:image\" content=\"https:\/\/diariotextual.com\/inicio\/wp-content\/uploads\/2019\/09\/huracandoriaojo2019-1.jpeg\" \/>\n\t<meta property=\"og:image:width\" content=\"960\" \/>\n\t<meta property=\"og:image:height\" content=\"720\" \/>\n\t<meta property=\"og:image:type\" content=\"image\/jpeg\" \/>\n<meta name=\"author\" content=\"Diario1 Diario1\" \/>\n<meta name=\"twitter:card\" content=\"summary_large_image\" \/>\n<meta name=\"twitter:creator\" content=\"@eltextual\" \/>\n<meta name=\"twitter:site\" content=\"@eltextual\" \/>\n<meta name=\"twitter:label1\" content=\"Escrito por\" \/>\n\t<meta name=\"twitter:data1\" content=\"Diario1 Diario1\" \/>\n\t<meta name=\"twitter:label2\" content=\"Tiempo de lectura\" \/>\n\t<meta name=\"twitter:data2\" content=\"2 minutos\" \/>\n<script type=\"application\/ld+json\" class=\"yoast-schema-graph\">{\"@context\":\"https:\\\/\\\/schema.org\",\"@graph\":[{\"@type\":\"Article\",\"@id\":\"https:\\\/\\\/diariotextual.com\\\/inicio\\\/index.php\\\/2019\\\/09\\\/02\\\/lograron-captar-monstruoso-ojo-del-huracan-dorian-desde-adentro\\\/#article\",\"isPartOf\":{\"@id\":\"https:\\\/\\\/diariotextual.com\\\/inicio\\\/index.php\\\/2019\\\/09\\\/02\\\/lograron-captar-monstruoso-ojo-del-huracan-dorian-desde-adentro\\\/\"},\"author\":{\"name\":\"Diario1 Diario1\",\"@id\":\"https:\\\/\\\/diariotextual.com\\\/inicio\\\/#\\\/schema\\\/person\\\/418fc4093c33e86ed41562db3508f958\"},\"headline\":\"Lograron captar el monstruoso ojo del hurac\u00e1n Dorian desde adentro\",\"datePublished\":\"2019-09-02T19:23:14+00:00\",\"dateModified\":\"2019-09-03T10:46:40+00:00\",\"mainEntityOfPage\":{\"@id\":\"https:\\\/\\\/diariotextual.com\\\/inicio\\\/index.php\\\/2019\\\/09\\\/02\\\/lograron-captar-monstruoso-ojo-del-huracan-dorian-desde-adentro\\\/\"},\"wordCount\":337,\"publisher\":{\"@id\":\"https:\\\/\\\/diariotextual.com\\\/inicio\\\/#organization\"},\"image\":{\"@id\":\"https:\\\/\\\/diariotextual.com\\\/inicio\\\/index.php\\\/2019\\\/09\\\/02\\\/lograron-captar-monstruoso-ojo-del-huracan-dorian-desde-adentro\\\/#primaryimage\"},\"thumbnailUrl\":\"https:\\\/\\\/diariotextual.com\\\/inicio\\\/wp-content\\\/uploads\\\/2019\\\/09\\\/huracandoriaojo2019-1.jpeg\",\"articleSection\":[\"A - ES NOTICIA (van abajo)\",\"A - TEMPORALES\",\"MUNDO\"],\"inLanguage\":\"es\"},{\"@type\":\"WebPage\",\"@id\":\"https:\\\/\\\/diariotextual.com\\\/inicio\\\/index.php\\\/2019\\\/09\\\/02\\\/lograron-captar-monstruoso-ojo-del-huracan-dorian-desde-adentro\\\/\",\"url\":\"https:\\\/\\\/diariotextual.com\\\/inicio\\\/index.php\\\/2019\\\/09\\\/02\\\/lograron-captar-monstruoso-ojo-del-huracan-dorian-desde-adentro\\\/\",\"name\":\"Lograron captar el monstruoso ojo del hurac\u00e1n Dorian desde adentro - Diario Textual\",\"isPartOf\":{\"@id\":\"https:\\\/\\\/diariotextual.com\\\/inicio\\\/#website\"},\"primaryImageOfPage\":{\"@id\":\"https:\\\/\\\/diariotextual.com\\\/inicio\\\/index.php\\\/2019\\\/09\\\/02\\\/lograron-captar-monstruoso-ojo-del-huracan-dorian-desde-adentro\\\/#primaryimage\"},\"image\":{\"@id\":\"https:\\\/\\\/diariotextual.com\\\/inicio\\\/index.php\\\/2019\\\/09\\\/02\\\/lograron-captar-monstruoso-ojo-del-huracan-dorian-desde-adentro\\\/#primaryimage\"},\"thumbnailUrl\":\"https:\\\/\\\/diariotextual.com\\\/inicio\\\/wp-content\\\/uploads\\\/2019\\\/09\\\/huracandoriaojo2019-1.jpeg\",\"datePublished\":\"2019-09-02T19:23:14+00:00\",\"dateModified\":\"2019-09-03T10:46:40+00:00\",\"breadcrumb\":{\"@id\":\"https:\\\/\\\/diariotextual.com\\\/inicio\\\/index.php\\\/2019\\\/09\\\/02\\\/lograron-captar-monstruoso-ojo-del-huracan-dorian-desde-adentro\\\/#breadcrumb\"},\"inLanguage\":\"es\",\"potentialAction\":[{\"@type\":\"ReadAction\",\"target\":[\"https:\\\/\\\/diariotextual.com\\\/inicio\\\/index.php\\\/2019\\\/09\\\/02\\\/lograron-captar-monstruoso-ojo-del-huracan-dorian-desde-adentro\\\/\"]}]},{\"@type\":\"ImageObject\",\"inLanguage\":\"es\",\"@id\":\"https:\\\/\\\/diariotextual.com\\\/inicio\\\/index.php\\\/2019\\\/09\\\/02\\\/lograron-captar-monstruoso-ojo-del-huracan-dorian-desde-adentro\\\/#primaryimage\",\"url\":\"https:\\\/\\\/diariotextual.com\\\/inicio\\\/wp-content\\\/uploads\\\/2019\\\/09\\\/huracandoriaojo2019-1.jpeg\",\"contentUrl\":\"https:\\\/\\\/diariotextual.com\\\/inicio\\\/wp-content\\\/uploads\\\/2019\\\/09\\\/huracandoriaojo2019-1.jpeg\",\"width\":960,\"height\":720},{\"@type\":\"BreadcrumbList\",\"@id\":\"https:\\\/\\\/diariotextual.com\\\/inicio\\\/index.php\\\/2019\\\/09\\\/02\\\/lograron-captar-monstruoso-ojo-del-huracan-dorian-desde-adentro\\\/#breadcrumb\",\"itemListElement\":[{\"@type\":\"ListItem\",\"position\":1,\"name\":\"Portada\",\"item\":\"https:\\\/\\\/diariotextual.com\\\/inicio\\\/\"},{\"@type\":\"ListItem\",\"position\":2,\"name\":\"Lograron captar el monstruoso ojo del hurac\u00e1n Dorian desde adentro\"}]},{\"@type\":\"WebSite\",\"@id\":\"https:\\\/\\\/diariotextual.com\\\/inicio\\\/#website\",\"url\":\"https:\\\/\\\/diariotextual.com\\\/inicio\\\/\",\"name\":\"Diario Textual\",\"description\":\"\",\"publisher\":{\"@id\":\"https:\\\/\\\/diariotextual.com\\\/inicio\\\/#organization\"},\"potentialAction\":[{\"@type\":\"SearchAction\",\"target\":{\"@type\":\"EntryPoint\",\"urlTemplate\":\"https:\\\/\\\/diariotextual.com\\\/inicio\\\/?s={search_term_string}\"},\"query-input\":{\"@type\":\"PropertyValueSpecification\",\"valueRequired\":true,\"valueName\":\"search_term_string\"}}],\"inLanguage\":\"es\"},{\"@type\":\"Organization\",\"@id\":\"https:\\\/\\\/diariotextual.com\\\/inicio\\\/#organization\",\"name\":\"Diario Textual\",\"url\":\"https:\\\/\\\/diariotextual.com\\\/inicio\\\/\",\"logo\":{\"@type\":\"ImageObject\",\"inLanguage\":\"es\",\"@id\":\"https:\\\/\\\/diariotextual.com\\\/inicio\\\/#\\\/schema\\\/logo\\\/image\\\/\",\"url\":\"https:\\\/\\\/diariotextual.com\\\/inicio\\\/wp-content\\\/uploads\\\/2023\\\/05\\\/logotextual1.jpg\",\"contentUrl\":\"https:\\\/\\\/diariotextual.com\\\/inicio\\\/wp-content\\\/uploads\\\/2023\\\/05\\\/logotextual1.jpg\",\"width\":516,\"height\":76,\"caption\":\"Diario Textual\"},\"image\":{\"@id\":\"https:\\\/\\\/diariotextual.com\\\/inicio\\\/#\\\/schema\\\/logo\\\/image\\\/\"},\"sameAs\":[\"https:\\\/\\\/www.facebook.com\\\/eltextual\",\"https:\\\/\\\/x.com\\\/eltextual\",\"http:\\\/\\\/www.instagram.com\\\/eltextual\"]},{\"@type\":\"Person\",\"@id\":\"https:\\\/\\\/diariotextual.com\\\/inicio\\\/#\\\/schema\\\/person\\\/418fc4093c33e86ed41562db3508f958\",\"name\":\"Diario1 Diario1\",\"image\":{\"@type\":\"ImageObject\",\"inLanguage\":\"es\",\"@id\":\"https:\\\/\\\/secure.gravatar.com\\\/avatar\\\/9167d280179c85bc18be67aa7eda765854300033af4896dd779b608640f2ef7a?s=96&d=mm&r=g\",\"url\":\"https:\\\/\\\/secure.gravatar.com\\\/avatar\\\/9167d280179c85bc18be67aa7eda765854300033af4896dd779b608640f2ef7a?s=96&d=mm&r=g\",\"contentUrl\":\"https:\\\/\\\/secure.gravatar.com\\\/avatar\\\/9167d280179c85bc18be67aa7eda765854300033af4896dd779b608640f2ef7a?s=96&d=mm&r=g\",\"caption\":\"Diario1 Diario1\"},\"url\":\"https:\\\/\\\/diariotextual.com\\\/inicio\\\/index.php\\\/author\\\/diario1\\\/\"}]}<\/script>\n<!-- \/ Yoast SEO plugin. -->","yoast_head_json":{"title":"Lograron captar el monstruoso ojo del hurac\u00e1n Dorian desde adentro - Diario Textual","robots":{"index":"index","follow":"follow","max-snippet":"max-snippet:-1","max-image-preview":"max-image-preview:large","max-video-preview":"max-video-preview:-1"},"canonical":"https:\/\/diariotextual.com\/inicio\/index.php\/2019\/09\/02\/lograron-captar-monstruoso-ojo-del-huracan-dorian-desde-adentro\/","og_locale":"es_ES","og_type":"article","og_title":"Lograron captar el monstruoso ojo del hurac\u00e1n Dorian desde adentro - Diario Textual","og_description":"La unidad voladora de la Fuerza A\u00e9rea de Estados Unidos consigui\u00f3 captar im\u00e1genes del ojo del hurac\u00e1n Dorian\u00a0mientras sobrevolaban Bahamas. INSIDE THE EYE OF HURRICANE DORIAN &#8211; #NOAA42 Kermit flies&hellip;","og_url":"https:\/\/diariotextual.com\/inicio\/index.php\/2019\/09\/02\/lograron-captar-monstruoso-ojo-del-huracan-dorian-desde-adentro\/","og_site_name":"Diario Textual","article_publisher":"https:\/\/www.facebook.com\/eltextual","article_published_time":"2019-09-02T19:23:14+00:00","article_modified_time":"2019-09-03T10:46:40+00:00","og_image":[{"width":960,"height":720,"url":"https:\/\/diariotextual.com\/inicio\/wp-content\/uploads\/2019\/09\/huracandoriaojo2019-1.jpeg","type":"image\/jpeg"}],"author":"Diario1 Diario1","twitter_card":"summary_large_image","twitter_creator":"@eltextual","twitter_site":"@eltextual","twitter_misc":{"Escrito por":"Diario1 Diario1","Tiempo de lectura":"2 minutos"},"schema":{"@context":"https:\/\/schema.org","@graph":[{"@type":"Article","@id":"https:\/\/diariotextual.com\/inicio\/index.php\/2019\/09\/02\/lograron-captar-monstruoso-ojo-del-huracan-dorian-desde-adentro\/#article","isPartOf":{"@id":"https:\/\/diariotextual.com\/inicio\/index.php\/2019\/09\/02\/lograron-captar-monstruoso-ojo-del-huracan-dorian-desde-adentro\/"},"author":{"name":"Diario1 Diario1","@id":"https:\/\/diariotextual.com\/inicio\/#\/schema\/person\/418fc4093c33e86ed41562db3508f958"},"headline":"Lograron captar el monstruoso ojo del hurac\u00e1n Dorian desde adentro","datePublished":"2019-09-02T19:23:14+00:00","dateModified":"2019-09-03T10:46:40+00:00","mainEntityOfPage":{"@id":"https:\/\/diariotextual.com\/inicio\/index.php\/2019\/09\/02\/lograron-captar-monstruoso-ojo-del-huracan-dorian-desde-adentro\/"},"wordCount":337,"publisher":{"@id":"https:\/\/diariotextual.com\/inicio\/#organization"},"image":{"@id":"https:\/\/diariotextual.com\/inicio\/index.php\/2019\/09\/02\/lograron-captar-monstruoso-ojo-del-huracan-dorian-desde-adentro\/#primaryimage"},"thumbnailUrl":"https:\/\/diariotextual.com\/inicio\/wp-content\/uploads\/2019\/09\/huracandoriaojo2019-1.jpeg","articleSection":["A - ES NOTICIA (van abajo)","A - TEMPORALES","MUNDO"],"inLanguage":"es"},{"@type":"WebPage","@id":"https:\/\/diariotextual.com\/inicio\/index.php\/2019\/09\/02\/lograron-captar-monstruoso-ojo-del-huracan-dorian-desde-adentro\/","url":"https:\/\/diariotextual.com\/inicio\/index.php\/2019\/09\/02\/lograron-captar-monstruoso-ojo-del-huracan-dorian-desde-adentro\/","name":"Lograron captar el monstruoso ojo del hurac\u00e1n Dorian desde adentro - Diario Textual","isPartOf":{"@id":"https:\/\/diariotextual.com\/inicio\/#website"},"primaryImageOfPage":{"@id":"https:\/\/diariotextual.com\/inicio\/index.php\/2019\/09\/02\/lograron-captar-monstruoso-ojo-del-huracan-dorian-desde-adentro\/#primaryimage"},"image":{"@id":"https:\/\/diariotextual.com\/inicio\/index.php\/2019\/09\/02\/lograron-captar-monstruoso-ojo-del-huracan-dorian-desde-adentro\/#primaryimage"},"thumbnailUrl":"https:\/\/diariotextual.com\/inicio\/wp-content\/uploads\/2019\/09\/huracandoriaojo2019-1.jpeg","datePublished":"2019-09-02T19:23:14+00:00","dateModified":"2019-09-03T10:46:40+00:00","breadcrumb":{"@id":"https:\/\/diariotextual.com\/inicio\/index.php\/2019\/09\/02\/lograron-captar-monstruoso-ojo-del-huracan-dorian-desde-adentro\/#breadcrumb"},"inLanguage":"es","potentialAction":[{"@type":"ReadAction","target":["https:\/\/diariotextual.com\/inicio\/index.php\/2019\/09\/02\/lograron-captar-monstruoso-ojo-del-huracan-dorian-desde-adentro\/"]}]},{"@type":"ImageObject","inLanguage":"es","@id":"https:\/\/diariotextual.com\/inicio\/index.php\/2019\/09\/02\/lograron-captar-monstruoso-ojo-del-huracan-dorian-desde-adentro\/#primaryimage","url":"https:\/\/diariotextual.com\/inicio\/wp-content\/uploads\/2019\/09\/huracandoriaojo2019-1.jpeg","contentUrl":"https:\/\/diariotextual.com\/inicio\/wp-content\/uploads\/2019\/09\/huracandoriaojo2019-1.jpeg","width":960,"height":720},{"@type":"BreadcrumbList","@id":"https:\/\/diariotextual.com\/inicio\/index.php\/2019\/09\/02\/lograron-captar-monstruoso-ojo-del-huracan-dorian-desde-adentro\/#breadcrumb","itemListElement":[{"@type":"ListItem","position":1,"name":"Portada","item":"https:\/\/diariotextual.com\/inicio\/"},{"@type":"ListItem","position":2,"name":"Lograron captar el monstruoso ojo del hurac\u00e1n Dorian desde adentro"}]},{"@type":"WebSite","@id":"https:\/\/diariotextual.com\/inicio\/#website","url":"https:\/\/diariotextual.com\/inicio\/","name":"Diario Textual","description":"","publisher":{"@id":"https:\/\/diariotextual.com\/inicio\/#organization"},"potentialAction":[{"@type":"SearchAction","target":{"@type":"EntryPoint","urlTemplate":"https:\/\/diariotextual.com\/inicio\/?s={search_term_string}"},"query-input":{"@type":"PropertyValueSpecification","valueRequired":true,"valueName":"search_term_string"}}],"inLanguage":"es"},{"@type":"Organization","@id":"https:\/\/diariotextual.com\/inicio\/#organization","name":"Diario Textual","url":"https:\/\/diariotextual.com\/inicio\/","logo":{"@type":"ImageObject","inLanguage":"es","@id":"https:\/\/diariotextual.com\/inicio\/#\/schema\/logo\/image\/","url":"https:\/\/diariotextual.com\/inicio\/wp-content\/uploads\/2023\/05\/logotextual1.jpg","contentUrl":"https:\/\/diariotextual.com\/inicio\/wp-content\/uploads\/2023\/05\/logotextual1.jpg","width":516,"height":76,"caption":"Diario Textual"},"image":{"@id":"https:\/\/diariotextual.com\/inicio\/#\/schema\/logo\/image\/"},"sameAs":["https:\/\/www.facebook.com\/eltextual","https:\/\/x.com\/eltextual","http:\/\/www.instagram.com\/eltextual"]},{"@type":"Person","@id":"https:\/\/diariotextual.com\/inicio\/#\/schema\/person\/418fc4093c33e86ed41562db3508f958","name":"Diario1 Diario1","image":{"@type":"ImageObject","inLanguage":"es","@id":"https:\/\/secure.gravatar.com\/avatar\/9167d280179c85bc18be67aa7eda765854300033af4896dd779b608640f2ef7a?s=96&d=mm&r=g","url":"https:\/\/secure.gravatar.com\/avatar\/9167d280179c85bc18be67aa7eda765854300033af4896dd779b608640f2ef7a?s=96&d=mm&r=g","contentUrl":"https:\/\/secure.gravatar.com\/avatar\/9167d280179c85bc18be67aa7eda765854300033af4896dd779b608640f2ef7a?s=96&d=mm&r=g","caption":"Diario1 Diario1"},"url":"https:\/\/diariotextual.com\/inicio\/index.php\/author\/diario1\/"}]}},"_links":{"self":[{"href":"https:\/\/diariotextual.com\/inicio\/index.php\/wp-json\/wp\/v2\/posts\/61480","targetHints":{"allow":["GET"]}}],"collection":[{"href":"https:\/\/diariotextual.com\/inicio\/index.php\/wp-json\/wp\/v2\/posts"}],"about":[{"href":"https:\/\/diariotextual.com\/inicio\/index.php\/wp-json\/wp\/v2\/types\/post"}],"author":[{"embeddable":true,"href":"https:\/\/diariotextual.com\/inicio\/index.php\/wp-json\/wp\/v2\/users\/3"}],"replies":[{"embeddable":true,"href":"https:\/\/diariotextual.com\/inicio\/index.php\/wp-json\/wp\/v2\/comments?post=61480"}],"version-history":[{"count":3,"href":"https:\/\/diariotextual.com\/inicio\/index.php\/wp-json\/wp\/v2\/posts\/61480\/revisions"}],"predecessor-version":[{"id":61487,"href":"https:\/\/diariotextual.com\/inicio\/index.php\/wp-json\/wp\/v2\/posts\/61480\/revisions\/61487"}],"wp:featuredmedia":[{"embeddable":true,"href":"https:\/\/diariotextual.com\/inicio\/index.php\/wp-json\/wp\/v2\/media\/61485"}],"wp:attachment":[{"href":"https:\/\/diariotextual.com\/inicio\/index.php\/wp-json\/wp\/v2\/media?parent=61480"}],"wp:term":[{"taxonomy":"category","embeddable":true,"href":"https:\/\/diariotextual.com\/inicio\/index.php\/wp-json\/wp\/v2\/categories?post=61480"},{"taxonomy":"post_tag","embeddable":true,"href":"https:\/\/diariotextual.com\/inicio\/index.php\/wp-json\/wp\/v2\/tags?post=61480"}],"curies":[{"name":"wp","href":"https:\/\/api.w.org\/{rel}","templated":true}]}}