{"id":61497,"date":"2019-09-02T19:23:24","date_gmt":"2019-09-02T22:23:24","guid":{"rendered":"http:\/\/diariotextual.com\/inicio\/?p=61497"},"modified":"2019-09-03T06:42:18","modified_gmt":"2019-09-03T09:42:18","slug":"preocupa-los-productores-rurales-la-pampa-la-falta-lluvias","status":"publish","type":"post","link":"https:\/\/diariotextual.com\/inicio\/index.php\/2019\/09\/02\/preocupa-los-productores-rurales-la-pampa-la-falta-lluvias\/","title":{"rendered":"Preocupa a los productores rurales de La Pampa la falta de lluvias"},"content":{"rendered":"<p>El Distrito 8 &#8211; La Pampa- de Federaci\u00f3n Agraria Argentina advirti\u00f3 que productores de la \u00abcasi totalidad del territorio pampeano\u00bb est\u00e1n preocupados por la falta de lluvias. Reclam\u00f3 al Gobierno que convoque a la Comisi\u00f3n de Emergencia Agropecuaria.<\/p>\n<p>\u00abEs una realidad que en la mayor\u00eda de los casos que se refleja desde comienzos de oto\u00f1o, y es cuando las precipitaciones son sumamente necesarias para asegurar fundamentalmente las reservas forrajeras con la implantaci\u00f3n de los verdeos y pasturas tan necesarias para la alimentaci\u00f3n del ganado, y ya actualmente los cultivos de cosecha fina sufren la falta de humedad\u00bb, dijo la FAA en un comunicado de prensa.<\/p>\n<p>En algunos casos, la falta de humedad no les permiti\u00f3 la siembra de esos cultivos, y quienes las hicieron a\u00fan , ya en esta salida de invierno no desarrollaron los suficiente para ser pastoreados, si bien en el noreste provincial, la situaci\u00f3n es m\u00e1s ben\u00e9vola por tener napas m\u00e1s altas, no obstante, la superficie de los suelos tambi\u00e9n reflejan la falta de precipitaciones.<\/p>\n<p>Los cultivos invernales est\u00e1n en un preocupante estr\u00e9s h\u00eddrico. Lo que inquieta son las heladas llamadas \u00abnegras\u00bb: son las que provocan el congelamiento del interior de las hojas de los vegetales, lo que produce\u00a0la muerte de gran parte de los \u00f3rganos que definen el rinde de los cultivos al reducir su macollaje.<\/p>\n<p>En las zonas de Guatrach\u00e9, General Acha, Capital y Conhelo son los lugares donde m\u00e1s falta el agua. All\u00ed hay productores que, desde hace meses, dependen de la compra de rollos de pasto o granos para alimentar sus ganados, los que pudieron cultivar la cosecha fina ven con desagrado la ya casi p\u00e9rdida de la misma.<\/p>\n<p>\u00abDesde la conducci\u00f3n del Distrito 8,Federaci\u00f3n Agraria, consideramos que el Gobierno Provincial debiera convocar a la Comisi\u00f3n de Emergencia Agropecuaria, que permita hacer una evaluaci\u00f3n t\u00e9cnica , de esta situaci\u00f3n que es inquietante profundizada por una realidad econ\u00f3mica por todos conocida\u00bb, sostuvo la federaci\u00f3n.<\/p>\n<p>&nbsp;<\/p>\n<p>&nbsp;<\/p>\n<p>&nbsp;<\/p>\n","protected":false},"excerpt":{"rendered":"<p>El Distrito 8 &#8211; La Pampa- de Federaci\u00f3n Agraria Argentina advirti\u00f3 que productores de la \u00abcasi totalidad del territorio pampeano\u00bb est\u00e1n preocupados por la falta de lluvias. Reclam\u00f3 al Gobierno&hellip;<\/p>\n","protected":false},"author":3,"featured_media":61503,"comment_status":"closed","ping_status":"open","sticky":false,"template":"","format":"standard","meta":{"_acf_changed":false,"footnotes":""},"categories":[10,20],"tags":[],"class_list":["post-61497","post","type-post","status-publish","format-standard","has-post-thumbnail","hentry","category-portada-2","category-campo"],"acf":[],"yoast_head":"<!-- This site is optimized with the Yoast SEO plugin v27.5 - https:\/\/yoast.com\/product\/yoast-seo-wordpress\/ -->\n<title>Preocupa a los productores rurales de La Pampa la falta de lluvias - Diario Textual<\/title>\n<meta name=\"robots\" content=\"index, follow, max-snippet:-1, max-image-preview:large, max-video-preview:-1\" \/>\n<link rel=\"canonical\" href=\"https:\/\/diariotextual.com\/inicio\/index.php\/2019\/09\/02\/preocupa-los-productores-rurales-la-pampa-la-falta-lluvias\/\" \/>\n<meta property=\"og:locale\" content=\"es_ES\" \/>\n<meta property=\"og:type\" content=\"article\" \/>\n<meta property=\"og:title\" content=\"Preocupa a los productores rurales de La Pampa la falta de lluvias - Diario Textual\" \/>\n<meta property=\"og:description\" content=\"El Distrito 8 &#8211; La Pampa- de Federaci\u00f3n Agraria Argentina advirti\u00f3 que productores de la \u00abcasi totalidad del territorio pampeano\u00bb est\u00e1n preocupados por la falta de lluvias. Reclam\u00f3 al Gobierno&hellip;\" \/>\n<meta property=\"og:url\" content=\"https:\/\/diariotextual.com\/inicio\/index.php\/2019\/09\/02\/preocupa-los-productores-rurales-la-pampa-la-falta-lluvias\/\" \/>\n<meta property=\"og:site_name\" content=\"Diario Textual\" \/>\n<meta property=\"article:publisher\" content=\"https:\/\/www.facebook.com\/eltextual\" \/>\n<meta property=\"article:published_time\" content=\"2019-09-02T22:23:24+00:00\" \/>\n<meta property=\"article:modified_time\" content=\"2019-09-03T09:42:18+00:00\" \/>\n<meta property=\"og:image\" content=\"https:\/\/diariotextual.com\/inicio\/wp-content\/uploads\/2019\/09\/campotranqueras21321.jpg\" \/>\n\t<meta property=\"og:image:width\" content=\"825\" \/>\n\t<meta property=\"og:image:height\" content=\"495\" \/>\n\t<meta property=\"og:image:type\" content=\"image\/jpeg\" \/>\n<meta name=\"author\" content=\"Diario1 Diario1\" \/>\n<meta name=\"twitter:card\" content=\"summary_large_image\" \/>\n<meta name=\"twitter:creator\" content=\"@eltextual\" \/>\n<meta name=\"twitter:site\" content=\"@eltextual\" \/>\n<meta name=\"twitter:label1\" content=\"Escrito por\" \/>\n\t<meta name=\"twitter:data1\" content=\"Diario1 Diario1\" \/>\n\t<meta name=\"twitter:label2\" content=\"Tiempo de lectura\" \/>\n\t<meta name=\"twitter:data2\" content=\"2 minutos\" \/>\n<script type=\"application\/ld+json\" class=\"yoast-schema-graph\">{\"@context\":\"https:\\\/\\\/schema.org\",\"@graph\":[{\"@type\":\"Article\",\"@id\":\"https:\\\/\\\/diariotextual.com\\\/inicio\\\/index.php\\\/2019\\\/09\\\/02\\\/preocupa-los-productores-rurales-la-pampa-la-falta-lluvias\\\/#article\",\"isPartOf\":{\"@id\":\"https:\\\/\\\/diariotextual.com\\\/inicio\\\/index.php\\\/2019\\\/09\\\/02\\\/preocupa-los-productores-rurales-la-pampa-la-falta-lluvias\\\/\"},\"author\":{\"name\":\"Diario1 Diario1\",\"@id\":\"https:\\\/\\\/diariotextual.com\\\/inicio\\\/#\\\/schema\\\/person\\\/418fc4093c33e86ed41562db3508f958\"},\"headline\":\"Preocupa a los productores rurales de La Pampa la falta de lluvias\",\"datePublished\":\"2019-09-02T22:23:24+00:00\",\"dateModified\":\"2019-09-03T09:42:18+00:00\",\"mainEntityOfPage\":{\"@id\":\"https:\\\/\\\/diariotextual.com\\\/inicio\\\/index.php\\\/2019\\\/09\\\/02\\\/preocupa-los-productores-rurales-la-pampa-la-falta-lluvias\\\/\"},\"wordCount\":359,\"publisher\":{\"@id\":\"https:\\\/\\\/diariotextual.com\\\/inicio\\\/#organization\"},\"image\":{\"@id\":\"https:\\\/\\\/diariotextual.com\\\/inicio\\\/index.php\\\/2019\\\/09\\\/02\\\/preocupa-los-productores-rurales-la-pampa-la-falta-lluvias\\\/#primaryimage\"},\"thumbnailUrl\":\"https:\\\/\\\/diariotextual.com\\\/inicio\\\/wp-content\\\/uploads\\\/2019\\\/09\\\/campotranqueras21321.jpg\",\"articleSection\":[\"A - PORTADA2\",\"CAMPO\"],\"inLanguage\":\"es\"},{\"@type\":\"WebPage\",\"@id\":\"https:\\\/\\\/diariotextual.com\\\/inicio\\\/index.php\\\/2019\\\/09\\\/02\\\/preocupa-los-productores-rurales-la-pampa-la-falta-lluvias\\\/\",\"url\":\"https:\\\/\\\/diariotextual.com\\\/inicio\\\/index.php\\\/2019\\\/09\\\/02\\\/preocupa-los-productores-rurales-la-pampa-la-falta-lluvias\\\/\",\"name\":\"Preocupa a los productores rurales de La Pampa la falta de lluvias - Diario Textual\",\"isPartOf\":{\"@id\":\"https:\\\/\\\/diariotextual.com\\\/inicio\\\/#website\"},\"primaryImageOfPage\":{\"@id\":\"https:\\\/\\\/diariotextual.com\\\/inicio\\\/index.php\\\/2019\\\/09\\\/02\\\/preocupa-los-productores-rurales-la-pampa-la-falta-lluvias\\\/#primaryimage\"},\"image\":{\"@id\":\"https:\\\/\\\/diariotextual.com\\\/inicio\\\/index.php\\\/2019\\\/09\\\/02\\\/preocupa-los-productores-rurales-la-pampa-la-falta-lluvias\\\/#primaryimage\"},\"thumbnailUrl\":\"https:\\\/\\\/diariotextual.com\\\/inicio\\\/wp-content\\\/uploads\\\/2019\\\/09\\\/campotranqueras21321.jpg\",\"datePublished\":\"2019-09-02T22:23:24+00:00\",\"dateModified\":\"2019-09-03T09:42:18+00:00\",\"breadcrumb\":{\"@id\":\"https:\\\/\\\/diariotextual.com\\\/inicio\\\/index.php\\\/2019\\\/09\\\/02\\\/preocupa-los-productores-rurales-la-pampa-la-falta-lluvias\\\/#breadcrumb\"},\"inLanguage\":\"es\",\"potentialAction\":[{\"@type\":\"ReadAction\",\"target\":[\"https:\\\/\\\/diariotextual.com\\\/inicio\\\/index.php\\\/2019\\\/09\\\/02\\\/preocupa-los-productores-rurales-la-pampa-la-falta-lluvias\\\/\"]}]},{\"@type\":\"ImageObject\",\"inLanguage\":\"es\",\"@id\":\"https:\\\/\\\/diariotextual.com\\\/inicio\\\/index.php\\\/2019\\\/09\\\/02\\\/preocupa-los-productores-rurales-la-pampa-la-falta-lluvias\\\/#primaryimage\",\"url\":\"https:\\\/\\\/diariotextual.com\\\/inicio\\\/wp-content\\\/uploads\\\/2019\\\/09\\\/campotranqueras21321.jpg\",\"contentUrl\":\"https:\\\/\\\/diariotextual.com\\\/inicio\\\/wp-content\\\/uploads\\\/2019\\\/09\\\/campotranqueras21321.jpg\",\"width\":825,\"height\":495,\"caption\":\"?\"},{\"@type\":\"BreadcrumbList\",\"@id\":\"https:\\\/\\\/diariotextual.com\\\/inicio\\\/index.php\\\/2019\\\/09\\\/02\\\/preocupa-los-productores-rurales-la-pampa-la-falta-lluvias\\\/#breadcrumb\",\"itemListElement\":[{\"@type\":\"ListItem\",\"position\":1,\"name\":\"Portada\",\"item\":\"https:\\\/\\\/diariotextual.com\\\/inicio\\\/\"},{\"@type\":\"ListItem\",\"position\":2,\"name\":\"Preocupa a los productores rurales de La Pampa la falta de lluvias\"}]},{\"@type\":\"WebSite\",\"@id\":\"https:\\\/\\\/diariotextual.com\\\/inicio\\\/#website\",\"url\":\"https:\\\/\\\/diariotextual.com\\\/inicio\\\/\",\"name\":\"Diario Textual\",\"description\":\"\",\"publisher\":{\"@id\":\"https:\\\/\\\/diariotextual.com\\\/inicio\\\/#organization\"},\"potentialAction\":[{\"@type\":\"SearchAction\",\"target\":{\"@type\":\"EntryPoint\",\"urlTemplate\":\"https:\\\/\\\/diariotextual.com\\\/inicio\\\/?s={search_term_string}\"},\"query-input\":{\"@type\":\"PropertyValueSpecification\",\"valueRequired\":true,\"valueName\":\"search_term_string\"}}],\"inLanguage\":\"es\"},{\"@type\":\"Organization\",\"@id\":\"https:\\\/\\\/diariotextual.com\\\/inicio\\\/#organization\",\"name\":\"Diario Textual\",\"url\":\"https:\\\/\\\/diariotextual.com\\\/inicio\\\/\",\"logo\":{\"@type\":\"ImageObject\",\"inLanguage\":\"es\",\"@id\":\"https:\\\/\\\/diariotextual.com\\\/inicio\\\/#\\\/schema\\\/logo\\\/image\\\/\",\"url\":\"https:\\\/\\\/diariotextual.com\\\/inicio\\\/wp-content\\\/uploads\\\/2023\\\/05\\\/logotextual1.jpg\",\"contentUrl\":\"https:\\\/\\\/diariotextual.com\\\/inicio\\\/wp-content\\\/uploads\\\/2023\\\/05\\\/logotextual1.jpg\",\"width\":516,\"height\":76,\"caption\":\"Diario Textual\"},\"image\":{\"@id\":\"https:\\\/\\\/diariotextual.com\\\/inicio\\\/#\\\/schema\\\/logo\\\/image\\\/\"},\"sameAs\":[\"https:\\\/\\\/www.facebook.com\\\/eltextual\",\"https:\\\/\\\/x.com\\\/eltextual\",\"http:\\\/\\\/www.instagram.com\\\/eltextual\"]},{\"@type\":\"Person\",\"@id\":\"https:\\\/\\\/diariotextual.com\\\/inicio\\\/#\\\/schema\\\/person\\\/418fc4093c33e86ed41562db3508f958\",\"name\":\"Diario1 Diario1\",\"image\":{\"@type\":\"ImageObject\",\"inLanguage\":\"es\",\"@id\":\"https:\\\/\\\/secure.gravatar.com\\\/avatar\\\/9167d280179c85bc18be67aa7eda765854300033af4896dd779b608640f2ef7a?s=96&d=mm&r=g\",\"url\":\"https:\\\/\\\/secure.gravatar.com\\\/avatar\\\/9167d280179c85bc18be67aa7eda765854300033af4896dd779b608640f2ef7a?s=96&d=mm&r=g\",\"contentUrl\":\"https:\\\/\\\/secure.gravatar.com\\\/avatar\\\/9167d280179c85bc18be67aa7eda765854300033af4896dd779b608640f2ef7a?s=96&d=mm&r=g\",\"caption\":\"Diario1 Diario1\"},\"url\":\"https:\\\/\\\/diariotextual.com\\\/inicio\\\/index.php\\\/author\\\/diario1\\\/\"}]}<\/script>\n<!-- \/ Yoast SEO plugin. -->","yoast_head_json":{"title":"Preocupa a los productores rurales de La Pampa la falta de lluvias - Diario Textual","robots":{"index":"index","follow":"follow","max-snippet":"max-snippet:-1","max-image-preview":"max-image-preview:large","max-video-preview":"max-video-preview:-1"},"canonical":"https:\/\/diariotextual.com\/inicio\/index.php\/2019\/09\/02\/preocupa-los-productores-rurales-la-pampa-la-falta-lluvias\/","og_locale":"es_ES","og_type":"article","og_title":"Preocupa a los productores rurales de La Pampa la falta de lluvias - Diario Textual","og_description":"El Distrito 8 &#8211; La Pampa- de Federaci\u00f3n Agraria Argentina advirti\u00f3 que productores de la \u00abcasi totalidad del territorio pampeano\u00bb est\u00e1n preocupados por la falta de lluvias. Reclam\u00f3 al Gobierno&hellip;","og_url":"https:\/\/diariotextual.com\/inicio\/index.php\/2019\/09\/02\/preocupa-los-productores-rurales-la-pampa-la-falta-lluvias\/","og_site_name":"Diario Textual","article_publisher":"https:\/\/www.facebook.com\/eltextual","article_published_time":"2019-09-02T22:23:24+00:00","article_modified_time":"2019-09-03T09:42:18+00:00","og_image":[{"width":825,"height":495,"url":"https:\/\/diariotextual.com\/inicio\/wp-content\/uploads\/2019\/09\/campotranqueras21321.jpg","type":"image\/jpeg"}],"author":"Diario1 Diario1","twitter_card":"summary_large_image","twitter_creator":"@eltextual","twitter_site":"@eltextual","twitter_misc":{"Escrito por":"Diario1 Diario1","Tiempo de lectura":"2 minutos"},"schema":{"@context":"https:\/\/schema.org","@graph":[{"@type":"Article","@id":"https:\/\/diariotextual.com\/inicio\/index.php\/2019\/09\/02\/preocupa-los-productores-rurales-la-pampa-la-falta-lluvias\/#article","isPartOf":{"@id":"https:\/\/diariotextual.com\/inicio\/index.php\/2019\/09\/02\/preocupa-los-productores-rurales-la-pampa-la-falta-lluvias\/"},"author":{"name":"Diario1 Diario1","@id":"https:\/\/diariotextual.com\/inicio\/#\/schema\/person\/418fc4093c33e86ed41562db3508f958"},"headline":"Preocupa a los productores rurales de La Pampa la falta de lluvias","datePublished":"2019-09-02T22:23:24+00:00","dateModified":"2019-09-03T09:42:18+00:00","mainEntityOfPage":{"@id":"https:\/\/diariotextual.com\/inicio\/index.php\/2019\/09\/02\/preocupa-los-productores-rurales-la-pampa-la-falta-lluvias\/"},"wordCount":359,"publisher":{"@id":"https:\/\/diariotextual.com\/inicio\/#organization"},"image":{"@id":"https:\/\/diariotextual.com\/inicio\/index.php\/2019\/09\/02\/preocupa-los-productores-rurales-la-pampa-la-falta-lluvias\/#primaryimage"},"thumbnailUrl":"https:\/\/diariotextual.com\/inicio\/wp-content\/uploads\/2019\/09\/campotranqueras21321.jpg","articleSection":["A - PORTADA2","CAMPO"],"inLanguage":"es"},{"@type":"WebPage","@id":"https:\/\/diariotextual.com\/inicio\/index.php\/2019\/09\/02\/preocupa-los-productores-rurales-la-pampa-la-falta-lluvias\/","url":"https:\/\/diariotextual.com\/inicio\/index.php\/2019\/09\/02\/preocupa-los-productores-rurales-la-pampa-la-falta-lluvias\/","name":"Preocupa a los productores rurales de La Pampa la falta de lluvias - Diario Textual","isPartOf":{"@id":"https:\/\/diariotextual.com\/inicio\/#website"},"primaryImageOfPage":{"@id":"https:\/\/diariotextual.com\/inicio\/index.php\/2019\/09\/02\/preocupa-los-productores-rurales-la-pampa-la-falta-lluvias\/#primaryimage"},"image":{"@id":"https:\/\/diariotextual.com\/inicio\/index.php\/2019\/09\/02\/preocupa-los-productores-rurales-la-pampa-la-falta-lluvias\/#primaryimage"},"thumbnailUrl":"https:\/\/diariotextual.com\/inicio\/wp-content\/uploads\/2019\/09\/campotranqueras21321.jpg","datePublished":"2019-09-02T22:23:24+00:00","dateModified":"2019-09-03T09:42:18+00:00","breadcrumb":{"@id":"https:\/\/diariotextual.com\/inicio\/index.php\/2019\/09\/02\/preocupa-los-productores-rurales-la-pampa-la-falta-lluvias\/#breadcrumb"},"inLanguage":"es","potentialAction":[{"@type":"ReadAction","target":["https:\/\/diariotextual.com\/inicio\/index.php\/2019\/09\/02\/preocupa-los-productores-rurales-la-pampa-la-falta-lluvias\/"]}]},{"@type":"ImageObject","inLanguage":"es","@id":"https:\/\/diariotextual.com\/inicio\/index.php\/2019\/09\/02\/preocupa-los-productores-rurales-la-pampa-la-falta-lluvias\/#primaryimage","url":"https:\/\/diariotextual.com\/inicio\/wp-content\/uploads\/2019\/09\/campotranqueras21321.jpg","contentUrl":"https:\/\/diariotextual.com\/inicio\/wp-content\/uploads\/2019\/09\/campotranqueras21321.jpg","width":825,"height":495,"caption":"?"},{"@type":"BreadcrumbList","@id":"https:\/\/diariotextual.com\/inicio\/index.php\/2019\/09\/02\/preocupa-los-productores-rurales-la-pampa-la-falta-lluvias\/#breadcrumb","itemListElement":[{"@type":"ListItem","position":1,"name":"Portada","item":"https:\/\/diariotextual.com\/inicio\/"},{"@type":"ListItem","position":2,"name":"Preocupa a los productores rurales de La Pampa la falta de lluvias"}]},{"@type":"WebSite","@id":"https:\/\/diariotextual.com\/inicio\/#website","url":"https:\/\/diariotextual.com\/inicio\/","name":"Diario Textual","description":"","publisher":{"@id":"https:\/\/diariotextual.com\/inicio\/#organization"},"potentialAction":[{"@type":"SearchAction","target":{"@type":"EntryPoint","urlTemplate":"https:\/\/diariotextual.com\/inicio\/?s={search_term_string}"},"query-input":{"@type":"PropertyValueSpecification","valueRequired":true,"valueName":"search_term_string"}}],"inLanguage":"es"},{"@type":"Organization","@id":"https:\/\/diariotextual.com\/inicio\/#organization","name":"Diario Textual","url":"https:\/\/diariotextual.com\/inicio\/","logo":{"@type":"ImageObject","inLanguage":"es","@id":"https:\/\/diariotextual.com\/inicio\/#\/schema\/logo\/image\/","url":"https:\/\/diariotextual.com\/inicio\/wp-content\/uploads\/2023\/05\/logotextual1.jpg","contentUrl":"https:\/\/diariotextual.com\/inicio\/wp-content\/uploads\/2023\/05\/logotextual1.jpg","width":516,"height":76,"caption":"Diario Textual"},"image":{"@id":"https:\/\/diariotextual.com\/inicio\/#\/schema\/logo\/image\/"},"sameAs":["https:\/\/www.facebook.com\/eltextual","https:\/\/x.com\/eltextual","http:\/\/www.instagram.com\/eltextual"]},{"@type":"Person","@id":"https:\/\/diariotextual.com\/inicio\/#\/schema\/person\/418fc4093c33e86ed41562db3508f958","name":"Diario1 Diario1","image":{"@type":"ImageObject","inLanguage":"es","@id":"https:\/\/secure.gravatar.com\/avatar\/9167d280179c85bc18be67aa7eda765854300033af4896dd779b608640f2ef7a?s=96&d=mm&r=g","url":"https:\/\/secure.gravatar.com\/avatar\/9167d280179c85bc18be67aa7eda765854300033af4896dd779b608640f2ef7a?s=96&d=mm&r=g","contentUrl":"https:\/\/secure.gravatar.com\/avatar\/9167d280179c85bc18be67aa7eda765854300033af4896dd779b608640f2ef7a?s=96&d=mm&r=g","caption":"Diario1 Diario1"},"url":"https:\/\/diariotextual.com\/inicio\/index.php\/author\/diario1\/"}]}},"_links":{"self":[{"href":"https:\/\/diariotextual.com\/inicio\/index.php\/wp-json\/wp\/v2\/posts\/61497","targetHints":{"allow":["GET"]}}],"collection":[{"href":"https:\/\/diariotextual.com\/inicio\/index.php\/wp-json\/wp\/v2\/posts"}],"about":[{"href":"https:\/\/diariotextual.com\/inicio\/index.php\/wp-json\/wp\/v2\/types\/post"}],"author":[{"embeddable":true,"href":"https:\/\/diariotextual.com\/inicio\/index.php\/wp-json\/wp\/v2\/users\/3"}],"replies":[{"embeddable":true,"href":"https:\/\/diariotextual.com\/inicio\/index.php\/wp-json\/wp\/v2\/comments?post=61497"}],"version-history":[{"count":2,"href":"https:\/\/diariotextual.com\/inicio\/index.php\/wp-json\/wp\/v2\/posts\/61497\/revisions"}],"predecessor-version":[{"id":61500,"href":"https:\/\/diariotextual.com\/inicio\/index.php\/wp-json\/wp\/v2\/posts\/61497\/revisions\/61500"}],"wp:featuredmedia":[{"embeddable":true,"href":"https:\/\/diariotextual.com\/inicio\/index.php\/wp-json\/wp\/v2\/media\/61503"}],"wp:attachment":[{"href":"https:\/\/diariotextual.com\/inicio\/index.php\/wp-json\/wp\/v2\/media?parent=61497"}],"wp:term":[{"taxonomy":"category","embeddable":true,"href":"https:\/\/diariotextual.com\/inicio\/index.php\/wp-json\/wp\/v2\/categories?post=61497"},{"taxonomy":"post_tag","embeddable":true,"href":"https:\/\/diariotextual.com\/inicio\/index.php\/wp-json\/wp\/v2\/tags?post=61497"}],"curies":[{"name":"wp","href":"https:\/\/api.w.org\/{rel}","templated":true}]}}