{"id":61561,"date":"2019-09-03T10:06:41","date_gmt":"2019-09-03T13:06:41","guid":{"rendered":"http:\/\/diariotextual.com\/inicio\/?p=61561"},"modified":"2019-09-04T09:00:17","modified_gmt":"2019-09-04T12:00:17","slug":"provincia-hara-evaluacion-satelital-ver-convoca-la-comision-emergencia","status":"publish","type":"post","link":"https:\/\/diariotextual.com\/inicio\/index.php\/2019\/09\/03\/provincia-hara-evaluacion-satelital-ver-convoca-la-comision-emergencia\/","title":{"rendered":"Sequ\u00eda: Provincia har\u00e1 evaluaci\u00f3n satelital para ver si convoca a la comisi\u00f3n de emergencia"},"content":{"rendered":"<p>El subsecretario de Asuntos Agrarios, <strong>Alexis Benini<\/strong>, dijo a Diario Textual que est\u00e1n haciendo una evaluaci\u00f3n de las <strong>im\u00e1genes satelitales<\/strong> para decidir si el Gobierno convoca a la <strong>Comisi\u00f3n de Emergencia Agropecuaria<\/strong> a ra\u00edz de la situaci\u00f3n generada en algunos departamentos por la <strong>falta de lluvias.<\/strong><\/p>\n<blockquote class=\"wp-embedded-content\" data-secret=\"JFSbvwy6Df\"><p><a href=\"http:\/\/diariotextual.com\/inicio\/index.php\/2019\/09\/02\/preocupa-los-productores-rurales-la-pampa-la-falta-lluvias\/\">Preocupa a los productores rurales de La Pampa la falta de lluvias<\/a><\/p><\/blockquote>\n<p><iframe class=\"wp-embedded-content\" sandbox=\"allow-scripts\" security=\"restricted\" style=\"position: absolute; clip: rect(1px, 1px, 1px, 1px);\" src=\"http:\/\/diariotextual.com\/inicio\/index.php\/2019\/09\/02\/preocupa-los-productores-rurales-la-pampa-la-falta-lluvias\/embed\/#?secret=JFSbvwy6Df\" data-secret=\"JFSbvwy6Df\" width=\"600\" height=\"338\" title=\"&#171;Preocupa a los productores rurales de La Pampa la falta de lluvias&#187; &#8212; Diario Textual\" frameborder=\"0\" marginwidth=\"0\" marginheight=\"0\" scrolling=\"no\"><\/iframe><\/p>\n<p><strong>\u00abTodav\u00eda no recibimos el pedido de Federaci\u00f3n Agraria, pero estamos evaluando las im\u00e1genes satelitales y en base a eso definiremos si convocamos a la comisi\u00f3n\u00bb<\/strong>, dijo Benini.<\/p>\n<p>La entidad agraria advirti\u00f3 que productores de la \u00abcasi totalidad del territorio pampeano\u00bb est\u00e1n preocupados por la falta de lluvias y le reclam\u00f3 al Gobierno que convoque a la Comisi\u00f3n de Emergencia Agropecuaria.<\/p>\n<p>En algunos casos, <strong>la falta de humedad no les permiti\u00f3 la siembra de cultivos<\/strong> y quienes las hicieron ya en esta salida de invierno no se desarrollaron lo suficiente para ser pastoreados. Si bien en el noreste provincial, la situaci\u00f3n es m\u00e1s ben\u00e9vola por tener napas m\u00e1s altas, no obstante, la superficie de los suelos tambi\u00e9n reflejan la falta de precipitaciones, explic\u00f3 la FAA.<\/p>\n<p><strong>En las zonas de Guatrach\u00e9, General Acha, Capital y Conhelo son los lugares donde m\u00e1s falta el agua.<\/strong> All\u00ed hay productores que, desde hace meses, dependen de la compra de rollos de pasto o granos para alimentar sus ganados, los que pudieron cultivar la cosecha fina ven con desagrado la ya casi p\u00e9rdida de la misma.<\/p>\n<p>&nbsp;<\/p>\n<p>&nbsp;<\/p>\n","protected":false},"excerpt":{"rendered":"<p>El subsecretario de Asuntos Agrarios, Alexis Benini, dijo a Diario Textual que est\u00e1n haciendo una evaluaci\u00f3n de las im\u00e1genes satelitales para decidir si el Gobierno convoca a la Comisi\u00f3n de&hellip;<\/p>\n","protected":false},"author":7,"featured_media":61565,"comment_status":"closed","ping_status":"open","sticky":false,"template":"","format":"standard","meta":{"_acf_changed":false,"footnotes":""},"categories":[319,12],"tags":[],"class_list":["post-61561","post","type-post","status-publish","format-standard","has-post-thumbnail","hentry","category-a-temporales","category-sociedad"],"acf":[],"yoast_head":"<!-- This site is optimized with the Yoast SEO plugin v27.5 - https:\/\/yoast.com\/product\/yoast-seo-wordpress\/ -->\n<title>Sequ\u00eda: Provincia har\u00e1 evaluaci\u00f3n satelital para ver si convoca a la comisi\u00f3n de emergencia - Diario Textual<\/title>\n<meta name=\"robots\" content=\"index, follow, max-snippet:-1, max-image-preview:large, max-video-preview:-1\" \/>\n<link rel=\"canonical\" href=\"https:\/\/diariotextual.com\/inicio\/index.php\/2019\/09\/03\/provincia-hara-evaluacion-satelital-ver-convoca-la-comision-emergencia\/\" \/>\n<meta property=\"og:locale\" content=\"es_ES\" \/>\n<meta property=\"og:type\" content=\"article\" \/>\n<meta property=\"og:title\" content=\"Sequ\u00eda: Provincia har\u00e1 evaluaci\u00f3n satelital para ver si convoca a la comisi\u00f3n de emergencia - Diario Textual\" \/>\n<meta property=\"og:description\" content=\"El subsecretario de Asuntos Agrarios, Alexis Benini, dijo a Diario Textual que est\u00e1n haciendo una evaluaci\u00f3n de las im\u00e1genes satelitales para decidir si el Gobierno convoca a la Comisi\u00f3n de&hellip;\" \/>\n<meta property=\"og:url\" content=\"https:\/\/diariotextual.com\/inicio\/index.php\/2019\/09\/03\/provincia-hara-evaluacion-satelital-ver-convoca-la-comision-emergencia\/\" \/>\n<meta property=\"og:site_name\" content=\"Diario Textual\" \/>\n<meta property=\"article:publisher\" content=\"https:\/\/www.facebook.com\/eltextual\" \/>\n<meta property=\"article:published_time\" content=\"2019-09-03T13:06:41+00:00\" \/>\n<meta property=\"article:modified_time\" content=\"2019-09-04T12:00:17+00:00\" \/>\n<meta property=\"og:image\" content=\"https:\/\/diariotextual.com\/inicio\/wp-content\/uploads\/2019\/09\/emergenciaagropecuariacomision.jpg\" \/>\n\t<meta property=\"og:image:width\" content=\"900\" \/>\n\t<meta property=\"og:image:height\" content=\"507\" \/>\n\t<meta property=\"og:image:type\" content=\"image\/jpeg\" \/>\n<meta name=\"author\" content=\"diario5\" \/>\n<meta name=\"twitter:card\" content=\"summary_large_image\" \/>\n<meta name=\"twitter:creator\" content=\"@eltextual\" \/>\n<meta name=\"twitter:site\" content=\"@eltextual\" \/>\n<meta name=\"twitter:label1\" content=\"Escrito por\" \/>\n\t<meta name=\"twitter:data1\" content=\"diario5\" \/>\n\t<meta name=\"twitter:label2\" content=\"Tiempo de lectura\" \/>\n\t<meta name=\"twitter:data2\" content=\"1 minuto\" \/>\n<script type=\"application\/ld+json\" class=\"yoast-schema-graph\">{\"@context\":\"https:\\\/\\\/schema.org\",\"@graph\":[{\"@type\":\"Article\",\"@id\":\"https:\\\/\\\/diariotextual.com\\\/inicio\\\/index.php\\\/2019\\\/09\\\/03\\\/provincia-hara-evaluacion-satelital-ver-convoca-la-comision-emergencia\\\/#article\",\"isPartOf\":{\"@id\":\"https:\\\/\\\/diariotextual.com\\\/inicio\\\/index.php\\\/2019\\\/09\\\/03\\\/provincia-hara-evaluacion-satelital-ver-convoca-la-comision-emergencia\\\/\"},\"author\":{\"name\":\"diario5\",\"@id\":\"https:\\\/\\\/diariotextual.com\\\/inicio\\\/#\\\/schema\\\/person\\\/c7834961ad8b29b1d9cdbf4571299067\"},\"headline\":\"Sequ\u00eda: Provincia har\u00e1 evaluaci\u00f3n satelital para ver si convoca a la comisi\u00f3n de emergencia\",\"datePublished\":\"2019-09-03T13:06:41+00:00\",\"dateModified\":\"2019-09-04T12:00:17+00:00\",\"mainEntityOfPage\":{\"@id\":\"https:\\\/\\\/diariotextual.com\\\/inicio\\\/index.php\\\/2019\\\/09\\\/03\\\/provincia-hara-evaluacion-satelital-ver-convoca-la-comision-emergencia\\\/\"},\"wordCount\":271,\"publisher\":{\"@id\":\"https:\\\/\\\/diariotextual.com\\\/inicio\\\/#organization\"},\"image\":{\"@id\":\"https:\\\/\\\/diariotextual.com\\\/inicio\\\/index.php\\\/2019\\\/09\\\/03\\\/provincia-hara-evaluacion-satelital-ver-convoca-la-comision-emergencia\\\/#primaryimage\"},\"thumbnailUrl\":\"https:\\\/\\\/diariotextual.com\\\/inicio\\\/wp-content\\\/uploads\\\/2019\\\/09\\\/emergenciaagropecuariacomision.jpg\",\"articleSection\":[\"A - TEMPORALES\",\"SOCIEDAD\"],\"inLanguage\":\"es\"},{\"@type\":\"WebPage\",\"@id\":\"https:\\\/\\\/diariotextual.com\\\/inicio\\\/index.php\\\/2019\\\/09\\\/03\\\/provincia-hara-evaluacion-satelital-ver-convoca-la-comision-emergencia\\\/\",\"url\":\"https:\\\/\\\/diariotextual.com\\\/inicio\\\/index.php\\\/2019\\\/09\\\/03\\\/provincia-hara-evaluacion-satelital-ver-convoca-la-comision-emergencia\\\/\",\"name\":\"Sequ\u00eda: Provincia har\u00e1 evaluaci\u00f3n satelital para ver si convoca a la comisi\u00f3n de emergencia - Diario Textual\",\"isPartOf\":{\"@id\":\"https:\\\/\\\/diariotextual.com\\\/inicio\\\/#website\"},\"primaryImageOfPage\":{\"@id\":\"https:\\\/\\\/diariotextual.com\\\/inicio\\\/index.php\\\/2019\\\/09\\\/03\\\/provincia-hara-evaluacion-satelital-ver-convoca-la-comision-emergencia\\\/#primaryimage\"},\"image\":{\"@id\":\"https:\\\/\\\/diariotextual.com\\\/inicio\\\/index.php\\\/2019\\\/09\\\/03\\\/provincia-hara-evaluacion-satelital-ver-convoca-la-comision-emergencia\\\/#primaryimage\"},\"thumbnailUrl\":\"https:\\\/\\\/diariotextual.com\\\/inicio\\\/wp-content\\\/uploads\\\/2019\\\/09\\\/emergenciaagropecuariacomision.jpg\",\"datePublished\":\"2019-09-03T13:06:41+00:00\",\"dateModified\":\"2019-09-04T12:00:17+00:00\",\"breadcrumb\":{\"@id\":\"https:\\\/\\\/diariotextual.com\\\/inicio\\\/index.php\\\/2019\\\/09\\\/03\\\/provincia-hara-evaluacion-satelital-ver-convoca-la-comision-emergencia\\\/#breadcrumb\"},\"inLanguage\":\"es\",\"potentialAction\":[{\"@type\":\"ReadAction\",\"target\":[\"https:\\\/\\\/diariotextual.com\\\/inicio\\\/index.php\\\/2019\\\/09\\\/03\\\/provincia-hara-evaluacion-satelital-ver-convoca-la-comision-emergencia\\\/\"]}]},{\"@type\":\"ImageObject\",\"inLanguage\":\"es\",\"@id\":\"https:\\\/\\\/diariotextual.com\\\/inicio\\\/index.php\\\/2019\\\/09\\\/03\\\/provincia-hara-evaluacion-satelital-ver-convoca-la-comision-emergencia\\\/#primaryimage\",\"url\":\"https:\\\/\\\/diariotextual.com\\\/inicio\\\/wp-content\\\/uploads\\\/2019\\\/09\\\/emergenciaagropecuariacomision.jpg\",\"contentUrl\":\"https:\\\/\\\/diariotextual.com\\\/inicio\\\/wp-content\\\/uploads\\\/2019\\\/09\\\/emergenciaagropecuariacomision.jpg\",\"width\":900,\"height\":507},{\"@type\":\"BreadcrumbList\",\"@id\":\"https:\\\/\\\/diariotextual.com\\\/inicio\\\/index.php\\\/2019\\\/09\\\/03\\\/provincia-hara-evaluacion-satelital-ver-convoca-la-comision-emergencia\\\/#breadcrumb\",\"itemListElement\":[{\"@type\":\"ListItem\",\"position\":1,\"name\":\"Portada\",\"item\":\"https:\\\/\\\/diariotextual.com\\\/inicio\\\/\"},{\"@type\":\"ListItem\",\"position\":2,\"name\":\"Sequ\u00eda: Provincia har\u00e1 evaluaci\u00f3n satelital para ver si convoca a la comisi\u00f3n de emergencia\"}]},{\"@type\":\"WebSite\",\"@id\":\"https:\\\/\\\/diariotextual.com\\\/inicio\\\/#website\",\"url\":\"https:\\\/\\\/diariotextual.com\\\/inicio\\\/\",\"name\":\"Diario Textual\",\"description\":\"\",\"publisher\":{\"@id\":\"https:\\\/\\\/diariotextual.com\\\/inicio\\\/#organization\"},\"potentialAction\":[{\"@type\":\"SearchAction\",\"target\":{\"@type\":\"EntryPoint\",\"urlTemplate\":\"https:\\\/\\\/diariotextual.com\\\/inicio\\\/?s={search_term_string}\"},\"query-input\":{\"@type\":\"PropertyValueSpecification\",\"valueRequired\":true,\"valueName\":\"search_term_string\"}}],\"inLanguage\":\"es\"},{\"@type\":\"Organization\",\"@id\":\"https:\\\/\\\/diariotextual.com\\\/inicio\\\/#organization\",\"name\":\"Diario Textual\",\"url\":\"https:\\\/\\\/diariotextual.com\\\/inicio\\\/\",\"logo\":{\"@type\":\"ImageObject\",\"inLanguage\":\"es\",\"@id\":\"https:\\\/\\\/diariotextual.com\\\/inicio\\\/#\\\/schema\\\/logo\\\/image\\\/\",\"url\":\"https:\\\/\\\/diariotextual.com\\\/inicio\\\/wp-content\\\/uploads\\\/2023\\\/05\\\/logotextual1.jpg\",\"contentUrl\":\"https:\\\/\\\/diariotextual.com\\\/inicio\\\/wp-content\\\/uploads\\\/2023\\\/05\\\/logotextual1.jpg\",\"width\":516,\"height\":76,\"caption\":\"Diario Textual\"},\"image\":{\"@id\":\"https:\\\/\\\/diariotextual.com\\\/inicio\\\/#\\\/schema\\\/logo\\\/image\\\/\"},\"sameAs\":[\"https:\\\/\\\/www.facebook.com\\\/eltextual\",\"https:\\\/\\\/x.com\\\/eltextual\",\"http:\\\/\\\/www.instagram.com\\\/eltextual\"]},{\"@type\":\"Person\",\"@id\":\"https:\\\/\\\/diariotextual.com\\\/inicio\\\/#\\\/schema\\\/person\\\/c7834961ad8b29b1d9cdbf4571299067\",\"name\":\"diario5\",\"image\":{\"@type\":\"ImageObject\",\"inLanguage\":\"es\",\"@id\":\"https:\\\/\\\/secure.gravatar.com\\\/avatar\\\/948c893b847ca6df68216ead81b63f363408ec9b0f600fefc0641ce78613b111?s=96&d=mm&r=g\",\"url\":\"https:\\\/\\\/secure.gravatar.com\\\/avatar\\\/948c893b847ca6df68216ead81b63f363408ec9b0f600fefc0641ce78613b111?s=96&d=mm&r=g\",\"contentUrl\":\"https:\\\/\\\/secure.gravatar.com\\\/avatar\\\/948c893b847ca6df68216ead81b63f363408ec9b0f600fefc0641ce78613b111?s=96&d=mm&r=g\",\"caption\":\"diario5\"},\"url\":\"https:\\\/\\\/diariotextual.com\\\/inicio\\\/index.php\\\/author\\\/diario5\\\/\"}]}<\/script>\n<!-- \/ Yoast SEO plugin. -->","yoast_head_json":{"title":"Sequ\u00eda: Provincia har\u00e1 evaluaci\u00f3n satelital para ver si convoca a la comisi\u00f3n de emergencia - Diario Textual","robots":{"index":"index","follow":"follow","max-snippet":"max-snippet:-1","max-image-preview":"max-image-preview:large","max-video-preview":"max-video-preview:-1"},"canonical":"https:\/\/diariotextual.com\/inicio\/index.php\/2019\/09\/03\/provincia-hara-evaluacion-satelital-ver-convoca-la-comision-emergencia\/","og_locale":"es_ES","og_type":"article","og_title":"Sequ\u00eda: Provincia har\u00e1 evaluaci\u00f3n satelital para ver si convoca a la comisi\u00f3n de emergencia - Diario Textual","og_description":"El subsecretario de Asuntos Agrarios, Alexis Benini, dijo a Diario Textual que est\u00e1n haciendo una evaluaci\u00f3n de las im\u00e1genes satelitales para decidir si el Gobierno convoca a la Comisi\u00f3n de&hellip;","og_url":"https:\/\/diariotextual.com\/inicio\/index.php\/2019\/09\/03\/provincia-hara-evaluacion-satelital-ver-convoca-la-comision-emergencia\/","og_site_name":"Diario Textual","article_publisher":"https:\/\/www.facebook.com\/eltextual","article_published_time":"2019-09-03T13:06:41+00:00","article_modified_time":"2019-09-04T12:00:17+00:00","og_image":[{"width":900,"height":507,"url":"https:\/\/diariotextual.com\/inicio\/wp-content\/uploads\/2019\/09\/emergenciaagropecuariacomision.jpg","type":"image\/jpeg"}],"author":"diario5","twitter_card":"summary_large_image","twitter_creator":"@eltextual","twitter_site":"@eltextual","twitter_misc":{"Escrito por":"diario5","Tiempo de lectura":"1 minuto"},"schema":{"@context":"https:\/\/schema.org","@graph":[{"@type":"Article","@id":"https:\/\/diariotextual.com\/inicio\/index.php\/2019\/09\/03\/provincia-hara-evaluacion-satelital-ver-convoca-la-comision-emergencia\/#article","isPartOf":{"@id":"https:\/\/diariotextual.com\/inicio\/index.php\/2019\/09\/03\/provincia-hara-evaluacion-satelital-ver-convoca-la-comision-emergencia\/"},"author":{"name":"diario5","@id":"https:\/\/diariotextual.com\/inicio\/#\/schema\/person\/c7834961ad8b29b1d9cdbf4571299067"},"headline":"Sequ\u00eda: Provincia har\u00e1 evaluaci\u00f3n satelital para ver si convoca a la comisi\u00f3n de emergencia","datePublished":"2019-09-03T13:06:41+00:00","dateModified":"2019-09-04T12:00:17+00:00","mainEntityOfPage":{"@id":"https:\/\/diariotextual.com\/inicio\/index.php\/2019\/09\/03\/provincia-hara-evaluacion-satelital-ver-convoca-la-comision-emergencia\/"},"wordCount":271,"publisher":{"@id":"https:\/\/diariotextual.com\/inicio\/#organization"},"image":{"@id":"https:\/\/diariotextual.com\/inicio\/index.php\/2019\/09\/03\/provincia-hara-evaluacion-satelital-ver-convoca-la-comision-emergencia\/#primaryimage"},"thumbnailUrl":"https:\/\/diariotextual.com\/inicio\/wp-content\/uploads\/2019\/09\/emergenciaagropecuariacomision.jpg","articleSection":["A - TEMPORALES","SOCIEDAD"],"inLanguage":"es"},{"@type":"WebPage","@id":"https:\/\/diariotextual.com\/inicio\/index.php\/2019\/09\/03\/provincia-hara-evaluacion-satelital-ver-convoca-la-comision-emergencia\/","url":"https:\/\/diariotextual.com\/inicio\/index.php\/2019\/09\/03\/provincia-hara-evaluacion-satelital-ver-convoca-la-comision-emergencia\/","name":"Sequ\u00eda: Provincia har\u00e1 evaluaci\u00f3n satelital para ver si convoca a la comisi\u00f3n de emergencia - Diario Textual","isPartOf":{"@id":"https:\/\/diariotextual.com\/inicio\/#website"},"primaryImageOfPage":{"@id":"https:\/\/diariotextual.com\/inicio\/index.php\/2019\/09\/03\/provincia-hara-evaluacion-satelital-ver-convoca-la-comision-emergencia\/#primaryimage"},"image":{"@id":"https:\/\/diariotextual.com\/inicio\/index.php\/2019\/09\/03\/provincia-hara-evaluacion-satelital-ver-convoca-la-comision-emergencia\/#primaryimage"},"thumbnailUrl":"https:\/\/diariotextual.com\/inicio\/wp-content\/uploads\/2019\/09\/emergenciaagropecuariacomision.jpg","datePublished":"2019-09-03T13:06:41+00:00","dateModified":"2019-09-04T12:00:17+00:00","breadcrumb":{"@id":"https:\/\/diariotextual.com\/inicio\/index.php\/2019\/09\/03\/provincia-hara-evaluacion-satelital-ver-convoca-la-comision-emergencia\/#breadcrumb"},"inLanguage":"es","potentialAction":[{"@type":"ReadAction","target":["https:\/\/diariotextual.com\/inicio\/index.php\/2019\/09\/03\/provincia-hara-evaluacion-satelital-ver-convoca-la-comision-emergencia\/"]}]},{"@type":"ImageObject","inLanguage":"es","@id":"https:\/\/diariotextual.com\/inicio\/index.php\/2019\/09\/03\/provincia-hara-evaluacion-satelital-ver-convoca-la-comision-emergencia\/#primaryimage","url":"https:\/\/diariotextual.com\/inicio\/wp-content\/uploads\/2019\/09\/emergenciaagropecuariacomision.jpg","contentUrl":"https:\/\/diariotextual.com\/inicio\/wp-content\/uploads\/2019\/09\/emergenciaagropecuariacomision.jpg","width":900,"height":507},{"@type":"BreadcrumbList","@id":"https:\/\/diariotextual.com\/inicio\/index.php\/2019\/09\/03\/provincia-hara-evaluacion-satelital-ver-convoca-la-comision-emergencia\/#breadcrumb","itemListElement":[{"@type":"ListItem","position":1,"name":"Portada","item":"https:\/\/diariotextual.com\/inicio\/"},{"@type":"ListItem","position":2,"name":"Sequ\u00eda: Provincia har\u00e1 evaluaci\u00f3n satelital para ver si convoca a la comisi\u00f3n de emergencia"}]},{"@type":"WebSite","@id":"https:\/\/diariotextual.com\/inicio\/#website","url":"https:\/\/diariotextual.com\/inicio\/","name":"Diario Textual","description":"","publisher":{"@id":"https:\/\/diariotextual.com\/inicio\/#organization"},"potentialAction":[{"@type":"SearchAction","target":{"@type":"EntryPoint","urlTemplate":"https:\/\/diariotextual.com\/inicio\/?s={search_term_string}"},"query-input":{"@type":"PropertyValueSpecification","valueRequired":true,"valueName":"search_term_string"}}],"inLanguage":"es"},{"@type":"Organization","@id":"https:\/\/diariotextual.com\/inicio\/#organization","name":"Diario Textual","url":"https:\/\/diariotextual.com\/inicio\/","logo":{"@type":"ImageObject","inLanguage":"es","@id":"https:\/\/diariotextual.com\/inicio\/#\/schema\/logo\/image\/","url":"https:\/\/diariotextual.com\/inicio\/wp-content\/uploads\/2023\/05\/logotextual1.jpg","contentUrl":"https:\/\/diariotextual.com\/inicio\/wp-content\/uploads\/2023\/05\/logotextual1.jpg","width":516,"height":76,"caption":"Diario Textual"},"image":{"@id":"https:\/\/diariotextual.com\/inicio\/#\/schema\/logo\/image\/"},"sameAs":["https:\/\/www.facebook.com\/eltextual","https:\/\/x.com\/eltextual","http:\/\/www.instagram.com\/eltextual"]},{"@type":"Person","@id":"https:\/\/diariotextual.com\/inicio\/#\/schema\/person\/c7834961ad8b29b1d9cdbf4571299067","name":"diario5","image":{"@type":"ImageObject","inLanguage":"es","@id":"https:\/\/secure.gravatar.com\/avatar\/948c893b847ca6df68216ead81b63f363408ec9b0f600fefc0641ce78613b111?s=96&d=mm&r=g","url":"https:\/\/secure.gravatar.com\/avatar\/948c893b847ca6df68216ead81b63f363408ec9b0f600fefc0641ce78613b111?s=96&d=mm&r=g","contentUrl":"https:\/\/secure.gravatar.com\/avatar\/948c893b847ca6df68216ead81b63f363408ec9b0f600fefc0641ce78613b111?s=96&d=mm&r=g","caption":"diario5"},"url":"https:\/\/diariotextual.com\/inicio\/index.php\/author\/diario5\/"}]}},"_links":{"self":[{"href":"https:\/\/diariotextual.com\/inicio\/index.php\/wp-json\/wp\/v2\/posts\/61561","targetHints":{"allow":["GET"]}}],"collection":[{"href":"https:\/\/diariotextual.com\/inicio\/index.php\/wp-json\/wp\/v2\/posts"}],"about":[{"href":"https:\/\/diariotextual.com\/inicio\/index.php\/wp-json\/wp\/v2\/types\/post"}],"author":[{"embeddable":true,"href":"https:\/\/diariotextual.com\/inicio\/index.php\/wp-json\/wp\/v2\/users\/7"}],"replies":[{"embeddable":true,"href":"https:\/\/diariotextual.com\/inicio\/index.php\/wp-json\/wp\/v2\/comments?post=61561"}],"version-history":[{"count":2,"href":"https:\/\/diariotextual.com\/inicio\/index.php\/wp-json\/wp\/v2\/posts\/61561\/revisions"}],"predecessor-version":[{"id":61568,"href":"https:\/\/diariotextual.com\/inicio\/index.php\/wp-json\/wp\/v2\/posts\/61561\/revisions\/61568"}],"wp:featuredmedia":[{"embeddable":true,"href":"https:\/\/diariotextual.com\/inicio\/index.php\/wp-json\/wp\/v2\/media\/61565"}],"wp:attachment":[{"href":"https:\/\/diariotextual.com\/inicio\/index.php\/wp-json\/wp\/v2\/media?parent=61561"}],"wp:term":[{"taxonomy":"category","embeddable":true,"href":"https:\/\/diariotextual.com\/inicio\/index.php\/wp-json\/wp\/v2\/categories?post=61561"},{"taxonomy":"post_tag","embeddable":true,"href":"https:\/\/diariotextual.com\/inicio\/index.php\/wp-json\/wp\/v2\/tags?post=61561"}],"curies":[{"name":"wp","href":"https:\/\/api.w.org\/{rel}","templated":true}]}}