{"id":61605,"date":"2019-09-05T12:00:10","date_gmt":"2019-09-05T15:00:10","guid":{"rendered":"http:\/\/diariotextual.com\/inicio\/?p=61605"},"modified":"2019-09-05T13:52:45","modified_gmt":"2019-09-05T16:52:45","slug":"editorial-voces-presenta-nuevas-obras-los-pioneros","status":"publish","type":"post","link":"https:\/\/diariotextual.com\/inicio\/index.php\/2019\/09\/05\/editorial-voces-presenta-nuevas-obras-los-pioneros\/","title":{"rendered":"Editorial Voces presenta nuevas obras en Los Pioneros"},"content":{"rendered":"<p>Editorial Voces de la CPE invit\u00f3 a la comunidad a la presentaci\u00f3n de sus dos recientes obras: <strong>el disco \u201cUn territorio inabarcable\u201d, poes\u00eda le\u00edda del escritor Edgar Morisoli, y la reedici\u00f3n del libro de relatos y poemas \u201cOnce aguas\u201d, de Walter Cazenave<\/strong>. El acto cultural es este jueves 5, a las 20 horas, en el sal\u00f3n de Los Pioneros, en Alsina y Pellegrini. Participar\u00e1n los m\u00fasicos Alberto \u201cFueguito\u201d Acosta y Ra\u00fal Santajuliana.<\/p>\n<p>Este nuevo trabajo de don Edgar Morisoli incluye dos obras: \u201cSolar del Viento\u201d y \u201cRapsodia de los olvidos\u201d que llevan su propia voz y el acompa\u00f1amiento en guitarra y composici\u00f3n de Acosta y Santajuliana. La grabaci\u00f3n se realiz\u00f3 en Estudios Tierra Adentro, por Federico Camilletti, entre octubre de 2016 y junio de 2018. Tambi\u00e9n incluye un texto denominado \u201cTextos y testimonios\u201d, donde aportaron sus voces las actrices \u201dTuchi\u201d Gazia y Nilda Valcarcel (fallecida hace casi un a\u00f1o) y los m\u00fasicos mencionados.<\/p>\n<p>En tanto, la obra de Cazenave es la primera experiencia de reedici\u00f3n de la Editorial de la CPE. La primera aparici\u00f3n de \u201cOnce aguas\u201d fue en agosto de 2015. Esta segunda edici\u00f3n incorpora un texto in\u00e9dito: \u201cMemoria del Molino\u201d, por lo que ahora son 18 relatos y 3 poemas que atraviesan el t\u00f3pico del agua, tan propio de nuestra literatura.<\/p>\n","protected":false},"excerpt":{"rendered":"<p>Editorial Voces de la CPE invit\u00f3 a la comunidad a la presentaci\u00f3n de sus dos recientes obras: el disco \u201cUn territorio inabarcable\u201d, poes\u00eda le\u00edda del escritor Edgar Morisoli, y la&hellip;<\/p>\n","protected":false},"author":4,"featured_media":61606,"comment_status":"closed","ping_status":"open","sticky":false,"template":"","format":"standard","meta":{"_acf_changed":false,"footnotes":""},"categories":[11,319,2],"tags":[],"class_list":["post-61605","post","type-post","status-publish","format-standard","has-post-thumbnail","hentry","category-que-pasa","category-a-temporales","category-cultura"],"acf":[],"yoast_head":"<!-- This site is optimized with the Yoast SEO plugin v27.5 - https:\/\/yoast.com\/product\/yoast-seo-wordpress\/ -->\n<title>Editorial Voces presenta nuevas obras en Los Pioneros - Diario Textual<\/title>\n<meta name=\"robots\" content=\"index, follow, max-snippet:-1, max-image-preview:large, max-video-preview:-1\" \/>\n<link rel=\"canonical\" href=\"https:\/\/diariotextual.com\/inicio\/index.php\/2019\/09\/05\/editorial-voces-presenta-nuevas-obras-los-pioneros\/\" \/>\n<meta property=\"og:locale\" content=\"es_ES\" \/>\n<meta property=\"og:type\" content=\"article\" \/>\n<meta property=\"og:title\" content=\"Editorial Voces presenta nuevas obras en Los Pioneros - Diario Textual\" \/>\n<meta property=\"og:description\" content=\"Editorial Voces de la CPE invit\u00f3 a la comunidad a la presentaci\u00f3n de sus dos recientes obras: el disco \u201cUn territorio inabarcable\u201d, poes\u00eda le\u00edda del escritor Edgar Morisoli, y la&hellip;\" \/>\n<meta property=\"og:url\" content=\"https:\/\/diariotextual.com\/inicio\/index.php\/2019\/09\/05\/editorial-voces-presenta-nuevas-obras-los-pioneros\/\" \/>\n<meta property=\"og:site_name\" content=\"Diario Textual\" \/>\n<meta property=\"article:publisher\" content=\"https:\/\/www.facebook.com\/eltextual\" \/>\n<meta property=\"article:published_time\" content=\"2019-09-05T15:00:10+00:00\" \/>\n<meta property=\"article:modified_time\" content=\"2019-09-05T16:52:45+00:00\" \/>\n<meta property=\"og:image\" content=\"https:\/\/diariotextual.com\/inicio\/wp-content\/uploads\/2019\/09\/morisoliedgarcd.jpg\" \/>\n\t<meta property=\"og:image:width\" content=\"806\" \/>\n\t<meta property=\"og:image:height\" content=\"501\" \/>\n\t<meta property=\"og:image:type\" content=\"image\/jpeg\" \/>\n<meta name=\"author\" content=\"diario2\" \/>\n<meta name=\"twitter:card\" content=\"summary_large_image\" \/>\n<meta name=\"twitter:creator\" content=\"@eltextual\" \/>\n<meta name=\"twitter:site\" content=\"@eltextual\" \/>\n<meta name=\"twitter:label1\" content=\"Escrito por\" \/>\n\t<meta name=\"twitter:data1\" content=\"diario2\" \/>\n\t<meta name=\"twitter:label2\" content=\"Tiempo de lectura\" \/>\n\t<meta name=\"twitter:data2\" content=\"1 minuto\" \/>\n<script type=\"application\/ld+json\" class=\"yoast-schema-graph\">{\"@context\":\"https:\\\/\\\/schema.org\",\"@graph\":[{\"@type\":\"Article\",\"@id\":\"https:\\\/\\\/diariotextual.com\\\/inicio\\\/index.php\\\/2019\\\/09\\\/05\\\/editorial-voces-presenta-nuevas-obras-los-pioneros\\\/#article\",\"isPartOf\":{\"@id\":\"https:\\\/\\\/diariotextual.com\\\/inicio\\\/index.php\\\/2019\\\/09\\\/05\\\/editorial-voces-presenta-nuevas-obras-los-pioneros\\\/\"},\"author\":{\"name\":\"diario2\",\"@id\":\"https:\\\/\\\/diariotextual.com\\\/inicio\\\/#\\\/schema\\\/person\\\/694f60677f23c4a530867a98f22b3768\"},\"headline\":\"Editorial Voces presenta nuevas obras en Los Pioneros\",\"datePublished\":\"2019-09-05T15:00:10+00:00\",\"dateModified\":\"2019-09-05T16:52:45+00:00\",\"mainEntityOfPage\":{\"@id\":\"https:\\\/\\\/diariotextual.com\\\/inicio\\\/index.php\\\/2019\\\/09\\\/05\\\/editorial-voces-presenta-nuevas-obras-los-pioneros\\\/\"},\"wordCount\":233,\"publisher\":{\"@id\":\"https:\\\/\\\/diariotextual.com\\\/inicio\\\/#organization\"},\"image\":{\"@id\":\"https:\\\/\\\/diariotextual.com\\\/inicio\\\/index.php\\\/2019\\\/09\\\/05\\\/editorial-voces-presenta-nuevas-obras-los-pioneros\\\/#primaryimage\"},\"thumbnailUrl\":\"https:\\\/\\\/diariotextual.com\\\/inicio\\\/wp-content\\\/uploads\\\/2019\\\/09\\\/morisoliedgarcd.jpg\",\"articleSection\":[\"A - QUE PASA (al costado)\",\"A - TEMPORALES\",\"CULTURA\"],\"inLanguage\":\"es\"},{\"@type\":\"WebPage\",\"@id\":\"https:\\\/\\\/diariotextual.com\\\/inicio\\\/index.php\\\/2019\\\/09\\\/05\\\/editorial-voces-presenta-nuevas-obras-los-pioneros\\\/\",\"url\":\"https:\\\/\\\/diariotextual.com\\\/inicio\\\/index.php\\\/2019\\\/09\\\/05\\\/editorial-voces-presenta-nuevas-obras-los-pioneros\\\/\",\"name\":\"Editorial Voces presenta nuevas obras en Los Pioneros - Diario Textual\",\"isPartOf\":{\"@id\":\"https:\\\/\\\/diariotextual.com\\\/inicio\\\/#website\"},\"primaryImageOfPage\":{\"@id\":\"https:\\\/\\\/diariotextual.com\\\/inicio\\\/index.php\\\/2019\\\/09\\\/05\\\/editorial-voces-presenta-nuevas-obras-los-pioneros\\\/#primaryimage\"},\"image\":{\"@id\":\"https:\\\/\\\/diariotextual.com\\\/inicio\\\/index.php\\\/2019\\\/09\\\/05\\\/editorial-voces-presenta-nuevas-obras-los-pioneros\\\/#primaryimage\"},\"thumbnailUrl\":\"https:\\\/\\\/diariotextual.com\\\/inicio\\\/wp-content\\\/uploads\\\/2019\\\/09\\\/morisoliedgarcd.jpg\",\"datePublished\":\"2019-09-05T15:00:10+00:00\",\"dateModified\":\"2019-09-05T16:52:45+00:00\",\"breadcrumb\":{\"@id\":\"https:\\\/\\\/diariotextual.com\\\/inicio\\\/index.php\\\/2019\\\/09\\\/05\\\/editorial-voces-presenta-nuevas-obras-los-pioneros\\\/#breadcrumb\"},\"inLanguage\":\"es\",\"potentialAction\":[{\"@type\":\"ReadAction\",\"target\":[\"https:\\\/\\\/diariotextual.com\\\/inicio\\\/index.php\\\/2019\\\/09\\\/05\\\/editorial-voces-presenta-nuevas-obras-los-pioneros\\\/\"]}]},{\"@type\":\"ImageObject\",\"inLanguage\":\"es\",\"@id\":\"https:\\\/\\\/diariotextual.com\\\/inicio\\\/index.php\\\/2019\\\/09\\\/05\\\/editorial-voces-presenta-nuevas-obras-los-pioneros\\\/#primaryimage\",\"url\":\"https:\\\/\\\/diariotextual.com\\\/inicio\\\/wp-content\\\/uploads\\\/2019\\\/09\\\/morisoliedgarcd.jpg\",\"contentUrl\":\"https:\\\/\\\/diariotextual.com\\\/inicio\\\/wp-content\\\/uploads\\\/2019\\\/09\\\/morisoliedgarcd.jpg\",\"width\":806,\"height\":501},{\"@type\":\"BreadcrumbList\",\"@id\":\"https:\\\/\\\/diariotextual.com\\\/inicio\\\/index.php\\\/2019\\\/09\\\/05\\\/editorial-voces-presenta-nuevas-obras-los-pioneros\\\/#breadcrumb\",\"itemListElement\":[{\"@type\":\"ListItem\",\"position\":1,\"name\":\"Portada\",\"item\":\"https:\\\/\\\/diariotextual.com\\\/inicio\\\/\"},{\"@type\":\"ListItem\",\"position\":2,\"name\":\"Editorial Voces presenta nuevas obras en Los Pioneros\"}]},{\"@type\":\"WebSite\",\"@id\":\"https:\\\/\\\/diariotextual.com\\\/inicio\\\/#website\",\"url\":\"https:\\\/\\\/diariotextual.com\\\/inicio\\\/\",\"name\":\"Diario Textual\",\"description\":\"\",\"publisher\":{\"@id\":\"https:\\\/\\\/diariotextual.com\\\/inicio\\\/#organization\"},\"potentialAction\":[{\"@type\":\"SearchAction\",\"target\":{\"@type\":\"EntryPoint\",\"urlTemplate\":\"https:\\\/\\\/diariotextual.com\\\/inicio\\\/?s={search_term_string}\"},\"query-input\":{\"@type\":\"PropertyValueSpecification\",\"valueRequired\":true,\"valueName\":\"search_term_string\"}}],\"inLanguage\":\"es\"},{\"@type\":\"Organization\",\"@id\":\"https:\\\/\\\/diariotextual.com\\\/inicio\\\/#organization\",\"name\":\"Diario Textual\",\"url\":\"https:\\\/\\\/diariotextual.com\\\/inicio\\\/\",\"logo\":{\"@type\":\"ImageObject\",\"inLanguage\":\"es\",\"@id\":\"https:\\\/\\\/diariotextual.com\\\/inicio\\\/#\\\/schema\\\/logo\\\/image\\\/\",\"url\":\"https:\\\/\\\/diariotextual.com\\\/inicio\\\/wp-content\\\/uploads\\\/2023\\\/05\\\/logotextual1.jpg\",\"contentUrl\":\"https:\\\/\\\/diariotextual.com\\\/inicio\\\/wp-content\\\/uploads\\\/2023\\\/05\\\/logotextual1.jpg\",\"width\":516,\"height\":76,\"caption\":\"Diario Textual\"},\"image\":{\"@id\":\"https:\\\/\\\/diariotextual.com\\\/inicio\\\/#\\\/schema\\\/logo\\\/image\\\/\"},\"sameAs\":[\"https:\\\/\\\/www.facebook.com\\\/eltextual\",\"https:\\\/\\\/x.com\\\/eltextual\",\"http:\\\/\\\/www.instagram.com\\\/eltextual\"]},{\"@type\":\"Person\",\"@id\":\"https:\\\/\\\/diariotextual.com\\\/inicio\\\/#\\\/schema\\\/person\\\/694f60677f23c4a530867a98f22b3768\",\"name\":\"diario2\",\"image\":{\"@type\":\"ImageObject\",\"inLanguage\":\"es\",\"@id\":\"https:\\\/\\\/secure.gravatar.com\\\/avatar\\\/5a2567495ba16b852fcd8f1ed006a2e24fcace936018ed8237e95f488ad6e0a7?s=96&d=mm&r=g\",\"url\":\"https:\\\/\\\/secure.gravatar.com\\\/avatar\\\/5a2567495ba16b852fcd8f1ed006a2e24fcace936018ed8237e95f488ad6e0a7?s=96&d=mm&r=g\",\"contentUrl\":\"https:\\\/\\\/secure.gravatar.com\\\/avatar\\\/5a2567495ba16b852fcd8f1ed006a2e24fcace936018ed8237e95f488ad6e0a7?s=96&d=mm&r=g\",\"caption\":\"diario2\"},\"url\":\"https:\\\/\\\/diariotextual.com\\\/inicio\\\/index.php\\\/author\\\/diario2\\\/\"}]}<\/script>\n<!-- \/ Yoast SEO plugin. -->","yoast_head_json":{"title":"Editorial Voces presenta nuevas obras en Los Pioneros - Diario Textual","robots":{"index":"index","follow":"follow","max-snippet":"max-snippet:-1","max-image-preview":"max-image-preview:large","max-video-preview":"max-video-preview:-1"},"canonical":"https:\/\/diariotextual.com\/inicio\/index.php\/2019\/09\/05\/editorial-voces-presenta-nuevas-obras-los-pioneros\/","og_locale":"es_ES","og_type":"article","og_title":"Editorial Voces presenta nuevas obras en Los Pioneros - Diario Textual","og_description":"Editorial Voces de la CPE invit\u00f3 a la comunidad a la presentaci\u00f3n de sus dos recientes obras: el disco \u201cUn territorio inabarcable\u201d, poes\u00eda le\u00edda del escritor Edgar Morisoli, y la&hellip;","og_url":"https:\/\/diariotextual.com\/inicio\/index.php\/2019\/09\/05\/editorial-voces-presenta-nuevas-obras-los-pioneros\/","og_site_name":"Diario Textual","article_publisher":"https:\/\/www.facebook.com\/eltextual","article_published_time":"2019-09-05T15:00:10+00:00","article_modified_time":"2019-09-05T16:52:45+00:00","og_image":[{"width":806,"height":501,"url":"https:\/\/diariotextual.com\/inicio\/wp-content\/uploads\/2019\/09\/morisoliedgarcd.jpg","type":"image\/jpeg"}],"author":"diario2","twitter_card":"summary_large_image","twitter_creator":"@eltextual","twitter_site":"@eltextual","twitter_misc":{"Escrito por":"diario2","Tiempo de lectura":"1 minuto"},"schema":{"@context":"https:\/\/schema.org","@graph":[{"@type":"Article","@id":"https:\/\/diariotextual.com\/inicio\/index.php\/2019\/09\/05\/editorial-voces-presenta-nuevas-obras-los-pioneros\/#article","isPartOf":{"@id":"https:\/\/diariotextual.com\/inicio\/index.php\/2019\/09\/05\/editorial-voces-presenta-nuevas-obras-los-pioneros\/"},"author":{"name":"diario2","@id":"https:\/\/diariotextual.com\/inicio\/#\/schema\/person\/694f60677f23c4a530867a98f22b3768"},"headline":"Editorial Voces presenta nuevas obras en Los Pioneros","datePublished":"2019-09-05T15:00:10+00:00","dateModified":"2019-09-05T16:52:45+00:00","mainEntityOfPage":{"@id":"https:\/\/diariotextual.com\/inicio\/index.php\/2019\/09\/05\/editorial-voces-presenta-nuevas-obras-los-pioneros\/"},"wordCount":233,"publisher":{"@id":"https:\/\/diariotextual.com\/inicio\/#organization"},"image":{"@id":"https:\/\/diariotextual.com\/inicio\/index.php\/2019\/09\/05\/editorial-voces-presenta-nuevas-obras-los-pioneros\/#primaryimage"},"thumbnailUrl":"https:\/\/diariotextual.com\/inicio\/wp-content\/uploads\/2019\/09\/morisoliedgarcd.jpg","articleSection":["A - QUE PASA (al costado)","A - TEMPORALES","CULTURA"],"inLanguage":"es"},{"@type":"WebPage","@id":"https:\/\/diariotextual.com\/inicio\/index.php\/2019\/09\/05\/editorial-voces-presenta-nuevas-obras-los-pioneros\/","url":"https:\/\/diariotextual.com\/inicio\/index.php\/2019\/09\/05\/editorial-voces-presenta-nuevas-obras-los-pioneros\/","name":"Editorial Voces presenta nuevas obras en Los Pioneros - Diario Textual","isPartOf":{"@id":"https:\/\/diariotextual.com\/inicio\/#website"},"primaryImageOfPage":{"@id":"https:\/\/diariotextual.com\/inicio\/index.php\/2019\/09\/05\/editorial-voces-presenta-nuevas-obras-los-pioneros\/#primaryimage"},"image":{"@id":"https:\/\/diariotextual.com\/inicio\/index.php\/2019\/09\/05\/editorial-voces-presenta-nuevas-obras-los-pioneros\/#primaryimage"},"thumbnailUrl":"https:\/\/diariotextual.com\/inicio\/wp-content\/uploads\/2019\/09\/morisoliedgarcd.jpg","datePublished":"2019-09-05T15:00:10+00:00","dateModified":"2019-09-05T16:52:45+00:00","breadcrumb":{"@id":"https:\/\/diariotextual.com\/inicio\/index.php\/2019\/09\/05\/editorial-voces-presenta-nuevas-obras-los-pioneros\/#breadcrumb"},"inLanguage":"es","potentialAction":[{"@type":"ReadAction","target":["https:\/\/diariotextual.com\/inicio\/index.php\/2019\/09\/05\/editorial-voces-presenta-nuevas-obras-los-pioneros\/"]}]},{"@type":"ImageObject","inLanguage":"es","@id":"https:\/\/diariotextual.com\/inicio\/index.php\/2019\/09\/05\/editorial-voces-presenta-nuevas-obras-los-pioneros\/#primaryimage","url":"https:\/\/diariotextual.com\/inicio\/wp-content\/uploads\/2019\/09\/morisoliedgarcd.jpg","contentUrl":"https:\/\/diariotextual.com\/inicio\/wp-content\/uploads\/2019\/09\/morisoliedgarcd.jpg","width":806,"height":501},{"@type":"BreadcrumbList","@id":"https:\/\/diariotextual.com\/inicio\/index.php\/2019\/09\/05\/editorial-voces-presenta-nuevas-obras-los-pioneros\/#breadcrumb","itemListElement":[{"@type":"ListItem","position":1,"name":"Portada","item":"https:\/\/diariotextual.com\/inicio\/"},{"@type":"ListItem","position":2,"name":"Editorial Voces presenta nuevas obras en Los Pioneros"}]},{"@type":"WebSite","@id":"https:\/\/diariotextual.com\/inicio\/#website","url":"https:\/\/diariotextual.com\/inicio\/","name":"Diario Textual","description":"","publisher":{"@id":"https:\/\/diariotextual.com\/inicio\/#organization"},"potentialAction":[{"@type":"SearchAction","target":{"@type":"EntryPoint","urlTemplate":"https:\/\/diariotextual.com\/inicio\/?s={search_term_string}"},"query-input":{"@type":"PropertyValueSpecification","valueRequired":true,"valueName":"search_term_string"}}],"inLanguage":"es"},{"@type":"Organization","@id":"https:\/\/diariotextual.com\/inicio\/#organization","name":"Diario Textual","url":"https:\/\/diariotextual.com\/inicio\/","logo":{"@type":"ImageObject","inLanguage":"es","@id":"https:\/\/diariotextual.com\/inicio\/#\/schema\/logo\/image\/","url":"https:\/\/diariotextual.com\/inicio\/wp-content\/uploads\/2023\/05\/logotextual1.jpg","contentUrl":"https:\/\/diariotextual.com\/inicio\/wp-content\/uploads\/2023\/05\/logotextual1.jpg","width":516,"height":76,"caption":"Diario Textual"},"image":{"@id":"https:\/\/diariotextual.com\/inicio\/#\/schema\/logo\/image\/"},"sameAs":["https:\/\/www.facebook.com\/eltextual","https:\/\/x.com\/eltextual","http:\/\/www.instagram.com\/eltextual"]},{"@type":"Person","@id":"https:\/\/diariotextual.com\/inicio\/#\/schema\/person\/694f60677f23c4a530867a98f22b3768","name":"diario2","image":{"@type":"ImageObject","inLanguage":"es","@id":"https:\/\/secure.gravatar.com\/avatar\/5a2567495ba16b852fcd8f1ed006a2e24fcace936018ed8237e95f488ad6e0a7?s=96&d=mm&r=g","url":"https:\/\/secure.gravatar.com\/avatar\/5a2567495ba16b852fcd8f1ed006a2e24fcace936018ed8237e95f488ad6e0a7?s=96&d=mm&r=g","contentUrl":"https:\/\/secure.gravatar.com\/avatar\/5a2567495ba16b852fcd8f1ed006a2e24fcace936018ed8237e95f488ad6e0a7?s=96&d=mm&r=g","caption":"diario2"},"url":"https:\/\/diariotextual.com\/inicio\/index.php\/author\/diario2\/"}]}},"_links":{"self":[{"href":"https:\/\/diariotextual.com\/inicio\/index.php\/wp-json\/wp\/v2\/posts\/61605","targetHints":{"allow":["GET"]}}],"collection":[{"href":"https:\/\/diariotextual.com\/inicio\/index.php\/wp-json\/wp\/v2\/posts"}],"about":[{"href":"https:\/\/diariotextual.com\/inicio\/index.php\/wp-json\/wp\/v2\/types\/post"}],"author":[{"embeddable":true,"href":"https:\/\/diariotextual.com\/inicio\/index.php\/wp-json\/wp\/v2\/users\/4"}],"replies":[{"embeddable":true,"href":"https:\/\/diariotextual.com\/inicio\/index.php\/wp-json\/wp\/v2\/comments?post=61605"}],"version-history":[{"count":1,"href":"https:\/\/diariotextual.com\/inicio\/index.php\/wp-json\/wp\/v2\/posts\/61605\/revisions"}],"predecessor-version":[{"id":61607,"href":"https:\/\/diariotextual.com\/inicio\/index.php\/wp-json\/wp\/v2\/posts\/61605\/revisions\/61607"}],"wp:featuredmedia":[{"embeddable":true,"href":"https:\/\/diariotextual.com\/inicio\/index.php\/wp-json\/wp\/v2\/media\/61606"}],"wp:attachment":[{"href":"https:\/\/diariotextual.com\/inicio\/index.php\/wp-json\/wp\/v2\/media?parent=61605"}],"wp:term":[{"taxonomy":"category","embeddable":true,"href":"https:\/\/diariotextual.com\/inicio\/index.php\/wp-json\/wp\/v2\/categories?post=61605"},{"taxonomy":"post_tag","embeddable":true,"href":"https:\/\/diariotextual.com\/inicio\/index.php\/wp-json\/wp\/v2\/tags?post=61605"}],"curies":[{"name":"wp","href":"https:\/\/api.w.org\/{rel}","templated":true}]}}