{"id":61620,"date":"2019-09-03T20:21:27","date_gmt":"2019-09-03T23:21:27","guid":{"rendered":"http:\/\/diariotextual.com\/inicio\/?p=61620"},"modified":"2019-09-04T10:16:28","modified_gmt":"2019-09-04T13:16:28","slug":"procrear-lista-se-queja-concejales-pide-participar-las-elecciones","status":"publish","type":"post","link":"https:\/\/diariotextual.com\/inicio\/index.php\/2019\/09\/03\/procrear-lista-se-queja-concejales-pide-participar-las-elecciones\/","title":{"rendered":"Procrear: lista se queja a concejales y pide participar de las elecciones"},"content":{"rendered":"<p>Un grupo de vecinos se quej\u00f3 contra los concejales santarrose\u00f1os por no dejarlos participar de las elecciones para conformar la primera Comisi\u00f3n Vecinal del Barrio Procrear de Santa Rosa.<\/p>\n<p>Ayer, la municipalidad inform\u00f3 que la Junta Electoral del Barrio Procrear oficializ\u00f3 la Lista N\u00b0 1, encabezada por Juliana Baz\u00e1n. Dijo que present\u00f3 toda la documentaci\u00f3n requerida por Ordenanza 4410\/11 \u00aben tiempo y en forma\u00bb.<\/p>\n<p>A su vez, la Lista N\u00b0 5, encabezada por Santiago Requejo, present\u00f3 la documentaci\u00f3n dentro del plazo legal, pero \u00abincumpliendo con la totalidad de las exigencias\u00bb establecidas en el Art\u00edculo 18\u00b0 de la Ordenanza 4410\/11.<\/p>\n<p>Hoy se trat\u00f3 la apelaci\u00f3n en el concejo. La reuni\u00f3n cont\u00f3 con la presencia de los presidentes de cada bloque legislativo, Claudia Giorgis (bloque Frepam), Araldo Eleno (bloque PJ), Alba Fern\u00e1ndez (bloque Frente Pampeano para la Victoria), Miguel Bravo (bloque Radical en Cambiemos), Roberto Torres bloque Pueblo Nuevo) y moment\u00e1neamente en funci\u00f3n de la presidencia del Concejo Deliberante, el concejal Jorge Rodr\u00edguez, en reemplazo del viceintendente Jorge Dom\u00ednguez, que se encuentra a cargo del Ejecutivo municipal.<\/p>\n<p>En la oportunidad, se resolvi\u00f3 por mayor\u00eda no hacer lugar a la apelaci\u00f3n presentada por la Lista N\u00b0 5. Votaron a favor de hacer lugar a la apelaci\u00f3n las concejales Claudia Giorgis y Alba Fern\u00e1ndez, por considerar que los requisitos hab\u00edan sido subsanados y pensando en propiciar la participaci\u00f3n vecinal. En tanto, el resto de los miembros de la comisi\u00f3n respaldaron la decisi\u00f3n precedente de la Junta Electoral del Barrio Procrear.<\/p>\n<p>Los vecinalistas de la Lista 5 dieron a conocer, por la tarde de este martes, un comunicado de prensa. Es el siguiente:<\/p>\n<p><em>Los mismos concejales de Santa Rosa que d\u00edas atr\u00e1s priorizaron y propiciaron \u201cla participaci\u00f3n ciudadana\u201d para las elecciones en la Comisi\u00f3n Vecinal del Barrio Esperanza, hoy decidieron \u201cproscribir\u201d, que feo t\u00e9rmino para esta \u00e9poca, a la Lista \u201c5\u201d que se presentaba para competir en las primeras elecciones de la Comisi\u00f3n Vecinal del Barrio Procrear.<\/em><\/p>\n<p><em>Como integrantes de la Lista 5, autodenominada Procrear en Acci\u00f3n, vemos con preocupaci\u00f3n la decisi\u00f3n adoptada por los concejales Araldo Eleno, Jorge \u201cPampa\u201d Dom\u00ednguez, Miguel Bravo, Roberto Torres y Jorge Rodr\u00edguez, quien rechazaron la apelaci\u00f3n presentada por nuestra n\u00f3mina a la resoluci\u00f3n tomada por la Junta Electoral del Barrio Procrear.<\/em><\/p>\n<p><em>Presentamos los 14 nombres propuestos para integrar la Lista 5, hubo cuestiones que fueron subsanadas con posterioridad. En todo momento mostramos predisposici\u00f3n para cumplir con los requisitos previstos.<\/em><\/p>\n<p><em>Tambi\u00e9n queremos desmentir la informaci\u00f3n que dio a conocer el Bolet\u00edn de Prensa de la Municipalidad de Santa Rosa el d\u00eda martes 2 de septiembre, donde inform\u00f3 que incumplimos \u201ccon la totalidad de las exigencias\u201d. Lo cual es totalmente falaz; desconocemos el motivo por el cual el municipio inform\u00f3 de esa manera.<\/em><\/p>\n<p><em>La Junta Electoral, primero, y los concejales mencionados, luego, nos impidieron participar de las elecciones previstas para este domingo 8.<\/em><\/p>\n<p><em>Volveremos a apelar la decisi\u00f3n adoptada por la Comisi\u00f3n de Labor Parlamentaria, entendiendo que en todo caso podr\u00edamos participar del acto eleccionario con quienes no tuvieron problemas en la primera presentaci\u00f3n. Desconocemos el motivo por el cual la Junta Electoral dio de baja toda la lista, cuando no todos estaban en falta.<\/em><\/p>\n<p>&nbsp;<\/p>\n<p>&nbsp;<\/p>\n","protected":false},"excerpt":{"rendered":"<p>Un grupo de vecinos se quej\u00f3 contra los concejales santarrose\u00f1os por no dejarlos participar de las elecciones para conformar la primera Comisi\u00f3n Vecinal del Barrio Procrear de Santa Rosa. Ayer,&hellip;<\/p>\n","protected":false},"author":3,"featured_media":50420,"comment_status":"closed","ping_status":"open","sticky":false,"template":"","format":"standard","meta":{"_acf_changed":false,"footnotes":""},"categories":[1,11,319,12],"tags":[],"class_list":["post-61620","post","type-post","status-publish","format-standard","has-post-thumbnail","hentry","category-es-noticia","category-que-pasa","category-a-temporales","category-sociedad"],"acf":[],"yoast_head":"<!-- This site is optimized with the Yoast SEO plugin v27.5 - https:\/\/yoast.com\/product\/yoast-seo-wordpress\/ -->\n<title>Procrear: lista se queja a concejales y pide participar de las elecciones - Diario Textual<\/title>\n<meta name=\"robots\" content=\"index, follow, max-snippet:-1, max-image-preview:large, max-video-preview:-1\" \/>\n<link rel=\"canonical\" href=\"https:\/\/diariotextual.com\/inicio\/index.php\/2019\/09\/03\/procrear-lista-se-queja-concejales-pide-participar-las-elecciones\/\" \/>\n<meta property=\"og:locale\" content=\"es_ES\" \/>\n<meta property=\"og:type\" content=\"article\" \/>\n<meta property=\"og:title\" content=\"Procrear: lista se queja a concejales y pide participar de las elecciones - Diario Textual\" \/>\n<meta property=\"og:description\" content=\"Un grupo de vecinos se quej\u00f3 contra los concejales santarrose\u00f1os por no dejarlos participar de las elecciones para conformar la primera Comisi\u00f3n Vecinal del Barrio Procrear de Santa Rosa. Ayer,&hellip;\" \/>\n<meta property=\"og:url\" content=\"https:\/\/diariotextual.com\/inicio\/index.php\/2019\/09\/03\/procrear-lista-se-queja-concejales-pide-participar-las-elecciones\/\" \/>\n<meta property=\"og:site_name\" content=\"Diario Textual\" \/>\n<meta property=\"article:publisher\" content=\"https:\/\/www.facebook.com\/eltextual\" \/>\n<meta property=\"article:published_time\" content=\"2019-09-03T23:21:27+00:00\" \/>\n<meta property=\"article:modified_time\" content=\"2019-09-04T13:16:28+00:00\" \/>\n<meta property=\"og:image\" content=\"https:\/\/diariotextual.com\/inicio\/wp-content\/uploads\/2019\/05\/procrearsantarosa2019-1.jpg\" \/>\n\t<meta property=\"og:image:width\" content=\"1026\" \/>\n\t<meta property=\"og:image:height\" content=\"693\" \/>\n\t<meta property=\"og:image:type\" content=\"image\/jpeg\" \/>\n<meta name=\"author\" content=\"Diario1 Diario1\" \/>\n<meta name=\"twitter:card\" content=\"summary_large_image\" \/>\n<meta name=\"twitter:creator\" content=\"@eltextual\" \/>\n<meta name=\"twitter:site\" content=\"@eltextual\" \/>\n<meta name=\"twitter:label1\" content=\"Escrito por\" \/>\n\t<meta name=\"twitter:data1\" content=\"Diario1 Diario1\" \/>\n\t<meta name=\"twitter:label2\" content=\"Tiempo de lectura\" \/>\n\t<meta name=\"twitter:data2\" content=\"3 minutos\" \/>\n<script type=\"application\/ld+json\" class=\"yoast-schema-graph\">{\"@context\":\"https:\\\/\\\/schema.org\",\"@graph\":[{\"@type\":\"Article\",\"@id\":\"https:\\\/\\\/diariotextual.com\\\/inicio\\\/index.php\\\/2019\\\/09\\\/03\\\/procrear-lista-se-queja-concejales-pide-participar-las-elecciones\\\/#article\",\"isPartOf\":{\"@id\":\"https:\\\/\\\/diariotextual.com\\\/inicio\\\/index.php\\\/2019\\\/09\\\/03\\\/procrear-lista-se-queja-concejales-pide-participar-las-elecciones\\\/\"},\"author\":{\"name\":\"Diario1 Diario1\",\"@id\":\"https:\\\/\\\/diariotextual.com\\\/inicio\\\/#\\\/schema\\\/person\\\/418fc4093c33e86ed41562db3508f958\"},\"headline\":\"Procrear: lista se queja a concejales y pide participar de las elecciones\",\"datePublished\":\"2019-09-03T23:21:27+00:00\",\"dateModified\":\"2019-09-04T13:16:28+00:00\",\"mainEntityOfPage\":{\"@id\":\"https:\\\/\\\/diariotextual.com\\\/inicio\\\/index.php\\\/2019\\\/09\\\/03\\\/procrear-lista-se-queja-concejales-pide-participar-las-elecciones\\\/\"},\"wordCount\":569,\"publisher\":{\"@id\":\"https:\\\/\\\/diariotextual.com\\\/inicio\\\/#organization\"},\"image\":{\"@id\":\"https:\\\/\\\/diariotextual.com\\\/inicio\\\/index.php\\\/2019\\\/09\\\/03\\\/procrear-lista-se-queja-concejales-pide-participar-las-elecciones\\\/#primaryimage\"},\"thumbnailUrl\":\"https:\\\/\\\/diariotextual.com\\\/inicio\\\/wp-content\\\/uploads\\\/2019\\\/05\\\/procrearsantarosa2019-1.jpg\",\"articleSection\":[\"A - ES NOTICIA (van abajo)\",\"A - QUE PASA (al costado)\",\"A - TEMPORALES\",\"SOCIEDAD\"],\"inLanguage\":\"es\"},{\"@type\":\"WebPage\",\"@id\":\"https:\\\/\\\/diariotextual.com\\\/inicio\\\/index.php\\\/2019\\\/09\\\/03\\\/procrear-lista-se-queja-concejales-pide-participar-las-elecciones\\\/\",\"url\":\"https:\\\/\\\/diariotextual.com\\\/inicio\\\/index.php\\\/2019\\\/09\\\/03\\\/procrear-lista-se-queja-concejales-pide-participar-las-elecciones\\\/\",\"name\":\"Procrear: lista se queja a concejales y pide participar de las elecciones - Diario Textual\",\"isPartOf\":{\"@id\":\"https:\\\/\\\/diariotextual.com\\\/inicio\\\/#website\"},\"primaryImageOfPage\":{\"@id\":\"https:\\\/\\\/diariotextual.com\\\/inicio\\\/index.php\\\/2019\\\/09\\\/03\\\/procrear-lista-se-queja-concejales-pide-participar-las-elecciones\\\/#primaryimage\"},\"image\":{\"@id\":\"https:\\\/\\\/diariotextual.com\\\/inicio\\\/index.php\\\/2019\\\/09\\\/03\\\/procrear-lista-se-queja-concejales-pide-participar-las-elecciones\\\/#primaryimage\"},\"thumbnailUrl\":\"https:\\\/\\\/diariotextual.com\\\/inicio\\\/wp-content\\\/uploads\\\/2019\\\/05\\\/procrearsantarosa2019-1.jpg\",\"datePublished\":\"2019-09-03T23:21:27+00:00\",\"dateModified\":\"2019-09-04T13:16:28+00:00\",\"breadcrumb\":{\"@id\":\"https:\\\/\\\/diariotextual.com\\\/inicio\\\/index.php\\\/2019\\\/09\\\/03\\\/procrear-lista-se-queja-concejales-pide-participar-las-elecciones\\\/#breadcrumb\"},\"inLanguage\":\"es\",\"potentialAction\":[{\"@type\":\"ReadAction\",\"target\":[\"https:\\\/\\\/diariotextual.com\\\/inicio\\\/index.php\\\/2019\\\/09\\\/03\\\/procrear-lista-se-queja-concejales-pide-participar-las-elecciones\\\/\"]}]},{\"@type\":\"ImageObject\",\"inLanguage\":\"es\",\"@id\":\"https:\\\/\\\/diariotextual.com\\\/inicio\\\/index.php\\\/2019\\\/09\\\/03\\\/procrear-lista-se-queja-concejales-pide-participar-las-elecciones\\\/#primaryimage\",\"url\":\"https:\\\/\\\/diariotextual.com\\\/inicio\\\/wp-content\\\/uploads\\\/2019\\\/05\\\/procrearsantarosa2019-1.jpg\",\"contentUrl\":\"https:\\\/\\\/diariotextual.com\\\/inicio\\\/wp-content\\\/uploads\\\/2019\\\/05\\\/procrearsantarosa2019-1.jpg\",\"width\":1026,\"height\":693},{\"@type\":\"BreadcrumbList\",\"@id\":\"https:\\\/\\\/diariotextual.com\\\/inicio\\\/index.php\\\/2019\\\/09\\\/03\\\/procrear-lista-se-queja-concejales-pide-participar-las-elecciones\\\/#breadcrumb\",\"itemListElement\":[{\"@type\":\"ListItem\",\"position\":1,\"name\":\"Portada\",\"item\":\"https:\\\/\\\/diariotextual.com\\\/inicio\\\/\"},{\"@type\":\"ListItem\",\"position\":2,\"name\":\"Procrear: lista se queja a concejales y pide participar de las elecciones\"}]},{\"@type\":\"WebSite\",\"@id\":\"https:\\\/\\\/diariotextual.com\\\/inicio\\\/#website\",\"url\":\"https:\\\/\\\/diariotextual.com\\\/inicio\\\/\",\"name\":\"Diario Textual\",\"description\":\"\",\"publisher\":{\"@id\":\"https:\\\/\\\/diariotextual.com\\\/inicio\\\/#organization\"},\"potentialAction\":[{\"@type\":\"SearchAction\",\"target\":{\"@type\":\"EntryPoint\",\"urlTemplate\":\"https:\\\/\\\/diariotextual.com\\\/inicio\\\/?s={search_term_string}\"},\"query-input\":{\"@type\":\"PropertyValueSpecification\",\"valueRequired\":true,\"valueName\":\"search_term_string\"}}],\"inLanguage\":\"es\"},{\"@type\":\"Organization\",\"@id\":\"https:\\\/\\\/diariotextual.com\\\/inicio\\\/#organization\",\"name\":\"Diario Textual\",\"url\":\"https:\\\/\\\/diariotextual.com\\\/inicio\\\/\",\"logo\":{\"@type\":\"ImageObject\",\"inLanguage\":\"es\",\"@id\":\"https:\\\/\\\/diariotextual.com\\\/inicio\\\/#\\\/schema\\\/logo\\\/image\\\/\",\"url\":\"https:\\\/\\\/diariotextual.com\\\/inicio\\\/wp-content\\\/uploads\\\/2023\\\/05\\\/logotextual1.jpg\",\"contentUrl\":\"https:\\\/\\\/diariotextual.com\\\/inicio\\\/wp-content\\\/uploads\\\/2023\\\/05\\\/logotextual1.jpg\",\"width\":516,\"height\":76,\"caption\":\"Diario Textual\"},\"image\":{\"@id\":\"https:\\\/\\\/diariotextual.com\\\/inicio\\\/#\\\/schema\\\/logo\\\/image\\\/\"},\"sameAs\":[\"https:\\\/\\\/www.facebook.com\\\/eltextual\",\"https:\\\/\\\/x.com\\\/eltextual\",\"http:\\\/\\\/www.instagram.com\\\/eltextual\"]},{\"@type\":\"Person\",\"@id\":\"https:\\\/\\\/diariotextual.com\\\/inicio\\\/#\\\/schema\\\/person\\\/418fc4093c33e86ed41562db3508f958\",\"name\":\"Diario1 Diario1\",\"image\":{\"@type\":\"ImageObject\",\"inLanguage\":\"es\",\"@id\":\"https:\\\/\\\/secure.gravatar.com\\\/avatar\\\/9167d280179c85bc18be67aa7eda765854300033af4896dd779b608640f2ef7a?s=96&d=mm&r=g\",\"url\":\"https:\\\/\\\/secure.gravatar.com\\\/avatar\\\/9167d280179c85bc18be67aa7eda765854300033af4896dd779b608640f2ef7a?s=96&d=mm&r=g\",\"contentUrl\":\"https:\\\/\\\/secure.gravatar.com\\\/avatar\\\/9167d280179c85bc18be67aa7eda765854300033af4896dd779b608640f2ef7a?s=96&d=mm&r=g\",\"caption\":\"Diario1 Diario1\"},\"url\":\"https:\\\/\\\/diariotextual.com\\\/inicio\\\/index.php\\\/author\\\/diario1\\\/\"}]}<\/script>\n<!-- \/ Yoast SEO plugin. -->","yoast_head_json":{"title":"Procrear: lista se queja a concejales y pide participar de las elecciones - Diario Textual","robots":{"index":"index","follow":"follow","max-snippet":"max-snippet:-1","max-image-preview":"max-image-preview:large","max-video-preview":"max-video-preview:-1"},"canonical":"https:\/\/diariotextual.com\/inicio\/index.php\/2019\/09\/03\/procrear-lista-se-queja-concejales-pide-participar-las-elecciones\/","og_locale":"es_ES","og_type":"article","og_title":"Procrear: lista se queja a concejales y pide participar de las elecciones - Diario Textual","og_description":"Un grupo de vecinos se quej\u00f3 contra los concejales santarrose\u00f1os por no dejarlos participar de las elecciones para conformar la primera Comisi\u00f3n Vecinal del Barrio Procrear de Santa Rosa. Ayer,&hellip;","og_url":"https:\/\/diariotextual.com\/inicio\/index.php\/2019\/09\/03\/procrear-lista-se-queja-concejales-pide-participar-las-elecciones\/","og_site_name":"Diario Textual","article_publisher":"https:\/\/www.facebook.com\/eltextual","article_published_time":"2019-09-03T23:21:27+00:00","article_modified_time":"2019-09-04T13:16:28+00:00","og_image":[{"width":1026,"height":693,"url":"https:\/\/diariotextual.com\/inicio\/wp-content\/uploads\/2019\/05\/procrearsantarosa2019-1.jpg","type":"image\/jpeg"}],"author":"Diario1 Diario1","twitter_card":"summary_large_image","twitter_creator":"@eltextual","twitter_site":"@eltextual","twitter_misc":{"Escrito por":"Diario1 Diario1","Tiempo de lectura":"3 minutos"},"schema":{"@context":"https:\/\/schema.org","@graph":[{"@type":"Article","@id":"https:\/\/diariotextual.com\/inicio\/index.php\/2019\/09\/03\/procrear-lista-se-queja-concejales-pide-participar-las-elecciones\/#article","isPartOf":{"@id":"https:\/\/diariotextual.com\/inicio\/index.php\/2019\/09\/03\/procrear-lista-se-queja-concejales-pide-participar-las-elecciones\/"},"author":{"name":"Diario1 Diario1","@id":"https:\/\/diariotextual.com\/inicio\/#\/schema\/person\/418fc4093c33e86ed41562db3508f958"},"headline":"Procrear: lista se queja a concejales y pide participar de las elecciones","datePublished":"2019-09-03T23:21:27+00:00","dateModified":"2019-09-04T13:16:28+00:00","mainEntityOfPage":{"@id":"https:\/\/diariotextual.com\/inicio\/index.php\/2019\/09\/03\/procrear-lista-se-queja-concejales-pide-participar-las-elecciones\/"},"wordCount":569,"publisher":{"@id":"https:\/\/diariotextual.com\/inicio\/#organization"},"image":{"@id":"https:\/\/diariotextual.com\/inicio\/index.php\/2019\/09\/03\/procrear-lista-se-queja-concejales-pide-participar-las-elecciones\/#primaryimage"},"thumbnailUrl":"https:\/\/diariotextual.com\/inicio\/wp-content\/uploads\/2019\/05\/procrearsantarosa2019-1.jpg","articleSection":["A - ES NOTICIA (van abajo)","A - QUE PASA (al costado)","A - TEMPORALES","SOCIEDAD"],"inLanguage":"es"},{"@type":"WebPage","@id":"https:\/\/diariotextual.com\/inicio\/index.php\/2019\/09\/03\/procrear-lista-se-queja-concejales-pide-participar-las-elecciones\/","url":"https:\/\/diariotextual.com\/inicio\/index.php\/2019\/09\/03\/procrear-lista-se-queja-concejales-pide-participar-las-elecciones\/","name":"Procrear: lista se queja a concejales y pide participar de las elecciones - Diario Textual","isPartOf":{"@id":"https:\/\/diariotextual.com\/inicio\/#website"},"primaryImageOfPage":{"@id":"https:\/\/diariotextual.com\/inicio\/index.php\/2019\/09\/03\/procrear-lista-se-queja-concejales-pide-participar-las-elecciones\/#primaryimage"},"image":{"@id":"https:\/\/diariotextual.com\/inicio\/index.php\/2019\/09\/03\/procrear-lista-se-queja-concejales-pide-participar-las-elecciones\/#primaryimage"},"thumbnailUrl":"https:\/\/diariotextual.com\/inicio\/wp-content\/uploads\/2019\/05\/procrearsantarosa2019-1.jpg","datePublished":"2019-09-03T23:21:27+00:00","dateModified":"2019-09-04T13:16:28+00:00","breadcrumb":{"@id":"https:\/\/diariotextual.com\/inicio\/index.php\/2019\/09\/03\/procrear-lista-se-queja-concejales-pide-participar-las-elecciones\/#breadcrumb"},"inLanguage":"es","potentialAction":[{"@type":"ReadAction","target":["https:\/\/diariotextual.com\/inicio\/index.php\/2019\/09\/03\/procrear-lista-se-queja-concejales-pide-participar-las-elecciones\/"]}]},{"@type":"ImageObject","inLanguage":"es","@id":"https:\/\/diariotextual.com\/inicio\/index.php\/2019\/09\/03\/procrear-lista-se-queja-concejales-pide-participar-las-elecciones\/#primaryimage","url":"https:\/\/diariotextual.com\/inicio\/wp-content\/uploads\/2019\/05\/procrearsantarosa2019-1.jpg","contentUrl":"https:\/\/diariotextual.com\/inicio\/wp-content\/uploads\/2019\/05\/procrearsantarosa2019-1.jpg","width":1026,"height":693},{"@type":"BreadcrumbList","@id":"https:\/\/diariotextual.com\/inicio\/index.php\/2019\/09\/03\/procrear-lista-se-queja-concejales-pide-participar-las-elecciones\/#breadcrumb","itemListElement":[{"@type":"ListItem","position":1,"name":"Portada","item":"https:\/\/diariotextual.com\/inicio\/"},{"@type":"ListItem","position":2,"name":"Procrear: lista se queja a concejales y pide participar de las elecciones"}]},{"@type":"WebSite","@id":"https:\/\/diariotextual.com\/inicio\/#website","url":"https:\/\/diariotextual.com\/inicio\/","name":"Diario Textual","description":"","publisher":{"@id":"https:\/\/diariotextual.com\/inicio\/#organization"},"potentialAction":[{"@type":"SearchAction","target":{"@type":"EntryPoint","urlTemplate":"https:\/\/diariotextual.com\/inicio\/?s={search_term_string}"},"query-input":{"@type":"PropertyValueSpecification","valueRequired":true,"valueName":"search_term_string"}}],"inLanguage":"es"},{"@type":"Organization","@id":"https:\/\/diariotextual.com\/inicio\/#organization","name":"Diario Textual","url":"https:\/\/diariotextual.com\/inicio\/","logo":{"@type":"ImageObject","inLanguage":"es","@id":"https:\/\/diariotextual.com\/inicio\/#\/schema\/logo\/image\/","url":"https:\/\/diariotextual.com\/inicio\/wp-content\/uploads\/2023\/05\/logotextual1.jpg","contentUrl":"https:\/\/diariotextual.com\/inicio\/wp-content\/uploads\/2023\/05\/logotextual1.jpg","width":516,"height":76,"caption":"Diario Textual"},"image":{"@id":"https:\/\/diariotextual.com\/inicio\/#\/schema\/logo\/image\/"},"sameAs":["https:\/\/www.facebook.com\/eltextual","https:\/\/x.com\/eltextual","http:\/\/www.instagram.com\/eltextual"]},{"@type":"Person","@id":"https:\/\/diariotextual.com\/inicio\/#\/schema\/person\/418fc4093c33e86ed41562db3508f958","name":"Diario1 Diario1","image":{"@type":"ImageObject","inLanguage":"es","@id":"https:\/\/secure.gravatar.com\/avatar\/9167d280179c85bc18be67aa7eda765854300033af4896dd779b608640f2ef7a?s=96&d=mm&r=g","url":"https:\/\/secure.gravatar.com\/avatar\/9167d280179c85bc18be67aa7eda765854300033af4896dd779b608640f2ef7a?s=96&d=mm&r=g","contentUrl":"https:\/\/secure.gravatar.com\/avatar\/9167d280179c85bc18be67aa7eda765854300033af4896dd779b608640f2ef7a?s=96&d=mm&r=g","caption":"Diario1 Diario1"},"url":"https:\/\/diariotextual.com\/inicio\/index.php\/author\/diario1\/"}]}},"_links":{"self":[{"href":"https:\/\/diariotextual.com\/inicio\/index.php\/wp-json\/wp\/v2\/posts\/61620","targetHints":{"allow":["GET"]}}],"collection":[{"href":"https:\/\/diariotextual.com\/inicio\/index.php\/wp-json\/wp\/v2\/posts"}],"about":[{"href":"https:\/\/diariotextual.com\/inicio\/index.php\/wp-json\/wp\/v2\/types\/post"}],"author":[{"embeddable":true,"href":"https:\/\/diariotextual.com\/inicio\/index.php\/wp-json\/wp\/v2\/users\/3"}],"replies":[{"embeddable":true,"href":"https:\/\/diariotextual.com\/inicio\/index.php\/wp-json\/wp\/v2\/comments?post=61620"}],"version-history":[{"count":5,"href":"https:\/\/diariotextual.com\/inicio\/index.php\/wp-json\/wp\/v2\/posts\/61620\/revisions"}],"predecessor-version":[{"id":61630,"href":"https:\/\/diariotextual.com\/inicio\/index.php\/wp-json\/wp\/v2\/posts\/61620\/revisions\/61630"}],"wp:featuredmedia":[{"embeddable":true,"href":"https:\/\/diariotextual.com\/inicio\/index.php\/wp-json\/wp\/v2\/media\/50420"}],"wp:attachment":[{"href":"https:\/\/diariotextual.com\/inicio\/index.php\/wp-json\/wp\/v2\/media?parent=61620"}],"wp:term":[{"taxonomy":"category","embeddable":true,"href":"https:\/\/diariotextual.com\/inicio\/index.php\/wp-json\/wp\/v2\/categories?post=61620"},{"taxonomy":"post_tag","embeddable":true,"href":"https:\/\/diariotextual.com\/inicio\/index.php\/wp-json\/wp\/v2\/tags?post=61620"}],"curies":[{"name":"wp","href":"https:\/\/api.w.org\/{rel}","templated":true}]}}