{"id":61631,"date":"2019-09-03T20:43:49","date_gmt":"2019-09-03T23:43:49","guid":{"rendered":"http:\/\/diariotextual.com\/inicio\/?p=61631"},"modified":"2019-09-04T09:59:17","modified_gmt":"2019-09-04T12:59:17","slug":"grabois-propuso-una-reforma-agraria-genero-polemica","status":"publish","type":"post","link":"https:\/\/diariotextual.com\/inicio\/index.php\/2019\/09\/03\/grabois-propuso-una-reforma-agraria-genero-polemica\/","title":{"rendered":"Grabois propuso una reforma agraria y gener\u00f3 pol\u00e9mica"},"content":{"rendered":"<p>El titular de la Confederaci\u00f3n de Trabajadores de la Econom\u00eda Popular (CTEP), <strong>Juan Grabois<\/strong>, propuso una <strong>reforma agraria<\/strong> en un video de Facebook Live y <strong>gener\u00f3 pol\u00e9mica en redes sociales<\/strong>.<\/p>\n<p>El video fue grabado el jueves pasado, pero se viraliz\u00f3 este martes.<strong> \u00abSi bien es un problema de fondo y estructural, no creo que se vaya a resolver durante los pr\u00f3ximos a\u00f1os de gobierno, porque no hay consenso dentro del Frente de Todos\u00bb<\/strong>, aclar\u00f3 Grabois al comienzo.<\/p>\n<p>No obstante, asegur\u00f3 que<strong> el tema figura dentro de la agenda de los movimientos populares<\/strong>. \u00abEs<strong> inconcebible que tengamos a nuestro pueblo hacinado en las ciudades y cordones periurbanos cuando podr\u00edan vivir con techo y trabajo en el campo<\/strong>\u00ab, explic\u00f3.<\/p>\n<p><strong>\u00abEn Argentina, solo el 2% de los productores concentran el 50% de la tierra productiva; y los peque\u00f1os productores, es decir, los chacareros, solo tienen el 17%. Tenemos una estructura agraria concentrada y regresiva\u00bb<\/strong>, dijo.<\/p>\n<p>El dirigente enumer\u00f3 las cinco medidas en las que se basa su proyecto para redistribuir la tierra agr\u00edcola:<\/p>\n<p>\u2022 La expropiaci\u00f3n de 50 mil parcelas para entreg\u00e1rselas en propiedad a peque\u00f1os productores. Para llevarlo a cabo se pagar\u00eda por los terrenos el precio de mercado de la tierra en un proceso de pago a 20 a\u00f1os. El objetivo es que en el pa\u00eds nadie posea m\u00e1s de cinco mil hect\u00e1reas de tierra.<\/p>\n<p>\u2022 La creaci\u00f3n de 100 polos agroecol\u00f3gicos que se desarrollar\u00e1n en extensiones de tierra medianas que permitan producir con bioinsumos. Esto evitar\u00eda el uso de agroqu\u00edmicos, con la ventaja de que se evitar\u00eda los gastos dolarizados dado que se producen en el pa\u00eds.<\/p>\n<p>\u2022 La integraci\u00f3n de los \u201cneorurales\u201d y peque\u00f1os productores a la transici\u00f3n agroecol\u00f3gica.<\/p>\n<p>\u2022 Entrega de t\u00edtulos de propiedad comunitaria a las 1500 comunidades originarias que est\u00e1n relevadas en el pa\u00eds y a las que faltan relevar.<\/p>\n<p>\u2022 Leyes de protecci\u00f3n de cinturones verdes en todas las ciudades del pa\u00eds en pos de preservar las trazas urbanas.<\/p>\n<p>&nbsp;<\/p>\n<p>&nbsp;<\/p>\n","protected":false},"excerpt":{"rendered":"<p>El titular de la Confederaci\u00f3n de Trabajadores de la Econom\u00eda Popular (CTEP), Juan Grabois, propuso una reforma agraria en un video de Facebook Live y gener\u00f3 pol\u00e9mica en redes sociales.&hellip;<\/p>\n","protected":false},"author":3,"featured_media":61633,"comment_status":"closed","ping_status":"open","sticky":false,"template":"","format":"standard","meta":{"_acf_changed":false,"footnotes":""},"categories":[319,20],"tags":[],"class_list":["post-61631","post","type-post","status-publish","format-standard","has-post-thumbnail","hentry","category-a-temporales","category-campo"],"acf":[],"yoast_head":"<!-- This site is optimized with the Yoast SEO plugin v27.5 - https:\/\/yoast.com\/product\/yoast-seo-wordpress\/ -->\n<title>Grabois propuso una reforma agraria y gener\u00f3 pol\u00e9mica - Diario Textual<\/title>\n<meta name=\"robots\" content=\"index, follow, max-snippet:-1, max-image-preview:large, max-video-preview:-1\" \/>\n<link rel=\"canonical\" href=\"https:\/\/diariotextual.com\/inicio\/index.php\/2019\/09\/03\/grabois-propuso-una-reforma-agraria-genero-polemica\/\" \/>\n<meta property=\"og:locale\" content=\"es_ES\" \/>\n<meta property=\"og:type\" content=\"article\" \/>\n<meta property=\"og:title\" content=\"Grabois propuso una reforma agraria y gener\u00f3 pol\u00e9mica - Diario Textual\" \/>\n<meta property=\"og:description\" content=\"El titular de la Confederaci\u00f3n de Trabajadores de la Econom\u00eda Popular (CTEP), Juan Grabois, propuso una reforma agraria en un video de Facebook Live y gener\u00f3 pol\u00e9mica en redes sociales.&hellip;\" \/>\n<meta property=\"og:url\" content=\"https:\/\/diariotextual.com\/inicio\/index.php\/2019\/09\/03\/grabois-propuso-una-reforma-agraria-genero-polemica\/\" \/>\n<meta property=\"og:site_name\" content=\"Diario Textual\" \/>\n<meta property=\"article:publisher\" content=\"https:\/\/www.facebook.com\/eltextual\" \/>\n<meta property=\"article:published_time\" content=\"2019-09-03T23:43:49+00:00\" \/>\n<meta property=\"article:modified_time\" content=\"2019-09-04T12:59:17+00:00\" \/>\n<meta property=\"og:image\" content=\"https:\/\/diariotextual.com\/inicio\/wp-content\/uploads\/2019\/09\/grabois-16.jpg\" \/>\n\t<meta property=\"og:image:width\" content=\"1200\" \/>\n\t<meta property=\"og:image:height\" content=\"800\" \/>\n\t<meta property=\"og:image:type\" content=\"image\/jpeg\" \/>\n<meta name=\"author\" content=\"Diario1 Diario1\" \/>\n<meta name=\"twitter:card\" content=\"summary_large_image\" \/>\n<meta name=\"twitter:creator\" content=\"@eltextual\" \/>\n<meta name=\"twitter:site\" content=\"@eltextual\" \/>\n<meta name=\"twitter:label1\" content=\"Escrito por\" \/>\n\t<meta name=\"twitter:data1\" content=\"Diario1 Diario1\" \/>\n\t<meta name=\"twitter:label2\" content=\"Tiempo de lectura\" \/>\n\t<meta name=\"twitter:data2\" content=\"2 minutos\" \/>\n<script type=\"application\/ld+json\" class=\"yoast-schema-graph\">{\"@context\":\"https:\\\/\\\/schema.org\",\"@graph\":[{\"@type\":\"Article\",\"@id\":\"https:\\\/\\\/diariotextual.com\\\/inicio\\\/index.php\\\/2019\\\/09\\\/03\\\/grabois-propuso-una-reforma-agraria-genero-polemica\\\/#article\",\"isPartOf\":{\"@id\":\"https:\\\/\\\/diariotextual.com\\\/inicio\\\/index.php\\\/2019\\\/09\\\/03\\\/grabois-propuso-una-reforma-agraria-genero-polemica\\\/\"},\"author\":{\"name\":\"Diario1 Diario1\",\"@id\":\"https:\\\/\\\/diariotextual.com\\\/inicio\\\/#\\\/schema\\\/person\\\/418fc4093c33e86ed41562db3508f958\"},\"headline\":\"Grabois propuso una reforma agraria y gener\u00f3 pol\u00e9mica\",\"datePublished\":\"2019-09-03T23:43:49+00:00\",\"dateModified\":\"2019-09-04T12:59:17+00:00\",\"mainEntityOfPage\":{\"@id\":\"https:\\\/\\\/diariotextual.com\\\/inicio\\\/index.php\\\/2019\\\/09\\\/03\\\/grabois-propuso-una-reforma-agraria-genero-polemica\\\/\"},\"wordCount\":355,\"publisher\":{\"@id\":\"https:\\\/\\\/diariotextual.com\\\/inicio\\\/#organization\"},\"image\":{\"@id\":\"https:\\\/\\\/diariotextual.com\\\/inicio\\\/index.php\\\/2019\\\/09\\\/03\\\/grabois-propuso-una-reforma-agraria-genero-polemica\\\/#primaryimage\"},\"thumbnailUrl\":\"https:\\\/\\\/diariotextual.com\\\/inicio\\\/wp-content\\\/uploads\\\/2019\\\/09\\\/grabois-16.jpg\",\"articleSection\":[\"A - TEMPORALES\",\"CAMPO\"],\"inLanguage\":\"es\"},{\"@type\":\"WebPage\",\"@id\":\"https:\\\/\\\/diariotextual.com\\\/inicio\\\/index.php\\\/2019\\\/09\\\/03\\\/grabois-propuso-una-reforma-agraria-genero-polemica\\\/\",\"url\":\"https:\\\/\\\/diariotextual.com\\\/inicio\\\/index.php\\\/2019\\\/09\\\/03\\\/grabois-propuso-una-reforma-agraria-genero-polemica\\\/\",\"name\":\"Grabois propuso una reforma agraria y gener\u00f3 pol\u00e9mica - Diario Textual\",\"isPartOf\":{\"@id\":\"https:\\\/\\\/diariotextual.com\\\/inicio\\\/#website\"},\"primaryImageOfPage\":{\"@id\":\"https:\\\/\\\/diariotextual.com\\\/inicio\\\/index.php\\\/2019\\\/09\\\/03\\\/grabois-propuso-una-reforma-agraria-genero-polemica\\\/#primaryimage\"},\"image\":{\"@id\":\"https:\\\/\\\/diariotextual.com\\\/inicio\\\/index.php\\\/2019\\\/09\\\/03\\\/grabois-propuso-una-reforma-agraria-genero-polemica\\\/#primaryimage\"},\"thumbnailUrl\":\"https:\\\/\\\/diariotextual.com\\\/inicio\\\/wp-content\\\/uploads\\\/2019\\\/09\\\/grabois-16.jpg\",\"datePublished\":\"2019-09-03T23:43:49+00:00\",\"dateModified\":\"2019-09-04T12:59:17+00:00\",\"breadcrumb\":{\"@id\":\"https:\\\/\\\/diariotextual.com\\\/inicio\\\/index.php\\\/2019\\\/09\\\/03\\\/grabois-propuso-una-reforma-agraria-genero-polemica\\\/#breadcrumb\"},\"inLanguage\":\"es\",\"potentialAction\":[{\"@type\":\"ReadAction\",\"target\":[\"https:\\\/\\\/diariotextual.com\\\/inicio\\\/index.php\\\/2019\\\/09\\\/03\\\/grabois-propuso-una-reforma-agraria-genero-polemica\\\/\"]}]},{\"@type\":\"ImageObject\",\"inLanguage\":\"es\",\"@id\":\"https:\\\/\\\/diariotextual.com\\\/inicio\\\/index.php\\\/2019\\\/09\\\/03\\\/grabois-propuso-una-reforma-agraria-genero-polemica\\\/#primaryimage\",\"url\":\"https:\\\/\\\/diariotextual.com\\\/inicio\\\/wp-content\\\/uploads\\\/2019\\\/09\\\/grabois-16.jpg\",\"contentUrl\":\"https:\\\/\\\/diariotextual.com\\\/inicio\\\/wp-content\\\/uploads\\\/2019\\\/09\\\/grabois-16.jpg\",\"width\":1200,\"height\":800},{\"@type\":\"BreadcrumbList\",\"@id\":\"https:\\\/\\\/diariotextual.com\\\/inicio\\\/index.php\\\/2019\\\/09\\\/03\\\/grabois-propuso-una-reforma-agraria-genero-polemica\\\/#breadcrumb\",\"itemListElement\":[{\"@type\":\"ListItem\",\"position\":1,\"name\":\"Portada\",\"item\":\"https:\\\/\\\/diariotextual.com\\\/inicio\\\/\"},{\"@type\":\"ListItem\",\"position\":2,\"name\":\"Grabois propuso una reforma agraria y gener\u00f3 pol\u00e9mica\"}]},{\"@type\":\"WebSite\",\"@id\":\"https:\\\/\\\/diariotextual.com\\\/inicio\\\/#website\",\"url\":\"https:\\\/\\\/diariotextual.com\\\/inicio\\\/\",\"name\":\"Diario Textual\",\"description\":\"\",\"publisher\":{\"@id\":\"https:\\\/\\\/diariotextual.com\\\/inicio\\\/#organization\"},\"potentialAction\":[{\"@type\":\"SearchAction\",\"target\":{\"@type\":\"EntryPoint\",\"urlTemplate\":\"https:\\\/\\\/diariotextual.com\\\/inicio\\\/?s={search_term_string}\"},\"query-input\":{\"@type\":\"PropertyValueSpecification\",\"valueRequired\":true,\"valueName\":\"search_term_string\"}}],\"inLanguage\":\"es\"},{\"@type\":\"Organization\",\"@id\":\"https:\\\/\\\/diariotextual.com\\\/inicio\\\/#organization\",\"name\":\"Diario Textual\",\"url\":\"https:\\\/\\\/diariotextual.com\\\/inicio\\\/\",\"logo\":{\"@type\":\"ImageObject\",\"inLanguage\":\"es\",\"@id\":\"https:\\\/\\\/diariotextual.com\\\/inicio\\\/#\\\/schema\\\/logo\\\/image\\\/\",\"url\":\"https:\\\/\\\/diariotextual.com\\\/inicio\\\/wp-content\\\/uploads\\\/2023\\\/05\\\/logotextual1.jpg\",\"contentUrl\":\"https:\\\/\\\/diariotextual.com\\\/inicio\\\/wp-content\\\/uploads\\\/2023\\\/05\\\/logotextual1.jpg\",\"width\":516,\"height\":76,\"caption\":\"Diario Textual\"},\"image\":{\"@id\":\"https:\\\/\\\/diariotextual.com\\\/inicio\\\/#\\\/schema\\\/logo\\\/image\\\/\"},\"sameAs\":[\"https:\\\/\\\/www.facebook.com\\\/eltextual\",\"https:\\\/\\\/x.com\\\/eltextual\",\"http:\\\/\\\/www.instagram.com\\\/eltextual\"]},{\"@type\":\"Person\",\"@id\":\"https:\\\/\\\/diariotextual.com\\\/inicio\\\/#\\\/schema\\\/person\\\/418fc4093c33e86ed41562db3508f958\",\"name\":\"Diario1 Diario1\",\"image\":{\"@type\":\"ImageObject\",\"inLanguage\":\"es\",\"@id\":\"https:\\\/\\\/secure.gravatar.com\\\/avatar\\\/9167d280179c85bc18be67aa7eda765854300033af4896dd779b608640f2ef7a?s=96&d=mm&r=g\",\"url\":\"https:\\\/\\\/secure.gravatar.com\\\/avatar\\\/9167d280179c85bc18be67aa7eda765854300033af4896dd779b608640f2ef7a?s=96&d=mm&r=g\",\"contentUrl\":\"https:\\\/\\\/secure.gravatar.com\\\/avatar\\\/9167d280179c85bc18be67aa7eda765854300033af4896dd779b608640f2ef7a?s=96&d=mm&r=g\",\"caption\":\"Diario1 Diario1\"},\"url\":\"https:\\\/\\\/diariotextual.com\\\/inicio\\\/index.php\\\/author\\\/diario1\\\/\"}]}<\/script>\n<!-- \/ Yoast SEO plugin. -->","yoast_head_json":{"title":"Grabois propuso una reforma agraria y gener\u00f3 pol\u00e9mica - Diario Textual","robots":{"index":"index","follow":"follow","max-snippet":"max-snippet:-1","max-image-preview":"max-image-preview:large","max-video-preview":"max-video-preview:-1"},"canonical":"https:\/\/diariotextual.com\/inicio\/index.php\/2019\/09\/03\/grabois-propuso-una-reforma-agraria-genero-polemica\/","og_locale":"es_ES","og_type":"article","og_title":"Grabois propuso una reforma agraria y gener\u00f3 pol\u00e9mica - Diario Textual","og_description":"El titular de la Confederaci\u00f3n de Trabajadores de la Econom\u00eda Popular (CTEP), Juan Grabois, propuso una reforma agraria en un video de Facebook Live y gener\u00f3 pol\u00e9mica en redes sociales.&hellip;","og_url":"https:\/\/diariotextual.com\/inicio\/index.php\/2019\/09\/03\/grabois-propuso-una-reforma-agraria-genero-polemica\/","og_site_name":"Diario Textual","article_publisher":"https:\/\/www.facebook.com\/eltextual","article_published_time":"2019-09-03T23:43:49+00:00","article_modified_time":"2019-09-04T12:59:17+00:00","og_image":[{"width":1200,"height":800,"url":"https:\/\/diariotextual.com\/inicio\/wp-content\/uploads\/2019\/09\/grabois-16.jpg","type":"image\/jpeg"}],"author":"Diario1 Diario1","twitter_card":"summary_large_image","twitter_creator":"@eltextual","twitter_site":"@eltextual","twitter_misc":{"Escrito por":"Diario1 Diario1","Tiempo de lectura":"2 minutos"},"schema":{"@context":"https:\/\/schema.org","@graph":[{"@type":"Article","@id":"https:\/\/diariotextual.com\/inicio\/index.php\/2019\/09\/03\/grabois-propuso-una-reforma-agraria-genero-polemica\/#article","isPartOf":{"@id":"https:\/\/diariotextual.com\/inicio\/index.php\/2019\/09\/03\/grabois-propuso-una-reforma-agraria-genero-polemica\/"},"author":{"name":"Diario1 Diario1","@id":"https:\/\/diariotextual.com\/inicio\/#\/schema\/person\/418fc4093c33e86ed41562db3508f958"},"headline":"Grabois propuso una reforma agraria y gener\u00f3 pol\u00e9mica","datePublished":"2019-09-03T23:43:49+00:00","dateModified":"2019-09-04T12:59:17+00:00","mainEntityOfPage":{"@id":"https:\/\/diariotextual.com\/inicio\/index.php\/2019\/09\/03\/grabois-propuso-una-reforma-agraria-genero-polemica\/"},"wordCount":355,"publisher":{"@id":"https:\/\/diariotextual.com\/inicio\/#organization"},"image":{"@id":"https:\/\/diariotextual.com\/inicio\/index.php\/2019\/09\/03\/grabois-propuso-una-reforma-agraria-genero-polemica\/#primaryimage"},"thumbnailUrl":"https:\/\/diariotextual.com\/inicio\/wp-content\/uploads\/2019\/09\/grabois-16.jpg","articleSection":["A - TEMPORALES","CAMPO"],"inLanguage":"es"},{"@type":"WebPage","@id":"https:\/\/diariotextual.com\/inicio\/index.php\/2019\/09\/03\/grabois-propuso-una-reforma-agraria-genero-polemica\/","url":"https:\/\/diariotextual.com\/inicio\/index.php\/2019\/09\/03\/grabois-propuso-una-reforma-agraria-genero-polemica\/","name":"Grabois propuso una reforma agraria y gener\u00f3 pol\u00e9mica - Diario Textual","isPartOf":{"@id":"https:\/\/diariotextual.com\/inicio\/#website"},"primaryImageOfPage":{"@id":"https:\/\/diariotextual.com\/inicio\/index.php\/2019\/09\/03\/grabois-propuso-una-reforma-agraria-genero-polemica\/#primaryimage"},"image":{"@id":"https:\/\/diariotextual.com\/inicio\/index.php\/2019\/09\/03\/grabois-propuso-una-reforma-agraria-genero-polemica\/#primaryimage"},"thumbnailUrl":"https:\/\/diariotextual.com\/inicio\/wp-content\/uploads\/2019\/09\/grabois-16.jpg","datePublished":"2019-09-03T23:43:49+00:00","dateModified":"2019-09-04T12:59:17+00:00","breadcrumb":{"@id":"https:\/\/diariotextual.com\/inicio\/index.php\/2019\/09\/03\/grabois-propuso-una-reforma-agraria-genero-polemica\/#breadcrumb"},"inLanguage":"es","potentialAction":[{"@type":"ReadAction","target":["https:\/\/diariotextual.com\/inicio\/index.php\/2019\/09\/03\/grabois-propuso-una-reforma-agraria-genero-polemica\/"]}]},{"@type":"ImageObject","inLanguage":"es","@id":"https:\/\/diariotextual.com\/inicio\/index.php\/2019\/09\/03\/grabois-propuso-una-reforma-agraria-genero-polemica\/#primaryimage","url":"https:\/\/diariotextual.com\/inicio\/wp-content\/uploads\/2019\/09\/grabois-16.jpg","contentUrl":"https:\/\/diariotextual.com\/inicio\/wp-content\/uploads\/2019\/09\/grabois-16.jpg","width":1200,"height":800},{"@type":"BreadcrumbList","@id":"https:\/\/diariotextual.com\/inicio\/index.php\/2019\/09\/03\/grabois-propuso-una-reforma-agraria-genero-polemica\/#breadcrumb","itemListElement":[{"@type":"ListItem","position":1,"name":"Portada","item":"https:\/\/diariotextual.com\/inicio\/"},{"@type":"ListItem","position":2,"name":"Grabois propuso una reforma agraria y gener\u00f3 pol\u00e9mica"}]},{"@type":"WebSite","@id":"https:\/\/diariotextual.com\/inicio\/#website","url":"https:\/\/diariotextual.com\/inicio\/","name":"Diario Textual","description":"","publisher":{"@id":"https:\/\/diariotextual.com\/inicio\/#organization"},"potentialAction":[{"@type":"SearchAction","target":{"@type":"EntryPoint","urlTemplate":"https:\/\/diariotextual.com\/inicio\/?s={search_term_string}"},"query-input":{"@type":"PropertyValueSpecification","valueRequired":true,"valueName":"search_term_string"}}],"inLanguage":"es"},{"@type":"Organization","@id":"https:\/\/diariotextual.com\/inicio\/#organization","name":"Diario Textual","url":"https:\/\/diariotextual.com\/inicio\/","logo":{"@type":"ImageObject","inLanguage":"es","@id":"https:\/\/diariotextual.com\/inicio\/#\/schema\/logo\/image\/","url":"https:\/\/diariotextual.com\/inicio\/wp-content\/uploads\/2023\/05\/logotextual1.jpg","contentUrl":"https:\/\/diariotextual.com\/inicio\/wp-content\/uploads\/2023\/05\/logotextual1.jpg","width":516,"height":76,"caption":"Diario Textual"},"image":{"@id":"https:\/\/diariotextual.com\/inicio\/#\/schema\/logo\/image\/"},"sameAs":["https:\/\/www.facebook.com\/eltextual","https:\/\/x.com\/eltextual","http:\/\/www.instagram.com\/eltextual"]},{"@type":"Person","@id":"https:\/\/diariotextual.com\/inicio\/#\/schema\/person\/418fc4093c33e86ed41562db3508f958","name":"Diario1 Diario1","image":{"@type":"ImageObject","inLanguage":"es","@id":"https:\/\/secure.gravatar.com\/avatar\/9167d280179c85bc18be67aa7eda765854300033af4896dd779b608640f2ef7a?s=96&d=mm&r=g","url":"https:\/\/secure.gravatar.com\/avatar\/9167d280179c85bc18be67aa7eda765854300033af4896dd779b608640f2ef7a?s=96&d=mm&r=g","contentUrl":"https:\/\/secure.gravatar.com\/avatar\/9167d280179c85bc18be67aa7eda765854300033af4896dd779b608640f2ef7a?s=96&d=mm&r=g","caption":"Diario1 Diario1"},"url":"https:\/\/diariotextual.com\/inicio\/index.php\/author\/diario1\/"}]}},"_links":{"self":[{"href":"https:\/\/diariotextual.com\/inicio\/index.php\/wp-json\/wp\/v2\/posts\/61631","targetHints":{"allow":["GET"]}}],"collection":[{"href":"https:\/\/diariotextual.com\/inicio\/index.php\/wp-json\/wp\/v2\/posts"}],"about":[{"href":"https:\/\/diariotextual.com\/inicio\/index.php\/wp-json\/wp\/v2\/types\/post"}],"author":[{"embeddable":true,"href":"https:\/\/diariotextual.com\/inicio\/index.php\/wp-json\/wp\/v2\/users\/3"}],"replies":[{"embeddable":true,"href":"https:\/\/diariotextual.com\/inicio\/index.php\/wp-json\/wp\/v2\/comments?post=61631"}],"version-history":[{"count":2,"href":"https:\/\/diariotextual.com\/inicio\/index.php\/wp-json\/wp\/v2\/posts\/61631\/revisions"}],"predecessor-version":[{"id":61634,"href":"https:\/\/diariotextual.com\/inicio\/index.php\/wp-json\/wp\/v2\/posts\/61631\/revisions\/61634"}],"wp:featuredmedia":[{"embeddable":true,"href":"https:\/\/diariotextual.com\/inicio\/index.php\/wp-json\/wp\/v2\/media\/61633"}],"wp:attachment":[{"href":"https:\/\/diariotextual.com\/inicio\/index.php\/wp-json\/wp\/v2\/media?parent=61631"}],"wp:term":[{"taxonomy":"category","embeddable":true,"href":"https:\/\/diariotextual.com\/inicio\/index.php\/wp-json\/wp\/v2\/categories?post=61631"},{"taxonomy":"post_tag","embeddable":true,"href":"https:\/\/diariotextual.com\/inicio\/index.php\/wp-json\/wp\/v2\/tags?post=61631"}],"curies":[{"name":"wp","href":"https:\/\/api.w.org\/{rel}","templated":true}]}}