{"id":61635,"date":"2019-09-04T07:25:53","date_gmt":"2019-09-04T10:25:53","guid":{"rendered":"http:\/\/diariotextual.com\/inicio\/?p=61635"},"modified":"2019-09-04T11:59:06","modified_gmt":"2019-09-04T14:59:06","slug":"ministro-agricultura-cruzo-grabois-pedir-la-reforma-agraria","status":"publish","type":"post","link":"https:\/\/diariotextual.com\/inicio\/index.php\/2019\/09\/04\/ministro-agricultura-cruzo-grabois-pedir-la-reforma-agraria\/","title":{"rendered":"El ministro de Agricultura cruz\u00f3 a Grabois por pedir la reforma agraria"},"content":{"rendered":"<p>El ministro de Agroindustria, <strong>Luis Miguel Etchevehere<\/strong>, cruz\u00f3 al dirigente social, Juan Grabois, quien plante\u00f3 la necesidad de impulsar una reforma agraria mediante la expropiaci\u00f3n de tierras a los propietarios que tengan m\u00e1s de 5 mil hect\u00e1reas.<\/p>\n<blockquote class=\"wp-embedded-content\" data-secret=\"TvwPexXIbj\"><p><a href=\"http:\/\/diariotextual.com\/inicio\/index.php\/2019\/09\/03\/grabois-propuso-una-reforma-agraria-genero-polemica\/\">Grabois propuso una reforma agraria y gener\u00f3 pol\u00e9mica<\/a><\/p><\/blockquote>\n<p><iframe class=\"wp-embedded-content\" sandbox=\"allow-scripts\" security=\"restricted\" style=\"position: absolute; clip: rect(1px, 1px, 1px, 1px);\" src=\"http:\/\/diariotextual.com\/inicio\/index.php\/2019\/09\/03\/grabois-propuso-una-reforma-agraria-genero-polemica\/embed\/#?secret=TvwPexXIbj\" data-secret=\"TvwPexXIbj\" width=\"600\" height=\"338\" title=\"&#171;Grabois propuso una reforma agraria y gener\u00f3 pol\u00e9mica&#187; &#8212; Diario Textual\" frameborder=\"0\" marginwidth=\"0\" marginheight=\"0\" scrolling=\"no\"><\/iframe><\/p>\n<p>\u00abLa Junta Nacional de Granos, la reforma agraria y la expropiaci\u00f3n son sistemas que fracasaron hace muchas d\u00e9cadas da\u00f1ando seriamente la econom\u00eda en varios pa\u00edses\u00bb, se\u00f1al\u00f3 el funcionario macrista en su cuenta de Twitter.<\/p>\n<p>\u00abEs tan malo el sistema que hasta el comunismo lo dej\u00f3 de lado. Esos pa\u00edses fracasaron y tuvieron que volver atr\u00e1s. La Argentina este a\u00f1o tuvo r\u00e9cord hist\u00f3rico de cosecha que se traduce en m\u00e1s inversi\u00f3n, empleo y arraigo\u00bb, explic\u00f3 Etchevehere.<\/p>\n<p>Grabois, mediante un video que se divulg\u00f3 este martes, dijo que \u00abno hay consenso en el Frente de Todos pero s\u00ed en los movimientos sociales y populares: hay que avanzar con una reforma agraria que implica necesariamente la redistribuci\u00f3n de la tierra\u00bb.<\/p>\n<p>\u00abEsto implica que en la Argentina no puede haber terratenientes. Nadie puede tener m\u00e1s de 5 mil hect\u00e1reas\u00bb; asegur\u00f3 Grabois. \u00abEstas extensiones de tierras son injustas y no pueden ser posibles en nuestro pa\u00eds\u00bb, dijo el titular de la CTEP.<\/p>\n<p>\u00abQueremos que las tierras sean de quienes las trabajan a trav\u00e9s de un mecanismo legal que no rompe ninguno de los pactos democr\u00e1ticos como es la expropiaci\u00f3n de 50 mil parcelas\u00bb, agreg\u00f3 Grabois generando que sus dichos sean tendencia en Twitter.<\/p>\n<p>&nbsp;<\/p>\n<p>&nbsp;<\/p>\n<p>&nbsp;<\/p>\n","protected":false},"excerpt":{"rendered":"<p>El ministro de Agroindustria, Luis Miguel Etchevehere, cruz\u00f3 al dirigente social, Juan Grabois, quien plante\u00f3 la necesidad de impulsar una reforma agraria mediante la expropiaci\u00f3n de tierras a los propietarios&hellip;<\/p>\n","protected":false},"author":3,"featured_media":61638,"comment_status":"closed","ping_status":"open","sticky":false,"template":"","format":"standard","meta":{"_acf_changed":false,"footnotes":""},"categories":[11,319,20],"tags":[],"class_list":["post-61635","post","type-post","status-publish","format-standard","has-post-thumbnail","hentry","category-que-pasa","category-a-temporales","category-campo"],"acf":[],"yoast_head":"<!-- This site is optimized with the Yoast SEO plugin v27.5 - https:\/\/yoast.com\/product\/yoast-seo-wordpress\/ -->\n<title>El ministro de Agricultura cruz\u00f3 a Grabois por pedir la reforma agraria - Diario Textual<\/title>\n<meta name=\"robots\" content=\"index, follow, max-snippet:-1, max-image-preview:large, max-video-preview:-1\" \/>\n<link rel=\"canonical\" href=\"https:\/\/diariotextual.com\/inicio\/index.php\/2019\/09\/04\/ministro-agricultura-cruzo-grabois-pedir-la-reforma-agraria\/\" \/>\n<meta property=\"og:locale\" content=\"es_ES\" \/>\n<meta property=\"og:type\" content=\"article\" \/>\n<meta property=\"og:title\" content=\"El ministro de Agricultura cruz\u00f3 a Grabois por pedir la reforma agraria - Diario Textual\" \/>\n<meta property=\"og:description\" content=\"El ministro de Agroindustria, Luis Miguel Etchevehere, cruz\u00f3 al dirigente social, Juan Grabois, quien plante\u00f3 la necesidad de impulsar una reforma agraria mediante la expropiaci\u00f3n de tierras a los propietarios&hellip;\" \/>\n<meta property=\"og:url\" content=\"https:\/\/diariotextual.com\/inicio\/index.php\/2019\/09\/04\/ministro-agricultura-cruzo-grabois-pedir-la-reforma-agraria\/\" \/>\n<meta property=\"og:site_name\" content=\"Diario Textual\" \/>\n<meta property=\"article:publisher\" content=\"https:\/\/www.facebook.com\/eltextual\" \/>\n<meta property=\"article:published_time\" content=\"2019-09-04T10:25:53+00:00\" \/>\n<meta property=\"article:modified_time\" content=\"2019-09-04T14:59:06+00:00\" \/>\n<meta property=\"og:image\" content=\"https:\/\/diariotextual.com\/inicio\/wp-content\/uploads\/2019\/09\/etchevehereluis67777.jpg\" \/>\n\t<meta property=\"og:image:width\" content=\"728\" \/>\n\t<meta property=\"og:image:height\" content=\"500\" \/>\n\t<meta property=\"og:image:type\" content=\"image\/jpeg\" \/>\n<meta name=\"author\" content=\"Diario1 Diario1\" \/>\n<meta name=\"twitter:card\" content=\"summary_large_image\" \/>\n<meta name=\"twitter:creator\" content=\"@eltextual\" \/>\n<meta name=\"twitter:site\" content=\"@eltextual\" \/>\n<meta name=\"twitter:label1\" content=\"Escrito por\" \/>\n\t<meta name=\"twitter:data1\" content=\"Diario1 Diario1\" \/>\n\t<meta name=\"twitter:label2\" content=\"Tiempo de lectura\" \/>\n\t<meta name=\"twitter:data2\" content=\"1 minuto\" \/>\n<script type=\"application\/ld+json\" class=\"yoast-schema-graph\">{\"@context\":\"https:\\\/\\\/schema.org\",\"@graph\":[{\"@type\":\"Article\",\"@id\":\"https:\\\/\\\/diariotextual.com\\\/inicio\\\/index.php\\\/2019\\\/09\\\/04\\\/ministro-agricultura-cruzo-grabois-pedir-la-reforma-agraria\\\/#article\",\"isPartOf\":{\"@id\":\"https:\\\/\\\/diariotextual.com\\\/inicio\\\/index.php\\\/2019\\\/09\\\/04\\\/ministro-agricultura-cruzo-grabois-pedir-la-reforma-agraria\\\/\"},\"author\":{\"name\":\"Diario1 Diario1\",\"@id\":\"https:\\\/\\\/diariotextual.com\\\/inicio\\\/#\\\/schema\\\/person\\\/418fc4093c33e86ed41562db3508f958\"},\"headline\":\"El ministro de Agricultura cruz\u00f3 a Grabois por pedir la reforma agraria\",\"datePublished\":\"2019-09-04T10:25:53+00:00\",\"dateModified\":\"2019-09-04T14:59:06+00:00\",\"mainEntityOfPage\":{\"@id\":\"https:\\\/\\\/diariotextual.com\\\/inicio\\\/index.php\\\/2019\\\/09\\\/04\\\/ministro-agricultura-cruzo-grabois-pedir-la-reforma-agraria\\\/\"},\"wordCount\":277,\"publisher\":{\"@id\":\"https:\\\/\\\/diariotextual.com\\\/inicio\\\/#organization\"},\"image\":{\"@id\":\"https:\\\/\\\/diariotextual.com\\\/inicio\\\/index.php\\\/2019\\\/09\\\/04\\\/ministro-agricultura-cruzo-grabois-pedir-la-reforma-agraria\\\/#primaryimage\"},\"thumbnailUrl\":\"https:\\\/\\\/diariotextual.com\\\/inicio\\\/wp-content\\\/uploads\\\/2019\\\/09\\\/etchevehereluis67777.jpg\",\"articleSection\":[\"A - QUE PASA (al costado)\",\"A - TEMPORALES\",\"CAMPO\"],\"inLanguage\":\"es\"},{\"@type\":\"WebPage\",\"@id\":\"https:\\\/\\\/diariotextual.com\\\/inicio\\\/index.php\\\/2019\\\/09\\\/04\\\/ministro-agricultura-cruzo-grabois-pedir-la-reforma-agraria\\\/\",\"url\":\"https:\\\/\\\/diariotextual.com\\\/inicio\\\/index.php\\\/2019\\\/09\\\/04\\\/ministro-agricultura-cruzo-grabois-pedir-la-reforma-agraria\\\/\",\"name\":\"El ministro de Agricultura cruz\u00f3 a Grabois por pedir la reforma agraria - Diario Textual\",\"isPartOf\":{\"@id\":\"https:\\\/\\\/diariotextual.com\\\/inicio\\\/#website\"},\"primaryImageOfPage\":{\"@id\":\"https:\\\/\\\/diariotextual.com\\\/inicio\\\/index.php\\\/2019\\\/09\\\/04\\\/ministro-agricultura-cruzo-grabois-pedir-la-reforma-agraria\\\/#primaryimage\"},\"image\":{\"@id\":\"https:\\\/\\\/diariotextual.com\\\/inicio\\\/index.php\\\/2019\\\/09\\\/04\\\/ministro-agricultura-cruzo-grabois-pedir-la-reforma-agraria\\\/#primaryimage\"},\"thumbnailUrl\":\"https:\\\/\\\/diariotextual.com\\\/inicio\\\/wp-content\\\/uploads\\\/2019\\\/09\\\/etchevehereluis67777.jpg\",\"datePublished\":\"2019-09-04T10:25:53+00:00\",\"dateModified\":\"2019-09-04T14:59:06+00:00\",\"breadcrumb\":{\"@id\":\"https:\\\/\\\/diariotextual.com\\\/inicio\\\/index.php\\\/2019\\\/09\\\/04\\\/ministro-agricultura-cruzo-grabois-pedir-la-reforma-agraria\\\/#breadcrumb\"},\"inLanguage\":\"es\",\"potentialAction\":[{\"@type\":\"ReadAction\",\"target\":[\"https:\\\/\\\/diariotextual.com\\\/inicio\\\/index.php\\\/2019\\\/09\\\/04\\\/ministro-agricultura-cruzo-grabois-pedir-la-reforma-agraria\\\/\"]}]},{\"@type\":\"ImageObject\",\"inLanguage\":\"es\",\"@id\":\"https:\\\/\\\/diariotextual.com\\\/inicio\\\/index.php\\\/2019\\\/09\\\/04\\\/ministro-agricultura-cruzo-grabois-pedir-la-reforma-agraria\\\/#primaryimage\",\"url\":\"https:\\\/\\\/diariotextual.com\\\/inicio\\\/wp-content\\\/uploads\\\/2019\\\/09\\\/etchevehereluis67777.jpg\",\"contentUrl\":\"https:\\\/\\\/diariotextual.com\\\/inicio\\\/wp-content\\\/uploads\\\/2019\\\/09\\\/etchevehereluis67777.jpg\",\"width\":728,\"height\":500},{\"@type\":\"BreadcrumbList\",\"@id\":\"https:\\\/\\\/diariotextual.com\\\/inicio\\\/index.php\\\/2019\\\/09\\\/04\\\/ministro-agricultura-cruzo-grabois-pedir-la-reforma-agraria\\\/#breadcrumb\",\"itemListElement\":[{\"@type\":\"ListItem\",\"position\":1,\"name\":\"Portada\",\"item\":\"https:\\\/\\\/diariotextual.com\\\/inicio\\\/\"},{\"@type\":\"ListItem\",\"position\":2,\"name\":\"El ministro de Agricultura cruz\u00f3 a Grabois por pedir la reforma agraria\"}]},{\"@type\":\"WebSite\",\"@id\":\"https:\\\/\\\/diariotextual.com\\\/inicio\\\/#website\",\"url\":\"https:\\\/\\\/diariotextual.com\\\/inicio\\\/\",\"name\":\"Diario Textual\",\"description\":\"\",\"publisher\":{\"@id\":\"https:\\\/\\\/diariotextual.com\\\/inicio\\\/#organization\"},\"potentialAction\":[{\"@type\":\"SearchAction\",\"target\":{\"@type\":\"EntryPoint\",\"urlTemplate\":\"https:\\\/\\\/diariotextual.com\\\/inicio\\\/?s={search_term_string}\"},\"query-input\":{\"@type\":\"PropertyValueSpecification\",\"valueRequired\":true,\"valueName\":\"search_term_string\"}}],\"inLanguage\":\"es\"},{\"@type\":\"Organization\",\"@id\":\"https:\\\/\\\/diariotextual.com\\\/inicio\\\/#organization\",\"name\":\"Diario Textual\",\"url\":\"https:\\\/\\\/diariotextual.com\\\/inicio\\\/\",\"logo\":{\"@type\":\"ImageObject\",\"inLanguage\":\"es\",\"@id\":\"https:\\\/\\\/diariotextual.com\\\/inicio\\\/#\\\/schema\\\/logo\\\/image\\\/\",\"url\":\"https:\\\/\\\/diariotextual.com\\\/inicio\\\/wp-content\\\/uploads\\\/2023\\\/05\\\/logotextual1.jpg\",\"contentUrl\":\"https:\\\/\\\/diariotextual.com\\\/inicio\\\/wp-content\\\/uploads\\\/2023\\\/05\\\/logotextual1.jpg\",\"width\":516,\"height\":76,\"caption\":\"Diario Textual\"},\"image\":{\"@id\":\"https:\\\/\\\/diariotextual.com\\\/inicio\\\/#\\\/schema\\\/logo\\\/image\\\/\"},\"sameAs\":[\"https:\\\/\\\/www.facebook.com\\\/eltextual\",\"https:\\\/\\\/x.com\\\/eltextual\",\"http:\\\/\\\/www.instagram.com\\\/eltextual\"]},{\"@type\":\"Person\",\"@id\":\"https:\\\/\\\/diariotextual.com\\\/inicio\\\/#\\\/schema\\\/person\\\/418fc4093c33e86ed41562db3508f958\",\"name\":\"Diario1 Diario1\",\"image\":{\"@type\":\"ImageObject\",\"inLanguage\":\"es\",\"@id\":\"https:\\\/\\\/secure.gravatar.com\\\/avatar\\\/9167d280179c85bc18be67aa7eda765854300033af4896dd779b608640f2ef7a?s=96&d=mm&r=g\",\"url\":\"https:\\\/\\\/secure.gravatar.com\\\/avatar\\\/9167d280179c85bc18be67aa7eda765854300033af4896dd779b608640f2ef7a?s=96&d=mm&r=g\",\"contentUrl\":\"https:\\\/\\\/secure.gravatar.com\\\/avatar\\\/9167d280179c85bc18be67aa7eda765854300033af4896dd779b608640f2ef7a?s=96&d=mm&r=g\",\"caption\":\"Diario1 Diario1\"},\"url\":\"https:\\\/\\\/diariotextual.com\\\/inicio\\\/index.php\\\/author\\\/diario1\\\/\"}]}<\/script>\n<!-- \/ Yoast SEO plugin. -->","yoast_head_json":{"title":"El ministro de Agricultura cruz\u00f3 a Grabois por pedir la reforma agraria - Diario Textual","robots":{"index":"index","follow":"follow","max-snippet":"max-snippet:-1","max-image-preview":"max-image-preview:large","max-video-preview":"max-video-preview:-1"},"canonical":"https:\/\/diariotextual.com\/inicio\/index.php\/2019\/09\/04\/ministro-agricultura-cruzo-grabois-pedir-la-reforma-agraria\/","og_locale":"es_ES","og_type":"article","og_title":"El ministro de Agricultura cruz\u00f3 a Grabois por pedir la reforma agraria - Diario Textual","og_description":"El ministro de Agroindustria, Luis Miguel Etchevehere, cruz\u00f3 al dirigente social, Juan Grabois, quien plante\u00f3 la necesidad de impulsar una reforma agraria mediante la expropiaci\u00f3n de tierras a los propietarios&hellip;","og_url":"https:\/\/diariotextual.com\/inicio\/index.php\/2019\/09\/04\/ministro-agricultura-cruzo-grabois-pedir-la-reforma-agraria\/","og_site_name":"Diario Textual","article_publisher":"https:\/\/www.facebook.com\/eltextual","article_published_time":"2019-09-04T10:25:53+00:00","article_modified_time":"2019-09-04T14:59:06+00:00","og_image":[{"width":728,"height":500,"url":"https:\/\/diariotextual.com\/inicio\/wp-content\/uploads\/2019\/09\/etchevehereluis67777.jpg","type":"image\/jpeg"}],"author":"Diario1 Diario1","twitter_card":"summary_large_image","twitter_creator":"@eltextual","twitter_site":"@eltextual","twitter_misc":{"Escrito por":"Diario1 Diario1","Tiempo de lectura":"1 minuto"},"schema":{"@context":"https:\/\/schema.org","@graph":[{"@type":"Article","@id":"https:\/\/diariotextual.com\/inicio\/index.php\/2019\/09\/04\/ministro-agricultura-cruzo-grabois-pedir-la-reforma-agraria\/#article","isPartOf":{"@id":"https:\/\/diariotextual.com\/inicio\/index.php\/2019\/09\/04\/ministro-agricultura-cruzo-grabois-pedir-la-reforma-agraria\/"},"author":{"name":"Diario1 Diario1","@id":"https:\/\/diariotextual.com\/inicio\/#\/schema\/person\/418fc4093c33e86ed41562db3508f958"},"headline":"El ministro de Agricultura cruz\u00f3 a Grabois por pedir la reforma agraria","datePublished":"2019-09-04T10:25:53+00:00","dateModified":"2019-09-04T14:59:06+00:00","mainEntityOfPage":{"@id":"https:\/\/diariotextual.com\/inicio\/index.php\/2019\/09\/04\/ministro-agricultura-cruzo-grabois-pedir-la-reforma-agraria\/"},"wordCount":277,"publisher":{"@id":"https:\/\/diariotextual.com\/inicio\/#organization"},"image":{"@id":"https:\/\/diariotextual.com\/inicio\/index.php\/2019\/09\/04\/ministro-agricultura-cruzo-grabois-pedir-la-reforma-agraria\/#primaryimage"},"thumbnailUrl":"https:\/\/diariotextual.com\/inicio\/wp-content\/uploads\/2019\/09\/etchevehereluis67777.jpg","articleSection":["A - QUE PASA (al costado)","A - TEMPORALES","CAMPO"],"inLanguage":"es"},{"@type":"WebPage","@id":"https:\/\/diariotextual.com\/inicio\/index.php\/2019\/09\/04\/ministro-agricultura-cruzo-grabois-pedir-la-reforma-agraria\/","url":"https:\/\/diariotextual.com\/inicio\/index.php\/2019\/09\/04\/ministro-agricultura-cruzo-grabois-pedir-la-reforma-agraria\/","name":"El ministro de Agricultura cruz\u00f3 a Grabois por pedir la reforma agraria - Diario Textual","isPartOf":{"@id":"https:\/\/diariotextual.com\/inicio\/#website"},"primaryImageOfPage":{"@id":"https:\/\/diariotextual.com\/inicio\/index.php\/2019\/09\/04\/ministro-agricultura-cruzo-grabois-pedir-la-reforma-agraria\/#primaryimage"},"image":{"@id":"https:\/\/diariotextual.com\/inicio\/index.php\/2019\/09\/04\/ministro-agricultura-cruzo-grabois-pedir-la-reforma-agraria\/#primaryimage"},"thumbnailUrl":"https:\/\/diariotextual.com\/inicio\/wp-content\/uploads\/2019\/09\/etchevehereluis67777.jpg","datePublished":"2019-09-04T10:25:53+00:00","dateModified":"2019-09-04T14:59:06+00:00","breadcrumb":{"@id":"https:\/\/diariotextual.com\/inicio\/index.php\/2019\/09\/04\/ministro-agricultura-cruzo-grabois-pedir-la-reforma-agraria\/#breadcrumb"},"inLanguage":"es","potentialAction":[{"@type":"ReadAction","target":["https:\/\/diariotextual.com\/inicio\/index.php\/2019\/09\/04\/ministro-agricultura-cruzo-grabois-pedir-la-reforma-agraria\/"]}]},{"@type":"ImageObject","inLanguage":"es","@id":"https:\/\/diariotextual.com\/inicio\/index.php\/2019\/09\/04\/ministro-agricultura-cruzo-grabois-pedir-la-reforma-agraria\/#primaryimage","url":"https:\/\/diariotextual.com\/inicio\/wp-content\/uploads\/2019\/09\/etchevehereluis67777.jpg","contentUrl":"https:\/\/diariotextual.com\/inicio\/wp-content\/uploads\/2019\/09\/etchevehereluis67777.jpg","width":728,"height":500},{"@type":"BreadcrumbList","@id":"https:\/\/diariotextual.com\/inicio\/index.php\/2019\/09\/04\/ministro-agricultura-cruzo-grabois-pedir-la-reforma-agraria\/#breadcrumb","itemListElement":[{"@type":"ListItem","position":1,"name":"Portada","item":"https:\/\/diariotextual.com\/inicio\/"},{"@type":"ListItem","position":2,"name":"El ministro de Agricultura cruz\u00f3 a Grabois por pedir la reforma agraria"}]},{"@type":"WebSite","@id":"https:\/\/diariotextual.com\/inicio\/#website","url":"https:\/\/diariotextual.com\/inicio\/","name":"Diario Textual","description":"","publisher":{"@id":"https:\/\/diariotextual.com\/inicio\/#organization"},"potentialAction":[{"@type":"SearchAction","target":{"@type":"EntryPoint","urlTemplate":"https:\/\/diariotextual.com\/inicio\/?s={search_term_string}"},"query-input":{"@type":"PropertyValueSpecification","valueRequired":true,"valueName":"search_term_string"}}],"inLanguage":"es"},{"@type":"Organization","@id":"https:\/\/diariotextual.com\/inicio\/#organization","name":"Diario Textual","url":"https:\/\/diariotextual.com\/inicio\/","logo":{"@type":"ImageObject","inLanguage":"es","@id":"https:\/\/diariotextual.com\/inicio\/#\/schema\/logo\/image\/","url":"https:\/\/diariotextual.com\/inicio\/wp-content\/uploads\/2023\/05\/logotextual1.jpg","contentUrl":"https:\/\/diariotextual.com\/inicio\/wp-content\/uploads\/2023\/05\/logotextual1.jpg","width":516,"height":76,"caption":"Diario Textual"},"image":{"@id":"https:\/\/diariotextual.com\/inicio\/#\/schema\/logo\/image\/"},"sameAs":["https:\/\/www.facebook.com\/eltextual","https:\/\/x.com\/eltextual","http:\/\/www.instagram.com\/eltextual"]},{"@type":"Person","@id":"https:\/\/diariotextual.com\/inicio\/#\/schema\/person\/418fc4093c33e86ed41562db3508f958","name":"Diario1 Diario1","image":{"@type":"ImageObject","inLanguage":"es","@id":"https:\/\/secure.gravatar.com\/avatar\/9167d280179c85bc18be67aa7eda765854300033af4896dd779b608640f2ef7a?s=96&d=mm&r=g","url":"https:\/\/secure.gravatar.com\/avatar\/9167d280179c85bc18be67aa7eda765854300033af4896dd779b608640f2ef7a?s=96&d=mm&r=g","contentUrl":"https:\/\/secure.gravatar.com\/avatar\/9167d280179c85bc18be67aa7eda765854300033af4896dd779b608640f2ef7a?s=96&d=mm&r=g","caption":"Diario1 Diario1"},"url":"https:\/\/diariotextual.com\/inicio\/index.php\/author\/diario1\/"}]}},"_links":{"self":[{"href":"https:\/\/diariotextual.com\/inicio\/index.php\/wp-json\/wp\/v2\/posts\/61635","targetHints":{"allow":["GET"]}}],"collection":[{"href":"https:\/\/diariotextual.com\/inicio\/index.php\/wp-json\/wp\/v2\/posts"}],"about":[{"href":"https:\/\/diariotextual.com\/inicio\/index.php\/wp-json\/wp\/v2\/types\/post"}],"author":[{"embeddable":true,"href":"https:\/\/diariotextual.com\/inicio\/index.php\/wp-json\/wp\/v2\/users\/3"}],"replies":[{"embeddable":true,"href":"https:\/\/diariotextual.com\/inicio\/index.php\/wp-json\/wp\/v2\/comments?post=61635"}],"version-history":[{"count":2,"href":"https:\/\/diariotextual.com\/inicio\/index.php\/wp-json\/wp\/v2\/posts\/61635\/revisions"}],"predecessor-version":[{"id":61637,"href":"https:\/\/diariotextual.com\/inicio\/index.php\/wp-json\/wp\/v2\/posts\/61635\/revisions\/61637"}],"wp:featuredmedia":[{"embeddable":true,"href":"https:\/\/diariotextual.com\/inicio\/index.php\/wp-json\/wp\/v2\/media\/61638"}],"wp:attachment":[{"href":"https:\/\/diariotextual.com\/inicio\/index.php\/wp-json\/wp\/v2\/media?parent=61635"}],"wp:term":[{"taxonomy":"category","embeddable":true,"href":"https:\/\/diariotextual.com\/inicio\/index.php\/wp-json\/wp\/v2\/categories?post=61635"},{"taxonomy":"post_tag","embeddable":true,"href":"https:\/\/diariotextual.com\/inicio\/index.php\/wp-json\/wp\/v2\/tags?post=61635"}],"curies":[{"name":"wp","href":"https:\/\/api.w.org\/{rel}","templated":true}]}}