{"id":61674,"date":"2019-09-04T11:56:01","date_gmt":"2019-09-04T14:56:01","guid":{"rendered":"http:\/\/diariotextual.com\/inicio\/?p=61674"},"modified":"2019-09-04T20:16:25","modified_gmt":"2019-09-04T23:16:25","slug":"ahora-habilitaron-la-lista-5-participar-las-elecciones-del-procrear","status":"publish","type":"post","link":"https:\/\/diariotextual.com\/inicio\/index.php\/2019\/09\/04\/ahora-habilitaron-la-lista-5-participar-las-elecciones-del-procrear\/","title":{"rendered":"Ahora habilitaron a la lista 5 a participar de las elecciones del Procrear"},"content":{"rendered":"<p>El concejo deliberante de Santa Rosa, a trav\u00e9s de la Comisi\u00f3n Parlamentaria, habilit\u00f3 la lista 5 para que participe de las elecciones del barrio Procrear el pr\u00f3ximo 8 de setiembre. Enfrentar\u00e1 a la lista 1.<\/p>\n<blockquote class=\"wp-embedded-content\" data-secret=\"6ICMoTfWOy\"><p><a href=\"http:\/\/diariotextual.com\/inicio\/index.php\/2019\/09\/03\/procrear-lista-se-queja-concejales-pide-participar-las-elecciones\/\">Procrear: lista se queja a concejales y pide participar de las elecciones<\/a><\/p><\/blockquote>\n<p><iframe class=\"wp-embedded-content\" sandbox=\"allow-scripts\" security=\"restricted\" style=\"position: absolute; clip: rect(1px, 1px, 1px, 1px);\" src=\"http:\/\/diariotextual.com\/inicio\/index.php\/2019\/09\/03\/procrear-lista-se-queja-concejales-pide-participar-las-elecciones\/embed\/#?secret=6ICMoTfWOy\" data-secret=\"6ICMoTfWOy\" width=\"600\" height=\"338\" title=\"&#171;Procrear: lista se queja a concejales y pide participar de las elecciones&#187; &#8212; Diario Textual\" frameborder=\"0\" marginwidth=\"0\" marginheight=\"0\" scrolling=\"no\"><\/iframe><\/p>\n<p>\u00abAl final nos habilitaron a participar, con lista corta\u00bb, dijo a Diario Textual uno de los referentes de la lista 5 del Procrear, Santiago Requejo.<\/p>\n<p>Requejo junto a un grupo de vecinos se quej\u00f3 ayer contra los concejales santarrose\u00f1os por no dejarlos participar de las elecciones para conformar la primera Comisi\u00f3n Vecinal del Barrio Procrear de Santa Rosa. Fue luego de que la municipalidad inform\u00f3 que la Junta Electoral del Barrio Procrear oficializ\u00f3 la Lista N\u00b0 1, encabezada por Juliana Baz\u00e1n. Dijo que present\u00f3 toda la documentaci\u00f3n requerida por Ordenanza 4410\/11 \u00aben tiempo y en forma\u00bb.<\/p>\n<p>La Lista N\u00b0 5, en tanto, present\u00f3 la documentaci\u00f3n dentro del plazo legal, pero \u00abincumpliendo con la totalidad de las exigencias\u00bb establecidas en el Art\u00edculo 18\u00b0 de la Ordenanza 4410\/11.<\/p>\n<p>Hoy fueron a reclamar al concejo deliberante las dos listas: los de la 1 para que no habiliten a la lista 5 y \u00e9stos para que les posibiliten competir. Finalmente, los concejales del aprobaron que la lista que hab\u00eda sido bajada pueda participar como \u00ablista corta\u00bb. Esto quiere decir que se bajar\u00e1n a los candidatos que no presentaron la documentacion en tiempo y forma.<\/p>\n<p>&nbsp;<\/p>\n","protected":false},"excerpt":{"rendered":"<p>El concejo deliberante de Santa Rosa, a trav\u00e9s de la Comisi\u00f3n Parlamentaria, habilit\u00f3 la lista 5 para que participe de las elecciones del barrio Procrear el pr\u00f3ximo 8 de setiembre.&hellip;<\/p>\n","protected":false},"author":7,"featured_media":4649,"comment_status":"closed","ping_status":"open","sticky":false,"template":"","format":"standard","meta":{"_acf_changed":false,"footnotes":""},"categories":[11,319,12],"tags":[],"class_list":["post-61674","post","type-post","status-publish","format-standard","has-post-thumbnail","hentry","category-que-pasa","category-a-temporales","category-sociedad"],"acf":[],"yoast_head":"<!-- This site is optimized with the Yoast SEO plugin v27.5 - https:\/\/yoast.com\/product\/yoast-seo-wordpress\/ -->\n<title>Ahora habilitaron a la lista 5 a participar de las elecciones del Procrear - Diario Textual<\/title>\n<meta name=\"robots\" content=\"index, follow, max-snippet:-1, max-image-preview:large, max-video-preview:-1\" \/>\n<link rel=\"canonical\" href=\"https:\/\/diariotextual.com\/inicio\/index.php\/2019\/09\/04\/ahora-habilitaron-la-lista-5-participar-las-elecciones-del-procrear\/\" \/>\n<meta property=\"og:locale\" content=\"es_ES\" \/>\n<meta property=\"og:type\" content=\"article\" \/>\n<meta property=\"og:title\" content=\"Ahora habilitaron a la lista 5 a participar de las elecciones del Procrear - Diario Textual\" \/>\n<meta property=\"og:description\" content=\"El concejo deliberante de Santa Rosa, a trav\u00e9s de la Comisi\u00f3n Parlamentaria, habilit\u00f3 la lista 5 para que participe de las elecciones del barrio Procrear el pr\u00f3ximo 8 de setiembre.&hellip;\" \/>\n<meta property=\"og:url\" content=\"https:\/\/diariotextual.com\/inicio\/index.php\/2019\/09\/04\/ahora-habilitaron-la-lista-5-participar-las-elecciones-del-procrear\/\" \/>\n<meta property=\"og:site_name\" content=\"Diario Textual\" \/>\n<meta property=\"article:publisher\" content=\"https:\/\/www.facebook.com\/eltextual\" \/>\n<meta property=\"article:published_time\" content=\"2019-09-04T14:56:01+00:00\" \/>\n<meta property=\"article:modified_time\" content=\"2019-09-04T23:16:25+00:00\" \/>\n<meta property=\"og:image\" content=\"https:\/\/diariotextual.com\/inicio\/wp-content\/uploads\/2018\/04\/procrearbarriosantarosa.jpg\" \/>\n\t<meta property=\"og:image:width\" content=\"638\" \/>\n\t<meta property=\"og:image:height\" content=\"425\" \/>\n\t<meta property=\"og:image:type\" content=\"image\/jpeg\" \/>\n<meta name=\"author\" content=\"diario5\" \/>\n<meta name=\"twitter:card\" content=\"summary_large_image\" \/>\n<meta name=\"twitter:creator\" content=\"@eltextual\" \/>\n<meta name=\"twitter:site\" content=\"@eltextual\" \/>\n<meta name=\"twitter:label1\" content=\"Escrito por\" \/>\n\t<meta name=\"twitter:data1\" content=\"diario5\" \/>\n\t<meta name=\"twitter:label2\" content=\"Tiempo de lectura\" \/>\n\t<meta name=\"twitter:data2\" content=\"1 minuto\" \/>\n<script type=\"application\/ld+json\" class=\"yoast-schema-graph\">{\"@context\":\"https:\\\/\\\/schema.org\",\"@graph\":[{\"@type\":\"Article\",\"@id\":\"https:\\\/\\\/diariotextual.com\\\/inicio\\\/index.php\\\/2019\\\/09\\\/04\\\/ahora-habilitaron-la-lista-5-participar-las-elecciones-del-procrear\\\/#article\",\"isPartOf\":{\"@id\":\"https:\\\/\\\/diariotextual.com\\\/inicio\\\/index.php\\\/2019\\\/09\\\/04\\\/ahora-habilitaron-la-lista-5-participar-las-elecciones-del-procrear\\\/\"},\"author\":{\"name\":\"diario5\",\"@id\":\"https:\\\/\\\/diariotextual.com\\\/inicio\\\/#\\\/schema\\\/person\\\/c7834961ad8b29b1d9cdbf4571299067\"},\"headline\":\"Ahora habilitaron a la lista 5 a participar de las elecciones del Procrear\",\"datePublished\":\"2019-09-04T14:56:01+00:00\",\"dateModified\":\"2019-09-04T23:16:25+00:00\",\"mainEntityOfPage\":{\"@id\":\"https:\\\/\\\/diariotextual.com\\\/inicio\\\/index.php\\\/2019\\\/09\\\/04\\\/ahora-habilitaron-la-lista-5-participar-las-elecciones-del-procrear\\\/\"},\"wordCount\":245,\"publisher\":{\"@id\":\"https:\\\/\\\/diariotextual.com\\\/inicio\\\/#organization\"},\"image\":{\"@id\":\"https:\\\/\\\/diariotextual.com\\\/inicio\\\/index.php\\\/2019\\\/09\\\/04\\\/ahora-habilitaron-la-lista-5-participar-las-elecciones-del-procrear\\\/#primaryimage\"},\"thumbnailUrl\":\"https:\\\/\\\/diariotextual.com\\\/inicio\\\/wp-content\\\/uploads\\\/2018\\\/04\\\/procrearbarriosantarosa.jpg\",\"articleSection\":[\"A - QUE PASA (al costado)\",\"A - TEMPORALES\",\"SOCIEDAD\"],\"inLanguage\":\"es\"},{\"@type\":\"WebPage\",\"@id\":\"https:\\\/\\\/diariotextual.com\\\/inicio\\\/index.php\\\/2019\\\/09\\\/04\\\/ahora-habilitaron-la-lista-5-participar-las-elecciones-del-procrear\\\/\",\"url\":\"https:\\\/\\\/diariotextual.com\\\/inicio\\\/index.php\\\/2019\\\/09\\\/04\\\/ahora-habilitaron-la-lista-5-participar-las-elecciones-del-procrear\\\/\",\"name\":\"Ahora habilitaron a la lista 5 a participar de las elecciones del Procrear - Diario Textual\",\"isPartOf\":{\"@id\":\"https:\\\/\\\/diariotextual.com\\\/inicio\\\/#website\"},\"primaryImageOfPage\":{\"@id\":\"https:\\\/\\\/diariotextual.com\\\/inicio\\\/index.php\\\/2019\\\/09\\\/04\\\/ahora-habilitaron-la-lista-5-participar-las-elecciones-del-procrear\\\/#primaryimage\"},\"image\":{\"@id\":\"https:\\\/\\\/diariotextual.com\\\/inicio\\\/index.php\\\/2019\\\/09\\\/04\\\/ahora-habilitaron-la-lista-5-participar-las-elecciones-del-procrear\\\/#primaryimage\"},\"thumbnailUrl\":\"https:\\\/\\\/diariotextual.com\\\/inicio\\\/wp-content\\\/uploads\\\/2018\\\/04\\\/procrearbarriosantarosa.jpg\",\"datePublished\":\"2019-09-04T14:56:01+00:00\",\"dateModified\":\"2019-09-04T23:16:25+00:00\",\"breadcrumb\":{\"@id\":\"https:\\\/\\\/diariotextual.com\\\/inicio\\\/index.php\\\/2019\\\/09\\\/04\\\/ahora-habilitaron-la-lista-5-participar-las-elecciones-del-procrear\\\/#breadcrumb\"},\"inLanguage\":\"es\",\"potentialAction\":[{\"@type\":\"ReadAction\",\"target\":[\"https:\\\/\\\/diariotextual.com\\\/inicio\\\/index.php\\\/2019\\\/09\\\/04\\\/ahora-habilitaron-la-lista-5-participar-las-elecciones-del-procrear\\\/\"]}]},{\"@type\":\"ImageObject\",\"inLanguage\":\"es\",\"@id\":\"https:\\\/\\\/diariotextual.com\\\/inicio\\\/index.php\\\/2019\\\/09\\\/04\\\/ahora-habilitaron-la-lista-5-participar-las-elecciones-del-procrear\\\/#primaryimage\",\"url\":\"https:\\\/\\\/diariotextual.com\\\/inicio\\\/wp-content\\\/uploads\\\/2018\\\/04\\\/procrearbarriosantarosa.jpg\",\"contentUrl\":\"https:\\\/\\\/diariotextual.com\\\/inicio\\\/wp-content\\\/uploads\\\/2018\\\/04\\\/procrearbarriosantarosa.jpg\",\"width\":638,\"height\":425},{\"@type\":\"BreadcrumbList\",\"@id\":\"https:\\\/\\\/diariotextual.com\\\/inicio\\\/index.php\\\/2019\\\/09\\\/04\\\/ahora-habilitaron-la-lista-5-participar-las-elecciones-del-procrear\\\/#breadcrumb\",\"itemListElement\":[{\"@type\":\"ListItem\",\"position\":1,\"name\":\"Portada\",\"item\":\"https:\\\/\\\/diariotextual.com\\\/inicio\\\/\"},{\"@type\":\"ListItem\",\"position\":2,\"name\":\"Ahora habilitaron a la lista 5 a participar de las elecciones del Procrear\"}]},{\"@type\":\"WebSite\",\"@id\":\"https:\\\/\\\/diariotextual.com\\\/inicio\\\/#website\",\"url\":\"https:\\\/\\\/diariotextual.com\\\/inicio\\\/\",\"name\":\"Diario Textual\",\"description\":\"\",\"publisher\":{\"@id\":\"https:\\\/\\\/diariotextual.com\\\/inicio\\\/#organization\"},\"potentialAction\":[{\"@type\":\"SearchAction\",\"target\":{\"@type\":\"EntryPoint\",\"urlTemplate\":\"https:\\\/\\\/diariotextual.com\\\/inicio\\\/?s={search_term_string}\"},\"query-input\":{\"@type\":\"PropertyValueSpecification\",\"valueRequired\":true,\"valueName\":\"search_term_string\"}}],\"inLanguage\":\"es\"},{\"@type\":\"Organization\",\"@id\":\"https:\\\/\\\/diariotextual.com\\\/inicio\\\/#organization\",\"name\":\"Diario Textual\",\"url\":\"https:\\\/\\\/diariotextual.com\\\/inicio\\\/\",\"logo\":{\"@type\":\"ImageObject\",\"inLanguage\":\"es\",\"@id\":\"https:\\\/\\\/diariotextual.com\\\/inicio\\\/#\\\/schema\\\/logo\\\/image\\\/\",\"url\":\"https:\\\/\\\/diariotextual.com\\\/inicio\\\/wp-content\\\/uploads\\\/2023\\\/05\\\/logotextual1.jpg\",\"contentUrl\":\"https:\\\/\\\/diariotextual.com\\\/inicio\\\/wp-content\\\/uploads\\\/2023\\\/05\\\/logotextual1.jpg\",\"width\":516,\"height\":76,\"caption\":\"Diario Textual\"},\"image\":{\"@id\":\"https:\\\/\\\/diariotextual.com\\\/inicio\\\/#\\\/schema\\\/logo\\\/image\\\/\"},\"sameAs\":[\"https:\\\/\\\/www.facebook.com\\\/eltextual\",\"https:\\\/\\\/x.com\\\/eltextual\",\"http:\\\/\\\/www.instagram.com\\\/eltextual\"]},{\"@type\":\"Person\",\"@id\":\"https:\\\/\\\/diariotextual.com\\\/inicio\\\/#\\\/schema\\\/person\\\/c7834961ad8b29b1d9cdbf4571299067\",\"name\":\"diario5\",\"image\":{\"@type\":\"ImageObject\",\"inLanguage\":\"es\",\"@id\":\"https:\\\/\\\/secure.gravatar.com\\\/avatar\\\/948c893b847ca6df68216ead81b63f363408ec9b0f600fefc0641ce78613b111?s=96&d=mm&r=g\",\"url\":\"https:\\\/\\\/secure.gravatar.com\\\/avatar\\\/948c893b847ca6df68216ead81b63f363408ec9b0f600fefc0641ce78613b111?s=96&d=mm&r=g\",\"contentUrl\":\"https:\\\/\\\/secure.gravatar.com\\\/avatar\\\/948c893b847ca6df68216ead81b63f363408ec9b0f600fefc0641ce78613b111?s=96&d=mm&r=g\",\"caption\":\"diario5\"},\"url\":\"https:\\\/\\\/diariotextual.com\\\/inicio\\\/index.php\\\/author\\\/diario5\\\/\"}]}<\/script>\n<!-- \/ Yoast SEO plugin. -->","yoast_head_json":{"title":"Ahora habilitaron a la lista 5 a participar de las elecciones del Procrear - Diario Textual","robots":{"index":"index","follow":"follow","max-snippet":"max-snippet:-1","max-image-preview":"max-image-preview:large","max-video-preview":"max-video-preview:-1"},"canonical":"https:\/\/diariotextual.com\/inicio\/index.php\/2019\/09\/04\/ahora-habilitaron-la-lista-5-participar-las-elecciones-del-procrear\/","og_locale":"es_ES","og_type":"article","og_title":"Ahora habilitaron a la lista 5 a participar de las elecciones del Procrear - Diario Textual","og_description":"El concejo deliberante de Santa Rosa, a trav\u00e9s de la Comisi\u00f3n Parlamentaria, habilit\u00f3 la lista 5 para que participe de las elecciones del barrio Procrear el pr\u00f3ximo 8 de setiembre.&hellip;","og_url":"https:\/\/diariotextual.com\/inicio\/index.php\/2019\/09\/04\/ahora-habilitaron-la-lista-5-participar-las-elecciones-del-procrear\/","og_site_name":"Diario Textual","article_publisher":"https:\/\/www.facebook.com\/eltextual","article_published_time":"2019-09-04T14:56:01+00:00","article_modified_time":"2019-09-04T23:16:25+00:00","og_image":[{"width":638,"height":425,"url":"https:\/\/diariotextual.com\/inicio\/wp-content\/uploads\/2018\/04\/procrearbarriosantarosa.jpg","type":"image\/jpeg"}],"author":"diario5","twitter_card":"summary_large_image","twitter_creator":"@eltextual","twitter_site":"@eltextual","twitter_misc":{"Escrito por":"diario5","Tiempo de lectura":"1 minuto"},"schema":{"@context":"https:\/\/schema.org","@graph":[{"@type":"Article","@id":"https:\/\/diariotextual.com\/inicio\/index.php\/2019\/09\/04\/ahora-habilitaron-la-lista-5-participar-las-elecciones-del-procrear\/#article","isPartOf":{"@id":"https:\/\/diariotextual.com\/inicio\/index.php\/2019\/09\/04\/ahora-habilitaron-la-lista-5-participar-las-elecciones-del-procrear\/"},"author":{"name":"diario5","@id":"https:\/\/diariotextual.com\/inicio\/#\/schema\/person\/c7834961ad8b29b1d9cdbf4571299067"},"headline":"Ahora habilitaron a la lista 5 a participar de las elecciones del Procrear","datePublished":"2019-09-04T14:56:01+00:00","dateModified":"2019-09-04T23:16:25+00:00","mainEntityOfPage":{"@id":"https:\/\/diariotextual.com\/inicio\/index.php\/2019\/09\/04\/ahora-habilitaron-la-lista-5-participar-las-elecciones-del-procrear\/"},"wordCount":245,"publisher":{"@id":"https:\/\/diariotextual.com\/inicio\/#organization"},"image":{"@id":"https:\/\/diariotextual.com\/inicio\/index.php\/2019\/09\/04\/ahora-habilitaron-la-lista-5-participar-las-elecciones-del-procrear\/#primaryimage"},"thumbnailUrl":"https:\/\/diariotextual.com\/inicio\/wp-content\/uploads\/2018\/04\/procrearbarriosantarosa.jpg","articleSection":["A - QUE PASA (al costado)","A - TEMPORALES","SOCIEDAD"],"inLanguage":"es"},{"@type":"WebPage","@id":"https:\/\/diariotextual.com\/inicio\/index.php\/2019\/09\/04\/ahora-habilitaron-la-lista-5-participar-las-elecciones-del-procrear\/","url":"https:\/\/diariotextual.com\/inicio\/index.php\/2019\/09\/04\/ahora-habilitaron-la-lista-5-participar-las-elecciones-del-procrear\/","name":"Ahora habilitaron a la lista 5 a participar de las elecciones del Procrear - Diario Textual","isPartOf":{"@id":"https:\/\/diariotextual.com\/inicio\/#website"},"primaryImageOfPage":{"@id":"https:\/\/diariotextual.com\/inicio\/index.php\/2019\/09\/04\/ahora-habilitaron-la-lista-5-participar-las-elecciones-del-procrear\/#primaryimage"},"image":{"@id":"https:\/\/diariotextual.com\/inicio\/index.php\/2019\/09\/04\/ahora-habilitaron-la-lista-5-participar-las-elecciones-del-procrear\/#primaryimage"},"thumbnailUrl":"https:\/\/diariotextual.com\/inicio\/wp-content\/uploads\/2018\/04\/procrearbarriosantarosa.jpg","datePublished":"2019-09-04T14:56:01+00:00","dateModified":"2019-09-04T23:16:25+00:00","breadcrumb":{"@id":"https:\/\/diariotextual.com\/inicio\/index.php\/2019\/09\/04\/ahora-habilitaron-la-lista-5-participar-las-elecciones-del-procrear\/#breadcrumb"},"inLanguage":"es","potentialAction":[{"@type":"ReadAction","target":["https:\/\/diariotextual.com\/inicio\/index.php\/2019\/09\/04\/ahora-habilitaron-la-lista-5-participar-las-elecciones-del-procrear\/"]}]},{"@type":"ImageObject","inLanguage":"es","@id":"https:\/\/diariotextual.com\/inicio\/index.php\/2019\/09\/04\/ahora-habilitaron-la-lista-5-participar-las-elecciones-del-procrear\/#primaryimage","url":"https:\/\/diariotextual.com\/inicio\/wp-content\/uploads\/2018\/04\/procrearbarriosantarosa.jpg","contentUrl":"https:\/\/diariotextual.com\/inicio\/wp-content\/uploads\/2018\/04\/procrearbarriosantarosa.jpg","width":638,"height":425},{"@type":"BreadcrumbList","@id":"https:\/\/diariotextual.com\/inicio\/index.php\/2019\/09\/04\/ahora-habilitaron-la-lista-5-participar-las-elecciones-del-procrear\/#breadcrumb","itemListElement":[{"@type":"ListItem","position":1,"name":"Portada","item":"https:\/\/diariotextual.com\/inicio\/"},{"@type":"ListItem","position":2,"name":"Ahora habilitaron a la lista 5 a participar de las elecciones del Procrear"}]},{"@type":"WebSite","@id":"https:\/\/diariotextual.com\/inicio\/#website","url":"https:\/\/diariotextual.com\/inicio\/","name":"Diario Textual","description":"","publisher":{"@id":"https:\/\/diariotextual.com\/inicio\/#organization"},"potentialAction":[{"@type":"SearchAction","target":{"@type":"EntryPoint","urlTemplate":"https:\/\/diariotextual.com\/inicio\/?s={search_term_string}"},"query-input":{"@type":"PropertyValueSpecification","valueRequired":true,"valueName":"search_term_string"}}],"inLanguage":"es"},{"@type":"Organization","@id":"https:\/\/diariotextual.com\/inicio\/#organization","name":"Diario Textual","url":"https:\/\/diariotextual.com\/inicio\/","logo":{"@type":"ImageObject","inLanguage":"es","@id":"https:\/\/diariotextual.com\/inicio\/#\/schema\/logo\/image\/","url":"https:\/\/diariotextual.com\/inicio\/wp-content\/uploads\/2023\/05\/logotextual1.jpg","contentUrl":"https:\/\/diariotextual.com\/inicio\/wp-content\/uploads\/2023\/05\/logotextual1.jpg","width":516,"height":76,"caption":"Diario Textual"},"image":{"@id":"https:\/\/diariotextual.com\/inicio\/#\/schema\/logo\/image\/"},"sameAs":["https:\/\/www.facebook.com\/eltextual","https:\/\/x.com\/eltextual","http:\/\/www.instagram.com\/eltextual"]},{"@type":"Person","@id":"https:\/\/diariotextual.com\/inicio\/#\/schema\/person\/c7834961ad8b29b1d9cdbf4571299067","name":"diario5","image":{"@type":"ImageObject","inLanguage":"es","@id":"https:\/\/secure.gravatar.com\/avatar\/948c893b847ca6df68216ead81b63f363408ec9b0f600fefc0641ce78613b111?s=96&d=mm&r=g","url":"https:\/\/secure.gravatar.com\/avatar\/948c893b847ca6df68216ead81b63f363408ec9b0f600fefc0641ce78613b111?s=96&d=mm&r=g","contentUrl":"https:\/\/secure.gravatar.com\/avatar\/948c893b847ca6df68216ead81b63f363408ec9b0f600fefc0641ce78613b111?s=96&d=mm&r=g","caption":"diario5"},"url":"https:\/\/diariotextual.com\/inicio\/index.php\/author\/diario5\/"}]}},"_links":{"self":[{"href":"https:\/\/diariotextual.com\/inicio\/index.php\/wp-json\/wp\/v2\/posts\/61674","targetHints":{"allow":["GET"]}}],"collection":[{"href":"https:\/\/diariotextual.com\/inicio\/index.php\/wp-json\/wp\/v2\/posts"}],"about":[{"href":"https:\/\/diariotextual.com\/inicio\/index.php\/wp-json\/wp\/v2\/types\/post"}],"author":[{"embeddable":true,"href":"https:\/\/diariotextual.com\/inicio\/index.php\/wp-json\/wp\/v2\/users\/7"}],"replies":[{"embeddable":true,"href":"https:\/\/diariotextual.com\/inicio\/index.php\/wp-json\/wp\/v2\/comments?post=61674"}],"version-history":[{"count":1,"href":"https:\/\/diariotextual.com\/inicio\/index.php\/wp-json\/wp\/v2\/posts\/61674\/revisions"}],"predecessor-version":[{"id":61679,"href":"https:\/\/diariotextual.com\/inicio\/index.php\/wp-json\/wp\/v2\/posts\/61674\/revisions\/61679"}],"wp:featuredmedia":[{"embeddable":true,"href":"https:\/\/diariotextual.com\/inicio\/index.php\/wp-json\/wp\/v2\/media\/4649"}],"wp:attachment":[{"href":"https:\/\/diariotextual.com\/inicio\/index.php\/wp-json\/wp\/v2\/media?parent=61674"}],"wp:term":[{"taxonomy":"category","embeddable":true,"href":"https:\/\/diariotextual.com\/inicio\/index.php\/wp-json\/wp\/v2\/categories?post=61674"},{"taxonomy":"post_tag","embeddable":true,"href":"https:\/\/diariotextual.com\/inicio\/index.php\/wp-json\/wp\/v2\/tags?post=61674"}],"curies":[{"name":"wp","href":"https:\/\/api.w.org\/{rel}","templated":true}]}}