{"id":61696,"date":"2019-09-04T13:35:23","date_gmt":"2019-09-04T16:35:23","guid":{"rendered":"http:\/\/diariotextual.com\/inicio\/?p=61696"},"modified":"2019-09-04T20:16:35","modified_gmt":"2019-09-04T23:16:35","slug":"escritores-narradoras-musica-la-feria-del-libro-25-mayo","status":"publish","type":"post","link":"https:\/\/diariotextual.com\/inicio\/index.php\/2019\/09\/04\/escritores-narradoras-musica-la-feria-del-libro-25-mayo\/","title":{"rendered":"Escritores, narradoras y m\u00fasica en la Feria del Libro en 25 de Mayo"},"content":{"rendered":"<p>La <strong>sede 25 de Mayo de la 3\u00b0 Feria Provincial del Libro<\/strong>\u00a0ofrecer\u00e1 una amplia variedad de actividades\u00a0para todo p\u00fablico, durante los d\u00edas\u00a0viernes 6 y s\u00e1bado 7 de septiembre,\u00a0con presentaciones de\u00a0narradoras,\u00a0escritores pampeanos, m\u00fasica y\u00a0proyecciones de un\u00a0documental\u00a0y cortometraje.<\/p>\n<p>Entre los<strong>\u00a0escritores\u00a0<\/strong>se destacan\u00a0Roberto Hepper con la presentaci\u00f3n de su libro \u201cRecuerdos de Chos Malal\u201d y Rub\u00e9n Evangelista con \u201cHistoria del Cancionero Folkl\u00f3rico Contempor\u00e1neo de La Pampa\u201d. Esta \u00faltima presentaci\u00f3n cerrar\u00e1 con la m\u00fasica de cantautores de 25 de Mayo y zona.<\/p>\n<p>Las actividades del s\u00e1bado, la mayor\u00eda en el Quincho del Polideportivo Municipal, comenzar\u00e1n a las 11 con Hepper y una charla con integrantes de una Escuela de Adultos de la localidad. Luego desde las 14 horas, se presentar\u00e1n:\u00a0\u201cEl a\u00f1o que no hubo verano\u201d\u00a0de \u00c1gueda Franco; \u201cAguja Vieja\u201d\u00a0de Lisa Segovia, \u201cLavar la vida\u201d\u00a0de Susana Slednew y \u201cRecuerdos de Chos Malal\u201d\u00a0del mismo Hepper.<\/p>\n<p>Tambi\u00e9n se presentar\u00e1 un cuadernillo de la Secretar\u00eda de la Mujer\u00a0del Gobierno de La Pampa, titulado\u00a0\u201cDiferentes pero iguales\u201d,\u00a0y del programa INAUN la publicaci\u00f3n\u00a0\u201cHistorias de encuentros\u201d, de\u00a0reciente edici\u00f3n.<\/p>\n<p>A las 15\u00a0en el Quincho, ser\u00e1 el momento de la presentaci\u00f3n de Canto Quetral III de Juan Carlos Bustriazo Ortiz &#8211; Edici\u00f3n de la Secretar\u00eda de Cultura del Gobierno de La Pampa,\u00a0a cargo de\u00a0Osmar Sombra, Cristina Ercoli\u00a0y autoridades de este organismo provincial.<\/p>\n<p>Desde las\u00a015.45 horas,\u00a0la\u00a0<strong>Asociaci\u00f3n de Escritores Pampeanos<\/strong>\u00a0tendr\u00e1 su espacio en la feria con la presentaciones de\u00a0\u201cEcuestre lo que cueste\u201d\u00a0de Silvio Tejada; \u201cPalabras que no se lleva el tiempo\u201d\u00a0a cargo de\u00a0Naty Ponce; y\u00a0la charla\u00a0\u201cBorges en La Pampa\u201d\u00a0de\u00a0Sergio De Matteo.<\/p>\n<p>A las\u00a016.30 horas, Daniel Oliveto\u00a0y\u00a0Ayel\u00e9n Vitale\u00a0presentar\u00e1n\u00a0\u201cCannabis en La Pampa: Un an\u00e1lisis sobre el uso terap\u00e9utico\u201d;\u00a0luego la escritora piquense Olga Reinoso presentar\u00e1\u00a0\u201cNunca sabr\u00e9 por qu\u00e9\u201d, \u201cEn este mundo traidor\u201d y \u201cPalabra Herida\u201d,\u00a0mientras que Margarita Toranzo har\u00e1 lo mismo con su libro\u00a0\u201cAmores de Facultad\u2026 Y de los otros&#8230;\u201d.<\/p>\n<p>Tambi\u00e9n las\u00a0<strong>escritoras veinticinque\u00f1as<\/strong>\u00a0tendr\u00e1n su espacio:\u00a0Gladys Pellizari\u00a0presentar\u00e1\u00a0\u201cColonia 25 de Mayo: la d\u00e9cada del 50\u201d;\u00a0Yamila Cerda\u00a0su libro\u00a0\u201cVoces en el silencio\u201d;\u00a0y \u201cPaca la vaca y sus amigos\u201d\u00a0a cargo de la adolescente\u00a0Victoria Contreras.<\/p>\n<p>Como cierre de las presentaciones literarias, Rub\u00e9n Evangelista presentar\u00e1 \u201cHistoria del Cancionero Folkl\u00f3rico Contempor\u00e1neo de La Pampa\u201d\u00a0junto a m\u00fasicos de la zona. Ser\u00e1 desde las 18 horas en el Quincho del Polideportivo Municipal.<\/p>\n<p><strong>Narraciones<\/strong><\/p>\n<p>La escritora piquense Marta Cardoso llevar\u00e1 las historias de Juan Batata para los ni\u00f1os y ni\u00f1as de 25 de Mayo y zona. Ser\u00e1 el viernes, en horario de ma\u00f1ana y de tarde, destinado a\u00a0los chicos de las escuelas que visiten la feria del libro.<\/p>\n<p>Cardoso estar\u00e1 acompa\u00f1ada por un grupo local de narradoras,\u00a0quienes \u201csusurrar\u00e1n\u201d relatos y poes\u00edas cortas\u00a0y que pertenecen al Club de Leones de 25 de Mayo.\u00a0Tambi\u00e9n habr\u00e1\u00a0integrantes\u00a0de la biblioteca popular\u00a0Mariano Moreno, quienes\u00a0se sumar\u00e1n durante toda la\u00a0feria con lecturas.<\/p>\n<p><strong>Pe\u00f1a<\/strong><\/p>\n<p>El viernes 6, desde las 21 horas, se realizar\u00e1 una pe\u00f1a folcl\u00f3rica en el escenario del Polideportivo Municipal, con la actuaci\u00f3n de los ballets locales \u201cAparcero Gaucho\u201d y \u201cAlma Pampa\u201d.<\/p>\n<p>El cierre de la pe\u00f1a estar\u00e1 a cargo de \u00abMala Espina\u00bb,\u00a0grupo de folclore de 25 de Mayo, y de la telenense Nieves Cabral.<\/p>\n<p><strong>Proyecciones<\/strong><\/p>\n<p>Dirigido por N\u00e9stor \u00abTato\u00bb Moreno,\u00a0el documental \u201cArreo\u201d\u00a0indaga en la vida cotidiana de una familia de puesteros en Malarg\u00fce, en plena cordillera de Los Andes, a partir de imponentes im\u00e1genes y testimonios.<\/p>\n<p>La proyecci\u00f3n ser\u00e1 el s\u00e1bado a partir de las 20 horas en el Quincho y estar\u00e1n presentes sus\u00a0protagonistas Eliseo Parada,\u00a0Juana Mar\u00eda Moyano y Claudia Gaynor, integrante del equipo documentalista.<\/p>\n<p>El viernes\u00a0a las 18 horas, se exhibir\u00e1 el cortometraje de ficci\u00f3n \u201cPozo del Diablo\u201d,\u00a0obra adaptada por Esteban Beretta y Juan Galo Santamarina, del cuento del mismo t\u00edtulo de Edgar Morisoli, reconocido poeta y escritor pampeano.<\/p>\n<p>All\u00ed se relata un encuentro fortuito con el diablo, protagonizado por el mismo escritor -en ese entonces agrimensor privado cesanteado del Estado por la dictadura- y su compa\u00f1ero, el ingeniero Juan Carlos Su\u00e1rez, quienes se perdieron en las picadas cuando iban camino a Punta de la Mesilla para realizar trabajos topogr\u00e1ficos en la zona, entre los a\u00f1os 60\u2032 y 70\u2032.\u00a0La proyecci\u00f3n ser\u00e1 en el Quincho del Polideportivo Municipal de 25 de Mayo.<\/p>\n","protected":false},"excerpt":{"rendered":"<p>La sede 25 de Mayo de la 3\u00b0 Feria Provincial del Libro\u00a0ofrecer\u00e1 una amplia variedad de actividades\u00a0para todo p\u00fablico, durante los d\u00edas\u00a0viernes 6 y s\u00e1bado 7 de septiembre,\u00a0con presentaciones de\u00a0narradoras,\u00a0escritores&hellip;<\/p>\n","protected":false},"author":4,"featured_media":60356,"comment_status":"closed","ping_status":"open","sticky":false,"template":"","format":"standard","meta":{"_acf_changed":false,"footnotes":""},"categories":[11,319,2],"tags":[],"class_list":["post-61696","post","type-post","status-publish","format-standard","has-post-thumbnail","hentry","category-que-pasa","category-a-temporales","category-cultura"],"acf":[],"yoast_head":"<!-- This site is optimized with the Yoast SEO plugin v27.5 - https:\/\/yoast.com\/product\/yoast-seo-wordpress\/ -->\n<title>Escritores, narradoras y m\u00fasica en la Feria del Libro en 25 de Mayo - Diario Textual<\/title>\n<meta name=\"robots\" content=\"index, follow, max-snippet:-1, max-image-preview:large, max-video-preview:-1\" \/>\n<link rel=\"canonical\" href=\"https:\/\/diariotextual.com\/inicio\/index.php\/2019\/09\/04\/escritores-narradoras-musica-la-feria-del-libro-25-mayo\/\" \/>\n<meta property=\"og:locale\" content=\"es_ES\" \/>\n<meta property=\"og:type\" content=\"article\" \/>\n<meta property=\"og:title\" content=\"Escritores, narradoras y m\u00fasica en la Feria del Libro en 25 de Mayo - Diario Textual\" \/>\n<meta property=\"og:description\" content=\"La sede 25 de Mayo de la 3\u00b0 Feria Provincial del Libro\u00a0ofrecer\u00e1 una amplia variedad de actividades\u00a0para todo p\u00fablico, durante los d\u00edas\u00a0viernes 6 y s\u00e1bado 7 de septiembre,\u00a0con presentaciones de\u00a0narradoras,\u00a0escritores&hellip;\" \/>\n<meta property=\"og:url\" content=\"https:\/\/diariotextual.com\/inicio\/index.php\/2019\/09\/04\/escritores-narradoras-musica-la-feria-del-libro-25-mayo\/\" \/>\n<meta property=\"og:site_name\" content=\"Diario Textual\" \/>\n<meta property=\"article:publisher\" content=\"https:\/\/www.facebook.com\/eltextual\" \/>\n<meta property=\"article:published_time\" content=\"2019-09-04T16:35:23+00:00\" \/>\n<meta property=\"article:modified_time\" content=\"2019-09-04T23:16:35+00:00\" \/>\n<meta property=\"og:image\" content=\"https:\/\/diariotextual.com\/inicio\/wp-content\/uploads\/2019\/08\/ferialibroactividades3.jpg\" \/>\n\t<meta property=\"og:image:width\" content=\"803\" \/>\n\t<meta property=\"og:image:height\" content=\"507\" \/>\n\t<meta property=\"og:image:type\" content=\"image\/jpeg\" \/>\n<meta name=\"author\" content=\"diario2\" \/>\n<meta name=\"twitter:card\" content=\"summary_large_image\" \/>\n<meta name=\"twitter:creator\" content=\"@eltextual\" \/>\n<meta name=\"twitter:site\" content=\"@eltextual\" \/>\n<meta name=\"twitter:label1\" content=\"Escrito por\" \/>\n\t<meta name=\"twitter:data1\" content=\"diario2\" \/>\n\t<meta name=\"twitter:label2\" content=\"Tiempo de lectura\" \/>\n\t<meta name=\"twitter:data2\" content=\"4 minutos\" \/>\n<script type=\"application\/ld+json\" class=\"yoast-schema-graph\">{\"@context\":\"https:\\\/\\\/schema.org\",\"@graph\":[{\"@type\":\"Article\",\"@id\":\"https:\\\/\\\/diariotextual.com\\\/inicio\\\/index.php\\\/2019\\\/09\\\/04\\\/escritores-narradoras-musica-la-feria-del-libro-25-mayo\\\/#article\",\"isPartOf\":{\"@id\":\"https:\\\/\\\/diariotextual.com\\\/inicio\\\/index.php\\\/2019\\\/09\\\/04\\\/escritores-narradoras-musica-la-feria-del-libro-25-mayo\\\/\"},\"author\":{\"name\":\"diario2\",\"@id\":\"https:\\\/\\\/diariotextual.com\\\/inicio\\\/#\\\/schema\\\/person\\\/694f60677f23c4a530867a98f22b3768\"},\"headline\":\"Escritores, narradoras y m\u00fasica en la Feria del Libro en 25 de Mayo\",\"datePublished\":\"2019-09-04T16:35:23+00:00\",\"dateModified\":\"2019-09-04T23:16:35+00:00\",\"mainEntityOfPage\":{\"@id\":\"https:\\\/\\\/diariotextual.com\\\/inicio\\\/index.php\\\/2019\\\/09\\\/04\\\/escritores-narradoras-musica-la-feria-del-libro-25-mayo\\\/\"},\"wordCount\":783,\"publisher\":{\"@id\":\"https:\\\/\\\/diariotextual.com\\\/inicio\\\/#organization\"},\"image\":{\"@id\":\"https:\\\/\\\/diariotextual.com\\\/inicio\\\/index.php\\\/2019\\\/09\\\/04\\\/escritores-narradoras-musica-la-feria-del-libro-25-mayo\\\/#primaryimage\"},\"thumbnailUrl\":\"https:\\\/\\\/diariotextual.com\\\/inicio\\\/wp-content\\\/uploads\\\/2019\\\/08\\\/ferialibroactividades3.jpg\",\"articleSection\":[\"A - QUE PASA (al costado)\",\"A - TEMPORALES\",\"CULTURA\"],\"inLanguage\":\"es\"},{\"@type\":\"WebPage\",\"@id\":\"https:\\\/\\\/diariotextual.com\\\/inicio\\\/index.php\\\/2019\\\/09\\\/04\\\/escritores-narradoras-musica-la-feria-del-libro-25-mayo\\\/\",\"url\":\"https:\\\/\\\/diariotextual.com\\\/inicio\\\/index.php\\\/2019\\\/09\\\/04\\\/escritores-narradoras-musica-la-feria-del-libro-25-mayo\\\/\",\"name\":\"Escritores, narradoras y m\u00fasica en la Feria del Libro en 25 de Mayo - Diario Textual\",\"isPartOf\":{\"@id\":\"https:\\\/\\\/diariotextual.com\\\/inicio\\\/#website\"},\"primaryImageOfPage\":{\"@id\":\"https:\\\/\\\/diariotextual.com\\\/inicio\\\/index.php\\\/2019\\\/09\\\/04\\\/escritores-narradoras-musica-la-feria-del-libro-25-mayo\\\/#primaryimage\"},\"image\":{\"@id\":\"https:\\\/\\\/diariotextual.com\\\/inicio\\\/index.php\\\/2019\\\/09\\\/04\\\/escritores-narradoras-musica-la-feria-del-libro-25-mayo\\\/#primaryimage\"},\"thumbnailUrl\":\"https:\\\/\\\/diariotextual.com\\\/inicio\\\/wp-content\\\/uploads\\\/2019\\\/08\\\/ferialibroactividades3.jpg\",\"datePublished\":\"2019-09-04T16:35:23+00:00\",\"dateModified\":\"2019-09-04T23:16:35+00:00\",\"breadcrumb\":{\"@id\":\"https:\\\/\\\/diariotextual.com\\\/inicio\\\/index.php\\\/2019\\\/09\\\/04\\\/escritores-narradoras-musica-la-feria-del-libro-25-mayo\\\/#breadcrumb\"},\"inLanguage\":\"es\",\"potentialAction\":[{\"@type\":\"ReadAction\",\"target\":[\"https:\\\/\\\/diariotextual.com\\\/inicio\\\/index.php\\\/2019\\\/09\\\/04\\\/escritores-narradoras-musica-la-feria-del-libro-25-mayo\\\/\"]}]},{\"@type\":\"ImageObject\",\"inLanguage\":\"es\",\"@id\":\"https:\\\/\\\/diariotextual.com\\\/inicio\\\/index.php\\\/2019\\\/09\\\/04\\\/escritores-narradoras-musica-la-feria-del-libro-25-mayo\\\/#primaryimage\",\"url\":\"https:\\\/\\\/diariotextual.com\\\/inicio\\\/wp-content\\\/uploads\\\/2019\\\/08\\\/ferialibroactividades3.jpg\",\"contentUrl\":\"https:\\\/\\\/diariotextual.com\\\/inicio\\\/wp-content\\\/uploads\\\/2019\\\/08\\\/ferialibroactividades3.jpg\",\"width\":803,\"height\":507},{\"@type\":\"BreadcrumbList\",\"@id\":\"https:\\\/\\\/diariotextual.com\\\/inicio\\\/index.php\\\/2019\\\/09\\\/04\\\/escritores-narradoras-musica-la-feria-del-libro-25-mayo\\\/#breadcrumb\",\"itemListElement\":[{\"@type\":\"ListItem\",\"position\":1,\"name\":\"Portada\",\"item\":\"https:\\\/\\\/diariotextual.com\\\/inicio\\\/\"},{\"@type\":\"ListItem\",\"position\":2,\"name\":\"Escritores, narradoras y m\u00fasica en la Feria del Libro en 25 de Mayo\"}]},{\"@type\":\"WebSite\",\"@id\":\"https:\\\/\\\/diariotextual.com\\\/inicio\\\/#website\",\"url\":\"https:\\\/\\\/diariotextual.com\\\/inicio\\\/\",\"name\":\"Diario Textual\",\"description\":\"\",\"publisher\":{\"@id\":\"https:\\\/\\\/diariotextual.com\\\/inicio\\\/#organization\"},\"potentialAction\":[{\"@type\":\"SearchAction\",\"target\":{\"@type\":\"EntryPoint\",\"urlTemplate\":\"https:\\\/\\\/diariotextual.com\\\/inicio\\\/?s={search_term_string}\"},\"query-input\":{\"@type\":\"PropertyValueSpecification\",\"valueRequired\":true,\"valueName\":\"search_term_string\"}}],\"inLanguage\":\"es\"},{\"@type\":\"Organization\",\"@id\":\"https:\\\/\\\/diariotextual.com\\\/inicio\\\/#organization\",\"name\":\"Diario Textual\",\"url\":\"https:\\\/\\\/diariotextual.com\\\/inicio\\\/\",\"logo\":{\"@type\":\"ImageObject\",\"inLanguage\":\"es\",\"@id\":\"https:\\\/\\\/diariotextual.com\\\/inicio\\\/#\\\/schema\\\/logo\\\/image\\\/\",\"url\":\"https:\\\/\\\/diariotextual.com\\\/inicio\\\/wp-content\\\/uploads\\\/2023\\\/05\\\/logotextual1.jpg\",\"contentUrl\":\"https:\\\/\\\/diariotextual.com\\\/inicio\\\/wp-content\\\/uploads\\\/2023\\\/05\\\/logotextual1.jpg\",\"width\":516,\"height\":76,\"caption\":\"Diario Textual\"},\"image\":{\"@id\":\"https:\\\/\\\/diariotextual.com\\\/inicio\\\/#\\\/schema\\\/logo\\\/image\\\/\"},\"sameAs\":[\"https:\\\/\\\/www.facebook.com\\\/eltextual\",\"https:\\\/\\\/x.com\\\/eltextual\",\"http:\\\/\\\/www.instagram.com\\\/eltextual\"]},{\"@type\":\"Person\",\"@id\":\"https:\\\/\\\/diariotextual.com\\\/inicio\\\/#\\\/schema\\\/person\\\/694f60677f23c4a530867a98f22b3768\",\"name\":\"diario2\",\"image\":{\"@type\":\"ImageObject\",\"inLanguage\":\"es\",\"@id\":\"https:\\\/\\\/secure.gravatar.com\\\/avatar\\\/5a2567495ba16b852fcd8f1ed006a2e24fcace936018ed8237e95f488ad6e0a7?s=96&d=mm&r=g\",\"url\":\"https:\\\/\\\/secure.gravatar.com\\\/avatar\\\/5a2567495ba16b852fcd8f1ed006a2e24fcace936018ed8237e95f488ad6e0a7?s=96&d=mm&r=g\",\"contentUrl\":\"https:\\\/\\\/secure.gravatar.com\\\/avatar\\\/5a2567495ba16b852fcd8f1ed006a2e24fcace936018ed8237e95f488ad6e0a7?s=96&d=mm&r=g\",\"caption\":\"diario2\"},\"url\":\"https:\\\/\\\/diariotextual.com\\\/inicio\\\/index.php\\\/author\\\/diario2\\\/\"}]}<\/script>\n<!-- \/ Yoast SEO plugin. -->","yoast_head_json":{"title":"Escritores, narradoras y m\u00fasica en la Feria del Libro en 25 de Mayo - Diario Textual","robots":{"index":"index","follow":"follow","max-snippet":"max-snippet:-1","max-image-preview":"max-image-preview:large","max-video-preview":"max-video-preview:-1"},"canonical":"https:\/\/diariotextual.com\/inicio\/index.php\/2019\/09\/04\/escritores-narradoras-musica-la-feria-del-libro-25-mayo\/","og_locale":"es_ES","og_type":"article","og_title":"Escritores, narradoras y m\u00fasica en la Feria del Libro en 25 de Mayo - Diario Textual","og_description":"La sede 25 de Mayo de la 3\u00b0 Feria Provincial del Libro\u00a0ofrecer\u00e1 una amplia variedad de actividades\u00a0para todo p\u00fablico, durante los d\u00edas\u00a0viernes 6 y s\u00e1bado 7 de septiembre,\u00a0con presentaciones de\u00a0narradoras,\u00a0escritores&hellip;","og_url":"https:\/\/diariotextual.com\/inicio\/index.php\/2019\/09\/04\/escritores-narradoras-musica-la-feria-del-libro-25-mayo\/","og_site_name":"Diario Textual","article_publisher":"https:\/\/www.facebook.com\/eltextual","article_published_time":"2019-09-04T16:35:23+00:00","article_modified_time":"2019-09-04T23:16:35+00:00","og_image":[{"width":803,"height":507,"url":"https:\/\/diariotextual.com\/inicio\/wp-content\/uploads\/2019\/08\/ferialibroactividades3.jpg","type":"image\/jpeg"}],"author":"diario2","twitter_card":"summary_large_image","twitter_creator":"@eltextual","twitter_site":"@eltextual","twitter_misc":{"Escrito por":"diario2","Tiempo de lectura":"4 minutos"},"schema":{"@context":"https:\/\/schema.org","@graph":[{"@type":"Article","@id":"https:\/\/diariotextual.com\/inicio\/index.php\/2019\/09\/04\/escritores-narradoras-musica-la-feria-del-libro-25-mayo\/#article","isPartOf":{"@id":"https:\/\/diariotextual.com\/inicio\/index.php\/2019\/09\/04\/escritores-narradoras-musica-la-feria-del-libro-25-mayo\/"},"author":{"name":"diario2","@id":"https:\/\/diariotextual.com\/inicio\/#\/schema\/person\/694f60677f23c4a530867a98f22b3768"},"headline":"Escritores, narradoras y m\u00fasica en la Feria del Libro en 25 de Mayo","datePublished":"2019-09-04T16:35:23+00:00","dateModified":"2019-09-04T23:16:35+00:00","mainEntityOfPage":{"@id":"https:\/\/diariotextual.com\/inicio\/index.php\/2019\/09\/04\/escritores-narradoras-musica-la-feria-del-libro-25-mayo\/"},"wordCount":783,"publisher":{"@id":"https:\/\/diariotextual.com\/inicio\/#organization"},"image":{"@id":"https:\/\/diariotextual.com\/inicio\/index.php\/2019\/09\/04\/escritores-narradoras-musica-la-feria-del-libro-25-mayo\/#primaryimage"},"thumbnailUrl":"https:\/\/diariotextual.com\/inicio\/wp-content\/uploads\/2019\/08\/ferialibroactividades3.jpg","articleSection":["A - QUE PASA (al costado)","A - TEMPORALES","CULTURA"],"inLanguage":"es"},{"@type":"WebPage","@id":"https:\/\/diariotextual.com\/inicio\/index.php\/2019\/09\/04\/escritores-narradoras-musica-la-feria-del-libro-25-mayo\/","url":"https:\/\/diariotextual.com\/inicio\/index.php\/2019\/09\/04\/escritores-narradoras-musica-la-feria-del-libro-25-mayo\/","name":"Escritores, narradoras y m\u00fasica en la Feria del Libro en 25 de Mayo - Diario Textual","isPartOf":{"@id":"https:\/\/diariotextual.com\/inicio\/#website"},"primaryImageOfPage":{"@id":"https:\/\/diariotextual.com\/inicio\/index.php\/2019\/09\/04\/escritores-narradoras-musica-la-feria-del-libro-25-mayo\/#primaryimage"},"image":{"@id":"https:\/\/diariotextual.com\/inicio\/index.php\/2019\/09\/04\/escritores-narradoras-musica-la-feria-del-libro-25-mayo\/#primaryimage"},"thumbnailUrl":"https:\/\/diariotextual.com\/inicio\/wp-content\/uploads\/2019\/08\/ferialibroactividades3.jpg","datePublished":"2019-09-04T16:35:23+00:00","dateModified":"2019-09-04T23:16:35+00:00","breadcrumb":{"@id":"https:\/\/diariotextual.com\/inicio\/index.php\/2019\/09\/04\/escritores-narradoras-musica-la-feria-del-libro-25-mayo\/#breadcrumb"},"inLanguage":"es","potentialAction":[{"@type":"ReadAction","target":["https:\/\/diariotextual.com\/inicio\/index.php\/2019\/09\/04\/escritores-narradoras-musica-la-feria-del-libro-25-mayo\/"]}]},{"@type":"ImageObject","inLanguage":"es","@id":"https:\/\/diariotextual.com\/inicio\/index.php\/2019\/09\/04\/escritores-narradoras-musica-la-feria-del-libro-25-mayo\/#primaryimage","url":"https:\/\/diariotextual.com\/inicio\/wp-content\/uploads\/2019\/08\/ferialibroactividades3.jpg","contentUrl":"https:\/\/diariotextual.com\/inicio\/wp-content\/uploads\/2019\/08\/ferialibroactividades3.jpg","width":803,"height":507},{"@type":"BreadcrumbList","@id":"https:\/\/diariotextual.com\/inicio\/index.php\/2019\/09\/04\/escritores-narradoras-musica-la-feria-del-libro-25-mayo\/#breadcrumb","itemListElement":[{"@type":"ListItem","position":1,"name":"Portada","item":"https:\/\/diariotextual.com\/inicio\/"},{"@type":"ListItem","position":2,"name":"Escritores, narradoras y m\u00fasica en la Feria del Libro en 25 de Mayo"}]},{"@type":"WebSite","@id":"https:\/\/diariotextual.com\/inicio\/#website","url":"https:\/\/diariotextual.com\/inicio\/","name":"Diario Textual","description":"","publisher":{"@id":"https:\/\/diariotextual.com\/inicio\/#organization"},"potentialAction":[{"@type":"SearchAction","target":{"@type":"EntryPoint","urlTemplate":"https:\/\/diariotextual.com\/inicio\/?s={search_term_string}"},"query-input":{"@type":"PropertyValueSpecification","valueRequired":true,"valueName":"search_term_string"}}],"inLanguage":"es"},{"@type":"Organization","@id":"https:\/\/diariotextual.com\/inicio\/#organization","name":"Diario Textual","url":"https:\/\/diariotextual.com\/inicio\/","logo":{"@type":"ImageObject","inLanguage":"es","@id":"https:\/\/diariotextual.com\/inicio\/#\/schema\/logo\/image\/","url":"https:\/\/diariotextual.com\/inicio\/wp-content\/uploads\/2023\/05\/logotextual1.jpg","contentUrl":"https:\/\/diariotextual.com\/inicio\/wp-content\/uploads\/2023\/05\/logotextual1.jpg","width":516,"height":76,"caption":"Diario Textual"},"image":{"@id":"https:\/\/diariotextual.com\/inicio\/#\/schema\/logo\/image\/"},"sameAs":["https:\/\/www.facebook.com\/eltextual","https:\/\/x.com\/eltextual","http:\/\/www.instagram.com\/eltextual"]},{"@type":"Person","@id":"https:\/\/diariotextual.com\/inicio\/#\/schema\/person\/694f60677f23c4a530867a98f22b3768","name":"diario2","image":{"@type":"ImageObject","inLanguage":"es","@id":"https:\/\/secure.gravatar.com\/avatar\/5a2567495ba16b852fcd8f1ed006a2e24fcace936018ed8237e95f488ad6e0a7?s=96&d=mm&r=g","url":"https:\/\/secure.gravatar.com\/avatar\/5a2567495ba16b852fcd8f1ed006a2e24fcace936018ed8237e95f488ad6e0a7?s=96&d=mm&r=g","contentUrl":"https:\/\/secure.gravatar.com\/avatar\/5a2567495ba16b852fcd8f1ed006a2e24fcace936018ed8237e95f488ad6e0a7?s=96&d=mm&r=g","caption":"diario2"},"url":"https:\/\/diariotextual.com\/inicio\/index.php\/author\/diario2\/"}]}},"_links":{"self":[{"href":"https:\/\/diariotextual.com\/inicio\/index.php\/wp-json\/wp\/v2\/posts\/61696","targetHints":{"allow":["GET"]}}],"collection":[{"href":"https:\/\/diariotextual.com\/inicio\/index.php\/wp-json\/wp\/v2\/posts"}],"about":[{"href":"https:\/\/diariotextual.com\/inicio\/index.php\/wp-json\/wp\/v2\/types\/post"}],"author":[{"embeddable":true,"href":"https:\/\/diariotextual.com\/inicio\/index.php\/wp-json\/wp\/v2\/users\/4"}],"replies":[{"embeddable":true,"href":"https:\/\/diariotextual.com\/inicio\/index.php\/wp-json\/wp\/v2\/comments?post=61696"}],"version-history":[{"count":1,"href":"https:\/\/diariotextual.com\/inicio\/index.php\/wp-json\/wp\/v2\/posts\/61696\/revisions"}],"predecessor-version":[{"id":61697,"href":"https:\/\/diariotextual.com\/inicio\/index.php\/wp-json\/wp\/v2\/posts\/61696\/revisions\/61697"}],"wp:featuredmedia":[{"embeddable":true,"href":"https:\/\/diariotextual.com\/inicio\/index.php\/wp-json\/wp\/v2\/media\/60356"}],"wp:attachment":[{"href":"https:\/\/diariotextual.com\/inicio\/index.php\/wp-json\/wp\/v2\/media?parent=61696"}],"wp:term":[{"taxonomy":"category","embeddable":true,"href":"https:\/\/diariotextual.com\/inicio\/index.php\/wp-json\/wp\/v2\/categories?post=61696"},{"taxonomy":"post_tag","embeddable":true,"href":"https:\/\/diariotextual.com\/inicio\/index.php\/wp-json\/wp\/v2\/tags?post=61696"}],"curies":[{"name":"wp","href":"https:\/\/api.w.org\/{rel}","templated":true}]}}