{"id":61711,"date":"2019-09-04T17:09:19","date_gmt":"2019-09-04T20:09:19","guid":{"rendered":"http:\/\/diariotextual.com\/inicio\/?p=61711"},"modified":"2019-09-04T18:39:40","modified_gmt":"2019-09-04T21:39:40","slug":"toma-terrenos-concejal-insiste-municipio-provincia-colaboren","status":"publish","type":"post","link":"https:\/\/diariotextual.com\/inicio\/index.php\/2019\/09\/04\/toma-terrenos-concejal-insiste-municipio-provincia-colaboren\/","title":{"rendered":"Toma de terrenos: concejal insiste en que el municipio y provincia colaboren"},"content":{"rendered":"<p>El concejal santarrose\u00f1o F\u00e9lix Villatoro (UCR \u2013 Cambiemos) volvi\u00f3 a p<strong>lantear la necesidad de una respuesta en conjunto entre las autoridades del Gobierno Provincial y Municipal para resolver la problem\u00e1tica de la toma de terrenos<\/strong> y el grupo de familias que ocup\u00f3 distintas zonas en la capital pampeana.<\/p>\n<p><!--more--><\/p>\n<p>\u201cMucho me han preguntado este \u00faltimo tiempo sobre los asentamientos en distintos lugares de la ciudad. Y a todos respond\u00ed lo mismo:<strong> no es \u00e9sta la soluci\u00f3n habitacional para la gente que menos tiene<\/strong>\u201d, expres\u00f3 el edil radical desde su cuenta de Facebook.<\/p>\n<p>Y agreg\u00f3: \u201cLa toma y ocupaci\u00f3n de terrenos, sean \u00e9stos del estado municipal, provincial o nacional, y mucho menos de particulares, es un m\u00e9todo que no se corresponde con actitudes democr\u00e1ticas\u201d.<\/p>\n<p>Con relaci\u00f3n a la propuesta para este conflicto, dijo que <strong>entre municipio y provincia podr\u00edan cruzar los datos de terrenos donde se puedan edificar desde un barrio o un grupo de viviendas para las personas que pueden comprar el terreno y construir su casa.<\/strong><\/p>\n<p>\u201cEl municipio podr\u00eda colaborar. <strong>Una posibilidad ser\u00eda aportar los terrenos para que el gobierno provincial construya m\u00e1s viviendas. Otra opci\u00f3n es vender los terrenos municipales directamente al interesado, a valores accesibles.<\/strong> De hecho, <strong>el municipio posee terrenos en diversos lugares de Santa Rosa, que si bien no le servir\u00edan al IPAV para concretar barrios enteros, s\u00ed ser\u00eda una soluci\u00f3n para estas familias que necesitan el techo propio. Es m\u00e1s, cuentan con todos los servicios,<\/strong> d\u00e9ficit actual de muchos barrios que hemos advertido desde el bloque de concejales de la UCR\u201d, expres\u00f3 Villatoro.<\/p>\n<p>&nbsp;<\/p>\n<p><strong>Cuota del IPAV<\/strong><\/p>\n<p>El concejal radical tambi\u00e9n <strong>critic\u00f3 el valor de la cuota de las viviendas sociales entregadas por el Instituto Provincial Aut\u00e1rquico de la Vivienda.<\/strong> \u201cMi convicci\u00f3n, desde hace mucho tiempo, es que<strong> las viviendas no se regalan. En este lineamiento, el gobierno de La Pampa tiene una enorme responsabilidad, que a\u00fan no ha explicado<\/strong> fehacientemente. La cuota mensual, a mi parecer alejada de la realidad, y peor a\u00fan, la falta de control sobre el pago de la misma, han redundado en una creciente necesidad de vivienda y desfinanciamiento del IPAV\u201d, destac\u00f3.<\/p>\n<p>\u201cEl <strong>gobierno provincial debe en forma inmediata cobrar una cuota mensual por las viviendas sociales acorde a los valores actuales.<\/strong> Y adem\u00e1s cobrar las cuotas de quienes son poseedores de viviendas sociales, y no cumplen con esta obligaci\u00f3n m\u00ednima. Con estos dos elementos tendr\u00edamos hoy resuelto el problema habitacional de quienes hoy est\u00e1n en los asentamientos\u201d, sostuvo.<\/p>\n<p>Villatoro, de todos modos,<strong> critic\u00f3 que el gobierno de Mauricio Macri haya dejado de transferir fondos a nuestra provincia para la construcci\u00f3n de viviendas sociales.<\/strong><\/p>\n<p>&nbsp;<\/p>\n<p><strong>Terrenos<\/strong><\/p>\n<p>El edil expres\u00f3 que<strong> la metodolog\u00eda de tomar terrenos desocupados no contempla, entre otros perjuicios, que las zonas son inhabitables, inundables, o cualquier otra falencia que pudieran presentar.<\/strong><\/p>\n<p>\u201cLos gobiernos, las autoridades, los dirigentes, estamos comprometidos a brindarles una soluci\u00f3n a los que menos tienen, porque es nuestra obligaci\u00f3n. Y este compromiso tiene que dar sus frutos en pol\u00edticas de Estado, no en soluciones de emergencia\u201d, explic\u00f3 Villatoro.<\/p>\n<p>Finalmente, a modo de conclusi\u00f3n y de continuar con el tema, el c<strong>oncejal sostuvo que en breve compartir\u00e1 la idea que tienen en el bloque radical desde hace mucho tiempo, relacionada al Banco de Tierras.<\/strong><\/p>\n","protected":false},"excerpt":{"rendered":"<p>El concejal santarrose\u00f1o F\u00e9lix Villatoro (UCR \u2013 Cambiemos) volvi\u00f3 a plantear la necesidad de una respuesta en conjunto entre las autoridades del Gobierno Provincial y Municipal para resolver la problem\u00e1tica&hellip;<\/p>\n","protected":false},"author":5,"featured_media":55715,"comment_status":"closed","ping_status":"open","sticky":false,"template":"","format":"standard","meta":{"_acf_changed":false,"footnotes":""},"categories":[11,319,12],"tags":[],"class_list":["post-61711","post","type-post","status-publish","format-standard","has-post-thumbnail","hentry","category-que-pasa","category-a-temporales","category-sociedad"],"acf":[],"yoast_head":"<!-- This site is optimized with the Yoast SEO plugin v27.5 - https:\/\/yoast.com\/product\/yoast-seo-wordpress\/ -->\n<title>Toma de terrenos: concejal insiste en que el municipio y provincia colaboren - Diario Textual<\/title>\n<meta name=\"robots\" content=\"index, follow, max-snippet:-1, max-image-preview:large, max-video-preview:-1\" \/>\n<link rel=\"canonical\" href=\"https:\/\/diariotextual.com\/inicio\/index.php\/2019\/09\/04\/toma-terrenos-concejal-insiste-municipio-provincia-colaboren\/\" \/>\n<meta property=\"og:locale\" content=\"es_ES\" \/>\n<meta property=\"og:type\" content=\"article\" \/>\n<meta property=\"og:title\" content=\"Toma de terrenos: concejal insiste en que el municipio y provincia colaboren - Diario Textual\" \/>\n<meta property=\"og:description\" content=\"El concejal santarrose\u00f1o F\u00e9lix Villatoro (UCR \u2013 Cambiemos) volvi\u00f3 a plantear la necesidad de una respuesta en conjunto entre las autoridades del Gobierno Provincial y Municipal para resolver la problem\u00e1tica&hellip;\" \/>\n<meta property=\"og:url\" content=\"https:\/\/diariotextual.com\/inicio\/index.php\/2019\/09\/04\/toma-terrenos-concejal-insiste-municipio-provincia-colaboren\/\" \/>\n<meta property=\"og:site_name\" content=\"Diario Textual\" \/>\n<meta property=\"article:publisher\" content=\"https:\/\/www.facebook.com\/eltextual\" \/>\n<meta property=\"article:published_time\" content=\"2019-09-04T20:09:19+00:00\" \/>\n<meta property=\"article:modified_time\" content=\"2019-09-04T21:39:40+00:00\" \/>\n<meta property=\"og:image\" content=\"https:\/\/diariotextual.com\/inicio\/wp-content\/uploads\/2019\/07\/asentamientoelsalitral2019-21.jpg\" \/>\n\t<meta property=\"og:image:width\" content=\"1100\" \/>\n\t<meta property=\"og:image:height\" content=\"672\" \/>\n\t<meta property=\"og:image:type\" content=\"image\/jpeg\" \/>\n<meta name=\"author\" content=\"diario3\" \/>\n<meta name=\"twitter:card\" content=\"summary_large_image\" \/>\n<meta name=\"twitter:creator\" content=\"@eltextual\" \/>\n<meta name=\"twitter:site\" content=\"@eltextual\" \/>\n<meta name=\"twitter:label1\" content=\"Escrito por\" \/>\n\t<meta name=\"twitter:data1\" content=\"diario3\" \/>\n\t<meta name=\"twitter:label2\" content=\"Tiempo de lectura\" \/>\n\t<meta name=\"twitter:data2\" content=\"3 minutos\" \/>\n<script type=\"application\/ld+json\" class=\"yoast-schema-graph\">{\"@context\":\"https:\\\/\\\/schema.org\",\"@graph\":[{\"@type\":\"Article\",\"@id\":\"https:\\\/\\\/diariotextual.com\\\/inicio\\\/index.php\\\/2019\\\/09\\\/04\\\/toma-terrenos-concejal-insiste-municipio-provincia-colaboren\\\/#article\",\"isPartOf\":{\"@id\":\"https:\\\/\\\/diariotextual.com\\\/inicio\\\/index.php\\\/2019\\\/09\\\/04\\\/toma-terrenos-concejal-insiste-municipio-provincia-colaboren\\\/\"},\"author\":{\"name\":\"diario3\",\"@id\":\"https:\\\/\\\/diariotextual.com\\\/inicio\\\/#\\\/schema\\\/person\\\/a1b6f563e0ee944c60f98119389a4d9f\"},\"headline\":\"Toma de terrenos: concejal insiste en que el municipio y provincia colaboren\",\"datePublished\":\"2019-09-04T20:09:19+00:00\",\"dateModified\":\"2019-09-04T21:39:40+00:00\",\"mainEntityOfPage\":{\"@id\":\"https:\\\/\\\/diariotextual.com\\\/inicio\\\/index.php\\\/2019\\\/09\\\/04\\\/toma-terrenos-concejal-insiste-municipio-provincia-colaboren\\\/\"},\"wordCount\":584,\"publisher\":{\"@id\":\"https:\\\/\\\/diariotextual.com\\\/inicio\\\/#organization\"},\"image\":{\"@id\":\"https:\\\/\\\/diariotextual.com\\\/inicio\\\/index.php\\\/2019\\\/09\\\/04\\\/toma-terrenos-concejal-insiste-municipio-provincia-colaboren\\\/#primaryimage\"},\"thumbnailUrl\":\"https:\\\/\\\/diariotextual.com\\\/inicio\\\/wp-content\\\/uploads\\\/2019\\\/07\\\/asentamientoelsalitral2019-21.jpg\",\"articleSection\":[\"A - QUE PASA (al costado)\",\"A - TEMPORALES\",\"SOCIEDAD\"],\"inLanguage\":\"es\"},{\"@type\":\"WebPage\",\"@id\":\"https:\\\/\\\/diariotextual.com\\\/inicio\\\/index.php\\\/2019\\\/09\\\/04\\\/toma-terrenos-concejal-insiste-municipio-provincia-colaboren\\\/\",\"url\":\"https:\\\/\\\/diariotextual.com\\\/inicio\\\/index.php\\\/2019\\\/09\\\/04\\\/toma-terrenos-concejal-insiste-municipio-provincia-colaboren\\\/\",\"name\":\"Toma de terrenos: concejal insiste en que el municipio y provincia colaboren - Diario Textual\",\"isPartOf\":{\"@id\":\"https:\\\/\\\/diariotextual.com\\\/inicio\\\/#website\"},\"primaryImageOfPage\":{\"@id\":\"https:\\\/\\\/diariotextual.com\\\/inicio\\\/index.php\\\/2019\\\/09\\\/04\\\/toma-terrenos-concejal-insiste-municipio-provincia-colaboren\\\/#primaryimage\"},\"image\":{\"@id\":\"https:\\\/\\\/diariotextual.com\\\/inicio\\\/index.php\\\/2019\\\/09\\\/04\\\/toma-terrenos-concejal-insiste-municipio-provincia-colaboren\\\/#primaryimage\"},\"thumbnailUrl\":\"https:\\\/\\\/diariotextual.com\\\/inicio\\\/wp-content\\\/uploads\\\/2019\\\/07\\\/asentamientoelsalitral2019-21.jpg\",\"datePublished\":\"2019-09-04T20:09:19+00:00\",\"dateModified\":\"2019-09-04T21:39:40+00:00\",\"breadcrumb\":{\"@id\":\"https:\\\/\\\/diariotextual.com\\\/inicio\\\/index.php\\\/2019\\\/09\\\/04\\\/toma-terrenos-concejal-insiste-municipio-provincia-colaboren\\\/#breadcrumb\"},\"inLanguage\":\"es\",\"potentialAction\":[{\"@type\":\"ReadAction\",\"target\":[\"https:\\\/\\\/diariotextual.com\\\/inicio\\\/index.php\\\/2019\\\/09\\\/04\\\/toma-terrenos-concejal-insiste-municipio-provincia-colaboren\\\/\"]}]},{\"@type\":\"ImageObject\",\"inLanguage\":\"es\",\"@id\":\"https:\\\/\\\/diariotextual.com\\\/inicio\\\/index.php\\\/2019\\\/09\\\/04\\\/toma-terrenos-concejal-insiste-municipio-provincia-colaboren\\\/#primaryimage\",\"url\":\"https:\\\/\\\/diariotextual.com\\\/inicio\\\/wp-content\\\/uploads\\\/2019\\\/07\\\/asentamientoelsalitral2019-21.jpg\",\"contentUrl\":\"https:\\\/\\\/diariotextual.com\\\/inicio\\\/wp-content\\\/uploads\\\/2019\\\/07\\\/asentamientoelsalitral2019-21.jpg\",\"width\":1100,\"height\":672},{\"@type\":\"BreadcrumbList\",\"@id\":\"https:\\\/\\\/diariotextual.com\\\/inicio\\\/index.php\\\/2019\\\/09\\\/04\\\/toma-terrenos-concejal-insiste-municipio-provincia-colaboren\\\/#breadcrumb\",\"itemListElement\":[{\"@type\":\"ListItem\",\"position\":1,\"name\":\"Portada\",\"item\":\"https:\\\/\\\/diariotextual.com\\\/inicio\\\/\"},{\"@type\":\"ListItem\",\"position\":2,\"name\":\"Toma de terrenos: concejal insiste en que el municipio y provincia colaboren\"}]},{\"@type\":\"WebSite\",\"@id\":\"https:\\\/\\\/diariotextual.com\\\/inicio\\\/#website\",\"url\":\"https:\\\/\\\/diariotextual.com\\\/inicio\\\/\",\"name\":\"Diario Textual\",\"description\":\"\",\"publisher\":{\"@id\":\"https:\\\/\\\/diariotextual.com\\\/inicio\\\/#organization\"},\"potentialAction\":[{\"@type\":\"SearchAction\",\"target\":{\"@type\":\"EntryPoint\",\"urlTemplate\":\"https:\\\/\\\/diariotextual.com\\\/inicio\\\/?s={search_term_string}\"},\"query-input\":{\"@type\":\"PropertyValueSpecification\",\"valueRequired\":true,\"valueName\":\"search_term_string\"}}],\"inLanguage\":\"es\"},{\"@type\":\"Organization\",\"@id\":\"https:\\\/\\\/diariotextual.com\\\/inicio\\\/#organization\",\"name\":\"Diario Textual\",\"url\":\"https:\\\/\\\/diariotextual.com\\\/inicio\\\/\",\"logo\":{\"@type\":\"ImageObject\",\"inLanguage\":\"es\",\"@id\":\"https:\\\/\\\/diariotextual.com\\\/inicio\\\/#\\\/schema\\\/logo\\\/image\\\/\",\"url\":\"https:\\\/\\\/diariotextual.com\\\/inicio\\\/wp-content\\\/uploads\\\/2023\\\/05\\\/logotextual1.jpg\",\"contentUrl\":\"https:\\\/\\\/diariotextual.com\\\/inicio\\\/wp-content\\\/uploads\\\/2023\\\/05\\\/logotextual1.jpg\",\"width\":516,\"height\":76,\"caption\":\"Diario Textual\"},\"image\":{\"@id\":\"https:\\\/\\\/diariotextual.com\\\/inicio\\\/#\\\/schema\\\/logo\\\/image\\\/\"},\"sameAs\":[\"https:\\\/\\\/www.facebook.com\\\/eltextual\",\"https:\\\/\\\/x.com\\\/eltextual\",\"http:\\\/\\\/www.instagram.com\\\/eltextual\"]},{\"@type\":\"Person\",\"@id\":\"https:\\\/\\\/diariotextual.com\\\/inicio\\\/#\\\/schema\\\/person\\\/a1b6f563e0ee944c60f98119389a4d9f\",\"name\":\"diario3\",\"image\":{\"@type\":\"ImageObject\",\"inLanguage\":\"es\",\"@id\":\"https:\\\/\\\/secure.gravatar.com\\\/avatar\\\/5e7ee62c82fc04d9dd79d746a390d93c69c43223e5faeeb3ea9461ef752bfc5d?s=96&d=mm&r=g\",\"url\":\"https:\\\/\\\/secure.gravatar.com\\\/avatar\\\/5e7ee62c82fc04d9dd79d746a390d93c69c43223e5faeeb3ea9461ef752bfc5d?s=96&d=mm&r=g\",\"contentUrl\":\"https:\\\/\\\/secure.gravatar.com\\\/avatar\\\/5e7ee62c82fc04d9dd79d746a390d93c69c43223e5faeeb3ea9461ef752bfc5d?s=96&d=mm&r=g\",\"caption\":\"diario3\"},\"url\":\"https:\\\/\\\/diariotextual.com\\\/inicio\\\/index.php\\\/author\\\/diario3\\\/\"}]}<\/script>\n<!-- \/ Yoast SEO plugin. -->","yoast_head_json":{"title":"Toma de terrenos: concejal insiste en que el municipio y provincia colaboren - Diario Textual","robots":{"index":"index","follow":"follow","max-snippet":"max-snippet:-1","max-image-preview":"max-image-preview:large","max-video-preview":"max-video-preview:-1"},"canonical":"https:\/\/diariotextual.com\/inicio\/index.php\/2019\/09\/04\/toma-terrenos-concejal-insiste-municipio-provincia-colaboren\/","og_locale":"es_ES","og_type":"article","og_title":"Toma de terrenos: concejal insiste en que el municipio y provincia colaboren - Diario Textual","og_description":"El concejal santarrose\u00f1o F\u00e9lix Villatoro (UCR \u2013 Cambiemos) volvi\u00f3 a plantear la necesidad de una respuesta en conjunto entre las autoridades del Gobierno Provincial y Municipal para resolver la problem\u00e1tica&hellip;","og_url":"https:\/\/diariotextual.com\/inicio\/index.php\/2019\/09\/04\/toma-terrenos-concejal-insiste-municipio-provincia-colaboren\/","og_site_name":"Diario Textual","article_publisher":"https:\/\/www.facebook.com\/eltextual","article_published_time":"2019-09-04T20:09:19+00:00","article_modified_time":"2019-09-04T21:39:40+00:00","og_image":[{"width":1100,"height":672,"url":"https:\/\/diariotextual.com\/inicio\/wp-content\/uploads\/2019\/07\/asentamientoelsalitral2019-21.jpg","type":"image\/jpeg"}],"author":"diario3","twitter_card":"summary_large_image","twitter_creator":"@eltextual","twitter_site":"@eltextual","twitter_misc":{"Escrito por":"diario3","Tiempo de lectura":"3 minutos"},"schema":{"@context":"https:\/\/schema.org","@graph":[{"@type":"Article","@id":"https:\/\/diariotextual.com\/inicio\/index.php\/2019\/09\/04\/toma-terrenos-concejal-insiste-municipio-provincia-colaboren\/#article","isPartOf":{"@id":"https:\/\/diariotextual.com\/inicio\/index.php\/2019\/09\/04\/toma-terrenos-concejal-insiste-municipio-provincia-colaboren\/"},"author":{"name":"diario3","@id":"https:\/\/diariotextual.com\/inicio\/#\/schema\/person\/a1b6f563e0ee944c60f98119389a4d9f"},"headline":"Toma de terrenos: concejal insiste en que el municipio y provincia colaboren","datePublished":"2019-09-04T20:09:19+00:00","dateModified":"2019-09-04T21:39:40+00:00","mainEntityOfPage":{"@id":"https:\/\/diariotextual.com\/inicio\/index.php\/2019\/09\/04\/toma-terrenos-concejal-insiste-municipio-provincia-colaboren\/"},"wordCount":584,"publisher":{"@id":"https:\/\/diariotextual.com\/inicio\/#organization"},"image":{"@id":"https:\/\/diariotextual.com\/inicio\/index.php\/2019\/09\/04\/toma-terrenos-concejal-insiste-municipio-provincia-colaboren\/#primaryimage"},"thumbnailUrl":"https:\/\/diariotextual.com\/inicio\/wp-content\/uploads\/2019\/07\/asentamientoelsalitral2019-21.jpg","articleSection":["A - QUE PASA (al costado)","A - TEMPORALES","SOCIEDAD"],"inLanguage":"es"},{"@type":"WebPage","@id":"https:\/\/diariotextual.com\/inicio\/index.php\/2019\/09\/04\/toma-terrenos-concejal-insiste-municipio-provincia-colaboren\/","url":"https:\/\/diariotextual.com\/inicio\/index.php\/2019\/09\/04\/toma-terrenos-concejal-insiste-municipio-provincia-colaboren\/","name":"Toma de terrenos: concejal insiste en que el municipio y provincia colaboren - Diario Textual","isPartOf":{"@id":"https:\/\/diariotextual.com\/inicio\/#website"},"primaryImageOfPage":{"@id":"https:\/\/diariotextual.com\/inicio\/index.php\/2019\/09\/04\/toma-terrenos-concejal-insiste-municipio-provincia-colaboren\/#primaryimage"},"image":{"@id":"https:\/\/diariotextual.com\/inicio\/index.php\/2019\/09\/04\/toma-terrenos-concejal-insiste-municipio-provincia-colaboren\/#primaryimage"},"thumbnailUrl":"https:\/\/diariotextual.com\/inicio\/wp-content\/uploads\/2019\/07\/asentamientoelsalitral2019-21.jpg","datePublished":"2019-09-04T20:09:19+00:00","dateModified":"2019-09-04T21:39:40+00:00","breadcrumb":{"@id":"https:\/\/diariotextual.com\/inicio\/index.php\/2019\/09\/04\/toma-terrenos-concejal-insiste-municipio-provincia-colaboren\/#breadcrumb"},"inLanguage":"es","potentialAction":[{"@type":"ReadAction","target":["https:\/\/diariotextual.com\/inicio\/index.php\/2019\/09\/04\/toma-terrenos-concejal-insiste-municipio-provincia-colaboren\/"]}]},{"@type":"ImageObject","inLanguage":"es","@id":"https:\/\/diariotextual.com\/inicio\/index.php\/2019\/09\/04\/toma-terrenos-concejal-insiste-municipio-provincia-colaboren\/#primaryimage","url":"https:\/\/diariotextual.com\/inicio\/wp-content\/uploads\/2019\/07\/asentamientoelsalitral2019-21.jpg","contentUrl":"https:\/\/diariotextual.com\/inicio\/wp-content\/uploads\/2019\/07\/asentamientoelsalitral2019-21.jpg","width":1100,"height":672},{"@type":"BreadcrumbList","@id":"https:\/\/diariotextual.com\/inicio\/index.php\/2019\/09\/04\/toma-terrenos-concejal-insiste-municipio-provincia-colaboren\/#breadcrumb","itemListElement":[{"@type":"ListItem","position":1,"name":"Portada","item":"https:\/\/diariotextual.com\/inicio\/"},{"@type":"ListItem","position":2,"name":"Toma de terrenos: concejal insiste en que el municipio y provincia colaboren"}]},{"@type":"WebSite","@id":"https:\/\/diariotextual.com\/inicio\/#website","url":"https:\/\/diariotextual.com\/inicio\/","name":"Diario Textual","description":"","publisher":{"@id":"https:\/\/diariotextual.com\/inicio\/#organization"},"potentialAction":[{"@type":"SearchAction","target":{"@type":"EntryPoint","urlTemplate":"https:\/\/diariotextual.com\/inicio\/?s={search_term_string}"},"query-input":{"@type":"PropertyValueSpecification","valueRequired":true,"valueName":"search_term_string"}}],"inLanguage":"es"},{"@type":"Organization","@id":"https:\/\/diariotextual.com\/inicio\/#organization","name":"Diario Textual","url":"https:\/\/diariotextual.com\/inicio\/","logo":{"@type":"ImageObject","inLanguage":"es","@id":"https:\/\/diariotextual.com\/inicio\/#\/schema\/logo\/image\/","url":"https:\/\/diariotextual.com\/inicio\/wp-content\/uploads\/2023\/05\/logotextual1.jpg","contentUrl":"https:\/\/diariotextual.com\/inicio\/wp-content\/uploads\/2023\/05\/logotextual1.jpg","width":516,"height":76,"caption":"Diario Textual"},"image":{"@id":"https:\/\/diariotextual.com\/inicio\/#\/schema\/logo\/image\/"},"sameAs":["https:\/\/www.facebook.com\/eltextual","https:\/\/x.com\/eltextual","http:\/\/www.instagram.com\/eltextual"]},{"@type":"Person","@id":"https:\/\/diariotextual.com\/inicio\/#\/schema\/person\/a1b6f563e0ee944c60f98119389a4d9f","name":"diario3","image":{"@type":"ImageObject","inLanguage":"es","@id":"https:\/\/secure.gravatar.com\/avatar\/5e7ee62c82fc04d9dd79d746a390d93c69c43223e5faeeb3ea9461ef752bfc5d?s=96&d=mm&r=g","url":"https:\/\/secure.gravatar.com\/avatar\/5e7ee62c82fc04d9dd79d746a390d93c69c43223e5faeeb3ea9461ef752bfc5d?s=96&d=mm&r=g","contentUrl":"https:\/\/secure.gravatar.com\/avatar\/5e7ee62c82fc04d9dd79d746a390d93c69c43223e5faeeb3ea9461ef752bfc5d?s=96&d=mm&r=g","caption":"diario3"},"url":"https:\/\/diariotextual.com\/inicio\/index.php\/author\/diario3\/"}]}},"_links":{"self":[{"href":"https:\/\/diariotextual.com\/inicio\/index.php\/wp-json\/wp\/v2\/posts\/61711","targetHints":{"allow":["GET"]}}],"collection":[{"href":"https:\/\/diariotextual.com\/inicio\/index.php\/wp-json\/wp\/v2\/posts"}],"about":[{"href":"https:\/\/diariotextual.com\/inicio\/index.php\/wp-json\/wp\/v2\/types\/post"}],"author":[{"embeddable":true,"href":"https:\/\/diariotextual.com\/inicio\/index.php\/wp-json\/wp\/v2\/users\/5"}],"replies":[{"embeddable":true,"href":"https:\/\/diariotextual.com\/inicio\/index.php\/wp-json\/wp\/v2\/comments?post=61711"}],"version-history":[{"count":1,"href":"https:\/\/diariotextual.com\/inicio\/index.php\/wp-json\/wp\/v2\/posts\/61711\/revisions"}],"predecessor-version":[{"id":61712,"href":"https:\/\/diariotextual.com\/inicio\/index.php\/wp-json\/wp\/v2\/posts\/61711\/revisions\/61712"}],"wp:featuredmedia":[{"embeddable":true,"href":"https:\/\/diariotextual.com\/inicio\/index.php\/wp-json\/wp\/v2\/media\/55715"}],"wp:attachment":[{"href":"https:\/\/diariotextual.com\/inicio\/index.php\/wp-json\/wp\/v2\/media?parent=61711"}],"wp:term":[{"taxonomy":"category","embeddable":true,"href":"https:\/\/diariotextual.com\/inicio\/index.php\/wp-json\/wp\/v2\/categories?post=61711"},{"taxonomy":"post_tag","embeddable":true,"href":"https:\/\/diariotextual.com\/inicio\/index.php\/wp-json\/wp\/v2\/tags?post=61711"}],"curies":[{"name":"wp","href":"https:\/\/api.w.org\/{rel}","templated":true}]}}