{"id":61726,"date":"2019-09-04T20:15:53","date_gmt":"2019-09-04T23:15:53","guid":{"rendered":"http:\/\/diariotextual.com\/inicio\/?p=61726"},"modified":"2019-09-05T12:19:10","modified_gmt":"2019-09-05T15:19:10","slug":"colacion-la-unlpam-la-crisis-afecta-rendimiento-los-estudiantes-alerto-rector","status":"publish","type":"post","link":"https:\/\/diariotextual.com\/inicio\/index.php\/2019\/09\/04\/colacion-la-unlpam-la-crisis-afecta-rendimiento-los-estudiantes-alerto-rector\/","title":{"rendered":"Colaci\u00f3n en la UNLPam: la crisis afecta el rendimiento de los estudiantes, alert\u00f3 el rector"},"content":{"rendered":"<p>Este mi\u00e9rcoles se desarroll\u00f3 un nuevo <strong>Acto de Colaci\u00f3n de Grado en la Universidad Nacional de La Pampa<\/strong> (UNLPam) en Santa Rosa, en el marco de la conmemoraci\u00f3n del 61\u00b0 aniversario de la creaci\u00f3n de la casa de estudios. El rector <strong>Oscar Alpa<\/strong>, en su discurso, alert\u00f3 que la crisis pol\u00edtica y econ\u00f3mica est\u00e1 golpeando fuertemente a las casas de estudios y a los estudiantes. \u00abLa fuerte incertidumbre e inestabilidad de la econom\u00eda y la grave crisis social que ambas generan,<strong> golpean a todos los integrantes de nuestra comunidad acad\u00e9mica, y sobre todo a las y los estudiantes que ven afectado su rendimiento acad\u00e9mico y hasta su permanencia en las aulas<\/strong>\u00ab, alert\u00f3.<\/p>\n<p>Un total de 61 graduados y graduadas recibieron su t\u00edtulo de las Facultades de Agronom\u00eda, Ciencias Econ\u00f3micas y Jur\u00eddicas y Ciencias Exactas y Naturales.<\/p>\n<p>El acto se desarroll\u00f3 en el Aula Magna Deodoro Roca, que estuvo colmada por la comunidad universitaria y familiares de quienes iban a recibir su diploma.<\/p>\n<p>En la ceremonia, adem\u00e1s de Alpa, estuvieron la decana de Agronom\u00eda, Ana Urioste; el decano de la FCEyJ, Francisco Marull; y la decana de la FCEyN, Mar\u00eda Eva Aschieri.<\/p>\n<p>El graduado Mat\u00edas San Mart\u00edn habl\u00f3 en nombre de los flamantes profesionales. Posteriormente lo hizo el rector Alpa. \u00abNacimos hace 61 a\u00f1os con un prop\u00f3sito, con un objetivo y todav\u00eda hoy somos parte de ese legado\u00bb, dijo el rector.<\/p>\n<p>Alpa sostuvo que est\u00e1n trabajando en conjunto con el gobierno provincial y con las intendencias para desarrollar carreras que \u00abpotencien\u00bb a La Pampa.<\/p>\n<p>\u00abReciben su diploma quienes hicieron su trayectoria acad\u00e9mica en esta casa de estudios, que obtuvieron su anhelado t\u00edtulo mediante el esfuerzo y el compromiso diario, y que ahora van a representar con ese mismo t\u00edtulo a la Universidad en el \u00e1mbito profesional\u00bb, dijo. \u00abEn este acto de colaci\u00f3n se visualiza la fortaleza de la universidad p\u00fablica, se pone en valor una vez m\u00e1s su jerarqu\u00eda y su calidad, se valoriza su presencia y tambi\u00e9n sus prop\u00f3sitos\u00bb.<\/p>\n<p>El rector afirm\u00f3 que \u00abson momentos dif\u00edciles\u00bb para el pa\u00eds y expres\u00f3 que las universidades no han quedado al margen de esta crisis pol\u00edtica y econ\u00f3mica. \u00abLa fuerte incertidumbre e inestabilidad de la econom\u00eda y la grave crisis social que ambas generan, golpean a todos los integrantes de nuestra comunidad acad\u00e9mica, y sobre todo a las y los estudiantes que ven afectado su rendimiento acad\u00e9mico y hasta su permanencia en las aulas\u00bb, alert\u00f3. \u00abM\u00e1s all\u00e1 de las magnitudes de la crisis, lo que resulta claro es que los m\u00e1s afectados siempre son los sectores de menores ingresos de nuestra sociedad\u00bb.<\/p>\n<p>\u00abEn estos momentos cr\u00edticos es cuando m\u00e1s se debe apostar a la educaci\u00f3n de las y los j\u00f3venes. Y apostar en su mejor acepci\u00f3n, en la de promover, apoyar y sostener las condiciones en las cu\u00e1les se forman\u00bb, indic\u00f3 Alpa para pedir a los legisladores pampeanos en el Congreso su compromiso votando un Presupuesto 2020 acorde para el desenvolvimiento y sostenimiento de la Universidad.<\/p>\n<p>Tambi\u00e9n record\u00f3 los 70 a\u00f1os de la gratuidad universitaria que se cumplen en 2019 como \u00abun hecho significativo y fundamental\u00bb para la educaci\u00f3n superior p\u00fablica y en la ampliaci\u00f3n de derechos y de apertura e inclusi\u00f3n de generaciones de j\u00f3venes a las universidades.<\/p>\n<p>El rector cerr\u00f3 su discurso hablando a los graduados y las graduadas. \u00abEn este t\u00edtulo no solo llevan las acreditaci\u00f3n universitaria por la cual tanto esfuerzo pusieron ustedes y su familia para lograrlo, sino que tambi\u00e9n llevan el enorme compromiso de defender, para siempre, a la educaci\u00f3n universitaria p\u00fablica, gratuita, laica y de calidad, para que siempre exista como bien social y como derecho humano universal\u00bb, les dijo.<\/p>\n<p>&nbsp;<\/p>\n<p>&nbsp;<\/p>\n","protected":false},"excerpt":{"rendered":"<p>Este mi\u00e9rcoles se desarroll\u00f3 un nuevo Acto de Colaci\u00f3n de Grado en la Universidad Nacional de La Pampa (UNLPam) en Santa Rosa, en el marco de la conmemoraci\u00f3n del 61\u00b0&hellip;<\/p>\n","protected":false},"author":3,"featured_media":61728,"comment_status":"closed","ping_status":"open","sticky":false,"template":"","format":"standard","meta":{"_acf_changed":false,"footnotes":""},"categories":[11,319,12],"tags":[178,23],"class_list":["post-61726","post","type-post","status-publish","format-standard","has-post-thumbnail","hentry","category-que-pasa","category-a-temporales","category-sociedad","tag-alpa","tag-unlpam"],"acf":[],"yoast_head":"<!-- This site is optimized with the Yoast SEO plugin v27.5 - https:\/\/yoast.com\/product\/yoast-seo-wordpress\/ -->\n<title>Colaci\u00f3n en la UNLPam: la crisis afecta el rendimiento de los estudiantes, alert\u00f3 el rector - Diario Textual<\/title>\n<meta name=\"robots\" content=\"index, follow, max-snippet:-1, max-image-preview:large, max-video-preview:-1\" \/>\n<link rel=\"canonical\" href=\"https:\/\/diariotextual.com\/inicio\/index.php\/2019\/09\/04\/colacion-la-unlpam-la-crisis-afecta-rendimiento-los-estudiantes-alerto-rector\/\" \/>\n<meta property=\"og:locale\" content=\"es_ES\" \/>\n<meta property=\"og:type\" content=\"article\" \/>\n<meta property=\"og:title\" content=\"Colaci\u00f3n en la UNLPam: la crisis afecta el rendimiento de los estudiantes, alert\u00f3 el rector - Diario Textual\" \/>\n<meta property=\"og:description\" content=\"Este mi\u00e9rcoles se desarroll\u00f3 un nuevo Acto de Colaci\u00f3n de Grado en la Universidad Nacional de La Pampa (UNLPam) en Santa Rosa, en el marco de la conmemoraci\u00f3n del 61\u00b0&hellip;\" \/>\n<meta property=\"og:url\" content=\"https:\/\/diariotextual.com\/inicio\/index.php\/2019\/09\/04\/colacion-la-unlpam-la-crisis-afecta-rendimiento-los-estudiantes-alerto-rector\/\" \/>\n<meta property=\"og:site_name\" content=\"Diario Textual\" \/>\n<meta property=\"article:publisher\" content=\"https:\/\/www.facebook.com\/eltextual\" \/>\n<meta property=\"article:published_time\" content=\"2019-09-04T23:15:53+00:00\" \/>\n<meta property=\"article:modified_time\" content=\"2019-09-05T15:19:10+00:00\" \/>\n<meta property=\"og:image\" content=\"https:\/\/diariotextual.com\/inicio\/wp-content\/uploads\/2019\/09\/alpaoscarunlpamcolacion2019-2.jpg\" \/>\n\t<meta property=\"og:image:width\" content=\"1215\" \/>\n\t<meta property=\"og:image:height\" content=\"904\" \/>\n\t<meta property=\"og:image:type\" content=\"image\/jpeg\" \/>\n<meta name=\"author\" content=\"Diario1 Diario1\" \/>\n<meta name=\"twitter:card\" content=\"summary_large_image\" \/>\n<meta name=\"twitter:creator\" content=\"@eltextual\" \/>\n<meta name=\"twitter:site\" content=\"@eltextual\" \/>\n<meta name=\"twitter:label1\" content=\"Escrito por\" \/>\n\t<meta name=\"twitter:data1\" content=\"Diario1 Diario1\" \/>\n\t<meta name=\"twitter:label2\" content=\"Tiempo de lectura\" \/>\n\t<meta name=\"twitter:data2\" content=\"3 minutos\" \/>\n<script type=\"application\/ld+json\" class=\"yoast-schema-graph\">{\"@context\":\"https:\\\/\\\/schema.org\",\"@graph\":[{\"@type\":\"Article\",\"@id\":\"https:\\\/\\\/diariotextual.com\\\/inicio\\\/index.php\\\/2019\\\/09\\\/04\\\/colacion-la-unlpam-la-crisis-afecta-rendimiento-los-estudiantes-alerto-rector\\\/#article\",\"isPartOf\":{\"@id\":\"https:\\\/\\\/diariotextual.com\\\/inicio\\\/index.php\\\/2019\\\/09\\\/04\\\/colacion-la-unlpam-la-crisis-afecta-rendimiento-los-estudiantes-alerto-rector\\\/\"},\"author\":{\"name\":\"Diario1 Diario1\",\"@id\":\"https:\\\/\\\/diariotextual.com\\\/inicio\\\/#\\\/schema\\\/person\\\/418fc4093c33e86ed41562db3508f958\"},\"headline\":\"Colaci\u00f3n en la UNLPam: la crisis afecta el rendimiento de los estudiantes, alert\u00f3 el rector\",\"datePublished\":\"2019-09-04T23:15:53+00:00\",\"dateModified\":\"2019-09-05T15:19:10+00:00\",\"mainEntityOfPage\":{\"@id\":\"https:\\\/\\\/diariotextual.com\\\/inicio\\\/index.php\\\/2019\\\/09\\\/04\\\/colacion-la-unlpam-la-crisis-afecta-rendimiento-los-estudiantes-alerto-rector\\\/\"},\"wordCount\":674,\"publisher\":{\"@id\":\"https:\\\/\\\/diariotextual.com\\\/inicio\\\/#organization\"},\"image\":{\"@id\":\"https:\\\/\\\/diariotextual.com\\\/inicio\\\/index.php\\\/2019\\\/09\\\/04\\\/colacion-la-unlpam-la-crisis-afecta-rendimiento-los-estudiantes-alerto-rector\\\/#primaryimage\"},\"thumbnailUrl\":\"https:\\\/\\\/diariotextual.com\\\/inicio\\\/wp-content\\\/uploads\\\/2019\\\/09\\\/alpaoscarunlpamcolacion2019-2.jpg\",\"keywords\":[\"alpa\",\"unlpam\"],\"articleSection\":[\"A - QUE PASA (al costado)\",\"A - TEMPORALES\",\"SOCIEDAD\"],\"inLanguage\":\"es\"},{\"@type\":\"WebPage\",\"@id\":\"https:\\\/\\\/diariotextual.com\\\/inicio\\\/index.php\\\/2019\\\/09\\\/04\\\/colacion-la-unlpam-la-crisis-afecta-rendimiento-los-estudiantes-alerto-rector\\\/\",\"url\":\"https:\\\/\\\/diariotextual.com\\\/inicio\\\/index.php\\\/2019\\\/09\\\/04\\\/colacion-la-unlpam-la-crisis-afecta-rendimiento-los-estudiantes-alerto-rector\\\/\",\"name\":\"Colaci\u00f3n en la UNLPam: la crisis afecta el rendimiento de los estudiantes, alert\u00f3 el rector - Diario Textual\",\"isPartOf\":{\"@id\":\"https:\\\/\\\/diariotextual.com\\\/inicio\\\/#website\"},\"primaryImageOfPage\":{\"@id\":\"https:\\\/\\\/diariotextual.com\\\/inicio\\\/index.php\\\/2019\\\/09\\\/04\\\/colacion-la-unlpam-la-crisis-afecta-rendimiento-los-estudiantes-alerto-rector\\\/#primaryimage\"},\"image\":{\"@id\":\"https:\\\/\\\/diariotextual.com\\\/inicio\\\/index.php\\\/2019\\\/09\\\/04\\\/colacion-la-unlpam-la-crisis-afecta-rendimiento-los-estudiantes-alerto-rector\\\/#primaryimage\"},\"thumbnailUrl\":\"https:\\\/\\\/diariotextual.com\\\/inicio\\\/wp-content\\\/uploads\\\/2019\\\/09\\\/alpaoscarunlpamcolacion2019-2.jpg\",\"datePublished\":\"2019-09-04T23:15:53+00:00\",\"dateModified\":\"2019-09-05T15:19:10+00:00\",\"breadcrumb\":{\"@id\":\"https:\\\/\\\/diariotextual.com\\\/inicio\\\/index.php\\\/2019\\\/09\\\/04\\\/colacion-la-unlpam-la-crisis-afecta-rendimiento-los-estudiantes-alerto-rector\\\/#breadcrumb\"},\"inLanguage\":\"es\",\"potentialAction\":[{\"@type\":\"ReadAction\",\"target\":[\"https:\\\/\\\/diariotextual.com\\\/inicio\\\/index.php\\\/2019\\\/09\\\/04\\\/colacion-la-unlpam-la-crisis-afecta-rendimiento-los-estudiantes-alerto-rector\\\/\"]}]},{\"@type\":\"ImageObject\",\"inLanguage\":\"es\",\"@id\":\"https:\\\/\\\/diariotextual.com\\\/inicio\\\/index.php\\\/2019\\\/09\\\/04\\\/colacion-la-unlpam-la-crisis-afecta-rendimiento-los-estudiantes-alerto-rector\\\/#primaryimage\",\"url\":\"https:\\\/\\\/diariotextual.com\\\/inicio\\\/wp-content\\\/uploads\\\/2019\\\/09\\\/alpaoscarunlpamcolacion2019-2.jpg\",\"contentUrl\":\"https:\\\/\\\/diariotextual.com\\\/inicio\\\/wp-content\\\/uploads\\\/2019\\\/09\\\/alpaoscarunlpamcolacion2019-2.jpg\",\"width\":1215,\"height\":904},{\"@type\":\"BreadcrumbList\",\"@id\":\"https:\\\/\\\/diariotextual.com\\\/inicio\\\/index.php\\\/2019\\\/09\\\/04\\\/colacion-la-unlpam-la-crisis-afecta-rendimiento-los-estudiantes-alerto-rector\\\/#breadcrumb\",\"itemListElement\":[{\"@type\":\"ListItem\",\"position\":1,\"name\":\"Portada\",\"item\":\"https:\\\/\\\/diariotextual.com\\\/inicio\\\/\"},{\"@type\":\"ListItem\",\"position\":2,\"name\":\"Colaci\u00f3n en la UNLPam: la crisis afecta el rendimiento de los estudiantes, alert\u00f3 el rector\"}]},{\"@type\":\"WebSite\",\"@id\":\"https:\\\/\\\/diariotextual.com\\\/inicio\\\/#website\",\"url\":\"https:\\\/\\\/diariotextual.com\\\/inicio\\\/\",\"name\":\"Diario Textual\",\"description\":\"\",\"publisher\":{\"@id\":\"https:\\\/\\\/diariotextual.com\\\/inicio\\\/#organization\"},\"potentialAction\":[{\"@type\":\"SearchAction\",\"target\":{\"@type\":\"EntryPoint\",\"urlTemplate\":\"https:\\\/\\\/diariotextual.com\\\/inicio\\\/?s={search_term_string}\"},\"query-input\":{\"@type\":\"PropertyValueSpecification\",\"valueRequired\":true,\"valueName\":\"search_term_string\"}}],\"inLanguage\":\"es\"},{\"@type\":\"Organization\",\"@id\":\"https:\\\/\\\/diariotextual.com\\\/inicio\\\/#organization\",\"name\":\"Diario Textual\",\"url\":\"https:\\\/\\\/diariotextual.com\\\/inicio\\\/\",\"logo\":{\"@type\":\"ImageObject\",\"inLanguage\":\"es\",\"@id\":\"https:\\\/\\\/diariotextual.com\\\/inicio\\\/#\\\/schema\\\/logo\\\/image\\\/\",\"url\":\"https:\\\/\\\/diariotextual.com\\\/inicio\\\/wp-content\\\/uploads\\\/2023\\\/05\\\/logotextual1.jpg\",\"contentUrl\":\"https:\\\/\\\/diariotextual.com\\\/inicio\\\/wp-content\\\/uploads\\\/2023\\\/05\\\/logotextual1.jpg\",\"width\":516,\"height\":76,\"caption\":\"Diario Textual\"},\"image\":{\"@id\":\"https:\\\/\\\/diariotextual.com\\\/inicio\\\/#\\\/schema\\\/logo\\\/image\\\/\"},\"sameAs\":[\"https:\\\/\\\/www.facebook.com\\\/eltextual\",\"https:\\\/\\\/x.com\\\/eltextual\",\"http:\\\/\\\/www.instagram.com\\\/eltextual\"]},{\"@type\":\"Person\",\"@id\":\"https:\\\/\\\/diariotextual.com\\\/inicio\\\/#\\\/schema\\\/person\\\/418fc4093c33e86ed41562db3508f958\",\"name\":\"Diario1 Diario1\",\"image\":{\"@type\":\"ImageObject\",\"inLanguage\":\"es\",\"@id\":\"https:\\\/\\\/secure.gravatar.com\\\/avatar\\\/9167d280179c85bc18be67aa7eda765854300033af4896dd779b608640f2ef7a?s=96&d=mm&r=g\",\"url\":\"https:\\\/\\\/secure.gravatar.com\\\/avatar\\\/9167d280179c85bc18be67aa7eda765854300033af4896dd779b608640f2ef7a?s=96&d=mm&r=g\",\"contentUrl\":\"https:\\\/\\\/secure.gravatar.com\\\/avatar\\\/9167d280179c85bc18be67aa7eda765854300033af4896dd779b608640f2ef7a?s=96&d=mm&r=g\",\"caption\":\"Diario1 Diario1\"},\"url\":\"https:\\\/\\\/diariotextual.com\\\/inicio\\\/index.php\\\/author\\\/diario1\\\/\"}]}<\/script>\n<!-- \/ Yoast SEO plugin. -->","yoast_head_json":{"title":"Colaci\u00f3n en la UNLPam: la crisis afecta el rendimiento de los estudiantes, alert\u00f3 el rector - Diario Textual","robots":{"index":"index","follow":"follow","max-snippet":"max-snippet:-1","max-image-preview":"max-image-preview:large","max-video-preview":"max-video-preview:-1"},"canonical":"https:\/\/diariotextual.com\/inicio\/index.php\/2019\/09\/04\/colacion-la-unlpam-la-crisis-afecta-rendimiento-los-estudiantes-alerto-rector\/","og_locale":"es_ES","og_type":"article","og_title":"Colaci\u00f3n en la UNLPam: la crisis afecta el rendimiento de los estudiantes, alert\u00f3 el rector - Diario Textual","og_description":"Este mi\u00e9rcoles se desarroll\u00f3 un nuevo Acto de Colaci\u00f3n de Grado en la Universidad Nacional de La Pampa (UNLPam) en Santa Rosa, en el marco de la conmemoraci\u00f3n del 61\u00b0&hellip;","og_url":"https:\/\/diariotextual.com\/inicio\/index.php\/2019\/09\/04\/colacion-la-unlpam-la-crisis-afecta-rendimiento-los-estudiantes-alerto-rector\/","og_site_name":"Diario Textual","article_publisher":"https:\/\/www.facebook.com\/eltextual","article_published_time":"2019-09-04T23:15:53+00:00","article_modified_time":"2019-09-05T15:19:10+00:00","og_image":[{"width":1215,"height":904,"url":"https:\/\/diariotextual.com\/inicio\/wp-content\/uploads\/2019\/09\/alpaoscarunlpamcolacion2019-2.jpg","type":"image\/jpeg"}],"author":"Diario1 Diario1","twitter_card":"summary_large_image","twitter_creator":"@eltextual","twitter_site":"@eltextual","twitter_misc":{"Escrito por":"Diario1 Diario1","Tiempo de lectura":"3 minutos"},"schema":{"@context":"https:\/\/schema.org","@graph":[{"@type":"Article","@id":"https:\/\/diariotextual.com\/inicio\/index.php\/2019\/09\/04\/colacion-la-unlpam-la-crisis-afecta-rendimiento-los-estudiantes-alerto-rector\/#article","isPartOf":{"@id":"https:\/\/diariotextual.com\/inicio\/index.php\/2019\/09\/04\/colacion-la-unlpam-la-crisis-afecta-rendimiento-los-estudiantes-alerto-rector\/"},"author":{"name":"Diario1 Diario1","@id":"https:\/\/diariotextual.com\/inicio\/#\/schema\/person\/418fc4093c33e86ed41562db3508f958"},"headline":"Colaci\u00f3n en la UNLPam: la crisis afecta el rendimiento de los estudiantes, alert\u00f3 el rector","datePublished":"2019-09-04T23:15:53+00:00","dateModified":"2019-09-05T15:19:10+00:00","mainEntityOfPage":{"@id":"https:\/\/diariotextual.com\/inicio\/index.php\/2019\/09\/04\/colacion-la-unlpam-la-crisis-afecta-rendimiento-los-estudiantes-alerto-rector\/"},"wordCount":674,"publisher":{"@id":"https:\/\/diariotextual.com\/inicio\/#organization"},"image":{"@id":"https:\/\/diariotextual.com\/inicio\/index.php\/2019\/09\/04\/colacion-la-unlpam-la-crisis-afecta-rendimiento-los-estudiantes-alerto-rector\/#primaryimage"},"thumbnailUrl":"https:\/\/diariotextual.com\/inicio\/wp-content\/uploads\/2019\/09\/alpaoscarunlpamcolacion2019-2.jpg","keywords":["alpa","unlpam"],"articleSection":["A - QUE PASA (al costado)","A - TEMPORALES","SOCIEDAD"],"inLanguage":"es"},{"@type":"WebPage","@id":"https:\/\/diariotextual.com\/inicio\/index.php\/2019\/09\/04\/colacion-la-unlpam-la-crisis-afecta-rendimiento-los-estudiantes-alerto-rector\/","url":"https:\/\/diariotextual.com\/inicio\/index.php\/2019\/09\/04\/colacion-la-unlpam-la-crisis-afecta-rendimiento-los-estudiantes-alerto-rector\/","name":"Colaci\u00f3n en la UNLPam: la crisis afecta el rendimiento de los estudiantes, alert\u00f3 el rector - Diario Textual","isPartOf":{"@id":"https:\/\/diariotextual.com\/inicio\/#website"},"primaryImageOfPage":{"@id":"https:\/\/diariotextual.com\/inicio\/index.php\/2019\/09\/04\/colacion-la-unlpam-la-crisis-afecta-rendimiento-los-estudiantes-alerto-rector\/#primaryimage"},"image":{"@id":"https:\/\/diariotextual.com\/inicio\/index.php\/2019\/09\/04\/colacion-la-unlpam-la-crisis-afecta-rendimiento-los-estudiantes-alerto-rector\/#primaryimage"},"thumbnailUrl":"https:\/\/diariotextual.com\/inicio\/wp-content\/uploads\/2019\/09\/alpaoscarunlpamcolacion2019-2.jpg","datePublished":"2019-09-04T23:15:53+00:00","dateModified":"2019-09-05T15:19:10+00:00","breadcrumb":{"@id":"https:\/\/diariotextual.com\/inicio\/index.php\/2019\/09\/04\/colacion-la-unlpam-la-crisis-afecta-rendimiento-los-estudiantes-alerto-rector\/#breadcrumb"},"inLanguage":"es","potentialAction":[{"@type":"ReadAction","target":["https:\/\/diariotextual.com\/inicio\/index.php\/2019\/09\/04\/colacion-la-unlpam-la-crisis-afecta-rendimiento-los-estudiantes-alerto-rector\/"]}]},{"@type":"ImageObject","inLanguage":"es","@id":"https:\/\/diariotextual.com\/inicio\/index.php\/2019\/09\/04\/colacion-la-unlpam-la-crisis-afecta-rendimiento-los-estudiantes-alerto-rector\/#primaryimage","url":"https:\/\/diariotextual.com\/inicio\/wp-content\/uploads\/2019\/09\/alpaoscarunlpamcolacion2019-2.jpg","contentUrl":"https:\/\/diariotextual.com\/inicio\/wp-content\/uploads\/2019\/09\/alpaoscarunlpamcolacion2019-2.jpg","width":1215,"height":904},{"@type":"BreadcrumbList","@id":"https:\/\/diariotextual.com\/inicio\/index.php\/2019\/09\/04\/colacion-la-unlpam-la-crisis-afecta-rendimiento-los-estudiantes-alerto-rector\/#breadcrumb","itemListElement":[{"@type":"ListItem","position":1,"name":"Portada","item":"https:\/\/diariotextual.com\/inicio\/"},{"@type":"ListItem","position":2,"name":"Colaci\u00f3n en la UNLPam: la crisis afecta el rendimiento de los estudiantes, alert\u00f3 el rector"}]},{"@type":"WebSite","@id":"https:\/\/diariotextual.com\/inicio\/#website","url":"https:\/\/diariotextual.com\/inicio\/","name":"Diario Textual","description":"","publisher":{"@id":"https:\/\/diariotextual.com\/inicio\/#organization"},"potentialAction":[{"@type":"SearchAction","target":{"@type":"EntryPoint","urlTemplate":"https:\/\/diariotextual.com\/inicio\/?s={search_term_string}"},"query-input":{"@type":"PropertyValueSpecification","valueRequired":true,"valueName":"search_term_string"}}],"inLanguage":"es"},{"@type":"Organization","@id":"https:\/\/diariotextual.com\/inicio\/#organization","name":"Diario Textual","url":"https:\/\/diariotextual.com\/inicio\/","logo":{"@type":"ImageObject","inLanguage":"es","@id":"https:\/\/diariotextual.com\/inicio\/#\/schema\/logo\/image\/","url":"https:\/\/diariotextual.com\/inicio\/wp-content\/uploads\/2023\/05\/logotextual1.jpg","contentUrl":"https:\/\/diariotextual.com\/inicio\/wp-content\/uploads\/2023\/05\/logotextual1.jpg","width":516,"height":76,"caption":"Diario Textual"},"image":{"@id":"https:\/\/diariotextual.com\/inicio\/#\/schema\/logo\/image\/"},"sameAs":["https:\/\/www.facebook.com\/eltextual","https:\/\/x.com\/eltextual","http:\/\/www.instagram.com\/eltextual"]},{"@type":"Person","@id":"https:\/\/diariotextual.com\/inicio\/#\/schema\/person\/418fc4093c33e86ed41562db3508f958","name":"Diario1 Diario1","image":{"@type":"ImageObject","inLanguage":"es","@id":"https:\/\/secure.gravatar.com\/avatar\/9167d280179c85bc18be67aa7eda765854300033af4896dd779b608640f2ef7a?s=96&d=mm&r=g","url":"https:\/\/secure.gravatar.com\/avatar\/9167d280179c85bc18be67aa7eda765854300033af4896dd779b608640f2ef7a?s=96&d=mm&r=g","contentUrl":"https:\/\/secure.gravatar.com\/avatar\/9167d280179c85bc18be67aa7eda765854300033af4896dd779b608640f2ef7a?s=96&d=mm&r=g","caption":"Diario1 Diario1"},"url":"https:\/\/diariotextual.com\/inicio\/index.php\/author\/diario1\/"}]}},"_links":{"self":[{"href":"https:\/\/diariotextual.com\/inicio\/index.php\/wp-json\/wp\/v2\/posts\/61726","targetHints":{"allow":["GET"]}}],"collection":[{"href":"https:\/\/diariotextual.com\/inicio\/index.php\/wp-json\/wp\/v2\/posts"}],"about":[{"href":"https:\/\/diariotextual.com\/inicio\/index.php\/wp-json\/wp\/v2\/types\/post"}],"author":[{"embeddable":true,"href":"https:\/\/diariotextual.com\/inicio\/index.php\/wp-json\/wp\/v2\/users\/3"}],"replies":[{"embeddable":true,"href":"https:\/\/diariotextual.com\/inicio\/index.php\/wp-json\/wp\/v2\/comments?post=61726"}],"version-history":[{"count":1,"href":"https:\/\/diariotextual.com\/inicio\/index.php\/wp-json\/wp\/v2\/posts\/61726\/revisions"}],"predecessor-version":[{"id":61727,"href":"https:\/\/diariotextual.com\/inicio\/index.php\/wp-json\/wp\/v2\/posts\/61726\/revisions\/61727"}],"wp:featuredmedia":[{"embeddable":true,"href":"https:\/\/diariotextual.com\/inicio\/index.php\/wp-json\/wp\/v2\/media\/61728"}],"wp:attachment":[{"href":"https:\/\/diariotextual.com\/inicio\/index.php\/wp-json\/wp\/v2\/media?parent=61726"}],"wp:term":[{"taxonomy":"category","embeddable":true,"href":"https:\/\/diariotextual.com\/inicio\/index.php\/wp-json\/wp\/v2\/categories?post=61726"},{"taxonomy":"post_tag","embeddable":true,"href":"https:\/\/diariotextual.com\/inicio\/index.php\/wp-json\/wp\/v2\/tags?post=61726"}],"curies":[{"name":"wp","href":"https:\/\/api.w.org\/{rel}","templated":true}]}}