{"id":61785,"date":"2019-09-05T13:52:18","date_gmt":"2019-09-05T16:52:18","guid":{"rendered":"http:\/\/diariotextual.com\/inicio\/?p=61785"},"modified":"2019-09-06T12:01:36","modified_gmt":"2019-09-06T15:01:36","slug":"dirigentes-la-fuchad-fueron-homenajeados-nombres-calles-santa-rosa","status":"publish","type":"post","link":"https:\/\/diariotextual.com\/inicio\/index.php\/2019\/09\/05\/dirigentes-la-fuchad-fueron-homenajeados-nombres-calles-santa-rosa\/","title":{"rendered":"Dirigentes de la Fuchad fueron homenajeados con nombres de calles de Santa Rosa"},"content":{"rendered":"<p>El concejo deliberante aprob\u00f3, por unanimidad, los nombres de tres dirigentes de la Fundaci\u00f3n Chadileuv\u00fa (Fuchad) en nuevas calles y espacios verdes de la ciudad de Santa Rosa: se trata de <strong>H\u00e9ctor \u00abTito\u00bb Torroba, Santiago Giai<\/strong> y<strong> Jos\u00e9 Mal\u00e1n<\/strong>.<\/p>\n<p>La sesi\u00f3n, que se desarroll\u00f3 desde las 10 horas de este jueves, tuvo un nutrido marco de p\u00fablico, que incluy\u00f3 a familiares de quienes fueron homenajeados con la imposici\u00f3n de sus nombres a calles de la ciudad en el nuevo barrio Chadileuv\u00fa, ubicado al noreste de la capital.<\/p>\n<p>&nbsp;<\/p>\n<p><strong>\u00abTito\u00bb Torroba<\/strong><\/p>\n<p>El concejal Marcos Cuelle resalt\u00f3 la trayectoria de H\u00e9ctor \u201cTito\u201d Torroba, de quien este a\u00f1o se cumple el centenario de su nacimiento. Su nombre fue designado a un espacio verde de la flamante barriada.<\/p>\n<p>Torroba tuvo una larga trayectoria en instituciones de bien p\u00fablico de la capital. Entre otras, el Club Rotary y la Asociaci\u00f3n Agr\u00edcola Ganadera, donde fue presidente en tres oportunidades. Tambi\u00e9n integr\u00f3 el Grupo Crea Santa Rosa,\u00a0 presidi\u00f3 la C\u00e1mara de Comercio en dos oportunidades, fue miembro por varios a\u00f1os del Consejo de Administraci\u00f3n de la CPE y presidente del Consejo Regional del INTA. Fue fundador y presidente de la Fundaci\u00f3n Chadileuv\u00fa, productor agropecuario de avanzaday empresario de la construcci\u00f3n en la empresa TODAM.<\/p>\n<p>\u201cSiempre fue un hombre comprometido con su ciudad y su provincia aunque nunca ocup\u00f3 un cargo pol\u00edtico, aunque la pol\u00edtica no le era ajena. Supo alinearse en la desaparecida Uni\u00f3n C\u00edvica Radical Instransigente en los tiempos del Gobernador Amit, pero desech\u00f3 las candidaturas y cargos porque se sent\u00eda m\u00e1s \u00fatil en las instituciones\u201d, dijo Cuelle.<\/p>\n<p>Fue un gran estudioso de los r\u00edos pampeanos. Defensor y entusiasta difusor de esa causa. Una frase de su clarividencia era \u201cdefendamos el Atuel y el Salado-Chadileuv\u00fa pero que eso no nos distraiga de la defensa del Colorado, nuestro r\u00edo m\u00e1s importante\u201d.<\/p>\n<p>\u201cUn ciudadano ejemplar, preocupado m\u00e1s que pos sus intereses privados por los intereses colectivos\u201d, concluy\u00f3 el edil.<\/p>\n<p>&nbsp;<\/p>\n<p><strong>Santiago Giai<\/strong><\/p>\n<p>Cuelle tambi\u00e9n record\u00f3 a Santiago Bernardino Giai, licenciado en Geolog\u00eda en la Universidad Nacional de La Plata en el a\u00f1o 1967m con una posterior preparaci\u00f3n en la que ampli\u00f3 sus conocimientos sobre su objeto de estudio: la hidrolog\u00eda.<\/p>\n<p>Fue docente desde el &#8217;73. Fue dejado cesante por la Ley de Prescindibilidad y reincoroporado en el &#8217;84 como docente de la Facultad de Ciencias Exactas y Naturales de la UNLPam.<\/p>\n<p>En 1986 fue designado como adjunto en Hidrolog\u00eda por concurso abierto de antecedentes y oposici\u00f3n. En el &#8217;94 como profesor titular tambi\u00e9n por concurso de oposici\u00f3n, cargo que ejerci\u00f3 hasta su jubilaci\u00f3n en 2010.<\/p>\n<p>Desde el &#8217;69 al &#8217;77 desarroll\u00f3 tareas en la Direcci\u00f3n General de Servicios de Agua Potable y Saneamiento Ambiental en la Direcci\u00f3n de Aguas Subterr\u00e1neas del Consejo Provincial del Agua y la APA. Entre otras ocupaciones relevantes fu tambi\u00e9n director de Aguas Subterr\u00e1neas y ejerci\u00f3 el cargo de director operativo del Plan PIAS. Fue adscripto a Casa de Piedra, trabaj\u00f3 en la empresa Performar. En el &#8217;82 se radic\u00f3 en Colombia y su lugar de trabajo fue la presa Betania sobre el r\u00edo Magdalena. Para Performar trabaj\u00f3 tambi\u00e9n en distintos lugares de Argentina.<\/p>\n<p>Public\u00f3 24 trabajos con arbitraje. Adem\u00e1s, adhiri\u00f3 a seis sociedades cient\u00edficas, presidi\u00f3 la Asociaci\u00f3n Pampeana de Ciencias Naturales y fue miembro de la Fundaci\u00f3n Chadileuv\u00fa.<\/p>\n<p>&nbsp;<\/p>\n<p><strong>Fundaci\u00f3n Chadileuv\u00fa<\/strong><\/p>\n<p>La concejala fregenista Claudia Girogis tom\u00f3 la palabra para referirse a la Fuchad, instituci\u00f3n con la cual el concejo trabaj\u00f3 conjuntamente para la nominaci\u00f3n del barrio, de su espacio verde y de algunas de sus calles.<\/p>\n<p>\u00abHa sido de cierto modo desde su fundaci\u00f3n, en 1984, la conciencia h\u00eddrica de nuestra Provincia heredando en este sentido una larga lucha de otras instituciones visionarias que muestran sus ra\u00edces hist\u00f3ricas\u00bb, dijo. \u00abPor ejemplo, la Comisi\u00f3n Permanente del Agua (1950), Comisi\u00f3n Pro Adelanto Colonia 25 de Mayo (1950), Comisi\u00f3n Pro-Colonizaci\u00f3n de 25 de Mayo (1951), Comisi\u00f3n Popular de Defensa de los R\u00edos Pampeanos (CoPDRiP, 1973), Comisi\u00f3n Permanente de Recursos h\u00eddricos (1979), Comisi\u00f3n Provisoria de los R\u00edos Pampeanos (1984)\u201d, detall\u00f3.<\/p>\n<p>\u201cLa Fundaci\u00f3n Chadileuv\u00fa estuvo formada desde sus or\u00edgenes por un gran n\u00famero de instituciones del medio, por gente independiente y por las m\u00e1s diversas expresiones pol\u00edticas e ideol\u00f3gicas. El tratamiento de los temas h\u00eddricos fue -transcurrido cierto tiempo de la creaci\u00f3n de la Fundaci\u00f3n- enriquecido por la incorporaci\u00f3n de la problem\u00e1tica ambiental\u00bb, explic\u00f3.<\/p>\n<p>\u201cHoy entiendo que la Fundaci\u00f3n Chadileuv\u00fa nos hace un aporte adicional que es la difusi\u00f3n de sus ideales, de su lucha de hace muchos a\u00f1os en la Provincia en la defensa de nuestros r\u00edos y poniendo estos nombres en la memoria el de Don Tito Torroba, Santiago Giai y Jos\u00e9 Mal\u00e1n, de los propios r\u00edos, de los propios nombres de la Chadileuv\u00fa, con lo que se pretende que las generaciones futuras, tambi\u00e9n nosotros en la actualidad, tengamos memoria respecto de la lucha tan loable\u201d.<\/p>\n<p>&nbsp;<\/p>\n<p><strong>Jos\u00e9 Mal\u00e1n<\/strong><\/p>\n<p>Sobre el licenciado en Geolog\u00eda, Jos\u00e9 Miguel Mal\u00e1n, y ante sus familiares presentes en el recinto, la concejala Giorgis dijo que estuvo \u201cestrechamente vinculado a la tem\u00e1tica del agua\u00bb en la provincia de La Pampa. \u00abFallecido en el a\u00f1o 2017, fue un especialista que dedic\u00f3 su carrera profesional a investigar los recursos h\u00eddricos pampeanos, en particular los subterr\u00e1neos\u201d.<\/p>\n<p>\u00abDesde la Fundaci\u00f3n Chadileuv\u00fa lo recuerdan como docente y destacado investigador de la Universidad Nacional de La Pampa, vicedecano de la Facultad de Ciencias Exactas y Naturales, consejero superior de la Universidad. vicepresidente, miembro del Consejo Asesor y gran colaborador de la Chadileuv\u00fa que lo recordaba en su fallecimiento como uno de los ge\u00f3logos m\u00e1s reconocidos en materia de estudios de hidrolog\u00eda de La Pampa, adem\u00e1s de desempe\u00f1arse como t\u00e9cnico en reparticiones del Estado provincial, desarroll\u00f3 trabajos con varios municipios en una gran tarea de campo\u00bb, dijo. \u00abIntegr\u00f3 un s\u00f3lido staff profesional en la Administraci\u00f3n Provincial del Agua durante varias d\u00e9cadas. Tambi\u00e9n se desempe\u00f1\u00f3 como consultor, realiz\u00f3 innumerables trabajos en toda la provincia y provincias vecinas y particip\u00f3 como expositor en Congresos de Hidrogeolog\u00eda de todo el pa\u00eds\u201d, enumer\u00f3 la edila.<\/p>\n<p>\u201cEn definitiva lo recuerda la Chadileuv\u00fa como un hombre comprometido con la sociedad, que aport\u00f3 desde su ejemplo, sus ideas y conocimiento y un ser vocacionalmente pendiente de los cambios hist\u00f3ricos que el tema de los recursos h\u00eddricos ha generado en nuestra regi\u00f3n\u201d, sostuvo Giorgis.<\/p>\n<p>&nbsp;<\/p>\n<p>&nbsp;<\/p>\n<p>&nbsp;<\/p>\n<p>&nbsp;<\/p>\n","protected":false},"excerpt":{"rendered":"<p>El concejo deliberante aprob\u00f3, por unanimidad, los nombres de tres dirigentes de la Fundaci\u00f3n Chadileuv\u00fa (Fuchad) en nuevas calles y espacios verdes de la ciudad de Santa Rosa: se trata&hellip;<\/p>\n","protected":false},"author":3,"featured_media":61794,"comment_status":"closed","ping_status":"open","sticky":false,"template":"","format":"standard","meta":{"_acf_changed":false,"footnotes":""},"categories":[319,8],"tags":[],"class_list":["post-61785","post","type-post","status-publish","format-standard","has-post-thumbnail","hentry","category-a-temporales","category-politica"],"acf":[],"yoast_head":"<!-- This site is optimized with the Yoast SEO plugin v27.5 - https:\/\/yoast.com\/product\/yoast-seo-wordpress\/ -->\n<title>Dirigentes de la Fuchad fueron homenajeados con nombres de calles de Santa Rosa - Diario Textual<\/title>\n<meta name=\"robots\" content=\"index, follow, max-snippet:-1, max-image-preview:large, max-video-preview:-1\" \/>\n<link rel=\"canonical\" href=\"https:\/\/diariotextual.com\/inicio\/index.php\/2019\/09\/05\/dirigentes-la-fuchad-fueron-homenajeados-nombres-calles-santa-rosa\/\" \/>\n<meta property=\"og:locale\" content=\"es_ES\" \/>\n<meta property=\"og:type\" content=\"article\" \/>\n<meta property=\"og:title\" content=\"Dirigentes de la Fuchad fueron homenajeados con nombres de calles de Santa Rosa - Diario Textual\" \/>\n<meta property=\"og:description\" content=\"El concejo deliberante aprob\u00f3, por unanimidad, los nombres de tres dirigentes de la Fundaci\u00f3n Chadileuv\u00fa (Fuchad) en nuevas calles y espacios verdes de la ciudad de Santa Rosa: se trata&hellip;\" \/>\n<meta property=\"og:url\" content=\"https:\/\/diariotextual.com\/inicio\/index.php\/2019\/09\/05\/dirigentes-la-fuchad-fueron-homenajeados-nombres-calles-santa-rosa\/\" \/>\n<meta property=\"og:site_name\" content=\"Diario Textual\" \/>\n<meta property=\"article:publisher\" content=\"https:\/\/www.facebook.com\/eltextual\" \/>\n<meta property=\"article:published_time\" content=\"2019-09-05T16:52:18+00:00\" \/>\n<meta property=\"article:modified_time\" content=\"2019-09-06T15:01:36+00:00\" \/>\n<meta property=\"og:image\" content=\"https:\/\/diariotextual.com\/inicio\/wp-content\/uploads\/2019\/09\/concejosantarosa2019-100.jpg\" \/>\n\t<meta property=\"og:image:width\" content=\"1200\" \/>\n\t<meta property=\"og:image:height\" content=\"802\" \/>\n\t<meta property=\"og:image:type\" content=\"image\/jpeg\" \/>\n<meta name=\"author\" content=\"Diario1 Diario1\" \/>\n<meta name=\"twitter:card\" content=\"summary_large_image\" \/>\n<meta name=\"twitter:creator\" content=\"@eltextual\" \/>\n<meta name=\"twitter:site\" content=\"@eltextual\" \/>\n<meta name=\"twitter:label1\" content=\"Escrito por\" \/>\n\t<meta name=\"twitter:data1\" content=\"Diario1 Diario1\" \/>\n\t<meta name=\"twitter:label2\" content=\"Tiempo de lectura\" \/>\n\t<meta name=\"twitter:data2\" content=\"6 minutos\" \/>\n<script type=\"application\/ld+json\" class=\"yoast-schema-graph\">{\"@context\":\"https:\\\/\\\/schema.org\",\"@graph\":[{\"@type\":\"Article\",\"@id\":\"https:\\\/\\\/diariotextual.com\\\/inicio\\\/index.php\\\/2019\\\/09\\\/05\\\/dirigentes-la-fuchad-fueron-homenajeados-nombres-calles-santa-rosa\\\/#article\",\"isPartOf\":{\"@id\":\"https:\\\/\\\/diariotextual.com\\\/inicio\\\/index.php\\\/2019\\\/09\\\/05\\\/dirigentes-la-fuchad-fueron-homenajeados-nombres-calles-santa-rosa\\\/\"},\"author\":{\"name\":\"Diario1 Diario1\",\"@id\":\"https:\\\/\\\/diariotextual.com\\\/inicio\\\/#\\\/schema\\\/person\\\/418fc4093c33e86ed41562db3508f958\"},\"headline\":\"Dirigentes de la Fuchad fueron homenajeados con nombres de calles de Santa Rosa\",\"datePublished\":\"2019-09-05T16:52:18+00:00\",\"dateModified\":\"2019-09-06T15:01:36+00:00\",\"mainEntityOfPage\":{\"@id\":\"https:\\\/\\\/diariotextual.com\\\/inicio\\\/index.php\\\/2019\\\/09\\\/05\\\/dirigentes-la-fuchad-fueron-homenajeados-nombres-calles-santa-rosa\\\/\"},\"wordCount\":1147,\"publisher\":{\"@id\":\"https:\\\/\\\/diariotextual.com\\\/inicio\\\/#organization\"},\"image\":{\"@id\":\"https:\\\/\\\/diariotextual.com\\\/inicio\\\/index.php\\\/2019\\\/09\\\/05\\\/dirigentes-la-fuchad-fueron-homenajeados-nombres-calles-santa-rosa\\\/#primaryimage\"},\"thumbnailUrl\":\"https:\\\/\\\/diariotextual.com\\\/inicio\\\/wp-content\\\/uploads\\\/2019\\\/09\\\/concejosantarosa2019-100.jpg\",\"articleSection\":[\"A - TEMPORALES\",\"POLITICA\"],\"inLanguage\":\"es\"},{\"@type\":\"WebPage\",\"@id\":\"https:\\\/\\\/diariotextual.com\\\/inicio\\\/index.php\\\/2019\\\/09\\\/05\\\/dirigentes-la-fuchad-fueron-homenajeados-nombres-calles-santa-rosa\\\/\",\"url\":\"https:\\\/\\\/diariotextual.com\\\/inicio\\\/index.php\\\/2019\\\/09\\\/05\\\/dirigentes-la-fuchad-fueron-homenajeados-nombres-calles-santa-rosa\\\/\",\"name\":\"Dirigentes de la Fuchad fueron homenajeados con nombres de calles de Santa Rosa - Diario Textual\",\"isPartOf\":{\"@id\":\"https:\\\/\\\/diariotextual.com\\\/inicio\\\/#website\"},\"primaryImageOfPage\":{\"@id\":\"https:\\\/\\\/diariotextual.com\\\/inicio\\\/index.php\\\/2019\\\/09\\\/05\\\/dirigentes-la-fuchad-fueron-homenajeados-nombres-calles-santa-rosa\\\/#primaryimage\"},\"image\":{\"@id\":\"https:\\\/\\\/diariotextual.com\\\/inicio\\\/index.php\\\/2019\\\/09\\\/05\\\/dirigentes-la-fuchad-fueron-homenajeados-nombres-calles-santa-rosa\\\/#primaryimage\"},\"thumbnailUrl\":\"https:\\\/\\\/diariotextual.com\\\/inicio\\\/wp-content\\\/uploads\\\/2019\\\/09\\\/concejosantarosa2019-100.jpg\",\"datePublished\":\"2019-09-05T16:52:18+00:00\",\"dateModified\":\"2019-09-06T15:01:36+00:00\",\"breadcrumb\":{\"@id\":\"https:\\\/\\\/diariotextual.com\\\/inicio\\\/index.php\\\/2019\\\/09\\\/05\\\/dirigentes-la-fuchad-fueron-homenajeados-nombres-calles-santa-rosa\\\/#breadcrumb\"},\"inLanguage\":\"es\",\"potentialAction\":[{\"@type\":\"ReadAction\",\"target\":[\"https:\\\/\\\/diariotextual.com\\\/inicio\\\/index.php\\\/2019\\\/09\\\/05\\\/dirigentes-la-fuchad-fueron-homenajeados-nombres-calles-santa-rosa\\\/\"]}]},{\"@type\":\"ImageObject\",\"inLanguage\":\"es\",\"@id\":\"https:\\\/\\\/diariotextual.com\\\/inicio\\\/index.php\\\/2019\\\/09\\\/05\\\/dirigentes-la-fuchad-fueron-homenajeados-nombres-calles-santa-rosa\\\/#primaryimage\",\"url\":\"https:\\\/\\\/diariotextual.com\\\/inicio\\\/wp-content\\\/uploads\\\/2019\\\/09\\\/concejosantarosa2019-100.jpg\",\"contentUrl\":\"https:\\\/\\\/diariotextual.com\\\/inicio\\\/wp-content\\\/uploads\\\/2019\\\/09\\\/concejosantarosa2019-100.jpg\",\"width\":1200,\"height\":802},{\"@type\":\"BreadcrumbList\",\"@id\":\"https:\\\/\\\/diariotextual.com\\\/inicio\\\/index.php\\\/2019\\\/09\\\/05\\\/dirigentes-la-fuchad-fueron-homenajeados-nombres-calles-santa-rosa\\\/#breadcrumb\",\"itemListElement\":[{\"@type\":\"ListItem\",\"position\":1,\"name\":\"Portada\",\"item\":\"https:\\\/\\\/diariotextual.com\\\/inicio\\\/\"},{\"@type\":\"ListItem\",\"position\":2,\"name\":\"Dirigentes de la Fuchad fueron homenajeados con nombres de calles de Santa Rosa\"}]},{\"@type\":\"WebSite\",\"@id\":\"https:\\\/\\\/diariotextual.com\\\/inicio\\\/#website\",\"url\":\"https:\\\/\\\/diariotextual.com\\\/inicio\\\/\",\"name\":\"Diario Textual\",\"description\":\"\",\"publisher\":{\"@id\":\"https:\\\/\\\/diariotextual.com\\\/inicio\\\/#organization\"},\"potentialAction\":[{\"@type\":\"SearchAction\",\"target\":{\"@type\":\"EntryPoint\",\"urlTemplate\":\"https:\\\/\\\/diariotextual.com\\\/inicio\\\/?s={search_term_string}\"},\"query-input\":{\"@type\":\"PropertyValueSpecification\",\"valueRequired\":true,\"valueName\":\"search_term_string\"}}],\"inLanguage\":\"es\"},{\"@type\":\"Organization\",\"@id\":\"https:\\\/\\\/diariotextual.com\\\/inicio\\\/#organization\",\"name\":\"Diario Textual\",\"url\":\"https:\\\/\\\/diariotextual.com\\\/inicio\\\/\",\"logo\":{\"@type\":\"ImageObject\",\"inLanguage\":\"es\",\"@id\":\"https:\\\/\\\/diariotextual.com\\\/inicio\\\/#\\\/schema\\\/logo\\\/image\\\/\",\"url\":\"https:\\\/\\\/diariotextual.com\\\/inicio\\\/wp-content\\\/uploads\\\/2023\\\/05\\\/logotextual1.jpg\",\"contentUrl\":\"https:\\\/\\\/diariotextual.com\\\/inicio\\\/wp-content\\\/uploads\\\/2023\\\/05\\\/logotextual1.jpg\",\"width\":516,\"height\":76,\"caption\":\"Diario Textual\"},\"image\":{\"@id\":\"https:\\\/\\\/diariotextual.com\\\/inicio\\\/#\\\/schema\\\/logo\\\/image\\\/\"},\"sameAs\":[\"https:\\\/\\\/www.facebook.com\\\/eltextual\",\"https:\\\/\\\/x.com\\\/eltextual\",\"http:\\\/\\\/www.instagram.com\\\/eltextual\"]},{\"@type\":\"Person\",\"@id\":\"https:\\\/\\\/diariotextual.com\\\/inicio\\\/#\\\/schema\\\/person\\\/418fc4093c33e86ed41562db3508f958\",\"name\":\"Diario1 Diario1\",\"image\":{\"@type\":\"ImageObject\",\"inLanguage\":\"es\",\"@id\":\"https:\\\/\\\/secure.gravatar.com\\\/avatar\\\/9167d280179c85bc18be67aa7eda765854300033af4896dd779b608640f2ef7a?s=96&d=mm&r=g\",\"url\":\"https:\\\/\\\/secure.gravatar.com\\\/avatar\\\/9167d280179c85bc18be67aa7eda765854300033af4896dd779b608640f2ef7a?s=96&d=mm&r=g\",\"contentUrl\":\"https:\\\/\\\/secure.gravatar.com\\\/avatar\\\/9167d280179c85bc18be67aa7eda765854300033af4896dd779b608640f2ef7a?s=96&d=mm&r=g\",\"caption\":\"Diario1 Diario1\"},\"url\":\"https:\\\/\\\/diariotextual.com\\\/inicio\\\/index.php\\\/author\\\/diario1\\\/\"}]}<\/script>\n<!-- \/ Yoast SEO plugin. -->","yoast_head_json":{"title":"Dirigentes de la Fuchad fueron homenajeados con nombres de calles de Santa Rosa - Diario Textual","robots":{"index":"index","follow":"follow","max-snippet":"max-snippet:-1","max-image-preview":"max-image-preview:large","max-video-preview":"max-video-preview:-1"},"canonical":"https:\/\/diariotextual.com\/inicio\/index.php\/2019\/09\/05\/dirigentes-la-fuchad-fueron-homenajeados-nombres-calles-santa-rosa\/","og_locale":"es_ES","og_type":"article","og_title":"Dirigentes de la Fuchad fueron homenajeados con nombres de calles de Santa Rosa - Diario Textual","og_description":"El concejo deliberante aprob\u00f3, por unanimidad, los nombres de tres dirigentes de la Fundaci\u00f3n Chadileuv\u00fa (Fuchad) en nuevas calles y espacios verdes de la ciudad de Santa Rosa: se trata&hellip;","og_url":"https:\/\/diariotextual.com\/inicio\/index.php\/2019\/09\/05\/dirigentes-la-fuchad-fueron-homenajeados-nombres-calles-santa-rosa\/","og_site_name":"Diario Textual","article_publisher":"https:\/\/www.facebook.com\/eltextual","article_published_time":"2019-09-05T16:52:18+00:00","article_modified_time":"2019-09-06T15:01:36+00:00","og_image":[{"width":1200,"height":802,"url":"https:\/\/diariotextual.com\/inicio\/wp-content\/uploads\/2019\/09\/concejosantarosa2019-100.jpg","type":"image\/jpeg"}],"author":"Diario1 Diario1","twitter_card":"summary_large_image","twitter_creator":"@eltextual","twitter_site":"@eltextual","twitter_misc":{"Escrito por":"Diario1 Diario1","Tiempo de lectura":"6 minutos"},"schema":{"@context":"https:\/\/schema.org","@graph":[{"@type":"Article","@id":"https:\/\/diariotextual.com\/inicio\/index.php\/2019\/09\/05\/dirigentes-la-fuchad-fueron-homenajeados-nombres-calles-santa-rosa\/#article","isPartOf":{"@id":"https:\/\/diariotextual.com\/inicio\/index.php\/2019\/09\/05\/dirigentes-la-fuchad-fueron-homenajeados-nombres-calles-santa-rosa\/"},"author":{"name":"Diario1 Diario1","@id":"https:\/\/diariotextual.com\/inicio\/#\/schema\/person\/418fc4093c33e86ed41562db3508f958"},"headline":"Dirigentes de la Fuchad fueron homenajeados con nombres de calles de Santa Rosa","datePublished":"2019-09-05T16:52:18+00:00","dateModified":"2019-09-06T15:01:36+00:00","mainEntityOfPage":{"@id":"https:\/\/diariotextual.com\/inicio\/index.php\/2019\/09\/05\/dirigentes-la-fuchad-fueron-homenajeados-nombres-calles-santa-rosa\/"},"wordCount":1147,"publisher":{"@id":"https:\/\/diariotextual.com\/inicio\/#organization"},"image":{"@id":"https:\/\/diariotextual.com\/inicio\/index.php\/2019\/09\/05\/dirigentes-la-fuchad-fueron-homenajeados-nombres-calles-santa-rosa\/#primaryimage"},"thumbnailUrl":"https:\/\/diariotextual.com\/inicio\/wp-content\/uploads\/2019\/09\/concejosantarosa2019-100.jpg","articleSection":["A - TEMPORALES","POLITICA"],"inLanguage":"es"},{"@type":"WebPage","@id":"https:\/\/diariotextual.com\/inicio\/index.php\/2019\/09\/05\/dirigentes-la-fuchad-fueron-homenajeados-nombres-calles-santa-rosa\/","url":"https:\/\/diariotextual.com\/inicio\/index.php\/2019\/09\/05\/dirigentes-la-fuchad-fueron-homenajeados-nombres-calles-santa-rosa\/","name":"Dirigentes de la Fuchad fueron homenajeados con nombres de calles de Santa Rosa - Diario Textual","isPartOf":{"@id":"https:\/\/diariotextual.com\/inicio\/#website"},"primaryImageOfPage":{"@id":"https:\/\/diariotextual.com\/inicio\/index.php\/2019\/09\/05\/dirigentes-la-fuchad-fueron-homenajeados-nombres-calles-santa-rosa\/#primaryimage"},"image":{"@id":"https:\/\/diariotextual.com\/inicio\/index.php\/2019\/09\/05\/dirigentes-la-fuchad-fueron-homenajeados-nombres-calles-santa-rosa\/#primaryimage"},"thumbnailUrl":"https:\/\/diariotextual.com\/inicio\/wp-content\/uploads\/2019\/09\/concejosantarosa2019-100.jpg","datePublished":"2019-09-05T16:52:18+00:00","dateModified":"2019-09-06T15:01:36+00:00","breadcrumb":{"@id":"https:\/\/diariotextual.com\/inicio\/index.php\/2019\/09\/05\/dirigentes-la-fuchad-fueron-homenajeados-nombres-calles-santa-rosa\/#breadcrumb"},"inLanguage":"es","potentialAction":[{"@type":"ReadAction","target":["https:\/\/diariotextual.com\/inicio\/index.php\/2019\/09\/05\/dirigentes-la-fuchad-fueron-homenajeados-nombres-calles-santa-rosa\/"]}]},{"@type":"ImageObject","inLanguage":"es","@id":"https:\/\/diariotextual.com\/inicio\/index.php\/2019\/09\/05\/dirigentes-la-fuchad-fueron-homenajeados-nombres-calles-santa-rosa\/#primaryimage","url":"https:\/\/diariotextual.com\/inicio\/wp-content\/uploads\/2019\/09\/concejosantarosa2019-100.jpg","contentUrl":"https:\/\/diariotextual.com\/inicio\/wp-content\/uploads\/2019\/09\/concejosantarosa2019-100.jpg","width":1200,"height":802},{"@type":"BreadcrumbList","@id":"https:\/\/diariotextual.com\/inicio\/index.php\/2019\/09\/05\/dirigentes-la-fuchad-fueron-homenajeados-nombres-calles-santa-rosa\/#breadcrumb","itemListElement":[{"@type":"ListItem","position":1,"name":"Portada","item":"https:\/\/diariotextual.com\/inicio\/"},{"@type":"ListItem","position":2,"name":"Dirigentes de la Fuchad fueron homenajeados con nombres de calles de Santa Rosa"}]},{"@type":"WebSite","@id":"https:\/\/diariotextual.com\/inicio\/#website","url":"https:\/\/diariotextual.com\/inicio\/","name":"Diario Textual","description":"","publisher":{"@id":"https:\/\/diariotextual.com\/inicio\/#organization"},"potentialAction":[{"@type":"SearchAction","target":{"@type":"EntryPoint","urlTemplate":"https:\/\/diariotextual.com\/inicio\/?s={search_term_string}"},"query-input":{"@type":"PropertyValueSpecification","valueRequired":true,"valueName":"search_term_string"}}],"inLanguage":"es"},{"@type":"Organization","@id":"https:\/\/diariotextual.com\/inicio\/#organization","name":"Diario Textual","url":"https:\/\/diariotextual.com\/inicio\/","logo":{"@type":"ImageObject","inLanguage":"es","@id":"https:\/\/diariotextual.com\/inicio\/#\/schema\/logo\/image\/","url":"https:\/\/diariotextual.com\/inicio\/wp-content\/uploads\/2023\/05\/logotextual1.jpg","contentUrl":"https:\/\/diariotextual.com\/inicio\/wp-content\/uploads\/2023\/05\/logotextual1.jpg","width":516,"height":76,"caption":"Diario Textual"},"image":{"@id":"https:\/\/diariotextual.com\/inicio\/#\/schema\/logo\/image\/"},"sameAs":["https:\/\/www.facebook.com\/eltextual","https:\/\/x.com\/eltextual","http:\/\/www.instagram.com\/eltextual"]},{"@type":"Person","@id":"https:\/\/diariotextual.com\/inicio\/#\/schema\/person\/418fc4093c33e86ed41562db3508f958","name":"Diario1 Diario1","image":{"@type":"ImageObject","inLanguage":"es","@id":"https:\/\/secure.gravatar.com\/avatar\/9167d280179c85bc18be67aa7eda765854300033af4896dd779b608640f2ef7a?s=96&d=mm&r=g","url":"https:\/\/secure.gravatar.com\/avatar\/9167d280179c85bc18be67aa7eda765854300033af4896dd779b608640f2ef7a?s=96&d=mm&r=g","contentUrl":"https:\/\/secure.gravatar.com\/avatar\/9167d280179c85bc18be67aa7eda765854300033af4896dd779b608640f2ef7a?s=96&d=mm&r=g","caption":"Diario1 Diario1"},"url":"https:\/\/diariotextual.com\/inicio\/index.php\/author\/diario1\/"}]}},"_links":{"self":[{"href":"https:\/\/diariotextual.com\/inicio\/index.php\/wp-json\/wp\/v2\/posts\/61785","targetHints":{"allow":["GET"]}}],"collection":[{"href":"https:\/\/diariotextual.com\/inicio\/index.php\/wp-json\/wp\/v2\/posts"}],"about":[{"href":"https:\/\/diariotextual.com\/inicio\/index.php\/wp-json\/wp\/v2\/types\/post"}],"author":[{"embeddable":true,"href":"https:\/\/diariotextual.com\/inicio\/index.php\/wp-json\/wp\/v2\/users\/3"}],"replies":[{"embeddable":true,"href":"https:\/\/diariotextual.com\/inicio\/index.php\/wp-json\/wp\/v2\/comments?post=61785"}],"version-history":[{"count":6,"href":"https:\/\/diariotextual.com\/inicio\/index.php\/wp-json\/wp\/v2\/posts\/61785\/revisions"}],"predecessor-version":[{"id":61796,"href":"https:\/\/diariotextual.com\/inicio\/index.php\/wp-json\/wp\/v2\/posts\/61785\/revisions\/61796"}],"wp:featuredmedia":[{"embeddable":true,"href":"https:\/\/diariotextual.com\/inicio\/index.php\/wp-json\/wp\/v2\/media\/61794"}],"wp:attachment":[{"href":"https:\/\/diariotextual.com\/inicio\/index.php\/wp-json\/wp\/v2\/media?parent=61785"}],"wp:term":[{"taxonomy":"category","embeddable":true,"href":"https:\/\/diariotextual.com\/inicio\/index.php\/wp-json\/wp\/v2\/categories?post=61785"},{"taxonomy":"post_tag","embeddable":true,"href":"https:\/\/diariotextual.com\/inicio\/index.php\/wp-json\/wp\/v2\/tags?post=61785"}],"curies":[{"name":"wp","href":"https:\/\/api.w.org\/{rel}","templated":true}]}}