{"id":61797,"date":"2019-09-05T14:08:12","date_gmt":"2019-09-05T17:08:12","guid":{"rendered":"http:\/\/diariotextual.com\/inicio\/?p=61797"},"modified":"2019-09-06T12:01:42","modified_gmt":"2019-09-06T15:01:42","slug":"macri-retomo-la-campana-cordoba-la-eleccion-no-sucedio","status":"publish","type":"post","link":"https:\/\/diariotextual.com\/inicio\/index.php\/2019\/09\/05\/macri-retomo-la-campana-cordoba-la-eleccion-no-sucedio\/","title":{"rendered":"Macri retom\u00f3 la campa\u00f1a en C\u00f3rdoba: \u00abLa elecci\u00f3n no sucedi\u00f3\u00bb"},"content":{"rendered":"<p><strong>\u00abLa elecci\u00f3n no sucedi\u00f3\u00bb<\/strong>. Con esa idea, <strong>Mauricio Macri retom\u00f3 este jueves la campa\u00f1a electoral en C\u00f3rdoba<\/strong>, uno de los dos \u00fanicos distritos en los que se impuso en las primarias. Aunque, public\u00f3 La Pol\u00edtica Online, esta vez el presidente\u00a0empez\u00f3 a sentir el fr\u00edo de la derrota: <strong>el Juan Schiaretti, que supo recibirlo\u00a0con honores, esta vez arm\u00f3 una recorrida por el interior y lo esquiv\u00f3.<\/strong><\/p>\n<p>En medio de las turbulencias econ\u00f3micas, el presidente dio inicio a las recorridas de campa\u00f1a (que se inicia formalmente el s\u00e1bado)\u00a0para las elecciones generales de octubre, una tarea que hasta ahora parec\u00eda acotada a su\u00a0candidato a vicepresidente, Miguel Pichetto.<\/p>\n<p><strong>Macri\u00a0encabez\u00f3 un acto junto a Ram\u00f3n Mestre y Mario Negri<\/strong>, y al inicio de su breve discurso hizo casi un pedido de disculpas por haber vuelto a la campa\u00f1a. \u00abTodos sabemos que despu\u00e9s de las PASO hemos tenido una nueva incertidumbre pol\u00edtica y econ\u00f3mica, con lo cual estoy muy focalizado en mi responsabilidad de volver a estabilizar la econom\u00eda y llevar alivio a todos los argentinos\u00bb, dijo, pero aclar\u00f3 que\u00a0quiso hacer \u00abuna escapada\u00bb.<\/p>\n<p>Aunque ya sin el tono de los encendidos discursos de la campa\u00f1a previa a las PASO, Macri se entusiasm\u00f3 con el aliento de sus seguidores y al final areng\u00f3:<strong> \u00abVamos con fuerza y claro que se puede\u00bb.\u00a0<\/strong><\/p>\n<p>Luego, ante los periodistas dijo que est\u00e1 \u00abconvencido de que la elecci\u00f3n no sucedi\u00f3\u00bb y \u00abcon energ\u00eda\u00bb para ir al ballotage. \u00abClaro que s\u00ed\u00bb, respondi\u00f3 consultado sobre si cree posible revertir el resultado.<\/p>\n<p>&nbsp;<\/p>\n<p>&nbsp;<\/p>\n<p>&nbsp;<\/p>\n","protected":false},"excerpt":{"rendered":"<p>\u00abLa elecci\u00f3n no sucedi\u00f3\u00bb. Con esa idea, Mauricio Macri retom\u00f3 este jueves la campa\u00f1a electoral en C\u00f3rdoba, uno de los dos \u00fanicos distritos en los que se impuso en las&hellip;<\/p>\n","protected":false},"author":3,"featured_media":49331,"comment_status":"closed","ping_status":"open","sticky":false,"template":"","format":"standard","meta":{"_acf_changed":false,"footnotes":""},"categories":[319,8],"tags":[],"class_list":["post-61797","post","type-post","status-publish","format-standard","has-post-thumbnail","hentry","category-a-temporales","category-politica"],"acf":[],"yoast_head":"<!-- This site is optimized with the Yoast SEO plugin v27.5 - https:\/\/yoast.com\/product\/yoast-seo-wordpress\/ -->\n<title>Macri retom\u00f3 la campa\u00f1a en C\u00f3rdoba: &quot;La elecci\u00f3n no sucedi\u00f3&quot; - Diario Textual<\/title>\n<meta name=\"robots\" content=\"index, follow, max-snippet:-1, max-image-preview:large, max-video-preview:-1\" \/>\n<link rel=\"canonical\" href=\"https:\/\/diariotextual.com\/inicio\/index.php\/2019\/09\/05\/macri-retomo-la-campana-cordoba-la-eleccion-no-sucedio\/\" \/>\n<meta property=\"og:locale\" content=\"es_ES\" \/>\n<meta property=\"og:type\" content=\"article\" \/>\n<meta property=\"og:title\" content=\"Macri retom\u00f3 la campa\u00f1a en C\u00f3rdoba: &quot;La elecci\u00f3n no sucedi\u00f3&quot; - Diario Textual\" \/>\n<meta property=\"og:description\" content=\"\u00abLa elecci\u00f3n no sucedi\u00f3\u00bb. Con esa idea, Mauricio Macri retom\u00f3 este jueves la campa\u00f1a electoral en C\u00f3rdoba, uno de los dos \u00fanicos distritos en los que se impuso en las&hellip;\" \/>\n<meta property=\"og:url\" content=\"https:\/\/diariotextual.com\/inicio\/index.php\/2019\/09\/05\/macri-retomo-la-campana-cordoba-la-eleccion-no-sucedio\/\" \/>\n<meta property=\"og:site_name\" content=\"Diario Textual\" \/>\n<meta property=\"article:publisher\" content=\"https:\/\/www.facebook.com\/eltextual\" \/>\n<meta property=\"article:published_time\" content=\"2019-09-05T17:08:12+00:00\" \/>\n<meta property=\"article:modified_time\" content=\"2019-09-06T15:01:42+00:00\" \/>\n<meta property=\"og:image\" content=\"https:\/\/diariotextual.com\/inicio\/wp-content\/uploads\/2019\/05\/macrimauricio00003.png\" \/>\n\t<meta property=\"og:image:width\" content=\"764\" \/>\n\t<meta property=\"og:image:height\" content=\"480\" \/>\n\t<meta property=\"og:image:type\" content=\"image\/png\" \/>\n<meta name=\"author\" content=\"Diario1 Diario1\" \/>\n<meta name=\"twitter:card\" content=\"summary_large_image\" \/>\n<meta name=\"twitter:creator\" content=\"@eltextual\" \/>\n<meta name=\"twitter:site\" content=\"@eltextual\" \/>\n<meta name=\"twitter:label1\" content=\"Escrito por\" \/>\n\t<meta name=\"twitter:data1\" content=\"Diario1 Diario1\" \/>\n\t<meta name=\"twitter:label2\" content=\"Tiempo de lectura\" \/>\n\t<meta name=\"twitter:data2\" content=\"1 minuto\" \/>\n<script type=\"application\/ld+json\" class=\"yoast-schema-graph\">{\"@context\":\"https:\\\/\\\/schema.org\",\"@graph\":[{\"@type\":\"Article\",\"@id\":\"https:\\\/\\\/diariotextual.com\\\/inicio\\\/index.php\\\/2019\\\/09\\\/05\\\/macri-retomo-la-campana-cordoba-la-eleccion-no-sucedio\\\/#article\",\"isPartOf\":{\"@id\":\"https:\\\/\\\/diariotextual.com\\\/inicio\\\/index.php\\\/2019\\\/09\\\/05\\\/macri-retomo-la-campana-cordoba-la-eleccion-no-sucedio\\\/\"},\"author\":{\"name\":\"Diario1 Diario1\",\"@id\":\"https:\\\/\\\/diariotextual.com\\\/inicio\\\/#\\\/schema\\\/person\\\/418fc4093c33e86ed41562db3508f958\"},\"headline\":\"Macri retom\u00f3 la campa\u00f1a en C\u00f3rdoba: \u00abLa elecci\u00f3n no sucedi\u00f3\u00bb\",\"datePublished\":\"2019-09-05T17:08:12+00:00\",\"dateModified\":\"2019-09-06T15:01:42+00:00\",\"mainEntityOfPage\":{\"@id\":\"https:\\\/\\\/diariotextual.com\\\/inicio\\\/index.php\\\/2019\\\/09\\\/05\\\/macri-retomo-la-campana-cordoba-la-eleccion-no-sucedio\\\/\"},\"wordCount\":287,\"publisher\":{\"@id\":\"https:\\\/\\\/diariotextual.com\\\/inicio\\\/#organization\"},\"image\":{\"@id\":\"https:\\\/\\\/diariotextual.com\\\/inicio\\\/index.php\\\/2019\\\/09\\\/05\\\/macri-retomo-la-campana-cordoba-la-eleccion-no-sucedio\\\/#primaryimage\"},\"thumbnailUrl\":\"https:\\\/\\\/diariotextual.com\\\/inicio\\\/wp-content\\\/uploads\\\/2019\\\/05\\\/macrimauricio00003.png\",\"articleSection\":[\"A - TEMPORALES\",\"POLITICA\"],\"inLanguage\":\"es\"},{\"@type\":\"WebPage\",\"@id\":\"https:\\\/\\\/diariotextual.com\\\/inicio\\\/index.php\\\/2019\\\/09\\\/05\\\/macri-retomo-la-campana-cordoba-la-eleccion-no-sucedio\\\/\",\"url\":\"https:\\\/\\\/diariotextual.com\\\/inicio\\\/index.php\\\/2019\\\/09\\\/05\\\/macri-retomo-la-campana-cordoba-la-eleccion-no-sucedio\\\/\",\"name\":\"Macri retom\u00f3 la campa\u00f1a en C\u00f3rdoba: \\\"La elecci\u00f3n no sucedi\u00f3\\\" - Diario Textual\",\"isPartOf\":{\"@id\":\"https:\\\/\\\/diariotextual.com\\\/inicio\\\/#website\"},\"primaryImageOfPage\":{\"@id\":\"https:\\\/\\\/diariotextual.com\\\/inicio\\\/index.php\\\/2019\\\/09\\\/05\\\/macri-retomo-la-campana-cordoba-la-eleccion-no-sucedio\\\/#primaryimage\"},\"image\":{\"@id\":\"https:\\\/\\\/diariotextual.com\\\/inicio\\\/index.php\\\/2019\\\/09\\\/05\\\/macri-retomo-la-campana-cordoba-la-eleccion-no-sucedio\\\/#primaryimage\"},\"thumbnailUrl\":\"https:\\\/\\\/diariotextual.com\\\/inicio\\\/wp-content\\\/uploads\\\/2019\\\/05\\\/macrimauricio00003.png\",\"datePublished\":\"2019-09-05T17:08:12+00:00\",\"dateModified\":\"2019-09-06T15:01:42+00:00\",\"breadcrumb\":{\"@id\":\"https:\\\/\\\/diariotextual.com\\\/inicio\\\/index.php\\\/2019\\\/09\\\/05\\\/macri-retomo-la-campana-cordoba-la-eleccion-no-sucedio\\\/#breadcrumb\"},\"inLanguage\":\"es\",\"potentialAction\":[{\"@type\":\"ReadAction\",\"target\":[\"https:\\\/\\\/diariotextual.com\\\/inicio\\\/index.php\\\/2019\\\/09\\\/05\\\/macri-retomo-la-campana-cordoba-la-eleccion-no-sucedio\\\/\"]}]},{\"@type\":\"ImageObject\",\"inLanguage\":\"es\",\"@id\":\"https:\\\/\\\/diariotextual.com\\\/inicio\\\/index.php\\\/2019\\\/09\\\/05\\\/macri-retomo-la-campana-cordoba-la-eleccion-no-sucedio\\\/#primaryimage\",\"url\":\"https:\\\/\\\/diariotextual.com\\\/inicio\\\/wp-content\\\/uploads\\\/2019\\\/05\\\/macrimauricio00003.png\",\"contentUrl\":\"https:\\\/\\\/diariotextual.com\\\/inicio\\\/wp-content\\\/uploads\\\/2019\\\/05\\\/macrimauricio00003.png\",\"width\":764,\"height\":480},{\"@type\":\"BreadcrumbList\",\"@id\":\"https:\\\/\\\/diariotextual.com\\\/inicio\\\/index.php\\\/2019\\\/09\\\/05\\\/macri-retomo-la-campana-cordoba-la-eleccion-no-sucedio\\\/#breadcrumb\",\"itemListElement\":[{\"@type\":\"ListItem\",\"position\":1,\"name\":\"Portada\",\"item\":\"https:\\\/\\\/diariotextual.com\\\/inicio\\\/\"},{\"@type\":\"ListItem\",\"position\":2,\"name\":\"Macri retom\u00f3 la campa\u00f1a en C\u00f3rdoba: \u00abLa elecci\u00f3n no sucedi\u00f3\u00bb\"}]},{\"@type\":\"WebSite\",\"@id\":\"https:\\\/\\\/diariotextual.com\\\/inicio\\\/#website\",\"url\":\"https:\\\/\\\/diariotextual.com\\\/inicio\\\/\",\"name\":\"Diario Textual\",\"description\":\"\",\"publisher\":{\"@id\":\"https:\\\/\\\/diariotextual.com\\\/inicio\\\/#organization\"},\"potentialAction\":[{\"@type\":\"SearchAction\",\"target\":{\"@type\":\"EntryPoint\",\"urlTemplate\":\"https:\\\/\\\/diariotextual.com\\\/inicio\\\/?s={search_term_string}\"},\"query-input\":{\"@type\":\"PropertyValueSpecification\",\"valueRequired\":true,\"valueName\":\"search_term_string\"}}],\"inLanguage\":\"es\"},{\"@type\":\"Organization\",\"@id\":\"https:\\\/\\\/diariotextual.com\\\/inicio\\\/#organization\",\"name\":\"Diario Textual\",\"url\":\"https:\\\/\\\/diariotextual.com\\\/inicio\\\/\",\"logo\":{\"@type\":\"ImageObject\",\"inLanguage\":\"es\",\"@id\":\"https:\\\/\\\/diariotextual.com\\\/inicio\\\/#\\\/schema\\\/logo\\\/image\\\/\",\"url\":\"https:\\\/\\\/diariotextual.com\\\/inicio\\\/wp-content\\\/uploads\\\/2023\\\/05\\\/logotextual1.jpg\",\"contentUrl\":\"https:\\\/\\\/diariotextual.com\\\/inicio\\\/wp-content\\\/uploads\\\/2023\\\/05\\\/logotextual1.jpg\",\"width\":516,\"height\":76,\"caption\":\"Diario Textual\"},\"image\":{\"@id\":\"https:\\\/\\\/diariotextual.com\\\/inicio\\\/#\\\/schema\\\/logo\\\/image\\\/\"},\"sameAs\":[\"https:\\\/\\\/www.facebook.com\\\/eltextual\",\"https:\\\/\\\/x.com\\\/eltextual\",\"http:\\\/\\\/www.instagram.com\\\/eltextual\"]},{\"@type\":\"Person\",\"@id\":\"https:\\\/\\\/diariotextual.com\\\/inicio\\\/#\\\/schema\\\/person\\\/418fc4093c33e86ed41562db3508f958\",\"name\":\"Diario1 Diario1\",\"image\":{\"@type\":\"ImageObject\",\"inLanguage\":\"es\",\"@id\":\"https:\\\/\\\/secure.gravatar.com\\\/avatar\\\/9167d280179c85bc18be67aa7eda765854300033af4896dd779b608640f2ef7a?s=96&d=mm&r=g\",\"url\":\"https:\\\/\\\/secure.gravatar.com\\\/avatar\\\/9167d280179c85bc18be67aa7eda765854300033af4896dd779b608640f2ef7a?s=96&d=mm&r=g\",\"contentUrl\":\"https:\\\/\\\/secure.gravatar.com\\\/avatar\\\/9167d280179c85bc18be67aa7eda765854300033af4896dd779b608640f2ef7a?s=96&d=mm&r=g\",\"caption\":\"Diario1 Diario1\"},\"url\":\"https:\\\/\\\/diariotextual.com\\\/inicio\\\/index.php\\\/author\\\/diario1\\\/\"}]}<\/script>\n<!-- \/ Yoast SEO plugin. -->","yoast_head_json":{"title":"Macri retom\u00f3 la campa\u00f1a en C\u00f3rdoba: \"La elecci\u00f3n no sucedi\u00f3\" - Diario Textual","robots":{"index":"index","follow":"follow","max-snippet":"max-snippet:-1","max-image-preview":"max-image-preview:large","max-video-preview":"max-video-preview:-1"},"canonical":"https:\/\/diariotextual.com\/inicio\/index.php\/2019\/09\/05\/macri-retomo-la-campana-cordoba-la-eleccion-no-sucedio\/","og_locale":"es_ES","og_type":"article","og_title":"Macri retom\u00f3 la campa\u00f1a en C\u00f3rdoba: \"La elecci\u00f3n no sucedi\u00f3\" - Diario Textual","og_description":"\u00abLa elecci\u00f3n no sucedi\u00f3\u00bb. Con esa idea, Mauricio Macri retom\u00f3 este jueves la campa\u00f1a electoral en C\u00f3rdoba, uno de los dos \u00fanicos distritos en los que se impuso en las&hellip;","og_url":"https:\/\/diariotextual.com\/inicio\/index.php\/2019\/09\/05\/macri-retomo-la-campana-cordoba-la-eleccion-no-sucedio\/","og_site_name":"Diario Textual","article_publisher":"https:\/\/www.facebook.com\/eltextual","article_published_time":"2019-09-05T17:08:12+00:00","article_modified_time":"2019-09-06T15:01:42+00:00","og_image":[{"width":764,"height":480,"url":"https:\/\/diariotextual.com\/inicio\/wp-content\/uploads\/2019\/05\/macrimauricio00003.png","type":"image\/png"}],"author":"Diario1 Diario1","twitter_card":"summary_large_image","twitter_creator":"@eltextual","twitter_site":"@eltextual","twitter_misc":{"Escrito por":"Diario1 Diario1","Tiempo de lectura":"1 minuto"},"schema":{"@context":"https:\/\/schema.org","@graph":[{"@type":"Article","@id":"https:\/\/diariotextual.com\/inicio\/index.php\/2019\/09\/05\/macri-retomo-la-campana-cordoba-la-eleccion-no-sucedio\/#article","isPartOf":{"@id":"https:\/\/diariotextual.com\/inicio\/index.php\/2019\/09\/05\/macri-retomo-la-campana-cordoba-la-eleccion-no-sucedio\/"},"author":{"name":"Diario1 Diario1","@id":"https:\/\/diariotextual.com\/inicio\/#\/schema\/person\/418fc4093c33e86ed41562db3508f958"},"headline":"Macri retom\u00f3 la campa\u00f1a en C\u00f3rdoba: \u00abLa elecci\u00f3n no sucedi\u00f3\u00bb","datePublished":"2019-09-05T17:08:12+00:00","dateModified":"2019-09-06T15:01:42+00:00","mainEntityOfPage":{"@id":"https:\/\/diariotextual.com\/inicio\/index.php\/2019\/09\/05\/macri-retomo-la-campana-cordoba-la-eleccion-no-sucedio\/"},"wordCount":287,"publisher":{"@id":"https:\/\/diariotextual.com\/inicio\/#organization"},"image":{"@id":"https:\/\/diariotextual.com\/inicio\/index.php\/2019\/09\/05\/macri-retomo-la-campana-cordoba-la-eleccion-no-sucedio\/#primaryimage"},"thumbnailUrl":"https:\/\/diariotextual.com\/inicio\/wp-content\/uploads\/2019\/05\/macrimauricio00003.png","articleSection":["A - TEMPORALES","POLITICA"],"inLanguage":"es"},{"@type":"WebPage","@id":"https:\/\/diariotextual.com\/inicio\/index.php\/2019\/09\/05\/macri-retomo-la-campana-cordoba-la-eleccion-no-sucedio\/","url":"https:\/\/diariotextual.com\/inicio\/index.php\/2019\/09\/05\/macri-retomo-la-campana-cordoba-la-eleccion-no-sucedio\/","name":"Macri retom\u00f3 la campa\u00f1a en C\u00f3rdoba: \"La elecci\u00f3n no sucedi\u00f3\" - Diario Textual","isPartOf":{"@id":"https:\/\/diariotextual.com\/inicio\/#website"},"primaryImageOfPage":{"@id":"https:\/\/diariotextual.com\/inicio\/index.php\/2019\/09\/05\/macri-retomo-la-campana-cordoba-la-eleccion-no-sucedio\/#primaryimage"},"image":{"@id":"https:\/\/diariotextual.com\/inicio\/index.php\/2019\/09\/05\/macri-retomo-la-campana-cordoba-la-eleccion-no-sucedio\/#primaryimage"},"thumbnailUrl":"https:\/\/diariotextual.com\/inicio\/wp-content\/uploads\/2019\/05\/macrimauricio00003.png","datePublished":"2019-09-05T17:08:12+00:00","dateModified":"2019-09-06T15:01:42+00:00","breadcrumb":{"@id":"https:\/\/diariotextual.com\/inicio\/index.php\/2019\/09\/05\/macri-retomo-la-campana-cordoba-la-eleccion-no-sucedio\/#breadcrumb"},"inLanguage":"es","potentialAction":[{"@type":"ReadAction","target":["https:\/\/diariotextual.com\/inicio\/index.php\/2019\/09\/05\/macri-retomo-la-campana-cordoba-la-eleccion-no-sucedio\/"]}]},{"@type":"ImageObject","inLanguage":"es","@id":"https:\/\/diariotextual.com\/inicio\/index.php\/2019\/09\/05\/macri-retomo-la-campana-cordoba-la-eleccion-no-sucedio\/#primaryimage","url":"https:\/\/diariotextual.com\/inicio\/wp-content\/uploads\/2019\/05\/macrimauricio00003.png","contentUrl":"https:\/\/diariotextual.com\/inicio\/wp-content\/uploads\/2019\/05\/macrimauricio00003.png","width":764,"height":480},{"@type":"BreadcrumbList","@id":"https:\/\/diariotextual.com\/inicio\/index.php\/2019\/09\/05\/macri-retomo-la-campana-cordoba-la-eleccion-no-sucedio\/#breadcrumb","itemListElement":[{"@type":"ListItem","position":1,"name":"Portada","item":"https:\/\/diariotextual.com\/inicio\/"},{"@type":"ListItem","position":2,"name":"Macri retom\u00f3 la campa\u00f1a en C\u00f3rdoba: \u00abLa elecci\u00f3n no sucedi\u00f3\u00bb"}]},{"@type":"WebSite","@id":"https:\/\/diariotextual.com\/inicio\/#website","url":"https:\/\/diariotextual.com\/inicio\/","name":"Diario Textual","description":"","publisher":{"@id":"https:\/\/diariotextual.com\/inicio\/#organization"},"potentialAction":[{"@type":"SearchAction","target":{"@type":"EntryPoint","urlTemplate":"https:\/\/diariotextual.com\/inicio\/?s={search_term_string}"},"query-input":{"@type":"PropertyValueSpecification","valueRequired":true,"valueName":"search_term_string"}}],"inLanguage":"es"},{"@type":"Organization","@id":"https:\/\/diariotextual.com\/inicio\/#organization","name":"Diario Textual","url":"https:\/\/diariotextual.com\/inicio\/","logo":{"@type":"ImageObject","inLanguage":"es","@id":"https:\/\/diariotextual.com\/inicio\/#\/schema\/logo\/image\/","url":"https:\/\/diariotextual.com\/inicio\/wp-content\/uploads\/2023\/05\/logotextual1.jpg","contentUrl":"https:\/\/diariotextual.com\/inicio\/wp-content\/uploads\/2023\/05\/logotextual1.jpg","width":516,"height":76,"caption":"Diario Textual"},"image":{"@id":"https:\/\/diariotextual.com\/inicio\/#\/schema\/logo\/image\/"},"sameAs":["https:\/\/www.facebook.com\/eltextual","https:\/\/x.com\/eltextual","http:\/\/www.instagram.com\/eltextual"]},{"@type":"Person","@id":"https:\/\/diariotextual.com\/inicio\/#\/schema\/person\/418fc4093c33e86ed41562db3508f958","name":"Diario1 Diario1","image":{"@type":"ImageObject","inLanguage":"es","@id":"https:\/\/secure.gravatar.com\/avatar\/9167d280179c85bc18be67aa7eda765854300033af4896dd779b608640f2ef7a?s=96&d=mm&r=g","url":"https:\/\/secure.gravatar.com\/avatar\/9167d280179c85bc18be67aa7eda765854300033af4896dd779b608640f2ef7a?s=96&d=mm&r=g","contentUrl":"https:\/\/secure.gravatar.com\/avatar\/9167d280179c85bc18be67aa7eda765854300033af4896dd779b608640f2ef7a?s=96&d=mm&r=g","caption":"Diario1 Diario1"},"url":"https:\/\/diariotextual.com\/inicio\/index.php\/author\/diario1\/"}]}},"_links":{"self":[{"href":"https:\/\/diariotextual.com\/inicio\/index.php\/wp-json\/wp\/v2\/posts\/61797","targetHints":{"allow":["GET"]}}],"collection":[{"href":"https:\/\/diariotextual.com\/inicio\/index.php\/wp-json\/wp\/v2\/posts"}],"about":[{"href":"https:\/\/diariotextual.com\/inicio\/index.php\/wp-json\/wp\/v2\/types\/post"}],"author":[{"embeddable":true,"href":"https:\/\/diariotextual.com\/inicio\/index.php\/wp-json\/wp\/v2\/users\/3"}],"replies":[{"embeddable":true,"href":"https:\/\/diariotextual.com\/inicio\/index.php\/wp-json\/wp\/v2\/comments?post=61797"}],"version-history":[{"count":2,"href":"https:\/\/diariotextual.com\/inicio\/index.php\/wp-json\/wp\/v2\/posts\/61797\/revisions"}],"predecessor-version":[{"id":61799,"href":"https:\/\/diariotextual.com\/inicio\/index.php\/wp-json\/wp\/v2\/posts\/61797\/revisions\/61799"}],"wp:featuredmedia":[{"embeddable":true,"href":"https:\/\/diariotextual.com\/inicio\/index.php\/wp-json\/wp\/v2\/media\/49331"}],"wp:attachment":[{"href":"https:\/\/diariotextual.com\/inicio\/index.php\/wp-json\/wp\/v2\/media?parent=61797"}],"wp:term":[{"taxonomy":"category","embeddable":true,"href":"https:\/\/diariotextual.com\/inicio\/index.php\/wp-json\/wp\/v2\/categories?post=61797"},{"taxonomy":"post_tag","embeddable":true,"href":"https:\/\/diariotextual.com\/inicio\/index.php\/wp-json\/wp\/v2\/tags?post=61797"}],"curies":[{"name":"wp","href":"https:\/\/api.w.org\/{rel}","templated":true}]}}