{"id":61810,"date":"2019-09-05T18:37:16","date_gmt":"2019-09-05T21:37:16","guid":{"rendered":"http:\/\/diariotextual.com\/inicio\/?p=61810"},"modified":"2019-09-06T12:10:29","modified_gmt":"2019-09-06T15:10:29","slug":"murio-hector-mohedano-dueno-la-constructora-inarco","status":"publish","type":"post","link":"https:\/\/diariotextual.com\/inicio\/index.php\/2019\/09\/05\/murio-hector-mohedano-dueno-la-constructora-inarco\/","title":{"rendered":"Muri\u00f3 H\u00e9ctor Mohedano, el due\u00f1o de la constructora Inarco"},"content":{"rendered":"<p><strong>H\u00e9ctor Miguel Mohedano (70 a\u00f1os)<\/strong>, due\u00f1o de la constructora piquense Inarco, falleci\u00f3 este jueves en la ciudad de Buenos Aires. La informaci\u00f3n fue confirmada a Diario Textual por allegados de la empresa.<\/p>\n<p>Mohedano, nacido en 1949, era el due\u00f1o de Inarco, de otras empresas relacionadas con el rubro de la construcci\u00f3n y de campos. Desde hace un tiempo, se encontraba enfermo.<\/p>\n<p>De larga trayectoria en la construcci\u00f3n, desde hace 12 a\u00f1os que estaba apuntado por el polideportivo de Santa Rosa, conocido como el Megaestadio. <strong>Deb\u00eda afrontar demandas penales y civiles.<\/strong><\/p>\n<p>Hoy se sabe que son dos las principales fallas de la empresa Inarco en el Megaestadio: <strong>errores de c\u00e1lculo en el techo y la construcci\u00f3n deficiente de los pilotes<\/strong>.<\/p>\n<p>Esta obra se dise\u00f1\u00f3 y se comenz\u00f3 a construir en la primera gesti\u00f3n de Carlos Verna. La licitaci\u00f3n la gan\u00f3 en ese momento Mohedano por 29.889.995 millones de pesos o 10 millones de d\u00f3lares. <strong>Hoy el costo, en d\u00f3lares, se ha duplicado.<\/strong><\/p>\n<p>El estadio debi\u00f3 haberse terminado en 2007 para los Juegos de la Araucan\u00eda, pero\u00a0<strong>un fallo en el c\u00e1lculo de la estructura del techo<\/strong>\u00a0impidi\u00f3 su finalizaci\u00f3n.<\/p>\n<p><strong>La empresa Inarco intent\u00f3 retomar los trabajos, pero finalmente fue apartada en 2015 y denunciada penalmente por la Provincia. Mohedano, molesto, contraatac\u00f3 con una demanda contenciosa administrativa<\/strong>: dijo que la principal culpa por no haberse terminado de colocar el techo fue del Gobierno. Sostuvo que los errores de c\u00e1lculo en la cubierta fueron inducidos por la Provincia que no provey\u00f3 un proyecto ejecutivo para hacer los trabajos.<\/p>\n<p>En 2017, en tanto, el Gobierno llam\u00f3 a una nueva licitaci\u00f3n.<strong>\u00a0Se present\u00f3 una sola empresa, la santafesina Cinter, a la que le adjudicaron los trabajos por 243 millones de pesos a valores de mayo de 2018<\/strong>. El techo ya no ser\u00e1 a cuatro aguas. Ahora ser\u00e1 parab\u00f3lico, seg\u00fan el dise\u00f1o que aport\u00f3 la firma santafesina.<\/p>\n<p>Recientemente, en tanto, se conocieron m\u00e1s fallas:<strong> los cien pilotes que est\u00e1n sosteniendo el polideportivo que se levanta en el Parque Don Tom\u00e1s de Santa Rosa fueron mal construidos por Inarco<\/strong>.<\/p>\n<p>Esos cien pilotes deber\u00e1n ser reconstruidos. \u00bfCu\u00e1l es la falla?<strong> La empresa Inarco los hizo sin \u00abbulbo\u00bb, por lo que ofrecen menor resistencia.<\/strong><\/p>\n<p>Ahora\u00a0deber\u00e1n hacer trabajos de refuerzos\u00a0en los pilotes. Colocar\u00e1n pilotines al lado de cada uno de ellos para subsanar los errores. Si no lo hacen, la estructura podr\u00eda comenzar a hundirse cuando se coloque el nuevo techo, a cargo de la empresa Cinter.<\/p>\n<p>&nbsp;<\/p>\n<p>&nbsp;<\/p>\n<p>&nbsp;<\/p>\n<p>&nbsp;<\/p>\n","protected":false},"excerpt":{"rendered":"<p>H\u00e9ctor Miguel Mohedano (70 a\u00f1os), due\u00f1o de la constructora piquense Inarco, falleci\u00f3 este jueves en la ciudad de Buenos Aires. La informaci\u00f3n fue confirmada a Diario Textual por allegados de&hellip;<\/p>\n","protected":false},"author":3,"featured_media":61811,"comment_status":"closed","ping_status":"open","sticky":false,"template":"","format":"standard","meta":{"_acf_changed":false,"footnotes":""},"categories":[319,12],"tags":[168,2224],"class_list":["post-61810","post","type-post","status-publish","format-standard","has-post-thumbnail","hentry","category-a-temporales","category-sociedad","tag-megaestadio","tag-mohedano"],"acf":[],"yoast_head":"<!-- This site is optimized with the Yoast SEO plugin v27.5 - https:\/\/yoast.com\/product\/yoast-seo-wordpress\/ -->\n<title>Muri\u00f3 H\u00e9ctor Mohedano, el due\u00f1o de la constructora Inarco - Diario Textual<\/title>\n<meta name=\"robots\" content=\"index, follow, max-snippet:-1, max-image-preview:large, max-video-preview:-1\" \/>\n<link rel=\"canonical\" href=\"https:\/\/diariotextual.com\/inicio\/index.php\/2019\/09\/05\/murio-hector-mohedano-dueno-la-constructora-inarco\/\" \/>\n<meta property=\"og:locale\" content=\"es_ES\" \/>\n<meta property=\"og:type\" content=\"article\" \/>\n<meta property=\"og:title\" content=\"Muri\u00f3 H\u00e9ctor Mohedano, el due\u00f1o de la constructora Inarco - Diario Textual\" \/>\n<meta property=\"og:description\" content=\"H\u00e9ctor Miguel Mohedano (70 a\u00f1os), due\u00f1o de la constructora piquense Inarco, falleci\u00f3 este jueves en la ciudad de Buenos Aires. La informaci\u00f3n fue confirmada a Diario Textual por allegados de&hellip;\" \/>\n<meta property=\"og:url\" content=\"https:\/\/diariotextual.com\/inicio\/index.php\/2019\/09\/05\/murio-hector-mohedano-dueno-la-constructora-inarco\/\" \/>\n<meta property=\"og:site_name\" content=\"Diario Textual\" \/>\n<meta property=\"article:publisher\" content=\"https:\/\/www.facebook.com\/eltextual\" \/>\n<meta property=\"article:published_time\" content=\"2019-09-05T21:37:16+00:00\" \/>\n<meta property=\"article:modified_time\" content=\"2019-09-06T15:10:29+00:00\" \/>\n<meta property=\"og:image\" content=\"https:\/\/diariotextual.com\/inicio\/wp-content\/uploads\/2019\/09\/mohedanohector1.jpg\" \/>\n\t<meta property=\"og:image:width\" content=\"652\" \/>\n\t<meta property=\"og:image:height\" content=\"430\" \/>\n\t<meta property=\"og:image:type\" content=\"image\/jpeg\" \/>\n<meta name=\"author\" content=\"Diario1 Diario1\" \/>\n<meta name=\"twitter:card\" content=\"summary_large_image\" \/>\n<meta name=\"twitter:creator\" content=\"@eltextual\" \/>\n<meta name=\"twitter:site\" content=\"@eltextual\" \/>\n<meta name=\"twitter:label1\" content=\"Escrito por\" \/>\n\t<meta name=\"twitter:data1\" content=\"Diario1 Diario1\" \/>\n\t<meta name=\"twitter:label2\" content=\"Tiempo de lectura\" \/>\n\t<meta name=\"twitter:data2\" content=\"2 minutos\" \/>\n<script type=\"application\/ld+json\" class=\"yoast-schema-graph\">{\"@context\":\"https:\\\/\\\/schema.org\",\"@graph\":[{\"@type\":\"Article\",\"@id\":\"https:\\\/\\\/diariotextual.com\\\/inicio\\\/index.php\\\/2019\\\/09\\\/05\\\/murio-hector-mohedano-dueno-la-constructora-inarco\\\/#article\",\"isPartOf\":{\"@id\":\"https:\\\/\\\/diariotextual.com\\\/inicio\\\/index.php\\\/2019\\\/09\\\/05\\\/murio-hector-mohedano-dueno-la-constructora-inarco\\\/\"},\"author\":{\"name\":\"Diario1 Diario1\",\"@id\":\"https:\\\/\\\/diariotextual.com\\\/inicio\\\/#\\\/schema\\\/person\\\/418fc4093c33e86ed41562db3508f958\"},\"headline\":\"Muri\u00f3 H\u00e9ctor Mohedano, el due\u00f1o de la constructora Inarco\",\"datePublished\":\"2019-09-05T21:37:16+00:00\",\"dateModified\":\"2019-09-06T15:10:29+00:00\",\"mainEntityOfPage\":{\"@id\":\"https:\\\/\\\/diariotextual.com\\\/inicio\\\/index.php\\\/2019\\\/09\\\/05\\\/murio-hector-mohedano-dueno-la-constructora-inarco\\\/\"},\"wordCount\":445,\"publisher\":{\"@id\":\"https:\\\/\\\/diariotextual.com\\\/inicio\\\/#organization\"},\"image\":{\"@id\":\"https:\\\/\\\/diariotextual.com\\\/inicio\\\/index.php\\\/2019\\\/09\\\/05\\\/murio-hector-mohedano-dueno-la-constructora-inarco\\\/#primaryimage\"},\"thumbnailUrl\":\"https:\\\/\\\/diariotextual.com\\\/inicio\\\/wp-content\\\/uploads\\\/2019\\\/09\\\/mohedanohector1.jpg\",\"keywords\":[\"megaestadio\",\"mohedano\"],\"articleSection\":[\"A - TEMPORALES\",\"SOCIEDAD\"],\"inLanguage\":\"es\"},{\"@type\":\"WebPage\",\"@id\":\"https:\\\/\\\/diariotextual.com\\\/inicio\\\/index.php\\\/2019\\\/09\\\/05\\\/murio-hector-mohedano-dueno-la-constructora-inarco\\\/\",\"url\":\"https:\\\/\\\/diariotextual.com\\\/inicio\\\/index.php\\\/2019\\\/09\\\/05\\\/murio-hector-mohedano-dueno-la-constructora-inarco\\\/\",\"name\":\"Muri\u00f3 H\u00e9ctor Mohedano, el due\u00f1o de la constructora Inarco - Diario Textual\",\"isPartOf\":{\"@id\":\"https:\\\/\\\/diariotextual.com\\\/inicio\\\/#website\"},\"primaryImageOfPage\":{\"@id\":\"https:\\\/\\\/diariotextual.com\\\/inicio\\\/index.php\\\/2019\\\/09\\\/05\\\/murio-hector-mohedano-dueno-la-constructora-inarco\\\/#primaryimage\"},\"image\":{\"@id\":\"https:\\\/\\\/diariotextual.com\\\/inicio\\\/index.php\\\/2019\\\/09\\\/05\\\/murio-hector-mohedano-dueno-la-constructora-inarco\\\/#primaryimage\"},\"thumbnailUrl\":\"https:\\\/\\\/diariotextual.com\\\/inicio\\\/wp-content\\\/uploads\\\/2019\\\/09\\\/mohedanohector1.jpg\",\"datePublished\":\"2019-09-05T21:37:16+00:00\",\"dateModified\":\"2019-09-06T15:10:29+00:00\",\"breadcrumb\":{\"@id\":\"https:\\\/\\\/diariotextual.com\\\/inicio\\\/index.php\\\/2019\\\/09\\\/05\\\/murio-hector-mohedano-dueno-la-constructora-inarco\\\/#breadcrumb\"},\"inLanguage\":\"es\",\"potentialAction\":[{\"@type\":\"ReadAction\",\"target\":[\"https:\\\/\\\/diariotextual.com\\\/inicio\\\/index.php\\\/2019\\\/09\\\/05\\\/murio-hector-mohedano-dueno-la-constructora-inarco\\\/\"]}]},{\"@type\":\"ImageObject\",\"inLanguage\":\"es\",\"@id\":\"https:\\\/\\\/diariotextual.com\\\/inicio\\\/index.php\\\/2019\\\/09\\\/05\\\/murio-hector-mohedano-dueno-la-constructora-inarco\\\/#primaryimage\",\"url\":\"https:\\\/\\\/diariotextual.com\\\/inicio\\\/wp-content\\\/uploads\\\/2019\\\/09\\\/mohedanohector1.jpg\",\"contentUrl\":\"https:\\\/\\\/diariotextual.com\\\/inicio\\\/wp-content\\\/uploads\\\/2019\\\/09\\\/mohedanohector1.jpg\",\"width\":652,\"height\":430},{\"@type\":\"BreadcrumbList\",\"@id\":\"https:\\\/\\\/diariotextual.com\\\/inicio\\\/index.php\\\/2019\\\/09\\\/05\\\/murio-hector-mohedano-dueno-la-constructora-inarco\\\/#breadcrumb\",\"itemListElement\":[{\"@type\":\"ListItem\",\"position\":1,\"name\":\"Portada\",\"item\":\"https:\\\/\\\/diariotextual.com\\\/inicio\\\/\"},{\"@type\":\"ListItem\",\"position\":2,\"name\":\"Muri\u00f3 H\u00e9ctor Mohedano, el due\u00f1o de la constructora Inarco\"}]},{\"@type\":\"WebSite\",\"@id\":\"https:\\\/\\\/diariotextual.com\\\/inicio\\\/#website\",\"url\":\"https:\\\/\\\/diariotextual.com\\\/inicio\\\/\",\"name\":\"Diario Textual\",\"description\":\"\",\"publisher\":{\"@id\":\"https:\\\/\\\/diariotextual.com\\\/inicio\\\/#organization\"},\"potentialAction\":[{\"@type\":\"SearchAction\",\"target\":{\"@type\":\"EntryPoint\",\"urlTemplate\":\"https:\\\/\\\/diariotextual.com\\\/inicio\\\/?s={search_term_string}\"},\"query-input\":{\"@type\":\"PropertyValueSpecification\",\"valueRequired\":true,\"valueName\":\"search_term_string\"}}],\"inLanguage\":\"es\"},{\"@type\":\"Organization\",\"@id\":\"https:\\\/\\\/diariotextual.com\\\/inicio\\\/#organization\",\"name\":\"Diario Textual\",\"url\":\"https:\\\/\\\/diariotextual.com\\\/inicio\\\/\",\"logo\":{\"@type\":\"ImageObject\",\"inLanguage\":\"es\",\"@id\":\"https:\\\/\\\/diariotextual.com\\\/inicio\\\/#\\\/schema\\\/logo\\\/image\\\/\",\"url\":\"https:\\\/\\\/diariotextual.com\\\/inicio\\\/wp-content\\\/uploads\\\/2023\\\/05\\\/logotextual1.jpg\",\"contentUrl\":\"https:\\\/\\\/diariotextual.com\\\/inicio\\\/wp-content\\\/uploads\\\/2023\\\/05\\\/logotextual1.jpg\",\"width\":516,\"height\":76,\"caption\":\"Diario Textual\"},\"image\":{\"@id\":\"https:\\\/\\\/diariotextual.com\\\/inicio\\\/#\\\/schema\\\/logo\\\/image\\\/\"},\"sameAs\":[\"https:\\\/\\\/www.facebook.com\\\/eltextual\",\"https:\\\/\\\/x.com\\\/eltextual\",\"http:\\\/\\\/www.instagram.com\\\/eltextual\"]},{\"@type\":\"Person\",\"@id\":\"https:\\\/\\\/diariotextual.com\\\/inicio\\\/#\\\/schema\\\/person\\\/418fc4093c33e86ed41562db3508f958\",\"name\":\"Diario1 Diario1\",\"image\":{\"@type\":\"ImageObject\",\"inLanguage\":\"es\",\"@id\":\"https:\\\/\\\/secure.gravatar.com\\\/avatar\\\/9167d280179c85bc18be67aa7eda765854300033af4896dd779b608640f2ef7a?s=96&d=mm&r=g\",\"url\":\"https:\\\/\\\/secure.gravatar.com\\\/avatar\\\/9167d280179c85bc18be67aa7eda765854300033af4896dd779b608640f2ef7a?s=96&d=mm&r=g\",\"contentUrl\":\"https:\\\/\\\/secure.gravatar.com\\\/avatar\\\/9167d280179c85bc18be67aa7eda765854300033af4896dd779b608640f2ef7a?s=96&d=mm&r=g\",\"caption\":\"Diario1 Diario1\"},\"url\":\"https:\\\/\\\/diariotextual.com\\\/inicio\\\/index.php\\\/author\\\/diario1\\\/\"}]}<\/script>\n<!-- \/ Yoast SEO plugin. -->","yoast_head_json":{"title":"Muri\u00f3 H\u00e9ctor Mohedano, el due\u00f1o de la constructora Inarco - Diario Textual","robots":{"index":"index","follow":"follow","max-snippet":"max-snippet:-1","max-image-preview":"max-image-preview:large","max-video-preview":"max-video-preview:-1"},"canonical":"https:\/\/diariotextual.com\/inicio\/index.php\/2019\/09\/05\/murio-hector-mohedano-dueno-la-constructora-inarco\/","og_locale":"es_ES","og_type":"article","og_title":"Muri\u00f3 H\u00e9ctor Mohedano, el due\u00f1o de la constructora Inarco - Diario Textual","og_description":"H\u00e9ctor Miguel Mohedano (70 a\u00f1os), due\u00f1o de la constructora piquense Inarco, falleci\u00f3 este jueves en la ciudad de Buenos Aires. La informaci\u00f3n fue confirmada a Diario Textual por allegados de&hellip;","og_url":"https:\/\/diariotextual.com\/inicio\/index.php\/2019\/09\/05\/murio-hector-mohedano-dueno-la-constructora-inarco\/","og_site_name":"Diario Textual","article_publisher":"https:\/\/www.facebook.com\/eltextual","article_published_time":"2019-09-05T21:37:16+00:00","article_modified_time":"2019-09-06T15:10:29+00:00","og_image":[{"width":652,"height":430,"url":"https:\/\/diariotextual.com\/inicio\/wp-content\/uploads\/2019\/09\/mohedanohector1.jpg","type":"image\/jpeg"}],"author":"Diario1 Diario1","twitter_card":"summary_large_image","twitter_creator":"@eltextual","twitter_site":"@eltextual","twitter_misc":{"Escrito por":"Diario1 Diario1","Tiempo de lectura":"2 minutos"},"schema":{"@context":"https:\/\/schema.org","@graph":[{"@type":"Article","@id":"https:\/\/diariotextual.com\/inicio\/index.php\/2019\/09\/05\/murio-hector-mohedano-dueno-la-constructora-inarco\/#article","isPartOf":{"@id":"https:\/\/diariotextual.com\/inicio\/index.php\/2019\/09\/05\/murio-hector-mohedano-dueno-la-constructora-inarco\/"},"author":{"name":"Diario1 Diario1","@id":"https:\/\/diariotextual.com\/inicio\/#\/schema\/person\/418fc4093c33e86ed41562db3508f958"},"headline":"Muri\u00f3 H\u00e9ctor Mohedano, el due\u00f1o de la constructora Inarco","datePublished":"2019-09-05T21:37:16+00:00","dateModified":"2019-09-06T15:10:29+00:00","mainEntityOfPage":{"@id":"https:\/\/diariotextual.com\/inicio\/index.php\/2019\/09\/05\/murio-hector-mohedano-dueno-la-constructora-inarco\/"},"wordCount":445,"publisher":{"@id":"https:\/\/diariotextual.com\/inicio\/#organization"},"image":{"@id":"https:\/\/diariotextual.com\/inicio\/index.php\/2019\/09\/05\/murio-hector-mohedano-dueno-la-constructora-inarco\/#primaryimage"},"thumbnailUrl":"https:\/\/diariotextual.com\/inicio\/wp-content\/uploads\/2019\/09\/mohedanohector1.jpg","keywords":["megaestadio","mohedano"],"articleSection":["A - TEMPORALES","SOCIEDAD"],"inLanguage":"es"},{"@type":"WebPage","@id":"https:\/\/diariotextual.com\/inicio\/index.php\/2019\/09\/05\/murio-hector-mohedano-dueno-la-constructora-inarco\/","url":"https:\/\/diariotextual.com\/inicio\/index.php\/2019\/09\/05\/murio-hector-mohedano-dueno-la-constructora-inarco\/","name":"Muri\u00f3 H\u00e9ctor Mohedano, el due\u00f1o de la constructora Inarco - Diario Textual","isPartOf":{"@id":"https:\/\/diariotextual.com\/inicio\/#website"},"primaryImageOfPage":{"@id":"https:\/\/diariotextual.com\/inicio\/index.php\/2019\/09\/05\/murio-hector-mohedano-dueno-la-constructora-inarco\/#primaryimage"},"image":{"@id":"https:\/\/diariotextual.com\/inicio\/index.php\/2019\/09\/05\/murio-hector-mohedano-dueno-la-constructora-inarco\/#primaryimage"},"thumbnailUrl":"https:\/\/diariotextual.com\/inicio\/wp-content\/uploads\/2019\/09\/mohedanohector1.jpg","datePublished":"2019-09-05T21:37:16+00:00","dateModified":"2019-09-06T15:10:29+00:00","breadcrumb":{"@id":"https:\/\/diariotextual.com\/inicio\/index.php\/2019\/09\/05\/murio-hector-mohedano-dueno-la-constructora-inarco\/#breadcrumb"},"inLanguage":"es","potentialAction":[{"@type":"ReadAction","target":["https:\/\/diariotextual.com\/inicio\/index.php\/2019\/09\/05\/murio-hector-mohedano-dueno-la-constructora-inarco\/"]}]},{"@type":"ImageObject","inLanguage":"es","@id":"https:\/\/diariotextual.com\/inicio\/index.php\/2019\/09\/05\/murio-hector-mohedano-dueno-la-constructora-inarco\/#primaryimage","url":"https:\/\/diariotextual.com\/inicio\/wp-content\/uploads\/2019\/09\/mohedanohector1.jpg","contentUrl":"https:\/\/diariotextual.com\/inicio\/wp-content\/uploads\/2019\/09\/mohedanohector1.jpg","width":652,"height":430},{"@type":"BreadcrumbList","@id":"https:\/\/diariotextual.com\/inicio\/index.php\/2019\/09\/05\/murio-hector-mohedano-dueno-la-constructora-inarco\/#breadcrumb","itemListElement":[{"@type":"ListItem","position":1,"name":"Portada","item":"https:\/\/diariotextual.com\/inicio\/"},{"@type":"ListItem","position":2,"name":"Muri\u00f3 H\u00e9ctor Mohedano, el due\u00f1o de la constructora Inarco"}]},{"@type":"WebSite","@id":"https:\/\/diariotextual.com\/inicio\/#website","url":"https:\/\/diariotextual.com\/inicio\/","name":"Diario Textual","description":"","publisher":{"@id":"https:\/\/diariotextual.com\/inicio\/#organization"},"potentialAction":[{"@type":"SearchAction","target":{"@type":"EntryPoint","urlTemplate":"https:\/\/diariotextual.com\/inicio\/?s={search_term_string}"},"query-input":{"@type":"PropertyValueSpecification","valueRequired":true,"valueName":"search_term_string"}}],"inLanguage":"es"},{"@type":"Organization","@id":"https:\/\/diariotextual.com\/inicio\/#organization","name":"Diario Textual","url":"https:\/\/diariotextual.com\/inicio\/","logo":{"@type":"ImageObject","inLanguage":"es","@id":"https:\/\/diariotextual.com\/inicio\/#\/schema\/logo\/image\/","url":"https:\/\/diariotextual.com\/inicio\/wp-content\/uploads\/2023\/05\/logotextual1.jpg","contentUrl":"https:\/\/diariotextual.com\/inicio\/wp-content\/uploads\/2023\/05\/logotextual1.jpg","width":516,"height":76,"caption":"Diario Textual"},"image":{"@id":"https:\/\/diariotextual.com\/inicio\/#\/schema\/logo\/image\/"},"sameAs":["https:\/\/www.facebook.com\/eltextual","https:\/\/x.com\/eltextual","http:\/\/www.instagram.com\/eltextual"]},{"@type":"Person","@id":"https:\/\/diariotextual.com\/inicio\/#\/schema\/person\/418fc4093c33e86ed41562db3508f958","name":"Diario1 Diario1","image":{"@type":"ImageObject","inLanguage":"es","@id":"https:\/\/secure.gravatar.com\/avatar\/9167d280179c85bc18be67aa7eda765854300033af4896dd779b608640f2ef7a?s=96&d=mm&r=g","url":"https:\/\/secure.gravatar.com\/avatar\/9167d280179c85bc18be67aa7eda765854300033af4896dd779b608640f2ef7a?s=96&d=mm&r=g","contentUrl":"https:\/\/secure.gravatar.com\/avatar\/9167d280179c85bc18be67aa7eda765854300033af4896dd779b608640f2ef7a?s=96&d=mm&r=g","caption":"Diario1 Diario1"},"url":"https:\/\/diariotextual.com\/inicio\/index.php\/author\/diario1\/"}]}},"_links":{"self":[{"href":"https:\/\/diariotextual.com\/inicio\/index.php\/wp-json\/wp\/v2\/posts\/61810","targetHints":{"allow":["GET"]}}],"collection":[{"href":"https:\/\/diariotextual.com\/inicio\/index.php\/wp-json\/wp\/v2\/posts"}],"about":[{"href":"https:\/\/diariotextual.com\/inicio\/index.php\/wp-json\/wp\/v2\/types\/post"}],"author":[{"embeddable":true,"href":"https:\/\/diariotextual.com\/inicio\/index.php\/wp-json\/wp\/v2\/users\/3"}],"replies":[{"embeddable":true,"href":"https:\/\/diariotextual.com\/inicio\/index.php\/wp-json\/wp\/v2\/comments?post=61810"}],"version-history":[{"count":10,"href":"https:\/\/diariotextual.com\/inicio\/index.php\/wp-json\/wp\/v2\/posts\/61810\/revisions"}],"predecessor-version":[{"id":61822,"href":"https:\/\/diariotextual.com\/inicio\/index.php\/wp-json\/wp\/v2\/posts\/61810\/revisions\/61822"}],"wp:featuredmedia":[{"embeddable":true,"href":"https:\/\/diariotextual.com\/inicio\/index.php\/wp-json\/wp\/v2\/media\/61811"}],"wp:attachment":[{"href":"https:\/\/diariotextual.com\/inicio\/index.php\/wp-json\/wp\/v2\/media?parent=61810"}],"wp:term":[{"taxonomy":"category","embeddable":true,"href":"https:\/\/diariotextual.com\/inicio\/index.php\/wp-json\/wp\/v2\/categories?post=61810"},{"taxonomy":"post_tag","embeddable":true,"href":"https:\/\/diariotextual.com\/inicio\/index.php\/wp-json\/wp\/v2\/tags?post=61810"}],"curies":[{"name":"wp","href":"https:\/\/api.w.org\/{rel}","templated":true}]}}