{"id":61840,"date":"2019-09-06T16:35:44","date_gmt":"2019-09-06T19:35:44","guid":{"rendered":"http:\/\/diariotextual.com\/inicio\/?p=61840"},"modified":"2019-09-06T17:30:07","modified_gmt":"2019-09-06T20:30:07","slug":"argentina-brasil-cierran-nuevo-acuerdo-automotriz","status":"publish","type":"post","link":"https:\/\/diariotextual.com\/inicio\/index.php\/2019\/09\/06\/argentina-brasil-cierran-nuevo-acuerdo-automotriz\/","title":{"rendered":"Macri calific\u00f3 de \u00abhist\u00f3rico\u00bb el acuerdo automotriz entre Argentina y Brasil"},"content":{"rendered":"<p><strong>Argentina y Brasil<\/strong> rubricaro<strong>n un nuevo acuerdo por el cual se extiende por 10 a\u00f1os el libre comercio para el sector automotriz<\/strong>. Del acto de firma participaron el ministro de Econom\u00eda de Brasil, Paulo Guedes, y el ministro de Producci\u00f3n y Trabajo, Dante Sica.<\/p>\n<p>El entendimiento fue anunciado por el propio Mauricio Macri a trav\u00e9s de sus redes sociales. \u00abHist\u00f3rico acuerdo con Brasil: la industria automotriz tiene 10 a\u00f1os para avanzar\u00bb, escribi\u00f3, todo en may\u00fasculas, el jefe de Estado.<\/p>\n<p>\u00abSolucionamos el principal problema con nuestro gran socio comercial\u00bb, dijo Macri. \u00abEn 2020 deb\u00eda comenzar el libre comercio automotriz. Es mejor para nuestra industria acordar 10 a\u00f1os de adecuaci\u00f3n y establecer plazos de integraci\u00f3n hasta 2029. No m\u00e1s parches y acuerdos parciales\u00bb.<\/p>\n<p>Para resaltar la importancia del convenio, el mandatario se\u00f1al\u00f3 que cada dos a\u00f1os hab\u00eda que negociar. \u00abCada dos a\u00f1os, ten\u00edamos que volver a negociar, complicando las inversiones de una industria que necesita previsibilidad para invertir. Este acuerdo permite a la industria automotriz desarrollarse con un horizonte claro: el de la innovaci\u00f3n y el de la generaci\u00f3n de empleo de calidad\u00bb, dijo.<\/p>\n<p>Macri se refiri\u00f3 tambi\u00e9n al peso que tiene el pa\u00eds vecino para la Argentina. \u00abBrasil es nuestro principal socio comercial en exportaciones de la industria automotriz. Este acuerdo brinda un esquema gradual hacia el libre comercio por 10 a\u00f1os, el plazo m\u00e1s extenso alcanzado entre ambos pa\u00edses: otro avance en nuestra inserci\u00f3n en el mundo\u00bb, sostuvo.<\/p>\n<p>\u00abLa industria automotriz es el segundo complejo exportador del pa\u00eds, representa m\u00e1s del 40% de nuestras exportaciones de manufacturas de origen industrial y genera de manera directa e indirecta m\u00e1s de 160 mil empleos\u00bb, a\u00f1adi\u00f3 el presidente.<\/p>\n<p>&nbsp;<\/p>\n<p>&nbsp;<\/p>\n<p>&nbsp;<\/p>\n<p>&nbsp;<\/p>\n<p>&nbsp;<\/p>\n<p>&nbsp;<\/p>\n<p>&nbsp;<\/p>\n<p>&nbsp;<\/p>\n","protected":false},"excerpt":{"rendered":"<p>Argentina y Brasil rubricaron un nuevo acuerdo por el cual se extiende por 10 a\u00f1os el libre comercio para el sector automotriz. Del acto de firma participaron el ministro de&hellip;<\/p>\n","protected":false},"author":3,"featured_media":61841,"comment_status":"closed","ping_status":"open","sticky":false,"template":"","format":"standard","meta":{"_acf_changed":false,"footnotes":""},"categories":[11,5],"tags":[],"class_list":["post-61840","post","type-post","status-publish","format-standard","has-post-thumbnail","hentry","category-que-pasa","category-economia"],"acf":[],"yoast_head":"<!-- This site is optimized with the Yoast SEO plugin v27.5 - https:\/\/yoast.com\/product\/yoast-seo-wordpress\/ -->\n<title>Macri calific\u00f3 de &quot;hist\u00f3rico&quot; el acuerdo automotriz entre Argentina y Brasil - Diario Textual<\/title>\n<meta name=\"robots\" content=\"index, follow, max-snippet:-1, max-image-preview:large, max-video-preview:-1\" \/>\n<link rel=\"canonical\" href=\"https:\/\/diariotextual.com\/inicio\/index.php\/2019\/09\/06\/argentina-brasil-cierran-nuevo-acuerdo-automotriz\/\" \/>\n<meta property=\"og:locale\" content=\"es_ES\" \/>\n<meta property=\"og:type\" content=\"article\" \/>\n<meta property=\"og:title\" content=\"Macri calific\u00f3 de &quot;hist\u00f3rico&quot; el acuerdo automotriz entre Argentina y Brasil - Diario Textual\" \/>\n<meta property=\"og:description\" content=\"Argentina y Brasil rubricaron un nuevo acuerdo por el cual se extiende por 10 a\u00f1os el libre comercio para el sector automotriz. Del acto de firma participaron el ministro de&hellip;\" \/>\n<meta property=\"og:url\" content=\"https:\/\/diariotextual.com\/inicio\/index.php\/2019\/09\/06\/argentina-brasil-cierran-nuevo-acuerdo-automotriz\/\" \/>\n<meta property=\"og:site_name\" content=\"Diario Textual\" \/>\n<meta property=\"article:publisher\" content=\"https:\/\/www.facebook.com\/eltextual\" \/>\n<meta property=\"article:published_time\" content=\"2019-09-06T19:35:44+00:00\" \/>\n<meta property=\"article:modified_time\" content=\"2019-09-06T20:30:07+00:00\" \/>\n<meta property=\"og:image\" content=\"https:\/\/diariotextual.com\/inicio\/wp-content\/uploads\/2019\/09\/automotrizautomoviltelam21.jpg\" \/>\n\t<meta property=\"og:image:width\" content=\"1004\" \/>\n\t<meta property=\"og:image:height\" content=\"565\" \/>\n\t<meta property=\"og:image:type\" content=\"image\/jpeg\" \/>\n<meta name=\"author\" content=\"Diario1 Diario1\" \/>\n<meta name=\"twitter:card\" content=\"summary_large_image\" \/>\n<meta name=\"twitter:creator\" content=\"@eltextual\" \/>\n<meta name=\"twitter:site\" content=\"@eltextual\" \/>\n<meta name=\"twitter:label1\" content=\"Escrito por\" \/>\n\t<meta name=\"twitter:data1\" content=\"Diario1 Diario1\" \/>\n\t<meta name=\"twitter:label2\" content=\"Tiempo de lectura\" \/>\n\t<meta name=\"twitter:data2\" content=\"2 minutos\" \/>\n<script type=\"application\/ld+json\" class=\"yoast-schema-graph\">{\"@context\":\"https:\\\/\\\/schema.org\",\"@graph\":[{\"@type\":\"Article\",\"@id\":\"https:\\\/\\\/diariotextual.com\\\/inicio\\\/index.php\\\/2019\\\/09\\\/06\\\/argentina-brasil-cierran-nuevo-acuerdo-automotriz\\\/#article\",\"isPartOf\":{\"@id\":\"https:\\\/\\\/diariotextual.com\\\/inicio\\\/index.php\\\/2019\\\/09\\\/06\\\/argentina-brasil-cierran-nuevo-acuerdo-automotriz\\\/\"},\"author\":{\"name\":\"Diario1 Diario1\",\"@id\":\"https:\\\/\\\/diariotextual.com\\\/inicio\\\/#\\\/schema\\\/person\\\/418fc4093c33e86ed41562db3508f958\"},\"headline\":\"Macri calific\u00f3 de \u00abhist\u00f3rico\u00bb el acuerdo automotriz entre Argentina y Brasil\",\"datePublished\":\"2019-09-06T19:35:44+00:00\",\"dateModified\":\"2019-09-06T20:30:07+00:00\",\"mainEntityOfPage\":{\"@id\":\"https:\\\/\\\/diariotextual.com\\\/inicio\\\/index.php\\\/2019\\\/09\\\/06\\\/argentina-brasil-cierran-nuevo-acuerdo-automotriz\\\/\"},\"wordCount\":316,\"publisher\":{\"@id\":\"https:\\\/\\\/diariotextual.com\\\/inicio\\\/#organization\"},\"image\":{\"@id\":\"https:\\\/\\\/diariotextual.com\\\/inicio\\\/index.php\\\/2019\\\/09\\\/06\\\/argentina-brasil-cierran-nuevo-acuerdo-automotriz\\\/#primaryimage\"},\"thumbnailUrl\":\"https:\\\/\\\/diariotextual.com\\\/inicio\\\/wp-content\\\/uploads\\\/2019\\\/09\\\/automotrizautomoviltelam21.jpg\",\"articleSection\":[\"A - QUE PASA (al costado)\",\"ECONOMIA\"],\"inLanguage\":\"es\"},{\"@type\":\"WebPage\",\"@id\":\"https:\\\/\\\/diariotextual.com\\\/inicio\\\/index.php\\\/2019\\\/09\\\/06\\\/argentina-brasil-cierran-nuevo-acuerdo-automotriz\\\/\",\"url\":\"https:\\\/\\\/diariotextual.com\\\/inicio\\\/index.php\\\/2019\\\/09\\\/06\\\/argentina-brasil-cierran-nuevo-acuerdo-automotriz\\\/\",\"name\":\"Macri calific\u00f3 de \\\"hist\u00f3rico\\\" el acuerdo automotriz entre Argentina y Brasil - Diario Textual\",\"isPartOf\":{\"@id\":\"https:\\\/\\\/diariotextual.com\\\/inicio\\\/#website\"},\"primaryImageOfPage\":{\"@id\":\"https:\\\/\\\/diariotextual.com\\\/inicio\\\/index.php\\\/2019\\\/09\\\/06\\\/argentina-brasil-cierran-nuevo-acuerdo-automotriz\\\/#primaryimage\"},\"image\":{\"@id\":\"https:\\\/\\\/diariotextual.com\\\/inicio\\\/index.php\\\/2019\\\/09\\\/06\\\/argentina-brasil-cierran-nuevo-acuerdo-automotriz\\\/#primaryimage\"},\"thumbnailUrl\":\"https:\\\/\\\/diariotextual.com\\\/inicio\\\/wp-content\\\/uploads\\\/2019\\\/09\\\/automotrizautomoviltelam21.jpg\",\"datePublished\":\"2019-09-06T19:35:44+00:00\",\"dateModified\":\"2019-09-06T20:30:07+00:00\",\"breadcrumb\":{\"@id\":\"https:\\\/\\\/diariotextual.com\\\/inicio\\\/index.php\\\/2019\\\/09\\\/06\\\/argentina-brasil-cierran-nuevo-acuerdo-automotriz\\\/#breadcrumb\"},\"inLanguage\":\"es\",\"potentialAction\":[{\"@type\":\"ReadAction\",\"target\":[\"https:\\\/\\\/diariotextual.com\\\/inicio\\\/index.php\\\/2019\\\/09\\\/06\\\/argentina-brasil-cierran-nuevo-acuerdo-automotriz\\\/\"]}]},{\"@type\":\"ImageObject\",\"inLanguage\":\"es\",\"@id\":\"https:\\\/\\\/diariotextual.com\\\/inicio\\\/index.php\\\/2019\\\/09\\\/06\\\/argentina-brasil-cierran-nuevo-acuerdo-automotriz\\\/#primaryimage\",\"url\":\"https:\\\/\\\/diariotextual.com\\\/inicio\\\/wp-content\\\/uploads\\\/2019\\\/09\\\/automotrizautomoviltelam21.jpg\",\"contentUrl\":\"https:\\\/\\\/diariotextual.com\\\/inicio\\\/wp-content\\\/uploads\\\/2019\\\/09\\\/automotrizautomoviltelam21.jpg\",\"width\":1004,\"height\":565},{\"@type\":\"BreadcrumbList\",\"@id\":\"https:\\\/\\\/diariotextual.com\\\/inicio\\\/index.php\\\/2019\\\/09\\\/06\\\/argentina-brasil-cierran-nuevo-acuerdo-automotriz\\\/#breadcrumb\",\"itemListElement\":[{\"@type\":\"ListItem\",\"position\":1,\"name\":\"Portada\",\"item\":\"https:\\\/\\\/diariotextual.com\\\/inicio\\\/\"},{\"@type\":\"ListItem\",\"position\":2,\"name\":\"Macri calific\u00f3 de \u00abhist\u00f3rico\u00bb el acuerdo automotriz entre Argentina y Brasil\"}]},{\"@type\":\"WebSite\",\"@id\":\"https:\\\/\\\/diariotextual.com\\\/inicio\\\/#website\",\"url\":\"https:\\\/\\\/diariotextual.com\\\/inicio\\\/\",\"name\":\"Diario Textual\",\"description\":\"\",\"publisher\":{\"@id\":\"https:\\\/\\\/diariotextual.com\\\/inicio\\\/#organization\"},\"potentialAction\":[{\"@type\":\"SearchAction\",\"target\":{\"@type\":\"EntryPoint\",\"urlTemplate\":\"https:\\\/\\\/diariotextual.com\\\/inicio\\\/?s={search_term_string}\"},\"query-input\":{\"@type\":\"PropertyValueSpecification\",\"valueRequired\":true,\"valueName\":\"search_term_string\"}}],\"inLanguage\":\"es\"},{\"@type\":\"Organization\",\"@id\":\"https:\\\/\\\/diariotextual.com\\\/inicio\\\/#organization\",\"name\":\"Diario Textual\",\"url\":\"https:\\\/\\\/diariotextual.com\\\/inicio\\\/\",\"logo\":{\"@type\":\"ImageObject\",\"inLanguage\":\"es\",\"@id\":\"https:\\\/\\\/diariotextual.com\\\/inicio\\\/#\\\/schema\\\/logo\\\/image\\\/\",\"url\":\"https:\\\/\\\/diariotextual.com\\\/inicio\\\/wp-content\\\/uploads\\\/2023\\\/05\\\/logotextual1.jpg\",\"contentUrl\":\"https:\\\/\\\/diariotextual.com\\\/inicio\\\/wp-content\\\/uploads\\\/2023\\\/05\\\/logotextual1.jpg\",\"width\":516,\"height\":76,\"caption\":\"Diario Textual\"},\"image\":{\"@id\":\"https:\\\/\\\/diariotextual.com\\\/inicio\\\/#\\\/schema\\\/logo\\\/image\\\/\"},\"sameAs\":[\"https:\\\/\\\/www.facebook.com\\\/eltextual\",\"https:\\\/\\\/x.com\\\/eltextual\",\"http:\\\/\\\/www.instagram.com\\\/eltextual\"]},{\"@type\":\"Person\",\"@id\":\"https:\\\/\\\/diariotextual.com\\\/inicio\\\/#\\\/schema\\\/person\\\/418fc4093c33e86ed41562db3508f958\",\"name\":\"Diario1 Diario1\",\"image\":{\"@type\":\"ImageObject\",\"inLanguage\":\"es\",\"@id\":\"https:\\\/\\\/secure.gravatar.com\\\/avatar\\\/9167d280179c85bc18be67aa7eda765854300033af4896dd779b608640f2ef7a?s=96&d=mm&r=g\",\"url\":\"https:\\\/\\\/secure.gravatar.com\\\/avatar\\\/9167d280179c85bc18be67aa7eda765854300033af4896dd779b608640f2ef7a?s=96&d=mm&r=g\",\"contentUrl\":\"https:\\\/\\\/secure.gravatar.com\\\/avatar\\\/9167d280179c85bc18be67aa7eda765854300033af4896dd779b608640f2ef7a?s=96&d=mm&r=g\",\"caption\":\"Diario1 Diario1\"},\"url\":\"https:\\\/\\\/diariotextual.com\\\/inicio\\\/index.php\\\/author\\\/diario1\\\/\"}]}<\/script>\n<!-- \/ Yoast SEO plugin. -->","yoast_head_json":{"title":"Macri calific\u00f3 de \"hist\u00f3rico\" el acuerdo automotriz entre Argentina y Brasil - Diario Textual","robots":{"index":"index","follow":"follow","max-snippet":"max-snippet:-1","max-image-preview":"max-image-preview:large","max-video-preview":"max-video-preview:-1"},"canonical":"https:\/\/diariotextual.com\/inicio\/index.php\/2019\/09\/06\/argentina-brasil-cierran-nuevo-acuerdo-automotriz\/","og_locale":"es_ES","og_type":"article","og_title":"Macri calific\u00f3 de \"hist\u00f3rico\" el acuerdo automotriz entre Argentina y Brasil - Diario Textual","og_description":"Argentina y Brasil rubricaron un nuevo acuerdo por el cual se extiende por 10 a\u00f1os el libre comercio para el sector automotriz. Del acto de firma participaron el ministro de&hellip;","og_url":"https:\/\/diariotextual.com\/inicio\/index.php\/2019\/09\/06\/argentina-brasil-cierran-nuevo-acuerdo-automotriz\/","og_site_name":"Diario Textual","article_publisher":"https:\/\/www.facebook.com\/eltextual","article_published_time":"2019-09-06T19:35:44+00:00","article_modified_time":"2019-09-06T20:30:07+00:00","og_image":[{"width":1004,"height":565,"url":"https:\/\/diariotextual.com\/inicio\/wp-content\/uploads\/2019\/09\/automotrizautomoviltelam21.jpg","type":"image\/jpeg"}],"author":"Diario1 Diario1","twitter_card":"summary_large_image","twitter_creator":"@eltextual","twitter_site":"@eltextual","twitter_misc":{"Escrito por":"Diario1 Diario1","Tiempo de lectura":"2 minutos"},"schema":{"@context":"https:\/\/schema.org","@graph":[{"@type":"Article","@id":"https:\/\/diariotextual.com\/inicio\/index.php\/2019\/09\/06\/argentina-brasil-cierran-nuevo-acuerdo-automotriz\/#article","isPartOf":{"@id":"https:\/\/diariotextual.com\/inicio\/index.php\/2019\/09\/06\/argentina-brasil-cierran-nuevo-acuerdo-automotriz\/"},"author":{"name":"Diario1 Diario1","@id":"https:\/\/diariotextual.com\/inicio\/#\/schema\/person\/418fc4093c33e86ed41562db3508f958"},"headline":"Macri calific\u00f3 de \u00abhist\u00f3rico\u00bb el acuerdo automotriz entre Argentina y Brasil","datePublished":"2019-09-06T19:35:44+00:00","dateModified":"2019-09-06T20:30:07+00:00","mainEntityOfPage":{"@id":"https:\/\/diariotextual.com\/inicio\/index.php\/2019\/09\/06\/argentina-brasil-cierran-nuevo-acuerdo-automotriz\/"},"wordCount":316,"publisher":{"@id":"https:\/\/diariotextual.com\/inicio\/#organization"},"image":{"@id":"https:\/\/diariotextual.com\/inicio\/index.php\/2019\/09\/06\/argentina-brasil-cierran-nuevo-acuerdo-automotriz\/#primaryimage"},"thumbnailUrl":"https:\/\/diariotextual.com\/inicio\/wp-content\/uploads\/2019\/09\/automotrizautomoviltelam21.jpg","articleSection":["A - QUE PASA (al costado)","ECONOMIA"],"inLanguage":"es"},{"@type":"WebPage","@id":"https:\/\/diariotextual.com\/inicio\/index.php\/2019\/09\/06\/argentina-brasil-cierran-nuevo-acuerdo-automotriz\/","url":"https:\/\/diariotextual.com\/inicio\/index.php\/2019\/09\/06\/argentina-brasil-cierran-nuevo-acuerdo-automotriz\/","name":"Macri calific\u00f3 de \"hist\u00f3rico\" el acuerdo automotriz entre Argentina y Brasil - Diario Textual","isPartOf":{"@id":"https:\/\/diariotextual.com\/inicio\/#website"},"primaryImageOfPage":{"@id":"https:\/\/diariotextual.com\/inicio\/index.php\/2019\/09\/06\/argentina-brasil-cierran-nuevo-acuerdo-automotriz\/#primaryimage"},"image":{"@id":"https:\/\/diariotextual.com\/inicio\/index.php\/2019\/09\/06\/argentina-brasil-cierran-nuevo-acuerdo-automotriz\/#primaryimage"},"thumbnailUrl":"https:\/\/diariotextual.com\/inicio\/wp-content\/uploads\/2019\/09\/automotrizautomoviltelam21.jpg","datePublished":"2019-09-06T19:35:44+00:00","dateModified":"2019-09-06T20:30:07+00:00","breadcrumb":{"@id":"https:\/\/diariotextual.com\/inicio\/index.php\/2019\/09\/06\/argentina-brasil-cierran-nuevo-acuerdo-automotriz\/#breadcrumb"},"inLanguage":"es","potentialAction":[{"@type":"ReadAction","target":["https:\/\/diariotextual.com\/inicio\/index.php\/2019\/09\/06\/argentina-brasil-cierran-nuevo-acuerdo-automotriz\/"]}]},{"@type":"ImageObject","inLanguage":"es","@id":"https:\/\/diariotextual.com\/inicio\/index.php\/2019\/09\/06\/argentina-brasil-cierran-nuevo-acuerdo-automotriz\/#primaryimage","url":"https:\/\/diariotextual.com\/inicio\/wp-content\/uploads\/2019\/09\/automotrizautomoviltelam21.jpg","contentUrl":"https:\/\/diariotextual.com\/inicio\/wp-content\/uploads\/2019\/09\/automotrizautomoviltelam21.jpg","width":1004,"height":565},{"@type":"BreadcrumbList","@id":"https:\/\/diariotextual.com\/inicio\/index.php\/2019\/09\/06\/argentina-brasil-cierran-nuevo-acuerdo-automotriz\/#breadcrumb","itemListElement":[{"@type":"ListItem","position":1,"name":"Portada","item":"https:\/\/diariotextual.com\/inicio\/"},{"@type":"ListItem","position":2,"name":"Macri calific\u00f3 de \u00abhist\u00f3rico\u00bb el acuerdo automotriz entre Argentina y Brasil"}]},{"@type":"WebSite","@id":"https:\/\/diariotextual.com\/inicio\/#website","url":"https:\/\/diariotextual.com\/inicio\/","name":"Diario Textual","description":"","publisher":{"@id":"https:\/\/diariotextual.com\/inicio\/#organization"},"potentialAction":[{"@type":"SearchAction","target":{"@type":"EntryPoint","urlTemplate":"https:\/\/diariotextual.com\/inicio\/?s={search_term_string}"},"query-input":{"@type":"PropertyValueSpecification","valueRequired":true,"valueName":"search_term_string"}}],"inLanguage":"es"},{"@type":"Organization","@id":"https:\/\/diariotextual.com\/inicio\/#organization","name":"Diario Textual","url":"https:\/\/diariotextual.com\/inicio\/","logo":{"@type":"ImageObject","inLanguage":"es","@id":"https:\/\/diariotextual.com\/inicio\/#\/schema\/logo\/image\/","url":"https:\/\/diariotextual.com\/inicio\/wp-content\/uploads\/2023\/05\/logotextual1.jpg","contentUrl":"https:\/\/diariotextual.com\/inicio\/wp-content\/uploads\/2023\/05\/logotextual1.jpg","width":516,"height":76,"caption":"Diario Textual"},"image":{"@id":"https:\/\/diariotextual.com\/inicio\/#\/schema\/logo\/image\/"},"sameAs":["https:\/\/www.facebook.com\/eltextual","https:\/\/x.com\/eltextual","http:\/\/www.instagram.com\/eltextual"]},{"@type":"Person","@id":"https:\/\/diariotextual.com\/inicio\/#\/schema\/person\/418fc4093c33e86ed41562db3508f958","name":"Diario1 Diario1","image":{"@type":"ImageObject","inLanguage":"es","@id":"https:\/\/secure.gravatar.com\/avatar\/9167d280179c85bc18be67aa7eda765854300033af4896dd779b608640f2ef7a?s=96&d=mm&r=g","url":"https:\/\/secure.gravatar.com\/avatar\/9167d280179c85bc18be67aa7eda765854300033af4896dd779b608640f2ef7a?s=96&d=mm&r=g","contentUrl":"https:\/\/secure.gravatar.com\/avatar\/9167d280179c85bc18be67aa7eda765854300033af4896dd779b608640f2ef7a?s=96&d=mm&r=g","caption":"Diario1 Diario1"},"url":"https:\/\/diariotextual.com\/inicio\/index.php\/author\/diario1\/"}]}},"_links":{"self":[{"href":"https:\/\/diariotextual.com\/inicio\/index.php\/wp-json\/wp\/v2\/posts\/61840","targetHints":{"allow":["GET"]}}],"collection":[{"href":"https:\/\/diariotextual.com\/inicio\/index.php\/wp-json\/wp\/v2\/posts"}],"about":[{"href":"https:\/\/diariotextual.com\/inicio\/index.php\/wp-json\/wp\/v2\/types\/post"}],"author":[{"embeddable":true,"href":"https:\/\/diariotextual.com\/inicio\/index.php\/wp-json\/wp\/v2\/users\/3"}],"replies":[{"embeddable":true,"href":"https:\/\/diariotextual.com\/inicio\/index.php\/wp-json\/wp\/v2\/comments?post=61840"}],"version-history":[{"count":4,"href":"https:\/\/diariotextual.com\/inicio\/index.php\/wp-json\/wp\/v2\/posts\/61840\/revisions"}],"predecessor-version":[{"id":61915,"href":"https:\/\/diariotextual.com\/inicio\/index.php\/wp-json\/wp\/v2\/posts\/61840\/revisions\/61915"}],"wp:featuredmedia":[{"embeddable":true,"href":"https:\/\/diariotextual.com\/inicio\/index.php\/wp-json\/wp\/v2\/media\/61841"}],"wp:attachment":[{"href":"https:\/\/diariotextual.com\/inicio\/index.php\/wp-json\/wp\/v2\/media?parent=61840"}],"wp:term":[{"taxonomy":"category","embeddable":true,"href":"https:\/\/diariotextual.com\/inicio\/index.php\/wp-json\/wp\/v2\/categories?post=61840"},{"taxonomy":"post_tag","embeddable":true,"href":"https:\/\/diariotextual.com\/inicio\/index.php\/wp-json\/wp\/v2\/tags?post=61840"}],"curies":[{"name":"wp","href":"https:\/\/api.w.org\/{rel}","templated":true}]}}