{"id":61965,"date":"2019-09-07T13:46:29","date_gmt":"2019-09-07T16:46:29","guid":{"rendered":"http:\/\/diariotextual.com\/inicio\/?p=61965"},"modified":"2019-09-07T22:46:12","modified_gmt":"2019-09-08T01:46:12","slug":"murio-motociclista-siniestro-vial-la-ruta-1","status":"publish","type":"post","link":"https:\/\/diariotextual.com\/inicio\/index.php\/2019\/09\/07\/murio-motociclista-siniestro-vial-la-ruta-1\/","title":{"rendered":"Muri\u00f3 un motociclista en un siniestro vial en la ruta 1"},"content":{"rendered":"<p>Un hombre de 26 a\u00f1os de edad, oriundo de Pico, muri\u00f3 minutos antes de las 13 horas en un siniestro vial en la ruta provincial 1,\u00a0a 600 metros del acceso a Trebolares. La v\u00edctima fue identificada como<strong> Franco Quaglia<\/strong>. Viajaba solo y al ingresar a la extensa curva del acceso a Trebolares perdi\u00f3 el dominio y se estrell\u00f3 contra el guard rail.<\/p>\n<p>Fue minutos antes de las 13 del s\u00e1bado en la cerrada curva de la ruta provincial 1, antes del cruce ferroviario que es a la vez el punto de acceso a la localidad de Trebolares.<\/p>\n<p>El motociclista circulaba a bordo de una Honda 1.000 y perdi\u00f3 el control de la m\u00e1quina cuando la curva comienza \u00aba cerrarse\u00bb peligrosamente de acuerdo a la velocidad que se desarrolla. Hab\u00eda salido de General Pico, rumbo a General Villegas.<\/p>\n<p>Trabajadores rurales de apellido Nievas -padre e hijo- fueron testigos de la tragedia. Ambos narraron al sitio digital <strong>En Boca de Todos<\/strong> que oyeron \u00abel bramido\u00bb de la moto al ingresar a la curva y observaron c\u00f3mo, de pronto, el joven conductor perdi\u00f3 el control y la moto comenz\u00f3 dar tumbos luego de despedirlo con toda la violencia de la velocidad a la que transitaba, impactando contra el guard rail, donde qued\u00f3 ex\u00e1nime.<\/p>\n<p>Los Nievas relataron que se acercaron a auxiliarlo pero detectaron que ya no respiraba y con otro conductor que se detuvo all\u00ed llamaron a la ambulancia.<\/p>\n<p>Las fuentes extraoficiales consultadas explicaron que el joven Quaglia transitaba con todo el equipamiento que requiere circular a bordo de una moto semejante, es decir, casco y vestimenta. Y que en el lugar se pudo comprobar que la moto se fue a la banquina, donde transit\u00f3 varios metros hasta que por razones que deber\u00e1n detectar los peritos, se clav\u00f3 y comenz\u00f3 a dar vueltas, despidiendo al infortunado motociclista, que golpe\u00f3 su cabeza contra el guard rail. Una idea de la violencia del impacto qued\u00f3 reflejada en el casco, que literalmente se parti\u00f3 en el golpe.<\/p>\n<p>&nbsp;<\/p>\n<p>&nbsp;<\/p>\n<p>&nbsp;<\/p>\n<p>&nbsp;<\/p>\n<p>&nbsp;<\/p>\n","protected":false},"excerpt":{"rendered":"<p>Un hombre de 26 a\u00f1os de edad, oriundo de Pico, muri\u00f3 minutos antes de las 13 horas en un siniestro vial en la ruta provincial 1,\u00a0a 600 metros del acceso&hellip;<\/p>\n","protected":false},"author":3,"featured_media":61966,"comment_status":"closed","ping_status":"open","sticky":false,"template":"","format":"standard","meta":{"_acf_changed":false,"footnotes":""},"categories":[11,319,12],"tags":[],"class_list":["post-61965","post","type-post","status-publish","format-standard","has-post-thumbnail","hentry","category-que-pasa","category-a-temporales","category-sociedad"],"acf":[],"yoast_head":"<!-- This site is optimized with the Yoast SEO plugin v27.5 - https:\/\/yoast.com\/product\/yoast-seo-wordpress\/ -->\n<title>Muri\u00f3 un motociclista en un siniestro vial en la ruta 1 - Diario Textual<\/title>\n<meta name=\"robots\" content=\"index, follow, max-snippet:-1, max-image-preview:large, max-video-preview:-1\" \/>\n<link rel=\"canonical\" href=\"https:\/\/diariotextual.com\/inicio\/index.php\/2019\/09\/07\/murio-motociclista-siniestro-vial-la-ruta-1\/\" \/>\n<meta property=\"og:locale\" content=\"es_ES\" \/>\n<meta property=\"og:type\" content=\"article\" \/>\n<meta property=\"og:title\" content=\"Muri\u00f3 un motociclista en un siniestro vial en la ruta 1 - Diario Textual\" \/>\n<meta property=\"og:description\" content=\"Un hombre de 26 a\u00f1os de edad, oriundo de Pico, muri\u00f3 minutos antes de las 13 horas en un siniestro vial en la ruta provincial 1,\u00a0a 600 metros del acceso&hellip;\" \/>\n<meta property=\"og:url\" content=\"https:\/\/diariotextual.com\/inicio\/index.php\/2019\/09\/07\/murio-motociclista-siniestro-vial-la-ruta-1\/\" \/>\n<meta property=\"og:site_name\" content=\"Diario Textual\" \/>\n<meta property=\"article:publisher\" content=\"https:\/\/www.facebook.com\/eltextual\" \/>\n<meta property=\"article:published_time\" content=\"2019-09-07T16:46:29+00:00\" \/>\n<meta property=\"article:modified_time\" content=\"2019-09-08T01:46:12+00:00\" \/>\n<meta property=\"og:image\" content=\"https:\/\/diariotextual.com\/inicio\/wp-content\/uploads\/2019\/09\/choquemotociclistapicoenbocadetodos2019-1.jpg\" \/>\n\t<meta property=\"og:image:width\" content=\"1271\" \/>\n\t<meta property=\"og:image:height\" content=\"852\" \/>\n\t<meta property=\"og:image:type\" content=\"image\/jpeg\" \/>\n<meta name=\"author\" content=\"Diario1 Diario1\" \/>\n<meta name=\"twitter:card\" content=\"summary_large_image\" \/>\n<meta name=\"twitter:creator\" content=\"@eltextual\" \/>\n<meta name=\"twitter:site\" content=\"@eltextual\" \/>\n<meta name=\"twitter:label1\" content=\"Escrito por\" \/>\n\t<meta name=\"twitter:data1\" content=\"Diario1 Diario1\" \/>\n\t<meta name=\"twitter:label2\" content=\"Tiempo de lectura\" \/>\n\t<meta name=\"twitter:data2\" content=\"2 minutos\" \/>\n<script type=\"application\/ld+json\" class=\"yoast-schema-graph\">{\"@context\":\"https:\\\/\\\/schema.org\",\"@graph\":[{\"@type\":\"Article\",\"@id\":\"https:\\\/\\\/diariotextual.com\\\/inicio\\\/index.php\\\/2019\\\/09\\\/07\\\/murio-motociclista-siniestro-vial-la-ruta-1\\\/#article\",\"isPartOf\":{\"@id\":\"https:\\\/\\\/diariotextual.com\\\/inicio\\\/index.php\\\/2019\\\/09\\\/07\\\/murio-motociclista-siniestro-vial-la-ruta-1\\\/\"},\"author\":{\"name\":\"Diario1 Diario1\",\"@id\":\"https:\\\/\\\/diariotextual.com\\\/inicio\\\/#\\\/schema\\\/person\\\/418fc4093c33e86ed41562db3508f958\"},\"headline\":\"Muri\u00f3 un motociclista en un siniestro vial en la ruta 1\",\"datePublished\":\"2019-09-07T16:46:29+00:00\",\"dateModified\":\"2019-09-08T01:46:12+00:00\",\"mainEntityOfPage\":{\"@id\":\"https:\\\/\\\/diariotextual.com\\\/inicio\\\/index.php\\\/2019\\\/09\\\/07\\\/murio-motociclista-siniestro-vial-la-ruta-1\\\/\"},\"wordCount\":348,\"publisher\":{\"@id\":\"https:\\\/\\\/diariotextual.com\\\/inicio\\\/#organization\"},\"image\":{\"@id\":\"https:\\\/\\\/diariotextual.com\\\/inicio\\\/index.php\\\/2019\\\/09\\\/07\\\/murio-motociclista-siniestro-vial-la-ruta-1\\\/#primaryimage\"},\"thumbnailUrl\":\"https:\\\/\\\/diariotextual.com\\\/inicio\\\/wp-content\\\/uploads\\\/2019\\\/09\\\/choquemotociclistapicoenbocadetodos2019-1.jpg\",\"articleSection\":[\"A - QUE PASA (al costado)\",\"A - TEMPORALES\",\"SOCIEDAD\"],\"inLanguage\":\"es\"},{\"@type\":\"WebPage\",\"@id\":\"https:\\\/\\\/diariotextual.com\\\/inicio\\\/index.php\\\/2019\\\/09\\\/07\\\/murio-motociclista-siniestro-vial-la-ruta-1\\\/\",\"url\":\"https:\\\/\\\/diariotextual.com\\\/inicio\\\/index.php\\\/2019\\\/09\\\/07\\\/murio-motociclista-siniestro-vial-la-ruta-1\\\/\",\"name\":\"Muri\u00f3 un motociclista en un siniestro vial en la ruta 1 - Diario Textual\",\"isPartOf\":{\"@id\":\"https:\\\/\\\/diariotextual.com\\\/inicio\\\/#website\"},\"primaryImageOfPage\":{\"@id\":\"https:\\\/\\\/diariotextual.com\\\/inicio\\\/index.php\\\/2019\\\/09\\\/07\\\/murio-motociclista-siniestro-vial-la-ruta-1\\\/#primaryimage\"},\"image\":{\"@id\":\"https:\\\/\\\/diariotextual.com\\\/inicio\\\/index.php\\\/2019\\\/09\\\/07\\\/murio-motociclista-siniestro-vial-la-ruta-1\\\/#primaryimage\"},\"thumbnailUrl\":\"https:\\\/\\\/diariotextual.com\\\/inicio\\\/wp-content\\\/uploads\\\/2019\\\/09\\\/choquemotociclistapicoenbocadetodos2019-1.jpg\",\"datePublished\":\"2019-09-07T16:46:29+00:00\",\"dateModified\":\"2019-09-08T01:46:12+00:00\",\"breadcrumb\":{\"@id\":\"https:\\\/\\\/diariotextual.com\\\/inicio\\\/index.php\\\/2019\\\/09\\\/07\\\/murio-motociclista-siniestro-vial-la-ruta-1\\\/#breadcrumb\"},\"inLanguage\":\"es\",\"potentialAction\":[{\"@type\":\"ReadAction\",\"target\":[\"https:\\\/\\\/diariotextual.com\\\/inicio\\\/index.php\\\/2019\\\/09\\\/07\\\/murio-motociclista-siniestro-vial-la-ruta-1\\\/\"]}]},{\"@type\":\"ImageObject\",\"inLanguage\":\"es\",\"@id\":\"https:\\\/\\\/diariotextual.com\\\/inicio\\\/index.php\\\/2019\\\/09\\\/07\\\/murio-motociclista-siniestro-vial-la-ruta-1\\\/#primaryimage\",\"url\":\"https:\\\/\\\/diariotextual.com\\\/inicio\\\/wp-content\\\/uploads\\\/2019\\\/09\\\/choquemotociclistapicoenbocadetodos2019-1.jpg\",\"contentUrl\":\"https:\\\/\\\/diariotextual.com\\\/inicio\\\/wp-content\\\/uploads\\\/2019\\\/09\\\/choquemotociclistapicoenbocadetodos2019-1.jpg\",\"width\":1271,\"height\":852,\"caption\":\"El accidente fatal ocurri\u00f3 minutos antes de las 13 horas. El conductor de la moto choc\u00f3, sin intervenci\u00f3n de otro veh\u00edculo, y cay\u00f3 al suelo, informaron fuentes investigativas al sitio En Boca de Todos. Muri\u00f3 casi al instante.\"},{\"@type\":\"BreadcrumbList\",\"@id\":\"https:\\\/\\\/diariotextual.com\\\/inicio\\\/index.php\\\/2019\\\/09\\\/07\\\/murio-motociclista-siniestro-vial-la-ruta-1\\\/#breadcrumb\",\"itemListElement\":[{\"@type\":\"ListItem\",\"position\":1,\"name\":\"Portada\",\"item\":\"https:\\\/\\\/diariotextual.com\\\/inicio\\\/\"},{\"@type\":\"ListItem\",\"position\":2,\"name\":\"Muri\u00f3 un motociclista en un siniestro vial en la ruta 1\"}]},{\"@type\":\"WebSite\",\"@id\":\"https:\\\/\\\/diariotextual.com\\\/inicio\\\/#website\",\"url\":\"https:\\\/\\\/diariotextual.com\\\/inicio\\\/\",\"name\":\"Diario Textual\",\"description\":\"\",\"publisher\":{\"@id\":\"https:\\\/\\\/diariotextual.com\\\/inicio\\\/#organization\"},\"potentialAction\":[{\"@type\":\"SearchAction\",\"target\":{\"@type\":\"EntryPoint\",\"urlTemplate\":\"https:\\\/\\\/diariotextual.com\\\/inicio\\\/?s={search_term_string}\"},\"query-input\":{\"@type\":\"PropertyValueSpecification\",\"valueRequired\":true,\"valueName\":\"search_term_string\"}}],\"inLanguage\":\"es\"},{\"@type\":\"Organization\",\"@id\":\"https:\\\/\\\/diariotextual.com\\\/inicio\\\/#organization\",\"name\":\"Diario Textual\",\"url\":\"https:\\\/\\\/diariotextual.com\\\/inicio\\\/\",\"logo\":{\"@type\":\"ImageObject\",\"inLanguage\":\"es\",\"@id\":\"https:\\\/\\\/diariotextual.com\\\/inicio\\\/#\\\/schema\\\/logo\\\/image\\\/\",\"url\":\"https:\\\/\\\/diariotextual.com\\\/inicio\\\/wp-content\\\/uploads\\\/2023\\\/05\\\/logotextual1.jpg\",\"contentUrl\":\"https:\\\/\\\/diariotextual.com\\\/inicio\\\/wp-content\\\/uploads\\\/2023\\\/05\\\/logotextual1.jpg\",\"width\":516,\"height\":76,\"caption\":\"Diario Textual\"},\"image\":{\"@id\":\"https:\\\/\\\/diariotextual.com\\\/inicio\\\/#\\\/schema\\\/logo\\\/image\\\/\"},\"sameAs\":[\"https:\\\/\\\/www.facebook.com\\\/eltextual\",\"https:\\\/\\\/x.com\\\/eltextual\",\"http:\\\/\\\/www.instagram.com\\\/eltextual\"]},{\"@type\":\"Person\",\"@id\":\"https:\\\/\\\/diariotextual.com\\\/inicio\\\/#\\\/schema\\\/person\\\/418fc4093c33e86ed41562db3508f958\",\"name\":\"Diario1 Diario1\",\"image\":{\"@type\":\"ImageObject\",\"inLanguage\":\"es\",\"@id\":\"https:\\\/\\\/secure.gravatar.com\\\/avatar\\\/9167d280179c85bc18be67aa7eda765854300033af4896dd779b608640f2ef7a?s=96&d=mm&r=g\",\"url\":\"https:\\\/\\\/secure.gravatar.com\\\/avatar\\\/9167d280179c85bc18be67aa7eda765854300033af4896dd779b608640f2ef7a?s=96&d=mm&r=g\",\"contentUrl\":\"https:\\\/\\\/secure.gravatar.com\\\/avatar\\\/9167d280179c85bc18be67aa7eda765854300033af4896dd779b608640f2ef7a?s=96&d=mm&r=g\",\"caption\":\"Diario1 Diario1\"},\"url\":\"https:\\\/\\\/diariotextual.com\\\/inicio\\\/index.php\\\/author\\\/diario1\\\/\"}]}<\/script>\n<!-- \/ Yoast SEO plugin. -->","yoast_head_json":{"title":"Muri\u00f3 un motociclista en un siniestro vial en la ruta 1 - Diario Textual","robots":{"index":"index","follow":"follow","max-snippet":"max-snippet:-1","max-image-preview":"max-image-preview:large","max-video-preview":"max-video-preview:-1"},"canonical":"https:\/\/diariotextual.com\/inicio\/index.php\/2019\/09\/07\/murio-motociclista-siniestro-vial-la-ruta-1\/","og_locale":"es_ES","og_type":"article","og_title":"Muri\u00f3 un motociclista en un siniestro vial en la ruta 1 - Diario Textual","og_description":"Un hombre de 26 a\u00f1os de edad, oriundo de Pico, muri\u00f3 minutos antes de las 13 horas en un siniestro vial en la ruta provincial 1,\u00a0a 600 metros del acceso&hellip;","og_url":"https:\/\/diariotextual.com\/inicio\/index.php\/2019\/09\/07\/murio-motociclista-siniestro-vial-la-ruta-1\/","og_site_name":"Diario Textual","article_publisher":"https:\/\/www.facebook.com\/eltextual","article_published_time":"2019-09-07T16:46:29+00:00","article_modified_time":"2019-09-08T01:46:12+00:00","og_image":[{"width":1271,"height":852,"url":"https:\/\/diariotextual.com\/inicio\/wp-content\/uploads\/2019\/09\/choquemotociclistapicoenbocadetodos2019-1.jpg","type":"image\/jpeg"}],"author":"Diario1 Diario1","twitter_card":"summary_large_image","twitter_creator":"@eltextual","twitter_site":"@eltextual","twitter_misc":{"Escrito por":"Diario1 Diario1","Tiempo de lectura":"2 minutos"},"schema":{"@context":"https:\/\/schema.org","@graph":[{"@type":"Article","@id":"https:\/\/diariotextual.com\/inicio\/index.php\/2019\/09\/07\/murio-motociclista-siniestro-vial-la-ruta-1\/#article","isPartOf":{"@id":"https:\/\/diariotextual.com\/inicio\/index.php\/2019\/09\/07\/murio-motociclista-siniestro-vial-la-ruta-1\/"},"author":{"name":"Diario1 Diario1","@id":"https:\/\/diariotextual.com\/inicio\/#\/schema\/person\/418fc4093c33e86ed41562db3508f958"},"headline":"Muri\u00f3 un motociclista en un siniestro vial en la ruta 1","datePublished":"2019-09-07T16:46:29+00:00","dateModified":"2019-09-08T01:46:12+00:00","mainEntityOfPage":{"@id":"https:\/\/diariotextual.com\/inicio\/index.php\/2019\/09\/07\/murio-motociclista-siniestro-vial-la-ruta-1\/"},"wordCount":348,"publisher":{"@id":"https:\/\/diariotextual.com\/inicio\/#organization"},"image":{"@id":"https:\/\/diariotextual.com\/inicio\/index.php\/2019\/09\/07\/murio-motociclista-siniestro-vial-la-ruta-1\/#primaryimage"},"thumbnailUrl":"https:\/\/diariotextual.com\/inicio\/wp-content\/uploads\/2019\/09\/choquemotociclistapicoenbocadetodos2019-1.jpg","articleSection":["A - QUE PASA (al costado)","A - TEMPORALES","SOCIEDAD"],"inLanguage":"es"},{"@type":"WebPage","@id":"https:\/\/diariotextual.com\/inicio\/index.php\/2019\/09\/07\/murio-motociclista-siniestro-vial-la-ruta-1\/","url":"https:\/\/diariotextual.com\/inicio\/index.php\/2019\/09\/07\/murio-motociclista-siniestro-vial-la-ruta-1\/","name":"Muri\u00f3 un motociclista en un siniestro vial en la ruta 1 - Diario Textual","isPartOf":{"@id":"https:\/\/diariotextual.com\/inicio\/#website"},"primaryImageOfPage":{"@id":"https:\/\/diariotextual.com\/inicio\/index.php\/2019\/09\/07\/murio-motociclista-siniestro-vial-la-ruta-1\/#primaryimage"},"image":{"@id":"https:\/\/diariotextual.com\/inicio\/index.php\/2019\/09\/07\/murio-motociclista-siniestro-vial-la-ruta-1\/#primaryimage"},"thumbnailUrl":"https:\/\/diariotextual.com\/inicio\/wp-content\/uploads\/2019\/09\/choquemotociclistapicoenbocadetodos2019-1.jpg","datePublished":"2019-09-07T16:46:29+00:00","dateModified":"2019-09-08T01:46:12+00:00","breadcrumb":{"@id":"https:\/\/diariotextual.com\/inicio\/index.php\/2019\/09\/07\/murio-motociclista-siniestro-vial-la-ruta-1\/#breadcrumb"},"inLanguage":"es","potentialAction":[{"@type":"ReadAction","target":["https:\/\/diariotextual.com\/inicio\/index.php\/2019\/09\/07\/murio-motociclista-siniestro-vial-la-ruta-1\/"]}]},{"@type":"ImageObject","inLanguage":"es","@id":"https:\/\/diariotextual.com\/inicio\/index.php\/2019\/09\/07\/murio-motociclista-siniestro-vial-la-ruta-1\/#primaryimage","url":"https:\/\/diariotextual.com\/inicio\/wp-content\/uploads\/2019\/09\/choquemotociclistapicoenbocadetodos2019-1.jpg","contentUrl":"https:\/\/diariotextual.com\/inicio\/wp-content\/uploads\/2019\/09\/choquemotociclistapicoenbocadetodos2019-1.jpg","width":1271,"height":852,"caption":"El accidente fatal ocurri\u00f3 minutos antes de las 13 horas. El conductor de la moto choc\u00f3, sin intervenci\u00f3n de otro veh\u00edculo, y cay\u00f3 al suelo, informaron fuentes investigativas al sitio En Boca de Todos. Muri\u00f3 casi al instante."},{"@type":"BreadcrumbList","@id":"https:\/\/diariotextual.com\/inicio\/index.php\/2019\/09\/07\/murio-motociclista-siniestro-vial-la-ruta-1\/#breadcrumb","itemListElement":[{"@type":"ListItem","position":1,"name":"Portada","item":"https:\/\/diariotextual.com\/inicio\/"},{"@type":"ListItem","position":2,"name":"Muri\u00f3 un motociclista en un siniestro vial en la ruta 1"}]},{"@type":"WebSite","@id":"https:\/\/diariotextual.com\/inicio\/#website","url":"https:\/\/diariotextual.com\/inicio\/","name":"Diario Textual","description":"","publisher":{"@id":"https:\/\/diariotextual.com\/inicio\/#organization"},"potentialAction":[{"@type":"SearchAction","target":{"@type":"EntryPoint","urlTemplate":"https:\/\/diariotextual.com\/inicio\/?s={search_term_string}"},"query-input":{"@type":"PropertyValueSpecification","valueRequired":true,"valueName":"search_term_string"}}],"inLanguage":"es"},{"@type":"Organization","@id":"https:\/\/diariotextual.com\/inicio\/#organization","name":"Diario Textual","url":"https:\/\/diariotextual.com\/inicio\/","logo":{"@type":"ImageObject","inLanguage":"es","@id":"https:\/\/diariotextual.com\/inicio\/#\/schema\/logo\/image\/","url":"https:\/\/diariotextual.com\/inicio\/wp-content\/uploads\/2023\/05\/logotextual1.jpg","contentUrl":"https:\/\/diariotextual.com\/inicio\/wp-content\/uploads\/2023\/05\/logotextual1.jpg","width":516,"height":76,"caption":"Diario Textual"},"image":{"@id":"https:\/\/diariotextual.com\/inicio\/#\/schema\/logo\/image\/"},"sameAs":["https:\/\/www.facebook.com\/eltextual","https:\/\/x.com\/eltextual","http:\/\/www.instagram.com\/eltextual"]},{"@type":"Person","@id":"https:\/\/diariotextual.com\/inicio\/#\/schema\/person\/418fc4093c33e86ed41562db3508f958","name":"Diario1 Diario1","image":{"@type":"ImageObject","inLanguage":"es","@id":"https:\/\/secure.gravatar.com\/avatar\/9167d280179c85bc18be67aa7eda765854300033af4896dd779b608640f2ef7a?s=96&d=mm&r=g","url":"https:\/\/secure.gravatar.com\/avatar\/9167d280179c85bc18be67aa7eda765854300033af4896dd779b608640f2ef7a?s=96&d=mm&r=g","contentUrl":"https:\/\/secure.gravatar.com\/avatar\/9167d280179c85bc18be67aa7eda765854300033af4896dd779b608640f2ef7a?s=96&d=mm&r=g","caption":"Diario1 Diario1"},"url":"https:\/\/diariotextual.com\/inicio\/index.php\/author\/diario1\/"}]}},"_links":{"self":[{"href":"https:\/\/diariotextual.com\/inicio\/index.php\/wp-json\/wp\/v2\/posts\/61965","targetHints":{"allow":["GET"]}}],"collection":[{"href":"https:\/\/diariotextual.com\/inicio\/index.php\/wp-json\/wp\/v2\/posts"}],"about":[{"href":"https:\/\/diariotextual.com\/inicio\/index.php\/wp-json\/wp\/v2\/types\/post"}],"author":[{"embeddable":true,"href":"https:\/\/diariotextual.com\/inicio\/index.php\/wp-json\/wp\/v2\/users\/3"}],"replies":[{"embeddable":true,"href":"https:\/\/diariotextual.com\/inicio\/index.php\/wp-json\/wp\/v2\/comments?post=61965"}],"version-history":[{"count":3,"href":"https:\/\/diariotextual.com\/inicio\/index.php\/wp-json\/wp\/v2\/posts\/61965\/revisions"}],"predecessor-version":[{"id":61972,"href":"https:\/\/diariotextual.com\/inicio\/index.php\/wp-json\/wp\/v2\/posts\/61965\/revisions\/61972"}],"wp:featuredmedia":[{"embeddable":true,"href":"https:\/\/diariotextual.com\/inicio\/index.php\/wp-json\/wp\/v2\/media\/61966"}],"wp:attachment":[{"href":"https:\/\/diariotextual.com\/inicio\/index.php\/wp-json\/wp\/v2\/media?parent=61965"}],"wp:term":[{"taxonomy":"category","embeddable":true,"href":"https:\/\/diariotextual.com\/inicio\/index.php\/wp-json\/wp\/v2\/categories?post=61965"},{"taxonomy":"post_tag","embeddable":true,"href":"https:\/\/diariotextual.com\/inicio\/index.php\/wp-json\/wp\/v2\/tags?post=61965"}],"curies":[{"name":"wp","href":"https:\/\/api.w.org\/{rel}","templated":true}]}}