{"id":61978,"date":"2019-09-07T18:31:05","date_gmt":"2019-09-07T21:31:05","guid":{"rendered":"http:\/\/diariotextual.com\/inicio\/?p=61978"},"modified":"2019-09-07T22:46:26","modified_gmt":"2019-09-08T01:46:26","slug":"etchevehere-no-pensamos-tocar-las-retenciones","status":"publish","type":"post","link":"https:\/\/diariotextual.com\/inicio\/index.php\/2019\/09\/07\/etchevehere-no-pensamos-tocar-las-retenciones\/","title":{"rendered":"Etchevehere: \u00abNo pensamos en tocar las retenciones\u00bb"},"content":{"rendered":"<p>El ministro de Agroindustria, Ganader\u00eda y Pesca, <strong>Luis Miguel Etchevehere<\/strong>, dijo este s\u00e1bado que \u00abno tocar\u00e1n\u00bb las retenciones\u00a0 las exportaciones y defendi\u00f3 las medidas del Gobierno nacional.<\/p>\n<p>Lo dijo al dejar\u00a0inaugurada la 85\u00ba edici\u00f3n de la Expo Rural de R\u00edo Cuarto.<strong> \u201cNo puedo hablar sobre rumores, nosotros no estamos pensando en tocar la retenciones\u201d, expres\u00f3, seg\u00fan consign\u00f3 Cadena 3.<\/strong><\/p>\n<p>Etchevehere asegur\u00f3 que el Gobierno construy\u00f3 \u201clos cimientos para garantizar el crecimiento\u00bb del pa\u00eds y sostuvo que \u201ctoda la incertidumbre provino a partir del resultado de la elecci\u00f3n\u201d de agosto.<\/p>\n<p>\u201cDejamos en claro que respetamos absolutamente el voto de los ciudadanos argentinos pero son dos cosas distintas una es la decisi\u00f3n que tomaron los ciudadanos que la respetamos y otra es las consecuencias que tuvo\u201d, plante\u00f3.<\/p>\n<p>\u00abEl viernes a la noche cuando se pronosticaba una diferencia m\u00ednima los mercados cerraron en alza, el lunes cuando vieron los votos que tuvo Fern\u00e1ndez y Macri, los bonos se fueron del pa\u00eds\u201d, evalu\u00f3.<\/p>\n<p>Tambi\u00e9n <strong>neg\u00f3 que la restricci\u00f3n para que particulares no puedan adquirir m\u00e1s de 10 mil d\u00f3lares mensuales sea un nuevo \u201ccepo\u201d cambiario<\/strong> y dijo que el tope es \u201cc\u00f3modo y alto\u201d.<\/p>\n<p>\u201cNo es un cepo, se puso un l\u00edmite a nuestro entender m\u00e1s que c\u00f3modo y alto, hay que tener 560 mil pesos todos os meses para comparar 10 mil d\u00f3lares. Hemos cuidado al ahorrista de a pie. La gente que fue al banco vio que sus ahorros est\u00e1n ah\u00ed y puede disponerlos\u201d, indic\u00f3.<\/p>\n<p>En cuanto al pedido de una ley de Emergencia Alimentaria manifest\u00f3 que tiene que ser tratada en el Congreso e insisti\u00f3 en que los comedores est\u00e1n abastecidos.<\/p>\n<p>&nbsp;<\/p>\n<p>&nbsp;<\/p>\n","protected":false},"excerpt":{"rendered":"<p>El ministro de Agroindustria, Ganader\u00eda y Pesca, Luis Miguel Etchevehere, dijo este s\u00e1bado que \u00abno tocar\u00e1n\u00bb las retenciones\u00a0 las exportaciones y defendi\u00f3 las medidas del Gobierno nacional. Lo dijo al&hellip;<\/p>\n","protected":false},"author":3,"featured_media":61981,"comment_status":"closed","ping_status":"open","sticky":false,"template":"","format":"standard","meta":{"_acf_changed":false,"footnotes":""},"categories":[1,11,319,20],"tags":[1486],"class_list":["post-61978","post","type-post","status-publish","format-standard","has-post-thumbnail","hentry","category-es-noticia","category-que-pasa","category-a-temporales","category-campo","tag-etchevehere"],"acf":[],"yoast_head":"<!-- This site is optimized with the Yoast SEO plugin v27.5 - https:\/\/yoast.com\/product\/yoast-seo-wordpress\/ -->\n<title>Etchevehere: &quot;No pensamos en tocar las retenciones&quot; - Diario Textual<\/title>\n<meta name=\"robots\" content=\"index, follow, max-snippet:-1, max-image-preview:large, max-video-preview:-1\" \/>\n<link rel=\"canonical\" href=\"https:\/\/diariotextual.com\/inicio\/index.php\/2019\/09\/07\/etchevehere-no-pensamos-tocar-las-retenciones\/\" \/>\n<meta property=\"og:locale\" content=\"es_ES\" \/>\n<meta property=\"og:type\" content=\"article\" \/>\n<meta property=\"og:title\" content=\"Etchevehere: &quot;No pensamos en tocar las retenciones&quot; - Diario Textual\" \/>\n<meta property=\"og:description\" content=\"El ministro de Agroindustria, Ganader\u00eda y Pesca, Luis Miguel Etchevehere, dijo este s\u00e1bado que \u00abno tocar\u00e1n\u00bb las retenciones\u00a0 las exportaciones y defendi\u00f3 las medidas del Gobierno nacional. Lo dijo al&hellip;\" \/>\n<meta property=\"og:url\" content=\"https:\/\/diariotextual.com\/inicio\/index.php\/2019\/09\/07\/etchevehere-no-pensamos-tocar-las-retenciones\/\" \/>\n<meta property=\"og:site_name\" content=\"Diario Textual\" \/>\n<meta property=\"article:publisher\" content=\"https:\/\/www.facebook.com\/eltextual\" \/>\n<meta property=\"article:published_time\" content=\"2019-09-07T21:31:05+00:00\" \/>\n<meta property=\"article:modified_time\" content=\"2019-09-08T01:46:26+00:00\" \/>\n<meta property=\"og:image\" content=\"https:\/\/diariotextual.com\/inicio\/wp-content\/uploads\/2019\/09\/etchevehereluis90000.jpeg\" \/>\n\t<meta property=\"og:image:width\" content=\"1280\" \/>\n\t<meta property=\"og:image:height\" content=\"853\" \/>\n\t<meta property=\"og:image:type\" content=\"image\/jpeg\" \/>\n<meta name=\"author\" content=\"Diario1 Diario1\" \/>\n<meta name=\"twitter:card\" content=\"summary_large_image\" \/>\n<meta name=\"twitter:creator\" content=\"@eltextual\" \/>\n<meta name=\"twitter:site\" content=\"@eltextual\" \/>\n<meta name=\"twitter:label1\" content=\"Escrito por\" \/>\n\t<meta name=\"twitter:data1\" content=\"Diario1 Diario1\" \/>\n\t<meta name=\"twitter:label2\" content=\"Tiempo de lectura\" \/>\n\t<meta name=\"twitter:data2\" content=\"1 minuto\" \/>\n<script type=\"application\/ld+json\" class=\"yoast-schema-graph\">{\"@context\":\"https:\\\/\\\/schema.org\",\"@graph\":[{\"@type\":\"Article\",\"@id\":\"https:\\\/\\\/diariotextual.com\\\/inicio\\\/index.php\\\/2019\\\/09\\\/07\\\/etchevehere-no-pensamos-tocar-las-retenciones\\\/#article\",\"isPartOf\":{\"@id\":\"https:\\\/\\\/diariotextual.com\\\/inicio\\\/index.php\\\/2019\\\/09\\\/07\\\/etchevehere-no-pensamos-tocar-las-retenciones\\\/\"},\"author\":{\"name\":\"Diario1 Diario1\",\"@id\":\"https:\\\/\\\/diariotextual.com\\\/inicio\\\/#\\\/schema\\\/person\\\/418fc4093c33e86ed41562db3508f958\"},\"headline\":\"Etchevehere: \u00abNo pensamos en tocar las retenciones\u00bb\",\"datePublished\":\"2019-09-07T21:31:05+00:00\",\"dateModified\":\"2019-09-08T01:46:26+00:00\",\"mainEntityOfPage\":{\"@id\":\"https:\\\/\\\/diariotextual.com\\\/inicio\\\/index.php\\\/2019\\\/09\\\/07\\\/etchevehere-no-pensamos-tocar-las-retenciones\\\/\"},\"wordCount\":298,\"publisher\":{\"@id\":\"https:\\\/\\\/diariotextual.com\\\/inicio\\\/#organization\"},\"image\":{\"@id\":\"https:\\\/\\\/diariotextual.com\\\/inicio\\\/index.php\\\/2019\\\/09\\\/07\\\/etchevehere-no-pensamos-tocar-las-retenciones\\\/#primaryimage\"},\"thumbnailUrl\":\"https:\\\/\\\/diariotextual.com\\\/inicio\\\/wp-content\\\/uploads\\\/2019\\\/09\\\/etchevehereluis90000.jpeg\",\"keywords\":[\"Etchevehere\"],\"articleSection\":[\"A - ES NOTICIA (van abajo)\",\"A - QUE PASA (al costado)\",\"A - TEMPORALES\",\"CAMPO\"],\"inLanguage\":\"es\"},{\"@type\":\"WebPage\",\"@id\":\"https:\\\/\\\/diariotextual.com\\\/inicio\\\/index.php\\\/2019\\\/09\\\/07\\\/etchevehere-no-pensamos-tocar-las-retenciones\\\/\",\"url\":\"https:\\\/\\\/diariotextual.com\\\/inicio\\\/index.php\\\/2019\\\/09\\\/07\\\/etchevehere-no-pensamos-tocar-las-retenciones\\\/\",\"name\":\"Etchevehere: \\\"No pensamos en tocar las retenciones\\\" - Diario Textual\",\"isPartOf\":{\"@id\":\"https:\\\/\\\/diariotextual.com\\\/inicio\\\/#website\"},\"primaryImageOfPage\":{\"@id\":\"https:\\\/\\\/diariotextual.com\\\/inicio\\\/index.php\\\/2019\\\/09\\\/07\\\/etchevehere-no-pensamos-tocar-las-retenciones\\\/#primaryimage\"},\"image\":{\"@id\":\"https:\\\/\\\/diariotextual.com\\\/inicio\\\/index.php\\\/2019\\\/09\\\/07\\\/etchevehere-no-pensamos-tocar-las-retenciones\\\/#primaryimage\"},\"thumbnailUrl\":\"https:\\\/\\\/diariotextual.com\\\/inicio\\\/wp-content\\\/uploads\\\/2019\\\/09\\\/etchevehereluis90000.jpeg\",\"datePublished\":\"2019-09-07T21:31:05+00:00\",\"dateModified\":\"2019-09-08T01:46:26+00:00\",\"breadcrumb\":{\"@id\":\"https:\\\/\\\/diariotextual.com\\\/inicio\\\/index.php\\\/2019\\\/09\\\/07\\\/etchevehere-no-pensamos-tocar-las-retenciones\\\/#breadcrumb\"},\"inLanguage\":\"es\",\"potentialAction\":[{\"@type\":\"ReadAction\",\"target\":[\"https:\\\/\\\/diariotextual.com\\\/inicio\\\/index.php\\\/2019\\\/09\\\/07\\\/etchevehere-no-pensamos-tocar-las-retenciones\\\/\"]}]},{\"@type\":\"ImageObject\",\"inLanguage\":\"es\",\"@id\":\"https:\\\/\\\/diariotextual.com\\\/inicio\\\/index.php\\\/2019\\\/09\\\/07\\\/etchevehere-no-pensamos-tocar-las-retenciones\\\/#primaryimage\",\"url\":\"https:\\\/\\\/diariotextual.com\\\/inicio\\\/wp-content\\\/uploads\\\/2019\\\/09\\\/etchevehereluis90000.jpeg\",\"contentUrl\":\"https:\\\/\\\/diariotextual.com\\\/inicio\\\/wp-content\\\/uploads\\\/2019\\\/09\\\/etchevehereluis90000.jpeg\",\"width\":1280,\"height\":853},{\"@type\":\"BreadcrumbList\",\"@id\":\"https:\\\/\\\/diariotextual.com\\\/inicio\\\/index.php\\\/2019\\\/09\\\/07\\\/etchevehere-no-pensamos-tocar-las-retenciones\\\/#breadcrumb\",\"itemListElement\":[{\"@type\":\"ListItem\",\"position\":1,\"name\":\"Portada\",\"item\":\"https:\\\/\\\/diariotextual.com\\\/inicio\\\/\"},{\"@type\":\"ListItem\",\"position\":2,\"name\":\"Etchevehere: \u00abNo pensamos en tocar las retenciones\u00bb\"}]},{\"@type\":\"WebSite\",\"@id\":\"https:\\\/\\\/diariotextual.com\\\/inicio\\\/#website\",\"url\":\"https:\\\/\\\/diariotextual.com\\\/inicio\\\/\",\"name\":\"Diario Textual\",\"description\":\"\",\"publisher\":{\"@id\":\"https:\\\/\\\/diariotextual.com\\\/inicio\\\/#organization\"},\"potentialAction\":[{\"@type\":\"SearchAction\",\"target\":{\"@type\":\"EntryPoint\",\"urlTemplate\":\"https:\\\/\\\/diariotextual.com\\\/inicio\\\/?s={search_term_string}\"},\"query-input\":{\"@type\":\"PropertyValueSpecification\",\"valueRequired\":true,\"valueName\":\"search_term_string\"}}],\"inLanguage\":\"es\"},{\"@type\":\"Organization\",\"@id\":\"https:\\\/\\\/diariotextual.com\\\/inicio\\\/#organization\",\"name\":\"Diario Textual\",\"url\":\"https:\\\/\\\/diariotextual.com\\\/inicio\\\/\",\"logo\":{\"@type\":\"ImageObject\",\"inLanguage\":\"es\",\"@id\":\"https:\\\/\\\/diariotextual.com\\\/inicio\\\/#\\\/schema\\\/logo\\\/image\\\/\",\"url\":\"https:\\\/\\\/diariotextual.com\\\/inicio\\\/wp-content\\\/uploads\\\/2023\\\/05\\\/logotextual1.jpg\",\"contentUrl\":\"https:\\\/\\\/diariotextual.com\\\/inicio\\\/wp-content\\\/uploads\\\/2023\\\/05\\\/logotextual1.jpg\",\"width\":516,\"height\":76,\"caption\":\"Diario Textual\"},\"image\":{\"@id\":\"https:\\\/\\\/diariotextual.com\\\/inicio\\\/#\\\/schema\\\/logo\\\/image\\\/\"},\"sameAs\":[\"https:\\\/\\\/www.facebook.com\\\/eltextual\",\"https:\\\/\\\/x.com\\\/eltextual\",\"http:\\\/\\\/www.instagram.com\\\/eltextual\"]},{\"@type\":\"Person\",\"@id\":\"https:\\\/\\\/diariotextual.com\\\/inicio\\\/#\\\/schema\\\/person\\\/418fc4093c33e86ed41562db3508f958\",\"name\":\"Diario1 Diario1\",\"image\":{\"@type\":\"ImageObject\",\"inLanguage\":\"es\",\"@id\":\"https:\\\/\\\/secure.gravatar.com\\\/avatar\\\/9167d280179c85bc18be67aa7eda765854300033af4896dd779b608640f2ef7a?s=96&d=mm&r=g\",\"url\":\"https:\\\/\\\/secure.gravatar.com\\\/avatar\\\/9167d280179c85bc18be67aa7eda765854300033af4896dd779b608640f2ef7a?s=96&d=mm&r=g\",\"contentUrl\":\"https:\\\/\\\/secure.gravatar.com\\\/avatar\\\/9167d280179c85bc18be67aa7eda765854300033af4896dd779b608640f2ef7a?s=96&d=mm&r=g\",\"caption\":\"Diario1 Diario1\"},\"url\":\"https:\\\/\\\/diariotextual.com\\\/inicio\\\/index.php\\\/author\\\/diario1\\\/\"}]}<\/script>\n<!-- \/ Yoast SEO plugin. -->","yoast_head_json":{"title":"Etchevehere: \"No pensamos en tocar las retenciones\" - Diario Textual","robots":{"index":"index","follow":"follow","max-snippet":"max-snippet:-1","max-image-preview":"max-image-preview:large","max-video-preview":"max-video-preview:-1"},"canonical":"https:\/\/diariotextual.com\/inicio\/index.php\/2019\/09\/07\/etchevehere-no-pensamos-tocar-las-retenciones\/","og_locale":"es_ES","og_type":"article","og_title":"Etchevehere: \"No pensamos en tocar las retenciones\" - Diario Textual","og_description":"El ministro de Agroindustria, Ganader\u00eda y Pesca, Luis Miguel Etchevehere, dijo este s\u00e1bado que \u00abno tocar\u00e1n\u00bb las retenciones\u00a0 las exportaciones y defendi\u00f3 las medidas del Gobierno nacional. Lo dijo al&hellip;","og_url":"https:\/\/diariotextual.com\/inicio\/index.php\/2019\/09\/07\/etchevehere-no-pensamos-tocar-las-retenciones\/","og_site_name":"Diario Textual","article_publisher":"https:\/\/www.facebook.com\/eltextual","article_published_time":"2019-09-07T21:31:05+00:00","article_modified_time":"2019-09-08T01:46:26+00:00","og_image":[{"width":1280,"height":853,"url":"https:\/\/diariotextual.com\/inicio\/wp-content\/uploads\/2019\/09\/etchevehereluis90000.jpeg","type":"image\/jpeg"}],"author":"Diario1 Diario1","twitter_card":"summary_large_image","twitter_creator":"@eltextual","twitter_site":"@eltextual","twitter_misc":{"Escrito por":"Diario1 Diario1","Tiempo de lectura":"1 minuto"},"schema":{"@context":"https:\/\/schema.org","@graph":[{"@type":"Article","@id":"https:\/\/diariotextual.com\/inicio\/index.php\/2019\/09\/07\/etchevehere-no-pensamos-tocar-las-retenciones\/#article","isPartOf":{"@id":"https:\/\/diariotextual.com\/inicio\/index.php\/2019\/09\/07\/etchevehere-no-pensamos-tocar-las-retenciones\/"},"author":{"name":"Diario1 Diario1","@id":"https:\/\/diariotextual.com\/inicio\/#\/schema\/person\/418fc4093c33e86ed41562db3508f958"},"headline":"Etchevehere: \u00abNo pensamos en tocar las retenciones\u00bb","datePublished":"2019-09-07T21:31:05+00:00","dateModified":"2019-09-08T01:46:26+00:00","mainEntityOfPage":{"@id":"https:\/\/diariotextual.com\/inicio\/index.php\/2019\/09\/07\/etchevehere-no-pensamos-tocar-las-retenciones\/"},"wordCount":298,"publisher":{"@id":"https:\/\/diariotextual.com\/inicio\/#organization"},"image":{"@id":"https:\/\/diariotextual.com\/inicio\/index.php\/2019\/09\/07\/etchevehere-no-pensamos-tocar-las-retenciones\/#primaryimage"},"thumbnailUrl":"https:\/\/diariotextual.com\/inicio\/wp-content\/uploads\/2019\/09\/etchevehereluis90000.jpeg","keywords":["Etchevehere"],"articleSection":["A - ES NOTICIA (van abajo)","A - QUE PASA (al costado)","A - TEMPORALES","CAMPO"],"inLanguage":"es"},{"@type":"WebPage","@id":"https:\/\/diariotextual.com\/inicio\/index.php\/2019\/09\/07\/etchevehere-no-pensamos-tocar-las-retenciones\/","url":"https:\/\/diariotextual.com\/inicio\/index.php\/2019\/09\/07\/etchevehere-no-pensamos-tocar-las-retenciones\/","name":"Etchevehere: \"No pensamos en tocar las retenciones\" - Diario Textual","isPartOf":{"@id":"https:\/\/diariotextual.com\/inicio\/#website"},"primaryImageOfPage":{"@id":"https:\/\/diariotextual.com\/inicio\/index.php\/2019\/09\/07\/etchevehere-no-pensamos-tocar-las-retenciones\/#primaryimage"},"image":{"@id":"https:\/\/diariotextual.com\/inicio\/index.php\/2019\/09\/07\/etchevehere-no-pensamos-tocar-las-retenciones\/#primaryimage"},"thumbnailUrl":"https:\/\/diariotextual.com\/inicio\/wp-content\/uploads\/2019\/09\/etchevehereluis90000.jpeg","datePublished":"2019-09-07T21:31:05+00:00","dateModified":"2019-09-08T01:46:26+00:00","breadcrumb":{"@id":"https:\/\/diariotextual.com\/inicio\/index.php\/2019\/09\/07\/etchevehere-no-pensamos-tocar-las-retenciones\/#breadcrumb"},"inLanguage":"es","potentialAction":[{"@type":"ReadAction","target":["https:\/\/diariotextual.com\/inicio\/index.php\/2019\/09\/07\/etchevehere-no-pensamos-tocar-las-retenciones\/"]}]},{"@type":"ImageObject","inLanguage":"es","@id":"https:\/\/diariotextual.com\/inicio\/index.php\/2019\/09\/07\/etchevehere-no-pensamos-tocar-las-retenciones\/#primaryimage","url":"https:\/\/diariotextual.com\/inicio\/wp-content\/uploads\/2019\/09\/etchevehereluis90000.jpeg","contentUrl":"https:\/\/diariotextual.com\/inicio\/wp-content\/uploads\/2019\/09\/etchevehereluis90000.jpeg","width":1280,"height":853},{"@type":"BreadcrumbList","@id":"https:\/\/diariotextual.com\/inicio\/index.php\/2019\/09\/07\/etchevehere-no-pensamos-tocar-las-retenciones\/#breadcrumb","itemListElement":[{"@type":"ListItem","position":1,"name":"Portada","item":"https:\/\/diariotextual.com\/inicio\/"},{"@type":"ListItem","position":2,"name":"Etchevehere: \u00abNo pensamos en tocar las retenciones\u00bb"}]},{"@type":"WebSite","@id":"https:\/\/diariotextual.com\/inicio\/#website","url":"https:\/\/diariotextual.com\/inicio\/","name":"Diario Textual","description":"","publisher":{"@id":"https:\/\/diariotextual.com\/inicio\/#organization"},"potentialAction":[{"@type":"SearchAction","target":{"@type":"EntryPoint","urlTemplate":"https:\/\/diariotextual.com\/inicio\/?s={search_term_string}"},"query-input":{"@type":"PropertyValueSpecification","valueRequired":true,"valueName":"search_term_string"}}],"inLanguage":"es"},{"@type":"Organization","@id":"https:\/\/diariotextual.com\/inicio\/#organization","name":"Diario Textual","url":"https:\/\/diariotextual.com\/inicio\/","logo":{"@type":"ImageObject","inLanguage":"es","@id":"https:\/\/diariotextual.com\/inicio\/#\/schema\/logo\/image\/","url":"https:\/\/diariotextual.com\/inicio\/wp-content\/uploads\/2023\/05\/logotextual1.jpg","contentUrl":"https:\/\/diariotextual.com\/inicio\/wp-content\/uploads\/2023\/05\/logotextual1.jpg","width":516,"height":76,"caption":"Diario Textual"},"image":{"@id":"https:\/\/diariotextual.com\/inicio\/#\/schema\/logo\/image\/"},"sameAs":["https:\/\/www.facebook.com\/eltextual","https:\/\/x.com\/eltextual","http:\/\/www.instagram.com\/eltextual"]},{"@type":"Person","@id":"https:\/\/diariotextual.com\/inicio\/#\/schema\/person\/418fc4093c33e86ed41562db3508f958","name":"Diario1 Diario1","image":{"@type":"ImageObject","inLanguage":"es","@id":"https:\/\/secure.gravatar.com\/avatar\/9167d280179c85bc18be67aa7eda765854300033af4896dd779b608640f2ef7a?s=96&d=mm&r=g","url":"https:\/\/secure.gravatar.com\/avatar\/9167d280179c85bc18be67aa7eda765854300033af4896dd779b608640f2ef7a?s=96&d=mm&r=g","contentUrl":"https:\/\/secure.gravatar.com\/avatar\/9167d280179c85bc18be67aa7eda765854300033af4896dd779b608640f2ef7a?s=96&d=mm&r=g","caption":"Diario1 Diario1"},"url":"https:\/\/diariotextual.com\/inicio\/index.php\/author\/diario1\/"}]}},"_links":{"self":[{"href":"https:\/\/diariotextual.com\/inicio\/index.php\/wp-json\/wp\/v2\/posts\/61978","targetHints":{"allow":["GET"]}}],"collection":[{"href":"https:\/\/diariotextual.com\/inicio\/index.php\/wp-json\/wp\/v2\/posts"}],"about":[{"href":"https:\/\/diariotextual.com\/inicio\/index.php\/wp-json\/wp\/v2\/types\/post"}],"author":[{"embeddable":true,"href":"https:\/\/diariotextual.com\/inicio\/index.php\/wp-json\/wp\/v2\/users\/3"}],"replies":[{"embeddable":true,"href":"https:\/\/diariotextual.com\/inicio\/index.php\/wp-json\/wp\/v2\/comments?post=61978"}],"version-history":[{"count":2,"href":"https:\/\/diariotextual.com\/inicio\/index.php\/wp-json\/wp\/v2\/posts\/61978\/revisions"}],"predecessor-version":[{"id":61980,"href":"https:\/\/diariotextual.com\/inicio\/index.php\/wp-json\/wp\/v2\/posts\/61978\/revisions\/61980"}],"wp:featuredmedia":[{"embeddable":true,"href":"https:\/\/diariotextual.com\/inicio\/index.php\/wp-json\/wp\/v2\/media\/61981"}],"wp:attachment":[{"href":"https:\/\/diariotextual.com\/inicio\/index.php\/wp-json\/wp\/v2\/media?parent=61978"}],"wp:term":[{"taxonomy":"category","embeddable":true,"href":"https:\/\/diariotextual.com\/inicio\/index.php\/wp-json\/wp\/v2\/categories?post=61978"},{"taxonomy":"post_tag","embeddable":true,"href":"https:\/\/diariotextual.com\/inicio\/index.php\/wp-json\/wp\/v2\/tags?post=61978"}],"curies":[{"name":"wp","href":"https:\/\/api.w.org\/{rel}","templated":true}]}}