{"id":62021,"date":"2019-09-08T11:32:55","date_gmt":"2019-09-08T14:32:55","guid":{"rendered":"http:\/\/diariotextual.com\/inicio\/?p=62021"},"modified":"2019-09-09T13:29:23","modified_gmt":"2019-09-09T16:29:23","slug":"cuando-vienen-del-fin-semana-los-chicos-repiten-la-taza-leche","status":"publish","type":"post","link":"https:\/\/diariotextual.com\/inicio\/index.php\/2019\/09\/08\/cuando-vienen-del-fin-semana-los-chicos-repiten-la-taza-leche\/","title":{"rendered":"\u00abCuando vienen del fin de semana los chicos repiten la taza de leche\u00bb"},"content":{"rendered":"<p>El director general de Administraci\u00f3n Escolar, <strong>Pablo Maccione<\/strong>, revel\u00f3 que los lunes los alumnos y alumnas de las escuelas <strong>\u00abrepiten la taza de leche\u00bb<\/strong> y lo primero que le preguntan a las maestras es <strong>\u00abcuando sirven el refrigerio\u00bb<\/strong>. En lo que va del a\u00f1o <strong>el Gobierno provincial invirti\u00f3 187 millones en alimentos para las escuelas.<\/strong><\/p>\n<p>Maccione fue entrevistado por <strong>Radio Textual (FM Sonar 97.9)<\/strong> en el marco del reclamo que hicieron ocho provincias a Naci\u00f3n, entre ellas La Pampa, para que se declare la emergencia alimentaria.<\/p>\n<p>El funcionario afirm\u00f3 que los chicos y chicas que asisten a las escuelas pampeanas est\u00e1n contenidos en cuanto a la alimentaci\u00f3n y explic\u00f3 que el Ministerio de Educaci\u00f3n gira a los establecimientos educativos un monto determinado para que compren el refrigerio. A su vez, la Provincia refuerza con v\u00edveres secos.<\/p>\n<p>Igualmente, Maccione reconoci\u00f3 que <strong>la crisis econ\u00f3mica golpea a las familias y se manifiesta en la alimentaci\u00f3n de los ni\u00f1os.\u00a0<\/strong><\/p>\n<p><strong>\u00abLo que nos comentan las docentes es que cuando vienen de un fin de semana repiten la taza de leche y lo primero que le preguntan a las maestras es cuando se sirve el refrigerio\u00bb<\/strong>, dijo.<\/p>\n<p>Cont\u00f3 que Educaci\u00f3n est\u00e1 a la espera de un refuerzo presupuestario para atender la demanda alimentaria en las escuelas debido a la distorsi\u00f3n de previos que se gener\u00f3 por la disparada del d\u00f3lar.<\/p>\n<p><strong>\u00abEn lo que va del a\u00f1o las escuelas recibieron 187 millones para refrigerio y estamos esperando un refuerzo presupuestario\u00bb<\/strong>, dijo Maccione.<\/p>\n<p>En la semana, ministros y ministras de Desarrollo Social distintas provincias, entre ellas <strong>Fernanda Alonso<\/strong>, de La Pampa, se reunieron en la Casa de la Provincia de San Juan, donde se le solicit\u00f3 al Gobierno Nacional declarar por <strong>Ley la Emergencia Alimentaria<\/strong> en todo el pa\u00eds.<\/p>\n<p>Adem\u00e1s, se solicit\u00f3 <strong>actualizar de forma extraordinaria las partidas presupuestarias destinadas a las provincias para abordar las distintas modalidades de asistencia alimentaria y nutricional directa.<\/strong><\/p>\n<p>Por \u00faltimo, se pidi\u00f3 adoptar las medidas necesarias para asegurar el abastecimiento, la compra y acceso a los alimentos b\u00e1sicos.<\/p>\n","protected":false},"excerpt":{"rendered":"<p>El director general de Administraci\u00f3n Escolar, Pablo Maccione, revel\u00f3 que los lunes los alumnos y alumnas de las escuelas \u00abrepiten la taza de leche\u00bb y lo primero que le preguntan&hellip;<\/p>\n","protected":false},"author":7,"featured_media":12100,"comment_status":"closed","ping_status":"open","sticky":false,"template":"","format":"standard","meta":{"_acf_changed":false,"footnotes":""},"categories":[319,12],"tags":[2227],"class_list":["post-62021","post","type-post","status-publish","format-standard","has-post-thumbnail","hentry","category-a-temporales","category-sociedad","tag-emergencia-alimentaria"],"acf":[],"yoast_head":"<!-- This site is optimized with the Yoast SEO plugin v27.5 - https:\/\/yoast.com\/product\/yoast-seo-wordpress\/ -->\n<title>&quot;Cuando vienen del fin de semana los chicos repiten la taza de leche&quot; - Diario Textual<\/title>\n<meta name=\"robots\" content=\"index, follow, max-snippet:-1, max-image-preview:large, max-video-preview:-1\" \/>\n<link rel=\"canonical\" href=\"https:\/\/diariotextual.com\/inicio\/index.php\/2019\/09\/08\/cuando-vienen-del-fin-semana-los-chicos-repiten-la-taza-leche\/\" \/>\n<meta property=\"og:locale\" content=\"es_ES\" \/>\n<meta property=\"og:type\" content=\"article\" \/>\n<meta property=\"og:title\" content=\"&quot;Cuando vienen del fin de semana los chicos repiten la taza de leche&quot; - Diario Textual\" \/>\n<meta property=\"og:description\" content=\"El director general de Administraci\u00f3n Escolar, Pablo Maccione, revel\u00f3 que los lunes los alumnos y alumnas de las escuelas \u00abrepiten la taza de leche\u00bb y lo primero que le preguntan&hellip;\" \/>\n<meta property=\"og:url\" content=\"https:\/\/diariotextual.com\/inicio\/index.php\/2019\/09\/08\/cuando-vienen-del-fin-semana-los-chicos-repiten-la-taza-leche\/\" \/>\n<meta property=\"og:site_name\" content=\"Diario Textual\" \/>\n<meta property=\"article:publisher\" content=\"https:\/\/www.facebook.com\/eltextual\" \/>\n<meta property=\"article:published_time\" content=\"2019-09-08T14:32:55+00:00\" \/>\n<meta property=\"article:modified_time\" content=\"2019-09-09T16:29:23+00:00\" \/>\n<meta property=\"og:image\" content=\"https:\/\/diariotextual.com\/inicio\/wp-content\/uploads\/2018\/06\/comedorilustrativa.jpg\" \/>\n\t<meta property=\"og:image:width\" content=\"1920\" \/>\n\t<meta property=\"og:image:height\" content=\"1281\" \/>\n\t<meta property=\"og:image:type\" content=\"image\/jpeg\" \/>\n<meta name=\"author\" content=\"diario5\" \/>\n<meta name=\"twitter:card\" content=\"summary_large_image\" \/>\n<meta name=\"twitter:creator\" content=\"@eltextual\" \/>\n<meta name=\"twitter:site\" content=\"@eltextual\" \/>\n<meta name=\"twitter:label1\" content=\"Escrito por\" \/>\n\t<meta name=\"twitter:data1\" content=\"diario5\" \/>\n\t<meta name=\"twitter:label2\" content=\"Tiempo de lectura\" \/>\n\t<meta name=\"twitter:data2\" content=\"2 minutos\" \/>\n<script type=\"application\/ld+json\" class=\"yoast-schema-graph\">{\"@context\":\"https:\\\/\\\/schema.org\",\"@graph\":[{\"@type\":\"Article\",\"@id\":\"https:\\\/\\\/diariotextual.com\\\/inicio\\\/index.php\\\/2019\\\/09\\\/08\\\/cuando-vienen-del-fin-semana-los-chicos-repiten-la-taza-leche\\\/#article\",\"isPartOf\":{\"@id\":\"https:\\\/\\\/diariotextual.com\\\/inicio\\\/index.php\\\/2019\\\/09\\\/08\\\/cuando-vienen-del-fin-semana-los-chicos-repiten-la-taza-leche\\\/\"},\"author\":{\"name\":\"diario5\",\"@id\":\"https:\\\/\\\/diariotextual.com\\\/inicio\\\/#\\\/schema\\\/person\\\/c7834961ad8b29b1d9cdbf4571299067\"},\"headline\":\"\u00abCuando vienen del fin de semana los chicos repiten la taza de leche\u00bb\",\"datePublished\":\"2019-09-08T14:32:55+00:00\",\"dateModified\":\"2019-09-09T16:29:23+00:00\",\"mainEntityOfPage\":{\"@id\":\"https:\\\/\\\/diariotextual.com\\\/inicio\\\/index.php\\\/2019\\\/09\\\/08\\\/cuando-vienen-del-fin-semana-los-chicos-repiten-la-taza-leche\\\/\"},\"wordCount\":364,\"publisher\":{\"@id\":\"https:\\\/\\\/diariotextual.com\\\/inicio\\\/#organization\"},\"image\":{\"@id\":\"https:\\\/\\\/diariotextual.com\\\/inicio\\\/index.php\\\/2019\\\/09\\\/08\\\/cuando-vienen-del-fin-semana-los-chicos-repiten-la-taza-leche\\\/#primaryimage\"},\"thumbnailUrl\":\"https:\\\/\\\/diariotextual.com\\\/inicio\\\/wp-content\\\/uploads\\\/2018\\\/06\\\/comedorilustrativa.jpg\",\"keywords\":[\"emergencia alimentaria\"],\"articleSection\":[\"A - TEMPORALES\",\"SOCIEDAD\"],\"inLanguage\":\"es\"},{\"@type\":\"WebPage\",\"@id\":\"https:\\\/\\\/diariotextual.com\\\/inicio\\\/index.php\\\/2019\\\/09\\\/08\\\/cuando-vienen-del-fin-semana-los-chicos-repiten-la-taza-leche\\\/\",\"url\":\"https:\\\/\\\/diariotextual.com\\\/inicio\\\/index.php\\\/2019\\\/09\\\/08\\\/cuando-vienen-del-fin-semana-los-chicos-repiten-la-taza-leche\\\/\",\"name\":\"\\\"Cuando vienen del fin de semana los chicos repiten la taza de leche\\\" - Diario Textual\",\"isPartOf\":{\"@id\":\"https:\\\/\\\/diariotextual.com\\\/inicio\\\/#website\"},\"primaryImageOfPage\":{\"@id\":\"https:\\\/\\\/diariotextual.com\\\/inicio\\\/index.php\\\/2019\\\/09\\\/08\\\/cuando-vienen-del-fin-semana-los-chicos-repiten-la-taza-leche\\\/#primaryimage\"},\"image\":{\"@id\":\"https:\\\/\\\/diariotextual.com\\\/inicio\\\/index.php\\\/2019\\\/09\\\/08\\\/cuando-vienen-del-fin-semana-los-chicos-repiten-la-taza-leche\\\/#primaryimage\"},\"thumbnailUrl\":\"https:\\\/\\\/diariotextual.com\\\/inicio\\\/wp-content\\\/uploads\\\/2018\\\/06\\\/comedorilustrativa.jpg\",\"datePublished\":\"2019-09-08T14:32:55+00:00\",\"dateModified\":\"2019-09-09T16:29:23+00:00\",\"breadcrumb\":{\"@id\":\"https:\\\/\\\/diariotextual.com\\\/inicio\\\/index.php\\\/2019\\\/09\\\/08\\\/cuando-vienen-del-fin-semana-los-chicos-repiten-la-taza-leche\\\/#breadcrumb\"},\"inLanguage\":\"es\",\"potentialAction\":[{\"@type\":\"ReadAction\",\"target\":[\"https:\\\/\\\/diariotextual.com\\\/inicio\\\/index.php\\\/2019\\\/09\\\/08\\\/cuando-vienen-del-fin-semana-los-chicos-repiten-la-taza-leche\\\/\"]}]},{\"@type\":\"ImageObject\",\"inLanguage\":\"es\",\"@id\":\"https:\\\/\\\/diariotextual.com\\\/inicio\\\/index.php\\\/2019\\\/09\\\/08\\\/cuando-vienen-del-fin-semana-los-chicos-repiten-la-taza-leche\\\/#primaryimage\",\"url\":\"https:\\\/\\\/diariotextual.com\\\/inicio\\\/wp-content\\\/uploads\\\/2018\\\/06\\\/comedorilustrativa.jpg\",\"contentUrl\":\"https:\\\/\\\/diariotextual.com\\\/inicio\\\/wp-content\\\/uploads\\\/2018\\\/06\\\/comedorilustrativa.jpg\",\"width\":1920,\"height\":1281},{\"@type\":\"BreadcrumbList\",\"@id\":\"https:\\\/\\\/diariotextual.com\\\/inicio\\\/index.php\\\/2019\\\/09\\\/08\\\/cuando-vienen-del-fin-semana-los-chicos-repiten-la-taza-leche\\\/#breadcrumb\",\"itemListElement\":[{\"@type\":\"ListItem\",\"position\":1,\"name\":\"Portada\",\"item\":\"https:\\\/\\\/diariotextual.com\\\/inicio\\\/\"},{\"@type\":\"ListItem\",\"position\":2,\"name\":\"\u00abCuando vienen del fin de semana los chicos repiten la taza de leche\u00bb\"}]},{\"@type\":\"WebSite\",\"@id\":\"https:\\\/\\\/diariotextual.com\\\/inicio\\\/#website\",\"url\":\"https:\\\/\\\/diariotextual.com\\\/inicio\\\/\",\"name\":\"Diario Textual\",\"description\":\"\",\"publisher\":{\"@id\":\"https:\\\/\\\/diariotextual.com\\\/inicio\\\/#organization\"},\"potentialAction\":[{\"@type\":\"SearchAction\",\"target\":{\"@type\":\"EntryPoint\",\"urlTemplate\":\"https:\\\/\\\/diariotextual.com\\\/inicio\\\/?s={search_term_string}\"},\"query-input\":{\"@type\":\"PropertyValueSpecification\",\"valueRequired\":true,\"valueName\":\"search_term_string\"}}],\"inLanguage\":\"es\"},{\"@type\":\"Organization\",\"@id\":\"https:\\\/\\\/diariotextual.com\\\/inicio\\\/#organization\",\"name\":\"Diario Textual\",\"url\":\"https:\\\/\\\/diariotextual.com\\\/inicio\\\/\",\"logo\":{\"@type\":\"ImageObject\",\"inLanguage\":\"es\",\"@id\":\"https:\\\/\\\/diariotextual.com\\\/inicio\\\/#\\\/schema\\\/logo\\\/image\\\/\",\"url\":\"https:\\\/\\\/diariotextual.com\\\/inicio\\\/wp-content\\\/uploads\\\/2023\\\/05\\\/logotextual1.jpg\",\"contentUrl\":\"https:\\\/\\\/diariotextual.com\\\/inicio\\\/wp-content\\\/uploads\\\/2023\\\/05\\\/logotextual1.jpg\",\"width\":516,\"height\":76,\"caption\":\"Diario Textual\"},\"image\":{\"@id\":\"https:\\\/\\\/diariotextual.com\\\/inicio\\\/#\\\/schema\\\/logo\\\/image\\\/\"},\"sameAs\":[\"https:\\\/\\\/www.facebook.com\\\/eltextual\",\"https:\\\/\\\/x.com\\\/eltextual\",\"http:\\\/\\\/www.instagram.com\\\/eltextual\"]},{\"@type\":\"Person\",\"@id\":\"https:\\\/\\\/diariotextual.com\\\/inicio\\\/#\\\/schema\\\/person\\\/c7834961ad8b29b1d9cdbf4571299067\",\"name\":\"diario5\",\"image\":{\"@type\":\"ImageObject\",\"inLanguage\":\"es\",\"@id\":\"https:\\\/\\\/secure.gravatar.com\\\/avatar\\\/948c893b847ca6df68216ead81b63f363408ec9b0f600fefc0641ce78613b111?s=96&d=mm&r=g\",\"url\":\"https:\\\/\\\/secure.gravatar.com\\\/avatar\\\/948c893b847ca6df68216ead81b63f363408ec9b0f600fefc0641ce78613b111?s=96&d=mm&r=g\",\"contentUrl\":\"https:\\\/\\\/secure.gravatar.com\\\/avatar\\\/948c893b847ca6df68216ead81b63f363408ec9b0f600fefc0641ce78613b111?s=96&d=mm&r=g\",\"caption\":\"diario5\"},\"url\":\"https:\\\/\\\/diariotextual.com\\\/inicio\\\/index.php\\\/author\\\/diario5\\\/\"}]}<\/script>\n<!-- \/ Yoast SEO plugin. -->","yoast_head_json":{"title":"\"Cuando vienen del fin de semana los chicos repiten la taza de leche\" - Diario Textual","robots":{"index":"index","follow":"follow","max-snippet":"max-snippet:-1","max-image-preview":"max-image-preview:large","max-video-preview":"max-video-preview:-1"},"canonical":"https:\/\/diariotextual.com\/inicio\/index.php\/2019\/09\/08\/cuando-vienen-del-fin-semana-los-chicos-repiten-la-taza-leche\/","og_locale":"es_ES","og_type":"article","og_title":"\"Cuando vienen del fin de semana los chicos repiten la taza de leche\" - Diario Textual","og_description":"El director general de Administraci\u00f3n Escolar, Pablo Maccione, revel\u00f3 que los lunes los alumnos y alumnas de las escuelas \u00abrepiten la taza de leche\u00bb y lo primero que le preguntan&hellip;","og_url":"https:\/\/diariotextual.com\/inicio\/index.php\/2019\/09\/08\/cuando-vienen-del-fin-semana-los-chicos-repiten-la-taza-leche\/","og_site_name":"Diario Textual","article_publisher":"https:\/\/www.facebook.com\/eltextual","article_published_time":"2019-09-08T14:32:55+00:00","article_modified_time":"2019-09-09T16:29:23+00:00","og_image":[{"width":1920,"height":1281,"url":"https:\/\/diariotextual.com\/inicio\/wp-content\/uploads\/2018\/06\/comedorilustrativa.jpg","type":"image\/jpeg"}],"author":"diario5","twitter_card":"summary_large_image","twitter_creator":"@eltextual","twitter_site":"@eltextual","twitter_misc":{"Escrito por":"diario5","Tiempo de lectura":"2 minutos"},"schema":{"@context":"https:\/\/schema.org","@graph":[{"@type":"Article","@id":"https:\/\/diariotextual.com\/inicio\/index.php\/2019\/09\/08\/cuando-vienen-del-fin-semana-los-chicos-repiten-la-taza-leche\/#article","isPartOf":{"@id":"https:\/\/diariotextual.com\/inicio\/index.php\/2019\/09\/08\/cuando-vienen-del-fin-semana-los-chicos-repiten-la-taza-leche\/"},"author":{"name":"diario5","@id":"https:\/\/diariotextual.com\/inicio\/#\/schema\/person\/c7834961ad8b29b1d9cdbf4571299067"},"headline":"\u00abCuando vienen del fin de semana los chicos repiten la taza de leche\u00bb","datePublished":"2019-09-08T14:32:55+00:00","dateModified":"2019-09-09T16:29:23+00:00","mainEntityOfPage":{"@id":"https:\/\/diariotextual.com\/inicio\/index.php\/2019\/09\/08\/cuando-vienen-del-fin-semana-los-chicos-repiten-la-taza-leche\/"},"wordCount":364,"publisher":{"@id":"https:\/\/diariotextual.com\/inicio\/#organization"},"image":{"@id":"https:\/\/diariotextual.com\/inicio\/index.php\/2019\/09\/08\/cuando-vienen-del-fin-semana-los-chicos-repiten-la-taza-leche\/#primaryimage"},"thumbnailUrl":"https:\/\/diariotextual.com\/inicio\/wp-content\/uploads\/2018\/06\/comedorilustrativa.jpg","keywords":["emergencia alimentaria"],"articleSection":["A - TEMPORALES","SOCIEDAD"],"inLanguage":"es"},{"@type":"WebPage","@id":"https:\/\/diariotextual.com\/inicio\/index.php\/2019\/09\/08\/cuando-vienen-del-fin-semana-los-chicos-repiten-la-taza-leche\/","url":"https:\/\/diariotextual.com\/inicio\/index.php\/2019\/09\/08\/cuando-vienen-del-fin-semana-los-chicos-repiten-la-taza-leche\/","name":"\"Cuando vienen del fin de semana los chicos repiten la taza de leche\" - Diario Textual","isPartOf":{"@id":"https:\/\/diariotextual.com\/inicio\/#website"},"primaryImageOfPage":{"@id":"https:\/\/diariotextual.com\/inicio\/index.php\/2019\/09\/08\/cuando-vienen-del-fin-semana-los-chicos-repiten-la-taza-leche\/#primaryimage"},"image":{"@id":"https:\/\/diariotextual.com\/inicio\/index.php\/2019\/09\/08\/cuando-vienen-del-fin-semana-los-chicos-repiten-la-taza-leche\/#primaryimage"},"thumbnailUrl":"https:\/\/diariotextual.com\/inicio\/wp-content\/uploads\/2018\/06\/comedorilustrativa.jpg","datePublished":"2019-09-08T14:32:55+00:00","dateModified":"2019-09-09T16:29:23+00:00","breadcrumb":{"@id":"https:\/\/diariotextual.com\/inicio\/index.php\/2019\/09\/08\/cuando-vienen-del-fin-semana-los-chicos-repiten-la-taza-leche\/#breadcrumb"},"inLanguage":"es","potentialAction":[{"@type":"ReadAction","target":["https:\/\/diariotextual.com\/inicio\/index.php\/2019\/09\/08\/cuando-vienen-del-fin-semana-los-chicos-repiten-la-taza-leche\/"]}]},{"@type":"ImageObject","inLanguage":"es","@id":"https:\/\/diariotextual.com\/inicio\/index.php\/2019\/09\/08\/cuando-vienen-del-fin-semana-los-chicos-repiten-la-taza-leche\/#primaryimage","url":"https:\/\/diariotextual.com\/inicio\/wp-content\/uploads\/2018\/06\/comedorilustrativa.jpg","contentUrl":"https:\/\/diariotextual.com\/inicio\/wp-content\/uploads\/2018\/06\/comedorilustrativa.jpg","width":1920,"height":1281},{"@type":"BreadcrumbList","@id":"https:\/\/diariotextual.com\/inicio\/index.php\/2019\/09\/08\/cuando-vienen-del-fin-semana-los-chicos-repiten-la-taza-leche\/#breadcrumb","itemListElement":[{"@type":"ListItem","position":1,"name":"Portada","item":"https:\/\/diariotextual.com\/inicio\/"},{"@type":"ListItem","position":2,"name":"\u00abCuando vienen del fin de semana los chicos repiten la taza de leche\u00bb"}]},{"@type":"WebSite","@id":"https:\/\/diariotextual.com\/inicio\/#website","url":"https:\/\/diariotextual.com\/inicio\/","name":"Diario Textual","description":"","publisher":{"@id":"https:\/\/diariotextual.com\/inicio\/#organization"},"potentialAction":[{"@type":"SearchAction","target":{"@type":"EntryPoint","urlTemplate":"https:\/\/diariotextual.com\/inicio\/?s={search_term_string}"},"query-input":{"@type":"PropertyValueSpecification","valueRequired":true,"valueName":"search_term_string"}}],"inLanguage":"es"},{"@type":"Organization","@id":"https:\/\/diariotextual.com\/inicio\/#organization","name":"Diario Textual","url":"https:\/\/diariotextual.com\/inicio\/","logo":{"@type":"ImageObject","inLanguage":"es","@id":"https:\/\/diariotextual.com\/inicio\/#\/schema\/logo\/image\/","url":"https:\/\/diariotextual.com\/inicio\/wp-content\/uploads\/2023\/05\/logotextual1.jpg","contentUrl":"https:\/\/diariotextual.com\/inicio\/wp-content\/uploads\/2023\/05\/logotextual1.jpg","width":516,"height":76,"caption":"Diario Textual"},"image":{"@id":"https:\/\/diariotextual.com\/inicio\/#\/schema\/logo\/image\/"},"sameAs":["https:\/\/www.facebook.com\/eltextual","https:\/\/x.com\/eltextual","http:\/\/www.instagram.com\/eltextual"]},{"@type":"Person","@id":"https:\/\/diariotextual.com\/inicio\/#\/schema\/person\/c7834961ad8b29b1d9cdbf4571299067","name":"diario5","image":{"@type":"ImageObject","inLanguage":"es","@id":"https:\/\/secure.gravatar.com\/avatar\/948c893b847ca6df68216ead81b63f363408ec9b0f600fefc0641ce78613b111?s=96&d=mm&r=g","url":"https:\/\/secure.gravatar.com\/avatar\/948c893b847ca6df68216ead81b63f363408ec9b0f600fefc0641ce78613b111?s=96&d=mm&r=g","contentUrl":"https:\/\/secure.gravatar.com\/avatar\/948c893b847ca6df68216ead81b63f363408ec9b0f600fefc0641ce78613b111?s=96&d=mm&r=g","caption":"diario5"},"url":"https:\/\/diariotextual.com\/inicio\/index.php\/author\/diario5\/"}]}},"_links":{"self":[{"href":"https:\/\/diariotextual.com\/inicio\/index.php\/wp-json\/wp\/v2\/posts\/62021","targetHints":{"allow":["GET"]}}],"collection":[{"href":"https:\/\/diariotextual.com\/inicio\/index.php\/wp-json\/wp\/v2\/posts"}],"about":[{"href":"https:\/\/diariotextual.com\/inicio\/index.php\/wp-json\/wp\/v2\/types\/post"}],"author":[{"embeddable":true,"href":"https:\/\/diariotextual.com\/inicio\/index.php\/wp-json\/wp\/v2\/users\/7"}],"replies":[{"embeddable":true,"href":"https:\/\/diariotextual.com\/inicio\/index.php\/wp-json\/wp\/v2\/comments?post=62021"}],"version-history":[{"count":2,"href":"https:\/\/diariotextual.com\/inicio\/index.php\/wp-json\/wp\/v2\/posts\/62021\/revisions"}],"predecessor-version":[{"id":62059,"href":"https:\/\/diariotextual.com\/inicio\/index.php\/wp-json\/wp\/v2\/posts\/62021\/revisions\/62059"}],"wp:featuredmedia":[{"embeddable":true,"href":"https:\/\/diariotextual.com\/inicio\/index.php\/wp-json\/wp\/v2\/media\/12100"}],"wp:attachment":[{"href":"https:\/\/diariotextual.com\/inicio\/index.php\/wp-json\/wp\/v2\/media?parent=62021"}],"wp:term":[{"taxonomy":"category","embeddable":true,"href":"https:\/\/diariotextual.com\/inicio\/index.php\/wp-json\/wp\/v2\/categories?post=62021"},{"taxonomy":"post_tag","embeddable":true,"href":"https:\/\/diariotextual.com\/inicio\/index.php\/wp-json\/wp\/v2\/tags?post=62021"}],"curies":[{"name":"wp","href":"https:\/\/api.w.org\/{rel}","templated":true}]}}