{"id":62047,"date":"2019-09-08T18:10:17","date_gmt":"2019-09-08T21:10:17","guid":{"rendered":"http:\/\/diariotextual.com\/inicio\/?p=62047"},"modified":"2019-09-09T07:14:37","modified_gmt":"2019-09-09T10:14:37","slug":"mensaje-al-campo-fernandez-luego-la-reforma-agraria-grabois","status":"publish","type":"post","link":"https:\/\/diariotextual.com\/inicio\/index.php\/2019\/09\/08\/mensaje-al-campo-fernandez-luego-la-reforma-agraria-grabois\/","title":{"rendered":"El mensaje al campo de Fern\u00e1ndez luego de la \u00abreforma agraria\u00bb de Grabois"},"content":{"rendered":"<p>El candidato a presidente por el Frente de Todos, <strong>Alberto Fern\u00e1ndez<\/strong>, salud\u00f3 hoy a trav\u00e9s de las redes sociales a los productores por el<strong> D\u00eda del Agricultor<\/strong> con un <strong>mensaje conciliador<\/strong>, luego de la propuesta de <strong>reforma agraria<\/strong> que la semana pasada lanz\u00f3 el dirigente social kirchnerista<strong> Juan Grabois<\/strong>.<\/p>\n<p>\u00abHoy conmemoramos el D\u00eda del Agricultor en homenaje al esp\u00edritu emprendedor de los productores argentinos\u00bb, tuite\u00f3 Fern\u00e1ndez. \u00abJunto a los hombres y las mujeres de nuestro campo vamos a volver a poner a la Argentina de pie\u00bb.<\/p>\n<p>El D\u00eda del Agricultor se conmemora por la fundaci\u00f3n en 1856 de la primera colonia agr\u00edcola, llamada Esperanza, en Santa Fe.<\/p>\n<p>La semana pasada, Grabois dijo que le iba a proponer al candidato del Frente de Todos una reforma para \u00abexpropiar 50.000 parcelas\u00bb y que \u00abnadie tenga m\u00e1s de 5.000 hect\u00e1reas\u00bb en el pa\u00eds.<\/p>\n<p>Luego de la pol\u00e9mica que desataron sus declaraciones y el rechazo que gener\u00f3 en los dirigentes rurales en particular, <strong>Grabois aclar\u00f3 que su iniciativa no representaba al Frente de Todos<\/strong>.<\/p>\n<p>Mientras estallaba la escaramuza por las declaraciones del dirigente social kirchnerista, e \u00edntimo amigo del papa Francisco, Fern\u00e1ndez promediaba su gira por Madrid, de donde vuelve esta noche.<\/p>\n<p>Hace unas semanas, Fern\u00e1ndez se hab\u00eda reunido con la Mesa de Enlace, a quienes les hab\u00eda pedido olvidar el conflicto de 2008 por las retenciones m\u00f3viles.<\/p>\n<p>&nbsp;<\/p>\n<p>&nbsp;<\/p>\n","protected":false},"excerpt":{"rendered":"<p>El candidato a presidente por el Frente de Todos, Alberto Fern\u00e1ndez, salud\u00f3 hoy a trav\u00e9s de las redes sociales a los productores por el D\u00eda del Agricultor con un mensaje&hellip;<\/p>\n","protected":false},"author":3,"featured_media":60803,"comment_status":"closed","ping_status":"open","sticky":false,"template":"","format":"standard","meta":{"_acf_changed":false,"footnotes":""},"categories":[319,8],"tags":[],"class_list":["post-62047","post","type-post","status-publish","format-standard","has-post-thumbnail","hentry","category-a-temporales","category-politica"],"acf":[],"yoast_head":"<!-- This site is optimized with the Yoast SEO plugin v27.5 - https:\/\/yoast.com\/product\/yoast-seo-wordpress\/ -->\n<title>El mensaje al campo de Fern\u00e1ndez luego de la &quot;reforma agraria&quot; de Grabois - Diario Textual<\/title>\n<meta name=\"robots\" content=\"index, follow, max-snippet:-1, max-image-preview:large, max-video-preview:-1\" \/>\n<link rel=\"canonical\" href=\"https:\/\/diariotextual.com\/inicio\/index.php\/2019\/09\/08\/mensaje-al-campo-fernandez-luego-la-reforma-agraria-grabois\/\" \/>\n<meta property=\"og:locale\" content=\"es_ES\" \/>\n<meta property=\"og:type\" content=\"article\" \/>\n<meta property=\"og:title\" content=\"El mensaje al campo de Fern\u00e1ndez luego de la &quot;reforma agraria&quot; de Grabois - Diario Textual\" \/>\n<meta property=\"og:description\" content=\"El candidato a presidente por el Frente de Todos, Alberto Fern\u00e1ndez, salud\u00f3 hoy a trav\u00e9s de las redes sociales a los productores por el D\u00eda del Agricultor con un mensaje&hellip;\" \/>\n<meta property=\"og:url\" content=\"https:\/\/diariotextual.com\/inicio\/index.php\/2019\/09\/08\/mensaje-al-campo-fernandez-luego-la-reforma-agraria-grabois\/\" \/>\n<meta property=\"og:site_name\" content=\"Diario Textual\" \/>\n<meta property=\"article:publisher\" content=\"https:\/\/www.facebook.com\/eltextual\" \/>\n<meta property=\"article:published_time\" content=\"2019-09-08T21:10:17+00:00\" \/>\n<meta property=\"article:modified_time\" content=\"2019-09-09T10:14:37+00:00\" \/>\n<meta property=\"og:image\" content=\"https:\/\/diariotextual.com\/inicio\/wp-content\/uploads\/2019\/08\/fernandezalbertotelam2019-20.jpg\" \/>\n\t<meta property=\"og:image:width\" content=\"1072\" \/>\n\t<meta property=\"og:image:height\" content=\"589\" \/>\n\t<meta property=\"og:image:type\" content=\"image\/jpeg\" \/>\n<meta name=\"author\" content=\"Diario1 Diario1\" \/>\n<meta name=\"twitter:card\" content=\"summary_large_image\" \/>\n<meta name=\"twitter:creator\" content=\"@eltextual\" \/>\n<meta name=\"twitter:site\" content=\"@eltextual\" \/>\n<meta name=\"twitter:label1\" content=\"Escrito por\" \/>\n\t<meta name=\"twitter:data1\" content=\"Diario1 Diario1\" \/>\n\t<meta name=\"twitter:label2\" content=\"Tiempo de lectura\" \/>\n\t<meta name=\"twitter:data2\" content=\"1 minuto\" \/>\n<script type=\"application\/ld+json\" class=\"yoast-schema-graph\">{\"@context\":\"https:\\\/\\\/schema.org\",\"@graph\":[{\"@type\":\"Article\",\"@id\":\"https:\\\/\\\/diariotextual.com\\\/inicio\\\/index.php\\\/2019\\\/09\\\/08\\\/mensaje-al-campo-fernandez-luego-la-reforma-agraria-grabois\\\/#article\",\"isPartOf\":{\"@id\":\"https:\\\/\\\/diariotextual.com\\\/inicio\\\/index.php\\\/2019\\\/09\\\/08\\\/mensaje-al-campo-fernandez-luego-la-reforma-agraria-grabois\\\/\"},\"author\":{\"name\":\"Diario1 Diario1\",\"@id\":\"https:\\\/\\\/diariotextual.com\\\/inicio\\\/#\\\/schema\\\/person\\\/418fc4093c33e86ed41562db3508f958\"},\"headline\":\"El mensaje al campo de Fern\u00e1ndez luego de la \u00abreforma agraria\u00bb de Grabois\",\"datePublished\":\"2019-09-08T21:10:17+00:00\",\"dateModified\":\"2019-09-09T10:14:37+00:00\",\"mainEntityOfPage\":{\"@id\":\"https:\\\/\\\/diariotextual.com\\\/inicio\\\/index.php\\\/2019\\\/09\\\/08\\\/mensaje-al-campo-fernandez-luego-la-reforma-agraria-grabois\\\/\"},\"wordCount\":254,\"publisher\":{\"@id\":\"https:\\\/\\\/diariotextual.com\\\/inicio\\\/#organization\"},\"image\":{\"@id\":\"https:\\\/\\\/diariotextual.com\\\/inicio\\\/index.php\\\/2019\\\/09\\\/08\\\/mensaje-al-campo-fernandez-luego-la-reforma-agraria-grabois\\\/#primaryimage\"},\"thumbnailUrl\":\"https:\\\/\\\/diariotextual.com\\\/inicio\\\/wp-content\\\/uploads\\\/2019\\\/08\\\/fernandezalbertotelam2019-20.jpg\",\"articleSection\":[\"A - TEMPORALES\",\"POLITICA\"],\"inLanguage\":\"es\"},{\"@type\":\"WebPage\",\"@id\":\"https:\\\/\\\/diariotextual.com\\\/inicio\\\/index.php\\\/2019\\\/09\\\/08\\\/mensaje-al-campo-fernandez-luego-la-reforma-agraria-grabois\\\/\",\"url\":\"https:\\\/\\\/diariotextual.com\\\/inicio\\\/index.php\\\/2019\\\/09\\\/08\\\/mensaje-al-campo-fernandez-luego-la-reforma-agraria-grabois\\\/\",\"name\":\"El mensaje al campo de Fern\u00e1ndez luego de la \\\"reforma agraria\\\" de Grabois - Diario Textual\",\"isPartOf\":{\"@id\":\"https:\\\/\\\/diariotextual.com\\\/inicio\\\/#website\"},\"primaryImageOfPage\":{\"@id\":\"https:\\\/\\\/diariotextual.com\\\/inicio\\\/index.php\\\/2019\\\/09\\\/08\\\/mensaje-al-campo-fernandez-luego-la-reforma-agraria-grabois\\\/#primaryimage\"},\"image\":{\"@id\":\"https:\\\/\\\/diariotextual.com\\\/inicio\\\/index.php\\\/2019\\\/09\\\/08\\\/mensaje-al-campo-fernandez-luego-la-reforma-agraria-grabois\\\/#primaryimage\"},\"thumbnailUrl\":\"https:\\\/\\\/diariotextual.com\\\/inicio\\\/wp-content\\\/uploads\\\/2019\\\/08\\\/fernandezalbertotelam2019-20.jpg\",\"datePublished\":\"2019-09-08T21:10:17+00:00\",\"dateModified\":\"2019-09-09T10:14:37+00:00\",\"breadcrumb\":{\"@id\":\"https:\\\/\\\/diariotextual.com\\\/inicio\\\/index.php\\\/2019\\\/09\\\/08\\\/mensaje-al-campo-fernandez-luego-la-reforma-agraria-grabois\\\/#breadcrumb\"},\"inLanguage\":\"es\",\"potentialAction\":[{\"@type\":\"ReadAction\",\"target\":[\"https:\\\/\\\/diariotextual.com\\\/inicio\\\/index.php\\\/2019\\\/09\\\/08\\\/mensaje-al-campo-fernandez-luego-la-reforma-agraria-grabois\\\/\"]}]},{\"@type\":\"ImageObject\",\"inLanguage\":\"es\",\"@id\":\"https:\\\/\\\/diariotextual.com\\\/inicio\\\/index.php\\\/2019\\\/09\\\/08\\\/mensaje-al-campo-fernandez-luego-la-reforma-agraria-grabois\\\/#primaryimage\",\"url\":\"https:\\\/\\\/diariotextual.com\\\/inicio\\\/wp-content\\\/uploads\\\/2019\\\/08\\\/fernandezalbertotelam2019-20.jpg\",\"contentUrl\":\"https:\\\/\\\/diariotextual.com\\\/inicio\\\/wp-content\\\/uploads\\\/2019\\\/08\\\/fernandezalbertotelam2019-20.jpg\",\"width\":1072,\"height\":589},{\"@type\":\"BreadcrumbList\",\"@id\":\"https:\\\/\\\/diariotextual.com\\\/inicio\\\/index.php\\\/2019\\\/09\\\/08\\\/mensaje-al-campo-fernandez-luego-la-reforma-agraria-grabois\\\/#breadcrumb\",\"itemListElement\":[{\"@type\":\"ListItem\",\"position\":1,\"name\":\"Portada\",\"item\":\"https:\\\/\\\/diariotextual.com\\\/inicio\\\/\"},{\"@type\":\"ListItem\",\"position\":2,\"name\":\"El mensaje al campo de Fern\u00e1ndez luego de la \u00abreforma agraria\u00bb de Grabois\"}]},{\"@type\":\"WebSite\",\"@id\":\"https:\\\/\\\/diariotextual.com\\\/inicio\\\/#website\",\"url\":\"https:\\\/\\\/diariotextual.com\\\/inicio\\\/\",\"name\":\"Diario Textual\",\"description\":\"\",\"publisher\":{\"@id\":\"https:\\\/\\\/diariotextual.com\\\/inicio\\\/#organization\"},\"potentialAction\":[{\"@type\":\"SearchAction\",\"target\":{\"@type\":\"EntryPoint\",\"urlTemplate\":\"https:\\\/\\\/diariotextual.com\\\/inicio\\\/?s={search_term_string}\"},\"query-input\":{\"@type\":\"PropertyValueSpecification\",\"valueRequired\":true,\"valueName\":\"search_term_string\"}}],\"inLanguage\":\"es\"},{\"@type\":\"Organization\",\"@id\":\"https:\\\/\\\/diariotextual.com\\\/inicio\\\/#organization\",\"name\":\"Diario Textual\",\"url\":\"https:\\\/\\\/diariotextual.com\\\/inicio\\\/\",\"logo\":{\"@type\":\"ImageObject\",\"inLanguage\":\"es\",\"@id\":\"https:\\\/\\\/diariotextual.com\\\/inicio\\\/#\\\/schema\\\/logo\\\/image\\\/\",\"url\":\"https:\\\/\\\/diariotextual.com\\\/inicio\\\/wp-content\\\/uploads\\\/2023\\\/05\\\/logotextual1.jpg\",\"contentUrl\":\"https:\\\/\\\/diariotextual.com\\\/inicio\\\/wp-content\\\/uploads\\\/2023\\\/05\\\/logotextual1.jpg\",\"width\":516,\"height\":76,\"caption\":\"Diario Textual\"},\"image\":{\"@id\":\"https:\\\/\\\/diariotextual.com\\\/inicio\\\/#\\\/schema\\\/logo\\\/image\\\/\"},\"sameAs\":[\"https:\\\/\\\/www.facebook.com\\\/eltextual\",\"https:\\\/\\\/x.com\\\/eltextual\",\"http:\\\/\\\/www.instagram.com\\\/eltextual\"]},{\"@type\":\"Person\",\"@id\":\"https:\\\/\\\/diariotextual.com\\\/inicio\\\/#\\\/schema\\\/person\\\/418fc4093c33e86ed41562db3508f958\",\"name\":\"Diario1 Diario1\",\"image\":{\"@type\":\"ImageObject\",\"inLanguage\":\"es\",\"@id\":\"https:\\\/\\\/secure.gravatar.com\\\/avatar\\\/9167d280179c85bc18be67aa7eda765854300033af4896dd779b608640f2ef7a?s=96&d=mm&r=g\",\"url\":\"https:\\\/\\\/secure.gravatar.com\\\/avatar\\\/9167d280179c85bc18be67aa7eda765854300033af4896dd779b608640f2ef7a?s=96&d=mm&r=g\",\"contentUrl\":\"https:\\\/\\\/secure.gravatar.com\\\/avatar\\\/9167d280179c85bc18be67aa7eda765854300033af4896dd779b608640f2ef7a?s=96&d=mm&r=g\",\"caption\":\"Diario1 Diario1\"},\"url\":\"https:\\\/\\\/diariotextual.com\\\/inicio\\\/index.php\\\/author\\\/diario1\\\/\"}]}<\/script>\n<!-- \/ Yoast SEO plugin. -->","yoast_head_json":{"title":"El mensaje al campo de Fern\u00e1ndez luego de la \"reforma agraria\" de Grabois - Diario Textual","robots":{"index":"index","follow":"follow","max-snippet":"max-snippet:-1","max-image-preview":"max-image-preview:large","max-video-preview":"max-video-preview:-1"},"canonical":"https:\/\/diariotextual.com\/inicio\/index.php\/2019\/09\/08\/mensaje-al-campo-fernandez-luego-la-reforma-agraria-grabois\/","og_locale":"es_ES","og_type":"article","og_title":"El mensaje al campo de Fern\u00e1ndez luego de la \"reforma agraria\" de Grabois - Diario Textual","og_description":"El candidato a presidente por el Frente de Todos, Alberto Fern\u00e1ndez, salud\u00f3 hoy a trav\u00e9s de las redes sociales a los productores por el D\u00eda del Agricultor con un mensaje&hellip;","og_url":"https:\/\/diariotextual.com\/inicio\/index.php\/2019\/09\/08\/mensaje-al-campo-fernandez-luego-la-reforma-agraria-grabois\/","og_site_name":"Diario Textual","article_publisher":"https:\/\/www.facebook.com\/eltextual","article_published_time":"2019-09-08T21:10:17+00:00","article_modified_time":"2019-09-09T10:14:37+00:00","og_image":[{"width":1072,"height":589,"url":"https:\/\/diariotextual.com\/inicio\/wp-content\/uploads\/2019\/08\/fernandezalbertotelam2019-20.jpg","type":"image\/jpeg"}],"author":"Diario1 Diario1","twitter_card":"summary_large_image","twitter_creator":"@eltextual","twitter_site":"@eltextual","twitter_misc":{"Escrito por":"Diario1 Diario1","Tiempo de lectura":"1 minuto"},"schema":{"@context":"https:\/\/schema.org","@graph":[{"@type":"Article","@id":"https:\/\/diariotextual.com\/inicio\/index.php\/2019\/09\/08\/mensaje-al-campo-fernandez-luego-la-reforma-agraria-grabois\/#article","isPartOf":{"@id":"https:\/\/diariotextual.com\/inicio\/index.php\/2019\/09\/08\/mensaje-al-campo-fernandez-luego-la-reforma-agraria-grabois\/"},"author":{"name":"Diario1 Diario1","@id":"https:\/\/diariotextual.com\/inicio\/#\/schema\/person\/418fc4093c33e86ed41562db3508f958"},"headline":"El mensaje al campo de Fern\u00e1ndez luego de la \u00abreforma agraria\u00bb de Grabois","datePublished":"2019-09-08T21:10:17+00:00","dateModified":"2019-09-09T10:14:37+00:00","mainEntityOfPage":{"@id":"https:\/\/diariotextual.com\/inicio\/index.php\/2019\/09\/08\/mensaje-al-campo-fernandez-luego-la-reforma-agraria-grabois\/"},"wordCount":254,"publisher":{"@id":"https:\/\/diariotextual.com\/inicio\/#organization"},"image":{"@id":"https:\/\/diariotextual.com\/inicio\/index.php\/2019\/09\/08\/mensaje-al-campo-fernandez-luego-la-reforma-agraria-grabois\/#primaryimage"},"thumbnailUrl":"https:\/\/diariotextual.com\/inicio\/wp-content\/uploads\/2019\/08\/fernandezalbertotelam2019-20.jpg","articleSection":["A - TEMPORALES","POLITICA"],"inLanguage":"es"},{"@type":"WebPage","@id":"https:\/\/diariotextual.com\/inicio\/index.php\/2019\/09\/08\/mensaje-al-campo-fernandez-luego-la-reforma-agraria-grabois\/","url":"https:\/\/diariotextual.com\/inicio\/index.php\/2019\/09\/08\/mensaje-al-campo-fernandez-luego-la-reforma-agraria-grabois\/","name":"El mensaje al campo de Fern\u00e1ndez luego de la \"reforma agraria\" de Grabois - Diario Textual","isPartOf":{"@id":"https:\/\/diariotextual.com\/inicio\/#website"},"primaryImageOfPage":{"@id":"https:\/\/diariotextual.com\/inicio\/index.php\/2019\/09\/08\/mensaje-al-campo-fernandez-luego-la-reforma-agraria-grabois\/#primaryimage"},"image":{"@id":"https:\/\/diariotextual.com\/inicio\/index.php\/2019\/09\/08\/mensaje-al-campo-fernandez-luego-la-reforma-agraria-grabois\/#primaryimage"},"thumbnailUrl":"https:\/\/diariotextual.com\/inicio\/wp-content\/uploads\/2019\/08\/fernandezalbertotelam2019-20.jpg","datePublished":"2019-09-08T21:10:17+00:00","dateModified":"2019-09-09T10:14:37+00:00","breadcrumb":{"@id":"https:\/\/diariotextual.com\/inicio\/index.php\/2019\/09\/08\/mensaje-al-campo-fernandez-luego-la-reforma-agraria-grabois\/#breadcrumb"},"inLanguage":"es","potentialAction":[{"@type":"ReadAction","target":["https:\/\/diariotextual.com\/inicio\/index.php\/2019\/09\/08\/mensaje-al-campo-fernandez-luego-la-reforma-agraria-grabois\/"]}]},{"@type":"ImageObject","inLanguage":"es","@id":"https:\/\/diariotextual.com\/inicio\/index.php\/2019\/09\/08\/mensaje-al-campo-fernandez-luego-la-reforma-agraria-grabois\/#primaryimage","url":"https:\/\/diariotextual.com\/inicio\/wp-content\/uploads\/2019\/08\/fernandezalbertotelam2019-20.jpg","contentUrl":"https:\/\/diariotextual.com\/inicio\/wp-content\/uploads\/2019\/08\/fernandezalbertotelam2019-20.jpg","width":1072,"height":589},{"@type":"BreadcrumbList","@id":"https:\/\/diariotextual.com\/inicio\/index.php\/2019\/09\/08\/mensaje-al-campo-fernandez-luego-la-reforma-agraria-grabois\/#breadcrumb","itemListElement":[{"@type":"ListItem","position":1,"name":"Portada","item":"https:\/\/diariotextual.com\/inicio\/"},{"@type":"ListItem","position":2,"name":"El mensaje al campo de Fern\u00e1ndez luego de la \u00abreforma agraria\u00bb de Grabois"}]},{"@type":"WebSite","@id":"https:\/\/diariotextual.com\/inicio\/#website","url":"https:\/\/diariotextual.com\/inicio\/","name":"Diario Textual","description":"","publisher":{"@id":"https:\/\/diariotextual.com\/inicio\/#organization"},"potentialAction":[{"@type":"SearchAction","target":{"@type":"EntryPoint","urlTemplate":"https:\/\/diariotextual.com\/inicio\/?s={search_term_string}"},"query-input":{"@type":"PropertyValueSpecification","valueRequired":true,"valueName":"search_term_string"}}],"inLanguage":"es"},{"@type":"Organization","@id":"https:\/\/diariotextual.com\/inicio\/#organization","name":"Diario Textual","url":"https:\/\/diariotextual.com\/inicio\/","logo":{"@type":"ImageObject","inLanguage":"es","@id":"https:\/\/diariotextual.com\/inicio\/#\/schema\/logo\/image\/","url":"https:\/\/diariotextual.com\/inicio\/wp-content\/uploads\/2023\/05\/logotextual1.jpg","contentUrl":"https:\/\/diariotextual.com\/inicio\/wp-content\/uploads\/2023\/05\/logotextual1.jpg","width":516,"height":76,"caption":"Diario Textual"},"image":{"@id":"https:\/\/diariotextual.com\/inicio\/#\/schema\/logo\/image\/"},"sameAs":["https:\/\/www.facebook.com\/eltextual","https:\/\/x.com\/eltextual","http:\/\/www.instagram.com\/eltextual"]},{"@type":"Person","@id":"https:\/\/diariotextual.com\/inicio\/#\/schema\/person\/418fc4093c33e86ed41562db3508f958","name":"Diario1 Diario1","image":{"@type":"ImageObject","inLanguage":"es","@id":"https:\/\/secure.gravatar.com\/avatar\/9167d280179c85bc18be67aa7eda765854300033af4896dd779b608640f2ef7a?s=96&d=mm&r=g","url":"https:\/\/secure.gravatar.com\/avatar\/9167d280179c85bc18be67aa7eda765854300033af4896dd779b608640f2ef7a?s=96&d=mm&r=g","contentUrl":"https:\/\/secure.gravatar.com\/avatar\/9167d280179c85bc18be67aa7eda765854300033af4896dd779b608640f2ef7a?s=96&d=mm&r=g","caption":"Diario1 Diario1"},"url":"https:\/\/diariotextual.com\/inicio\/index.php\/author\/diario1\/"}]}},"_links":{"self":[{"href":"https:\/\/diariotextual.com\/inicio\/index.php\/wp-json\/wp\/v2\/posts\/62047","targetHints":{"allow":["GET"]}}],"collection":[{"href":"https:\/\/diariotextual.com\/inicio\/index.php\/wp-json\/wp\/v2\/posts"}],"about":[{"href":"https:\/\/diariotextual.com\/inicio\/index.php\/wp-json\/wp\/v2\/types\/post"}],"author":[{"embeddable":true,"href":"https:\/\/diariotextual.com\/inicio\/index.php\/wp-json\/wp\/v2\/users\/3"}],"replies":[{"embeddable":true,"href":"https:\/\/diariotextual.com\/inicio\/index.php\/wp-json\/wp\/v2\/comments?post=62047"}],"version-history":[{"count":2,"href":"https:\/\/diariotextual.com\/inicio\/index.php\/wp-json\/wp\/v2\/posts\/62047\/revisions"}],"predecessor-version":[{"id":62049,"href":"https:\/\/diariotextual.com\/inicio\/index.php\/wp-json\/wp\/v2\/posts\/62047\/revisions\/62049"}],"wp:featuredmedia":[{"embeddable":true,"href":"https:\/\/diariotextual.com\/inicio\/index.php\/wp-json\/wp\/v2\/media\/60803"}],"wp:attachment":[{"href":"https:\/\/diariotextual.com\/inicio\/index.php\/wp-json\/wp\/v2\/media?parent=62047"}],"wp:term":[{"taxonomy":"category","embeddable":true,"href":"https:\/\/diariotextual.com\/inicio\/index.php\/wp-json\/wp\/v2\/categories?post=62047"},{"taxonomy":"post_tag","embeddable":true,"href":"https:\/\/diariotextual.com\/inicio\/index.php\/wp-json\/wp\/v2\/tags?post=62047"}],"curies":[{"name":"wp","href":"https:\/\/api.w.org\/{rel}","templated":true}]}}