{"id":62054,"date":"2019-09-08T20:02:27","date_gmt":"2019-09-08T23:02:27","guid":{"rendered":"http:\/\/diariotextual.com\/inicio\/?p=62054"},"modified":"2019-09-09T07:14:45","modified_gmt":"2019-09-09T10:14:45","slug":"gremio-dice-echaron-patadas-al-quiere-comprar-frigorifico-acha","status":"publish","type":"post","link":"https:\/\/diariotextual.com\/inicio\/index.php\/2019\/09\/08\/gremio-dice-echaron-patadas-al-quiere-comprar-frigorifico-acha\/","title":{"rendered":"Gremio dice que echaron \u00aba patadas\u00bb al que quiere comprar el Frigor\u00edfico Acha"},"content":{"rendered":"<p>Una empresa de la ciudad de Buenos Aires est\u00e1 a punto de adquirir la planta donde funcion\u00f3 el<strong> Frigor\u00edfico General Acha<\/strong> en las pr\u00f3ximas horas. El representante de la firma,\u00a0<strong>Flacsi SA<\/strong>, es el vendedor de hacienda <strong>Eduardo de la Iglesia, quien no es bien recordado en su reciente administraci\u00f3n del Frigor\u00edfico Anselmo, de Tres Arroyos:<\/strong> el secretario general del Sindicato de la Carne de Tres Arroyos, <strong>N\u00e9stor Garc\u00eda<\/strong>, afirm\u00f3 que \u201cla gente del frigor\u00edfico Anselmo y los trabajadores echaron a Eduardo de la Iglesia\u201d de la firma por mal administraci\u00f3n y \u201ctratar mal\u00bb a los empleados.<\/p>\n<p>Garc\u00eda fue entrevistado por Noticias del Sur luego de conocerse que Eduardo de la Iglesia era el interesado en hacerse cargo del frigor\u00edfico de General Acha. \u201cEs una l\u00e1stima que la gente de Acha pueda pasar lo mismo que nos ocurri\u00f3 a nosotros. Es una mala persona\u201d, dijo el sindicalista.<\/p>\n<p>Garc\u00eda cont\u00f3 que en febrero de este a\u00f1o la firma Anselmo comenz\u00f3 a \u201candar mal\u201d y en marzo lleg\u00f3 De la Iglesia a la planta- \u201cDec\u00eda que era l\u00edder un grupo ganadero de La Pampa y que ten\u00eda incluso animales para faenar\u201d, sostuvo. De la Iglesia firm\u00f3 un contrato de administraci\u00f3n con opci\u00f3n a compra con los due\u00f1os.<\/p>\n<p><strong>\u201cLo primero que hizo fue tirarse contra el sindicato, que somos un sindicato chico, de pueblo. Empez\u00f3 a tratar mal a la gente, a no pagarle, a desconocer deudas, no pagaba la obra social y estuvo seis meses sin pagar la ART<\/strong>\u201d, asegur\u00f3.<\/p>\n<p>\u201cEn agosto los due\u00f1os y los empleados<strong> lo echamos a patadas<\/strong>. Lo sacaron y nos dimos cuentas que en vez de bajar las deudas las hab\u00eda agrandado. La gente se encontr\u00f3 que hab\u00eda dejado un desastre\u201d, explic\u00f3 Garc\u00eda.<\/p>\n<p>\u201cAhora est\u00e1 haciendo <strong>el mismo cuento en Acha<\/strong>. Es una l\u00e1stima porque con la falta de empleo que hay, la gente va a manotear lo que sea para trabajar\u201d, dijo el sindicalista.<\/p>\n<p>&nbsp;<\/p>\n<p>&nbsp;<\/p>\n","protected":false},"excerpt":{"rendered":"<p>Una empresa de la ciudad de Buenos Aires est\u00e1 a punto de adquirir la planta donde funcion\u00f3 el Frigor\u00edfico General Acha en las pr\u00f3ximas horas. El representante de la firma,\u00a0Flacsi&hellip;<\/p>\n","protected":false},"author":3,"featured_media":20550,"comment_status":"closed","ping_status":"open","sticky":false,"template":"","format":"standard","meta":{"_acf_changed":false,"footnotes":""},"categories":[11,319,20],"tags":[],"class_list":["post-62054","post","type-post","status-publish","format-standard","has-post-thumbnail","hentry","category-que-pasa","category-a-temporales","category-campo"],"acf":[],"yoast_head":"<!-- This site is optimized with the Yoast SEO plugin v27.5 - https:\/\/yoast.com\/product\/yoast-seo-wordpress\/ -->\n<title>Gremio dice que echaron &quot;a patadas&quot; al que quiere comprar el Frigor\u00edfico Acha - Diario Textual<\/title>\n<meta name=\"robots\" content=\"index, follow, max-snippet:-1, max-image-preview:large, max-video-preview:-1\" \/>\n<link rel=\"canonical\" href=\"https:\/\/diariotextual.com\/inicio\/index.php\/2019\/09\/08\/gremio-dice-echaron-patadas-al-quiere-comprar-frigorifico-acha\/\" \/>\n<meta property=\"og:locale\" content=\"es_ES\" \/>\n<meta property=\"og:type\" content=\"article\" \/>\n<meta property=\"og:title\" content=\"Gremio dice que echaron &quot;a patadas&quot; al que quiere comprar el Frigor\u00edfico Acha - Diario Textual\" \/>\n<meta property=\"og:description\" content=\"Una empresa de la ciudad de Buenos Aires est\u00e1 a punto de adquirir la planta donde funcion\u00f3 el Frigor\u00edfico General Acha en las pr\u00f3ximas horas. El representante de la firma,\u00a0Flacsi&hellip;\" \/>\n<meta property=\"og:url\" content=\"https:\/\/diariotextual.com\/inicio\/index.php\/2019\/09\/08\/gremio-dice-echaron-patadas-al-quiere-comprar-frigorifico-acha\/\" \/>\n<meta property=\"og:site_name\" content=\"Diario Textual\" \/>\n<meta property=\"article:publisher\" content=\"https:\/\/www.facebook.com\/eltextual\" \/>\n<meta property=\"article:published_time\" content=\"2019-09-08T23:02:27+00:00\" \/>\n<meta property=\"article:modified_time\" content=\"2019-09-09T10:14:45+00:00\" \/>\n<meta property=\"og:image\" content=\"https:\/\/diariotextual.com\/inicio\/wp-content\/uploads\/2018\/09\/carnefrigorifico.jpg\" \/>\n\t<meta property=\"og:image:width\" content=\"1004\" \/>\n\t<meta property=\"og:image:height\" content=\"564\" \/>\n\t<meta property=\"og:image:type\" content=\"image\/jpeg\" \/>\n<meta name=\"author\" content=\"Diario1 Diario1\" \/>\n<meta name=\"twitter:card\" content=\"summary_large_image\" \/>\n<meta name=\"twitter:creator\" content=\"@eltextual\" \/>\n<meta name=\"twitter:site\" content=\"@eltextual\" \/>\n<meta name=\"twitter:label1\" content=\"Escrito por\" \/>\n\t<meta name=\"twitter:data1\" content=\"Diario1 Diario1\" \/>\n\t<meta name=\"twitter:label2\" content=\"Tiempo de lectura\" \/>\n\t<meta name=\"twitter:data2\" content=\"2 minutos\" \/>\n<script type=\"application\/ld+json\" class=\"yoast-schema-graph\">{\"@context\":\"https:\\\/\\\/schema.org\",\"@graph\":[{\"@type\":\"Article\",\"@id\":\"https:\\\/\\\/diariotextual.com\\\/inicio\\\/index.php\\\/2019\\\/09\\\/08\\\/gremio-dice-echaron-patadas-al-quiere-comprar-frigorifico-acha\\\/#article\",\"isPartOf\":{\"@id\":\"https:\\\/\\\/diariotextual.com\\\/inicio\\\/index.php\\\/2019\\\/09\\\/08\\\/gremio-dice-echaron-patadas-al-quiere-comprar-frigorifico-acha\\\/\"},\"author\":{\"name\":\"Diario1 Diario1\",\"@id\":\"https:\\\/\\\/diariotextual.com\\\/inicio\\\/#\\\/schema\\\/person\\\/418fc4093c33e86ed41562db3508f958\"},\"headline\":\"Gremio dice que echaron \u00aba patadas\u00bb al que quiere comprar el Frigor\u00edfico Acha\",\"datePublished\":\"2019-09-08T23:02:27+00:00\",\"dateModified\":\"2019-09-09T10:14:45+00:00\",\"mainEntityOfPage\":{\"@id\":\"https:\\\/\\\/diariotextual.com\\\/inicio\\\/index.php\\\/2019\\\/09\\\/08\\\/gremio-dice-echaron-patadas-al-quiere-comprar-frigorifico-acha\\\/\"},\"wordCount\":358,\"publisher\":{\"@id\":\"https:\\\/\\\/diariotextual.com\\\/inicio\\\/#organization\"},\"image\":{\"@id\":\"https:\\\/\\\/diariotextual.com\\\/inicio\\\/index.php\\\/2019\\\/09\\\/08\\\/gremio-dice-echaron-patadas-al-quiere-comprar-frigorifico-acha\\\/#primaryimage\"},\"thumbnailUrl\":\"https:\\\/\\\/diariotextual.com\\\/inicio\\\/wp-content\\\/uploads\\\/2018\\\/09\\\/carnefrigorifico.jpg\",\"articleSection\":[\"A - QUE PASA (al costado)\",\"A - TEMPORALES\",\"CAMPO\"],\"inLanguage\":\"es\"},{\"@type\":\"WebPage\",\"@id\":\"https:\\\/\\\/diariotextual.com\\\/inicio\\\/index.php\\\/2019\\\/09\\\/08\\\/gremio-dice-echaron-patadas-al-quiere-comprar-frigorifico-acha\\\/\",\"url\":\"https:\\\/\\\/diariotextual.com\\\/inicio\\\/index.php\\\/2019\\\/09\\\/08\\\/gremio-dice-echaron-patadas-al-quiere-comprar-frigorifico-acha\\\/\",\"name\":\"Gremio dice que echaron \\\"a patadas\\\" al que quiere comprar el Frigor\u00edfico Acha - Diario Textual\",\"isPartOf\":{\"@id\":\"https:\\\/\\\/diariotextual.com\\\/inicio\\\/#website\"},\"primaryImageOfPage\":{\"@id\":\"https:\\\/\\\/diariotextual.com\\\/inicio\\\/index.php\\\/2019\\\/09\\\/08\\\/gremio-dice-echaron-patadas-al-quiere-comprar-frigorifico-acha\\\/#primaryimage\"},\"image\":{\"@id\":\"https:\\\/\\\/diariotextual.com\\\/inicio\\\/index.php\\\/2019\\\/09\\\/08\\\/gremio-dice-echaron-patadas-al-quiere-comprar-frigorifico-acha\\\/#primaryimage\"},\"thumbnailUrl\":\"https:\\\/\\\/diariotextual.com\\\/inicio\\\/wp-content\\\/uploads\\\/2018\\\/09\\\/carnefrigorifico.jpg\",\"datePublished\":\"2019-09-08T23:02:27+00:00\",\"dateModified\":\"2019-09-09T10:14:45+00:00\",\"breadcrumb\":{\"@id\":\"https:\\\/\\\/diariotextual.com\\\/inicio\\\/index.php\\\/2019\\\/09\\\/08\\\/gremio-dice-echaron-patadas-al-quiere-comprar-frigorifico-acha\\\/#breadcrumb\"},\"inLanguage\":\"es\",\"potentialAction\":[{\"@type\":\"ReadAction\",\"target\":[\"https:\\\/\\\/diariotextual.com\\\/inicio\\\/index.php\\\/2019\\\/09\\\/08\\\/gremio-dice-echaron-patadas-al-quiere-comprar-frigorifico-acha\\\/\"]}]},{\"@type\":\"ImageObject\",\"inLanguage\":\"es\",\"@id\":\"https:\\\/\\\/diariotextual.com\\\/inicio\\\/index.php\\\/2019\\\/09\\\/08\\\/gremio-dice-echaron-patadas-al-quiere-comprar-frigorifico-acha\\\/#primaryimage\",\"url\":\"https:\\\/\\\/diariotextual.com\\\/inicio\\\/wp-content\\\/uploads\\\/2018\\\/09\\\/carnefrigorifico.jpg\",\"contentUrl\":\"https:\\\/\\\/diariotextual.com\\\/inicio\\\/wp-content\\\/uploads\\\/2018\\\/09\\\/carnefrigorifico.jpg\",\"width\":1004,\"height\":564},{\"@type\":\"BreadcrumbList\",\"@id\":\"https:\\\/\\\/diariotextual.com\\\/inicio\\\/index.php\\\/2019\\\/09\\\/08\\\/gremio-dice-echaron-patadas-al-quiere-comprar-frigorifico-acha\\\/#breadcrumb\",\"itemListElement\":[{\"@type\":\"ListItem\",\"position\":1,\"name\":\"Portada\",\"item\":\"https:\\\/\\\/diariotextual.com\\\/inicio\\\/\"},{\"@type\":\"ListItem\",\"position\":2,\"name\":\"Gremio dice que echaron \u00aba patadas\u00bb al que quiere comprar el Frigor\u00edfico Acha\"}]},{\"@type\":\"WebSite\",\"@id\":\"https:\\\/\\\/diariotextual.com\\\/inicio\\\/#website\",\"url\":\"https:\\\/\\\/diariotextual.com\\\/inicio\\\/\",\"name\":\"Diario Textual\",\"description\":\"\",\"publisher\":{\"@id\":\"https:\\\/\\\/diariotextual.com\\\/inicio\\\/#organization\"},\"potentialAction\":[{\"@type\":\"SearchAction\",\"target\":{\"@type\":\"EntryPoint\",\"urlTemplate\":\"https:\\\/\\\/diariotextual.com\\\/inicio\\\/?s={search_term_string}\"},\"query-input\":{\"@type\":\"PropertyValueSpecification\",\"valueRequired\":true,\"valueName\":\"search_term_string\"}}],\"inLanguage\":\"es\"},{\"@type\":\"Organization\",\"@id\":\"https:\\\/\\\/diariotextual.com\\\/inicio\\\/#organization\",\"name\":\"Diario Textual\",\"url\":\"https:\\\/\\\/diariotextual.com\\\/inicio\\\/\",\"logo\":{\"@type\":\"ImageObject\",\"inLanguage\":\"es\",\"@id\":\"https:\\\/\\\/diariotextual.com\\\/inicio\\\/#\\\/schema\\\/logo\\\/image\\\/\",\"url\":\"https:\\\/\\\/diariotextual.com\\\/inicio\\\/wp-content\\\/uploads\\\/2023\\\/05\\\/logotextual1.jpg\",\"contentUrl\":\"https:\\\/\\\/diariotextual.com\\\/inicio\\\/wp-content\\\/uploads\\\/2023\\\/05\\\/logotextual1.jpg\",\"width\":516,\"height\":76,\"caption\":\"Diario Textual\"},\"image\":{\"@id\":\"https:\\\/\\\/diariotextual.com\\\/inicio\\\/#\\\/schema\\\/logo\\\/image\\\/\"},\"sameAs\":[\"https:\\\/\\\/www.facebook.com\\\/eltextual\",\"https:\\\/\\\/x.com\\\/eltextual\",\"http:\\\/\\\/www.instagram.com\\\/eltextual\"]},{\"@type\":\"Person\",\"@id\":\"https:\\\/\\\/diariotextual.com\\\/inicio\\\/#\\\/schema\\\/person\\\/418fc4093c33e86ed41562db3508f958\",\"name\":\"Diario1 Diario1\",\"image\":{\"@type\":\"ImageObject\",\"inLanguage\":\"es\",\"@id\":\"https:\\\/\\\/secure.gravatar.com\\\/avatar\\\/9167d280179c85bc18be67aa7eda765854300033af4896dd779b608640f2ef7a?s=96&d=mm&r=g\",\"url\":\"https:\\\/\\\/secure.gravatar.com\\\/avatar\\\/9167d280179c85bc18be67aa7eda765854300033af4896dd779b608640f2ef7a?s=96&d=mm&r=g\",\"contentUrl\":\"https:\\\/\\\/secure.gravatar.com\\\/avatar\\\/9167d280179c85bc18be67aa7eda765854300033af4896dd779b608640f2ef7a?s=96&d=mm&r=g\",\"caption\":\"Diario1 Diario1\"},\"url\":\"https:\\\/\\\/diariotextual.com\\\/inicio\\\/index.php\\\/author\\\/diario1\\\/\"}]}<\/script>\n<!-- \/ Yoast SEO plugin. -->","yoast_head_json":{"title":"Gremio dice que echaron \"a patadas\" al que quiere comprar el Frigor\u00edfico Acha - Diario Textual","robots":{"index":"index","follow":"follow","max-snippet":"max-snippet:-1","max-image-preview":"max-image-preview:large","max-video-preview":"max-video-preview:-1"},"canonical":"https:\/\/diariotextual.com\/inicio\/index.php\/2019\/09\/08\/gremio-dice-echaron-patadas-al-quiere-comprar-frigorifico-acha\/","og_locale":"es_ES","og_type":"article","og_title":"Gremio dice que echaron \"a patadas\" al que quiere comprar el Frigor\u00edfico Acha - Diario Textual","og_description":"Una empresa de la ciudad de Buenos Aires est\u00e1 a punto de adquirir la planta donde funcion\u00f3 el Frigor\u00edfico General Acha en las pr\u00f3ximas horas. El representante de la firma,\u00a0Flacsi&hellip;","og_url":"https:\/\/diariotextual.com\/inicio\/index.php\/2019\/09\/08\/gremio-dice-echaron-patadas-al-quiere-comprar-frigorifico-acha\/","og_site_name":"Diario Textual","article_publisher":"https:\/\/www.facebook.com\/eltextual","article_published_time":"2019-09-08T23:02:27+00:00","article_modified_time":"2019-09-09T10:14:45+00:00","og_image":[{"width":1004,"height":564,"url":"https:\/\/diariotextual.com\/inicio\/wp-content\/uploads\/2018\/09\/carnefrigorifico.jpg","type":"image\/jpeg"}],"author":"Diario1 Diario1","twitter_card":"summary_large_image","twitter_creator":"@eltextual","twitter_site":"@eltextual","twitter_misc":{"Escrito por":"Diario1 Diario1","Tiempo de lectura":"2 minutos"},"schema":{"@context":"https:\/\/schema.org","@graph":[{"@type":"Article","@id":"https:\/\/diariotextual.com\/inicio\/index.php\/2019\/09\/08\/gremio-dice-echaron-patadas-al-quiere-comprar-frigorifico-acha\/#article","isPartOf":{"@id":"https:\/\/diariotextual.com\/inicio\/index.php\/2019\/09\/08\/gremio-dice-echaron-patadas-al-quiere-comprar-frigorifico-acha\/"},"author":{"name":"Diario1 Diario1","@id":"https:\/\/diariotextual.com\/inicio\/#\/schema\/person\/418fc4093c33e86ed41562db3508f958"},"headline":"Gremio dice que echaron \u00aba patadas\u00bb al que quiere comprar el Frigor\u00edfico Acha","datePublished":"2019-09-08T23:02:27+00:00","dateModified":"2019-09-09T10:14:45+00:00","mainEntityOfPage":{"@id":"https:\/\/diariotextual.com\/inicio\/index.php\/2019\/09\/08\/gremio-dice-echaron-patadas-al-quiere-comprar-frigorifico-acha\/"},"wordCount":358,"publisher":{"@id":"https:\/\/diariotextual.com\/inicio\/#organization"},"image":{"@id":"https:\/\/diariotextual.com\/inicio\/index.php\/2019\/09\/08\/gremio-dice-echaron-patadas-al-quiere-comprar-frigorifico-acha\/#primaryimage"},"thumbnailUrl":"https:\/\/diariotextual.com\/inicio\/wp-content\/uploads\/2018\/09\/carnefrigorifico.jpg","articleSection":["A - QUE PASA (al costado)","A - TEMPORALES","CAMPO"],"inLanguage":"es"},{"@type":"WebPage","@id":"https:\/\/diariotextual.com\/inicio\/index.php\/2019\/09\/08\/gremio-dice-echaron-patadas-al-quiere-comprar-frigorifico-acha\/","url":"https:\/\/diariotextual.com\/inicio\/index.php\/2019\/09\/08\/gremio-dice-echaron-patadas-al-quiere-comprar-frigorifico-acha\/","name":"Gremio dice que echaron \"a patadas\" al que quiere comprar el Frigor\u00edfico Acha - Diario Textual","isPartOf":{"@id":"https:\/\/diariotextual.com\/inicio\/#website"},"primaryImageOfPage":{"@id":"https:\/\/diariotextual.com\/inicio\/index.php\/2019\/09\/08\/gremio-dice-echaron-patadas-al-quiere-comprar-frigorifico-acha\/#primaryimage"},"image":{"@id":"https:\/\/diariotextual.com\/inicio\/index.php\/2019\/09\/08\/gremio-dice-echaron-patadas-al-quiere-comprar-frigorifico-acha\/#primaryimage"},"thumbnailUrl":"https:\/\/diariotextual.com\/inicio\/wp-content\/uploads\/2018\/09\/carnefrigorifico.jpg","datePublished":"2019-09-08T23:02:27+00:00","dateModified":"2019-09-09T10:14:45+00:00","breadcrumb":{"@id":"https:\/\/diariotextual.com\/inicio\/index.php\/2019\/09\/08\/gremio-dice-echaron-patadas-al-quiere-comprar-frigorifico-acha\/#breadcrumb"},"inLanguage":"es","potentialAction":[{"@type":"ReadAction","target":["https:\/\/diariotextual.com\/inicio\/index.php\/2019\/09\/08\/gremio-dice-echaron-patadas-al-quiere-comprar-frigorifico-acha\/"]}]},{"@type":"ImageObject","inLanguage":"es","@id":"https:\/\/diariotextual.com\/inicio\/index.php\/2019\/09\/08\/gremio-dice-echaron-patadas-al-quiere-comprar-frigorifico-acha\/#primaryimage","url":"https:\/\/diariotextual.com\/inicio\/wp-content\/uploads\/2018\/09\/carnefrigorifico.jpg","contentUrl":"https:\/\/diariotextual.com\/inicio\/wp-content\/uploads\/2018\/09\/carnefrigorifico.jpg","width":1004,"height":564},{"@type":"BreadcrumbList","@id":"https:\/\/diariotextual.com\/inicio\/index.php\/2019\/09\/08\/gremio-dice-echaron-patadas-al-quiere-comprar-frigorifico-acha\/#breadcrumb","itemListElement":[{"@type":"ListItem","position":1,"name":"Portada","item":"https:\/\/diariotextual.com\/inicio\/"},{"@type":"ListItem","position":2,"name":"Gremio dice que echaron \u00aba patadas\u00bb al que quiere comprar el Frigor\u00edfico Acha"}]},{"@type":"WebSite","@id":"https:\/\/diariotextual.com\/inicio\/#website","url":"https:\/\/diariotextual.com\/inicio\/","name":"Diario Textual","description":"","publisher":{"@id":"https:\/\/diariotextual.com\/inicio\/#organization"},"potentialAction":[{"@type":"SearchAction","target":{"@type":"EntryPoint","urlTemplate":"https:\/\/diariotextual.com\/inicio\/?s={search_term_string}"},"query-input":{"@type":"PropertyValueSpecification","valueRequired":true,"valueName":"search_term_string"}}],"inLanguage":"es"},{"@type":"Organization","@id":"https:\/\/diariotextual.com\/inicio\/#organization","name":"Diario Textual","url":"https:\/\/diariotextual.com\/inicio\/","logo":{"@type":"ImageObject","inLanguage":"es","@id":"https:\/\/diariotextual.com\/inicio\/#\/schema\/logo\/image\/","url":"https:\/\/diariotextual.com\/inicio\/wp-content\/uploads\/2023\/05\/logotextual1.jpg","contentUrl":"https:\/\/diariotextual.com\/inicio\/wp-content\/uploads\/2023\/05\/logotextual1.jpg","width":516,"height":76,"caption":"Diario Textual"},"image":{"@id":"https:\/\/diariotextual.com\/inicio\/#\/schema\/logo\/image\/"},"sameAs":["https:\/\/www.facebook.com\/eltextual","https:\/\/x.com\/eltextual","http:\/\/www.instagram.com\/eltextual"]},{"@type":"Person","@id":"https:\/\/diariotextual.com\/inicio\/#\/schema\/person\/418fc4093c33e86ed41562db3508f958","name":"Diario1 Diario1","image":{"@type":"ImageObject","inLanguage":"es","@id":"https:\/\/secure.gravatar.com\/avatar\/9167d280179c85bc18be67aa7eda765854300033af4896dd779b608640f2ef7a?s=96&d=mm&r=g","url":"https:\/\/secure.gravatar.com\/avatar\/9167d280179c85bc18be67aa7eda765854300033af4896dd779b608640f2ef7a?s=96&d=mm&r=g","contentUrl":"https:\/\/secure.gravatar.com\/avatar\/9167d280179c85bc18be67aa7eda765854300033af4896dd779b608640f2ef7a?s=96&d=mm&r=g","caption":"Diario1 Diario1"},"url":"https:\/\/diariotextual.com\/inicio\/index.php\/author\/diario1\/"}]}},"_links":{"self":[{"href":"https:\/\/diariotextual.com\/inicio\/index.php\/wp-json\/wp\/v2\/posts\/62054","targetHints":{"allow":["GET"]}}],"collection":[{"href":"https:\/\/diariotextual.com\/inicio\/index.php\/wp-json\/wp\/v2\/posts"}],"about":[{"href":"https:\/\/diariotextual.com\/inicio\/index.php\/wp-json\/wp\/v2\/types\/post"}],"author":[{"embeddable":true,"href":"https:\/\/diariotextual.com\/inicio\/index.php\/wp-json\/wp\/v2\/users\/3"}],"replies":[{"embeddable":true,"href":"https:\/\/diariotextual.com\/inicio\/index.php\/wp-json\/wp\/v2\/comments?post=62054"}],"version-history":[{"count":1,"href":"https:\/\/diariotextual.com\/inicio\/index.php\/wp-json\/wp\/v2\/posts\/62054\/revisions"}],"predecessor-version":[{"id":62055,"href":"https:\/\/diariotextual.com\/inicio\/index.php\/wp-json\/wp\/v2\/posts\/62054\/revisions\/62055"}],"wp:featuredmedia":[{"embeddable":true,"href":"https:\/\/diariotextual.com\/inicio\/index.php\/wp-json\/wp\/v2\/media\/20550"}],"wp:attachment":[{"href":"https:\/\/diariotextual.com\/inicio\/index.php\/wp-json\/wp\/v2\/media?parent=62054"}],"wp:term":[{"taxonomy":"category","embeddable":true,"href":"https:\/\/diariotextual.com\/inicio\/index.php\/wp-json\/wp\/v2\/categories?post=62054"},{"taxonomy":"post_tag","embeddable":true,"href":"https:\/\/diariotextual.com\/inicio\/index.php\/wp-json\/wp\/v2\/tags?post=62054"}],"curies":[{"name":"wp","href":"https:\/\/api.w.org\/{rel}","templated":true}]}}