{"id":62211,"date":"2019-09-10T10:13:55","date_gmt":"2019-09-10T13:13:55","guid":{"rendered":"http:\/\/diariotextual.com\/inicio\/?p=62211"},"modified":"2019-09-10T13:24:51","modified_gmt":"2019-09-10T16:24:51","slug":"dia-del-maestro-lucha-docentes-pampeanos-hacen-jornada-hambre","status":"publish","type":"post","link":"https:\/\/diariotextual.com\/inicio\/index.php\/2019\/09\/10\/dia-del-maestro-lucha-docentes-pampeanos-hacen-jornada-hambre\/","title":{"rendered":"D\u00eda del Maestro en lucha: docentes pampeanos hacen jornada contra el hambre"},"content":{"rendered":"<p><strong>\u201cCon hambre no se puede ense\u00f1ar ni aprender\u201d.\u00a0<\/strong>Con esa consigna, este mi\u00e9rcoles 11, D\u00eda de la Maestra y el Maestro, la docencia de todo el pa\u00eds protagonizar\u00e1 una jornada de lucha en todo el pa\u00eds. En La Pampa, la actividad se desarrollar\u00e1 en el Sal\u00f3n de CPE de Santa Rosa (1\u00b0 de Mayo entre J. Ferro y Ra\u00fal B. D\u00edaz) a partir de las 14 horas.<\/p>\n<p>Ser\u00e1 en el D\u00eda de la Maestra y el Maestro con actividades culturales, recreativas y art\u00edsticas, en la que tambi\u00e9n se sumar\u00e1n chicas, chicos y familias, con la meta de denunciar la pobreza creciente y reclamar por la emergencia alimentaria. \u201cLa tarea de ense\u00f1ar y pensar un futuro mejor tienen que estar unidas a nuestro trabajo\u201d, expres\u00f3 la secretaria general de UTELPa, Lilia L\u00f3pez.<\/p>\n<p>La decisi\u00f3n de convertir el D\u00eda de la Maestra y del Maestro en una jornada nacional de lucha contra el hambre fue anunciada y acordada en CTERA para replicar en todas la jurisdicciones del pa\u00eds.<\/p>\n<p><img fetchpriority=\"high\" decoding=\"async\" class=\"alignnone size-medium wp-image-62213\" src=\"http:\/\/diariotextual.com\/inicio\/wp-content\/uploads\/2019\/09\/utelpadiamaestrojornada2019-1-300x259.jpeg\" alt=\"\" width=\"300\" height=\"259\" srcset=\"https:\/\/diariotextual.com\/inicio\/wp-content\/uploads\/2019\/09\/utelpadiamaestrojornada2019-1-300x259.jpeg 300w, https:\/\/diariotextual.com\/inicio\/wp-content\/uploads\/2019\/09\/utelpadiamaestrojornada2019-1-768x664.jpeg 768w, https:\/\/diariotextual.com\/inicio\/wp-content\/uploads\/2019\/09\/utelpadiamaestrojornada2019-1-1024x886.jpeg 1024w, https:\/\/diariotextual.com\/inicio\/wp-content\/uploads\/2019\/09\/utelpadiamaestrojornada2019-1-1170x1012.jpeg 1170w, https:\/\/diariotextual.com\/inicio\/wp-content\/uploads\/2019\/09\/utelpadiamaestrojornada2019-1-585x506.jpeg 585w, https:\/\/diariotextual.com\/inicio\/wp-content\/uploads\/2019\/09\/utelpadiamaestrojornada2019-1.jpeg 1280w\" sizes=\"(max-width: 300px) 100vw, 300px\" \/><\/p>\n<p>&nbsp;<\/p>\n<p>&nbsp;<\/p>\n<p>&nbsp;<\/p>\n<p>&nbsp;<\/p>\n","protected":false},"excerpt":{"rendered":"<p>\u201cCon hambre no se puede ense\u00f1ar ni aprender\u201d.\u00a0Con esa consigna, este mi\u00e9rcoles 11, D\u00eda de la Maestra y el Maestro, la docencia de todo el pa\u00eds protagonizar\u00e1 una jornada de&hellip;<\/p>\n","protected":false},"author":3,"featured_media":62216,"comment_status":"closed","ping_status":"open","sticky":false,"template":"","format":"standard","meta":{"_acf_changed":false,"footnotes":""},"categories":[1,11,319,12],"tags":[],"class_list":["post-62211","post","type-post","status-publish","format-standard","has-post-thumbnail","hentry","category-es-noticia","category-que-pasa","category-a-temporales","category-sociedad"],"acf":[],"yoast_head":"<!-- This site is optimized with the Yoast SEO plugin v27.5 - https:\/\/yoast.com\/product\/yoast-seo-wordpress\/ -->\n<title>D\u00eda del Maestro en lucha: docentes pampeanos hacen jornada contra el hambre - Diario Textual<\/title>\n<meta name=\"robots\" content=\"index, follow, max-snippet:-1, max-image-preview:large, max-video-preview:-1\" \/>\n<link rel=\"canonical\" href=\"https:\/\/diariotextual.com\/inicio\/index.php\/2019\/09\/10\/dia-del-maestro-lucha-docentes-pampeanos-hacen-jornada-hambre\/\" \/>\n<meta property=\"og:locale\" content=\"es_ES\" \/>\n<meta property=\"og:type\" content=\"article\" \/>\n<meta property=\"og:title\" content=\"D\u00eda del Maestro en lucha: docentes pampeanos hacen jornada contra el hambre - Diario Textual\" \/>\n<meta property=\"og:description\" content=\"\u201cCon hambre no se puede ense\u00f1ar ni aprender\u201d.\u00a0Con esa consigna, este mi\u00e9rcoles 11, D\u00eda de la Maestra y el Maestro, la docencia de todo el pa\u00eds protagonizar\u00e1 una jornada de&hellip;\" \/>\n<meta property=\"og:url\" content=\"https:\/\/diariotextual.com\/inicio\/index.php\/2019\/09\/10\/dia-del-maestro-lucha-docentes-pampeanos-hacen-jornada-hambre\/\" \/>\n<meta property=\"og:site_name\" content=\"Diario Textual\" \/>\n<meta property=\"article:publisher\" content=\"https:\/\/www.facebook.com\/eltextual\" \/>\n<meta property=\"article:published_time\" content=\"2019-09-10T13:13:55+00:00\" \/>\n<meta property=\"article:modified_time\" content=\"2019-09-10T16:24:51+00:00\" \/>\n<meta property=\"og:image\" content=\"https:\/\/diariotextual.com\/inicio\/wp-content\/uploads\/2019\/09\/utelpadocentes333.jpg\" \/>\n\t<meta property=\"og:image:width\" content=\"884\" \/>\n\t<meta property=\"og:image:height\" content=\"465\" \/>\n\t<meta property=\"og:image:type\" content=\"image\/jpeg\" \/>\n<meta name=\"author\" content=\"Diario1 Diario1\" \/>\n<meta name=\"twitter:card\" content=\"summary_large_image\" \/>\n<meta name=\"twitter:creator\" content=\"@eltextual\" \/>\n<meta name=\"twitter:site\" content=\"@eltextual\" \/>\n<meta name=\"twitter:label1\" content=\"Escrito por\" \/>\n\t<meta name=\"twitter:data1\" content=\"Diario1 Diario1\" \/>\n\t<meta name=\"twitter:label2\" content=\"Tiempo de lectura\" \/>\n\t<meta name=\"twitter:data2\" content=\"1 minuto\" \/>\n<script type=\"application\/ld+json\" class=\"yoast-schema-graph\">{\"@context\":\"https:\\\/\\\/schema.org\",\"@graph\":[{\"@type\":\"Article\",\"@id\":\"https:\\\/\\\/diariotextual.com\\\/inicio\\\/index.php\\\/2019\\\/09\\\/10\\\/dia-del-maestro-lucha-docentes-pampeanos-hacen-jornada-hambre\\\/#article\",\"isPartOf\":{\"@id\":\"https:\\\/\\\/diariotextual.com\\\/inicio\\\/index.php\\\/2019\\\/09\\\/10\\\/dia-del-maestro-lucha-docentes-pampeanos-hacen-jornada-hambre\\\/\"},\"author\":{\"name\":\"Diario1 Diario1\",\"@id\":\"https:\\\/\\\/diariotextual.com\\\/inicio\\\/#\\\/schema\\\/person\\\/418fc4093c33e86ed41562db3508f958\"},\"headline\":\"D\u00eda del Maestro en lucha: docentes pampeanos hacen jornada contra el hambre\",\"datePublished\":\"2019-09-10T13:13:55+00:00\",\"dateModified\":\"2019-09-10T16:24:51+00:00\",\"mainEntityOfPage\":{\"@id\":\"https:\\\/\\\/diariotextual.com\\\/inicio\\\/index.php\\\/2019\\\/09\\\/10\\\/dia-del-maestro-lucha-docentes-pampeanos-hacen-jornada-hambre\\\/\"},\"wordCount\":197,\"publisher\":{\"@id\":\"https:\\\/\\\/diariotextual.com\\\/inicio\\\/#organization\"},\"image\":{\"@id\":\"https:\\\/\\\/diariotextual.com\\\/inicio\\\/index.php\\\/2019\\\/09\\\/10\\\/dia-del-maestro-lucha-docentes-pampeanos-hacen-jornada-hambre\\\/#primaryimage\"},\"thumbnailUrl\":\"https:\\\/\\\/diariotextual.com\\\/inicio\\\/wp-content\\\/uploads\\\/2019\\\/09\\\/utelpadocentes333.jpg\",\"articleSection\":[\"A - ES NOTICIA (van abajo)\",\"A - QUE PASA (al costado)\",\"A - TEMPORALES\",\"SOCIEDAD\"],\"inLanguage\":\"es\"},{\"@type\":\"WebPage\",\"@id\":\"https:\\\/\\\/diariotextual.com\\\/inicio\\\/index.php\\\/2019\\\/09\\\/10\\\/dia-del-maestro-lucha-docentes-pampeanos-hacen-jornada-hambre\\\/\",\"url\":\"https:\\\/\\\/diariotextual.com\\\/inicio\\\/index.php\\\/2019\\\/09\\\/10\\\/dia-del-maestro-lucha-docentes-pampeanos-hacen-jornada-hambre\\\/\",\"name\":\"D\u00eda del Maestro en lucha: docentes pampeanos hacen jornada contra el hambre - Diario Textual\",\"isPartOf\":{\"@id\":\"https:\\\/\\\/diariotextual.com\\\/inicio\\\/#website\"},\"primaryImageOfPage\":{\"@id\":\"https:\\\/\\\/diariotextual.com\\\/inicio\\\/index.php\\\/2019\\\/09\\\/10\\\/dia-del-maestro-lucha-docentes-pampeanos-hacen-jornada-hambre\\\/#primaryimage\"},\"image\":{\"@id\":\"https:\\\/\\\/diariotextual.com\\\/inicio\\\/index.php\\\/2019\\\/09\\\/10\\\/dia-del-maestro-lucha-docentes-pampeanos-hacen-jornada-hambre\\\/#primaryimage\"},\"thumbnailUrl\":\"https:\\\/\\\/diariotextual.com\\\/inicio\\\/wp-content\\\/uploads\\\/2019\\\/09\\\/utelpadocentes333.jpg\",\"datePublished\":\"2019-09-10T13:13:55+00:00\",\"dateModified\":\"2019-09-10T16:24:51+00:00\",\"breadcrumb\":{\"@id\":\"https:\\\/\\\/diariotextual.com\\\/inicio\\\/index.php\\\/2019\\\/09\\\/10\\\/dia-del-maestro-lucha-docentes-pampeanos-hacen-jornada-hambre\\\/#breadcrumb\"},\"inLanguage\":\"es\",\"potentialAction\":[{\"@type\":\"ReadAction\",\"target\":[\"https:\\\/\\\/diariotextual.com\\\/inicio\\\/index.php\\\/2019\\\/09\\\/10\\\/dia-del-maestro-lucha-docentes-pampeanos-hacen-jornada-hambre\\\/\"]}]},{\"@type\":\"ImageObject\",\"inLanguage\":\"es\",\"@id\":\"https:\\\/\\\/diariotextual.com\\\/inicio\\\/index.php\\\/2019\\\/09\\\/10\\\/dia-del-maestro-lucha-docentes-pampeanos-hacen-jornada-hambre\\\/#primaryimage\",\"url\":\"https:\\\/\\\/diariotextual.com\\\/inicio\\\/wp-content\\\/uploads\\\/2019\\\/09\\\/utelpadocentes333.jpg\",\"contentUrl\":\"https:\\\/\\\/diariotextual.com\\\/inicio\\\/wp-content\\\/uploads\\\/2019\\\/09\\\/utelpadocentes333.jpg\",\"width\":884,\"height\":465},{\"@type\":\"BreadcrumbList\",\"@id\":\"https:\\\/\\\/diariotextual.com\\\/inicio\\\/index.php\\\/2019\\\/09\\\/10\\\/dia-del-maestro-lucha-docentes-pampeanos-hacen-jornada-hambre\\\/#breadcrumb\",\"itemListElement\":[{\"@type\":\"ListItem\",\"position\":1,\"name\":\"Portada\",\"item\":\"https:\\\/\\\/diariotextual.com\\\/inicio\\\/\"},{\"@type\":\"ListItem\",\"position\":2,\"name\":\"D\u00eda del Maestro en lucha: docentes pampeanos hacen jornada contra el hambre\"}]},{\"@type\":\"WebSite\",\"@id\":\"https:\\\/\\\/diariotextual.com\\\/inicio\\\/#website\",\"url\":\"https:\\\/\\\/diariotextual.com\\\/inicio\\\/\",\"name\":\"Diario Textual\",\"description\":\"\",\"publisher\":{\"@id\":\"https:\\\/\\\/diariotextual.com\\\/inicio\\\/#organization\"},\"potentialAction\":[{\"@type\":\"SearchAction\",\"target\":{\"@type\":\"EntryPoint\",\"urlTemplate\":\"https:\\\/\\\/diariotextual.com\\\/inicio\\\/?s={search_term_string}\"},\"query-input\":{\"@type\":\"PropertyValueSpecification\",\"valueRequired\":true,\"valueName\":\"search_term_string\"}}],\"inLanguage\":\"es\"},{\"@type\":\"Organization\",\"@id\":\"https:\\\/\\\/diariotextual.com\\\/inicio\\\/#organization\",\"name\":\"Diario Textual\",\"url\":\"https:\\\/\\\/diariotextual.com\\\/inicio\\\/\",\"logo\":{\"@type\":\"ImageObject\",\"inLanguage\":\"es\",\"@id\":\"https:\\\/\\\/diariotextual.com\\\/inicio\\\/#\\\/schema\\\/logo\\\/image\\\/\",\"url\":\"https:\\\/\\\/diariotextual.com\\\/inicio\\\/wp-content\\\/uploads\\\/2023\\\/05\\\/logotextual1.jpg\",\"contentUrl\":\"https:\\\/\\\/diariotextual.com\\\/inicio\\\/wp-content\\\/uploads\\\/2023\\\/05\\\/logotextual1.jpg\",\"width\":516,\"height\":76,\"caption\":\"Diario Textual\"},\"image\":{\"@id\":\"https:\\\/\\\/diariotextual.com\\\/inicio\\\/#\\\/schema\\\/logo\\\/image\\\/\"},\"sameAs\":[\"https:\\\/\\\/www.facebook.com\\\/eltextual\",\"https:\\\/\\\/x.com\\\/eltextual\",\"http:\\\/\\\/www.instagram.com\\\/eltextual\"]},{\"@type\":\"Person\",\"@id\":\"https:\\\/\\\/diariotextual.com\\\/inicio\\\/#\\\/schema\\\/person\\\/418fc4093c33e86ed41562db3508f958\",\"name\":\"Diario1 Diario1\",\"image\":{\"@type\":\"ImageObject\",\"inLanguage\":\"es\",\"@id\":\"https:\\\/\\\/secure.gravatar.com\\\/avatar\\\/9167d280179c85bc18be67aa7eda765854300033af4896dd779b608640f2ef7a?s=96&d=mm&r=g\",\"url\":\"https:\\\/\\\/secure.gravatar.com\\\/avatar\\\/9167d280179c85bc18be67aa7eda765854300033af4896dd779b608640f2ef7a?s=96&d=mm&r=g\",\"contentUrl\":\"https:\\\/\\\/secure.gravatar.com\\\/avatar\\\/9167d280179c85bc18be67aa7eda765854300033af4896dd779b608640f2ef7a?s=96&d=mm&r=g\",\"caption\":\"Diario1 Diario1\"},\"url\":\"https:\\\/\\\/diariotextual.com\\\/inicio\\\/index.php\\\/author\\\/diario1\\\/\"}]}<\/script>\n<!-- \/ Yoast SEO plugin. -->","yoast_head_json":{"title":"D\u00eda del Maestro en lucha: docentes pampeanos hacen jornada contra el hambre - Diario Textual","robots":{"index":"index","follow":"follow","max-snippet":"max-snippet:-1","max-image-preview":"max-image-preview:large","max-video-preview":"max-video-preview:-1"},"canonical":"https:\/\/diariotextual.com\/inicio\/index.php\/2019\/09\/10\/dia-del-maestro-lucha-docentes-pampeanos-hacen-jornada-hambre\/","og_locale":"es_ES","og_type":"article","og_title":"D\u00eda del Maestro en lucha: docentes pampeanos hacen jornada contra el hambre - Diario Textual","og_description":"\u201cCon hambre no se puede ense\u00f1ar ni aprender\u201d.\u00a0Con esa consigna, este mi\u00e9rcoles 11, D\u00eda de la Maestra y el Maestro, la docencia de todo el pa\u00eds protagonizar\u00e1 una jornada de&hellip;","og_url":"https:\/\/diariotextual.com\/inicio\/index.php\/2019\/09\/10\/dia-del-maestro-lucha-docentes-pampeanos-hacen-jornada-hambre\/","og_site_name":"Diario Textual","article_publisher":"https:\/\/www.facebook.com\/eltextual","article_published_time":"2019-09-10T13:13:55+00:00","article_modified_time":"2019-09-10T16:24:51+00:00","og_image":[{"width":884,"height":465,"url":"https:\/\/diariotextual.com\/inicio\/wp-content\/uploads\/2019\/09\/utelpadocentes333.jpg","type":"image\/jpeg"}],"author":"Diario1 Diario1","twitter_card":"summary_large_image","twitter_creator":"@eltextual","twitter_site":"@eltextual","twitter_misc":{"Escrito por":"Diario1 Diario1","Tiempo de lectura":"1 minuto"},"schema":{"@context":"https:\/\/schema.org","@graph":[{"@type":"Article","@id":"https:\/\/diariotextual.com\/inicio\/index.php\/2019\/09\/10\/dia-del-maestro-lucha-docentes-pampeanos-hacen-jornada-hambre\/#article","isPartOf":{"@id":"https:\/\/diariotextual.com\/inicio\/index.php\/2019\/09\/10\/dia-del-maestro-lucha-docentes-pampeanos-hacen-jornada-hambre\/"},"author":{"name":"Diario1 Diario1","@id":"https:\/\/diariotextual.com\/inicio\/#\/schema\/person\/418fc4093c33e86ed41562db3508f958"},"headline":"D\u00eda del Maestro en lucha: docentes pampeanos hacen jornada contra el hambre","datePublished":"2019-09-10T13:13:55+00:00","dateModified":"2019-09-10T16:24:51+00:00","mainEntityOfPage":{"@id":"https:\/\/diariotextual.com\/inicio\/index.php\/2019\/09\/10\/dia-del-maestro-lucha-docentes-pampeanos-hacen-jornada-hambre\/"},"wordCount":197,"publisher":{"@id":"https:\/\/diariotextual.com\/inicio\/#organization"},"image":{"@id":"https:\/\/diariotextual.com\/inicio\/index.php\/2019\/09\/10\/dia-del-maestro-lucha-docentes-pampeanos-hacen-jornada-hambre\/#primaryimage"},"thumbnailUrl":"https:\/\/diariotextual.com\/inicio\/wp-content\/uploads\/2019\/09\/utelpadocentes333.jpg","articleSection":["A - ES NOTICIA (van abajo)","A - QUE PASA (al costado)","A - TEMPORALES","SOCIEDAD"],"inLanguage":"es"},{"@type":"WebPage","@id":"https:\/\/diariotextual.com\/inicio\/index.php\/2019\/09\/10\/dia-del-maestro-lucha-docentes-pampeanos-hacen-jornada-hambre\/","url":"https:\/\/diariotextual.com\/inicio\/index.php\/2019\/09\/10\/dia-del-maestro-lucha-docentes-pampeanos-hacen-jornada-hambre\/","name":"D\u00eda del Maestro en lucha: docentes pampeanos hacen jornada contra el hambre - Diario Textual","isPartOf":{"@id":"https:\/\/diariotextual.com\/inicio\/#website"},"primaryImageOfPage":{"@id":"https:\/\/diariotextual.com\/inicio\/index.php\/2019\/09\/10\/dia-del-maestro-lucha-docentes-pampeanos-hacen-jornada-hambre\/#primaryimage"},"image":{"@id":"https:\/\/diariotextual.com\/inicio\/index.php\/2019\/09\/10\/dia-del-maestro-lucha-docentes-pampeanos-hacen-jornada-hambre\/#primaryimage"},"thumbnailUrl":"https:\/\/diariotextual.com\/inicio\/wp-content\/uploads\/2019\/09\/utelpadocentes333.jpg","datePublished":"2019-09-10T13:13:55+00:00","dateModified":"2019-09-10T16:24:51+00:00","breadcrumb":{"@id":"https:\/\/diariotextual.com\/inicio\/index.php\/2019\/09\/10\/dia-del-maestro-lucha-docentes-pampeanos-hacen-jornada-hambre\/#breadcrumb"},"inLanguage":"es","potentialAction":[{"@type":"ReadAction","target":["https:\/\/diariotextual.com\/inicio\/index.php\/2019\/09\/10\/dia-del-maestro-lucha-docentes-pampeanos-hacen-jornada-hambre\/"]}]},{"@type":"ImageObject","inLanguage":"es","@id":"https:\/\/diariotextual.com\/inicio\/index.php\/2019\/09\/10\/dia-del-maestro-lucha-docentes-pampeanos-hacen-jornada-hambre\/#primaryimage","url":"https:\/\/diariotextual.com\/inicio\/wp-content\/uploads\/2019\/09\/utelpadocentes333.jpg","contentUrl":"https:\/\/diariotextual.com\/inicio\/wp-content\/uploads\/2019\/09\/utelpadocentes333.jpg","width":884,"height":465},{"@type":"BreadcrumbList","@id":"https:\/\/diariotextual.com\/inicio\/index.php\/2019\/09\/10\/dia-del-maestro-lucha-docentes-pampeanos-hacen-jornada-hambre\/#breadcrumb","itemListElement":[{"@type":"ListItem","position":1,"name":"Portada","item":"https:\/\/diariotextual.com\/inicio\/"},{"@type":"ListItem","position":2,"name":"D\u00eda del Maestro en lucha: docentes pampeanos hacen jornada contra el hambre"}]},{"@type":"WebSite","@id":"https:\/\/diariotextual.com\/inicio\/#website","url":"https:\/\/diariotextual.com\/inicio\/","name":"Diario Textual","description":"","publisher":{"@id":"https:\/\/diariotextual.com\/inicio\/#organization"},"potentialAction":[{"@type":"SearchAction","target":{"@type":"EntryPoint","urlTemplate":"https:\/\/diariotextual.com\/inicio\/?s={search_term_string}"},"query-input":{"@type":"PropertyValueSpecification","valueRequired":true,"valueName":"search_term_string"}}],"inLanguage":"es"},{"@type":"Organization","@id":"https:\/\/diariotextual.com\/inicio\/#organization","name":"Diario Textual","url":"https:\/\/diariotextual.com\/inicio\/","logo":{"@type":"ImageObject","inLanguage":"es","@id":"https:\/\/diariotextual.com\/inicio\/#\/schema\/logo\/image\/","url":"https:\/\/diariotextual.com\/inicio\/wp-content\/uploads\/2023\/05\/logotextual1.jpg","contentUrl":"https:\/\/diariotextual.com\/inicio\/wp-content\/uploads\/2023\/05\/logotextual1.jpg","width":516,"height":76,"caption":"Diario Textual"},"image":{"@id":"https:\/\/diariotextual.com\/inicio\/#\/schema\/logo\/image\/"},"sameAs":["https:\/\/www.facebook.com\/eltextual","https:\/\/x.com\/eltextual","http:\/\/www.instagram.com\/eltextual"]},{"@type":"Person","@id":"https:\/\/diariotextual.com\/inicio\/#\/schema\/person\/418fc4093c33e86ed41562db3508f958","name":"Diario1 Diario1","image":{"@type":"ImageObject","inLanguage":"es","@id":"https:\/\/secure.gravatar.com\/avatar\/9167d280179c85bc18be67aa7eda765854300033af4896dd779b608640f2ef7a?s=96&d=mm&r=g","url":"https:\/\/secure.gravatar.com\/avatar\/9167d280179c85bc18be67aa7eda765854300033af4896dd779b608640f2ef7a?s=96&d=mm&r=g","contentUrl":"https:\/\/secure.gravatar.com\/avatar\/9167d280179c85bc18be67aa7eda765854300033af4896dd779b608640f2ef7a?s=96&d=mm&r=g","caption":"Diario1 Diario1"},"url":"https:\/\/diariotextual.com\/inicio\/index.php\/author\/diario1\/"}]}},"_links":{"self":[{"href":"https:\/\/diariotextual.com\/inicio\/index.php\/wp-json\/wp\/v2\/posts\/62211","targetHints":{"allow":["GET"]}}],"collection":[{"href":"https:\/\/diariotextual.com\/inicio\/index.php\/wp-json\/wp\/v2\/posts"}],"about":[{"href":"https:\/\/diariotextual.com\/inicio\/index.php\/wp-json\/wp\/v2\/types\/post"}],"author":[{"embeddable":true,"href":"https:\/\/diariotextual.com\/inicio\/index.php\/wp-json\/wp\/v2\/users\/3"}],"replies":[{"embeddable":true,"href":"https:\/\/diariotextual.com\/inicio\/index.php\/wp-json\/wp\/v2\/comments?post=62211"}],"version-history":[{"count":3,"href":"https:\/\/diariotextual.com\/inicio\/index.php\/wp-json\/wp\/v2\/posts\/62211\/revisions"}],"predecessor-version":[{"id":62215,"href":"https:\/\/diariotextual.com\/inicio\/index.php\/wp-json\/wp\/v2\/posts\/62211\/revisions\/62215"}],"wp:featuredmedia":[{"embeddable":true,"href":"https:\/\/diariotextual.com\/inicio\/index.php\/wp-json\/wp\/v2\/media\/62216"}],"wp:attachment":[{"href":"https:\/\/diariotextual.com\/inicio\/index.php\/wp-json\/wp\/v2\/media?parent=62211"}],"wp:term":[{"taxonomy":"category","embeddable":true,"href":"https:\/\/diariotextual.com\/inicio\/index.php\/wp-json\/wp\/v2\/categories?post=62211"},{"taxonomy":"post_tag","embeddable":true,"href":"https:\/\/diariotextual.com\/inicio\/index.php\/wp-json\/wp\/v2\/tags?post=62211"}],"curies":[{"name":"wp","href":"https:\/\/api.w.org\/{rel}","templated":true}]}}