{"id":62293,"date":"2019-09-11T08:54:21","date_gmt":"2019-09-11T11:54:21","guid":{"rendered":"http:\/\/diariotextual.com\/inicio\/?p=62293"},"modified":"2019-09-11T15:57:15","modified_gmt":"2019-09-11T18:57:15","slug":"familia-uruguaya-recorre-mundo-vendiendo-artesanias-esta-santa-rosa","status":"publish","type":"post","link":"https:\/\/diariotextual.com\/inicio\/index.php\/2019\/09\/11\/familia-uruguaya-recorre-mundo-vendiendo-artesanias-esta-santa-rosa\/","title":{"rendered":"Familia uruguaya que recorre el mundo vendiendo artesan\u00edas est\u00e1 en Santa Rosa"},"content":{"rendered":"<p>Una <strong>familia uruguaya<\/strong> que <strong>hace once a\u00f1os recorre el mundo<\/strong> en un auto lleg\u00f3 hace dos semanas a Santa Rosa y <strong>se instal\u00f3 a vender artesan\u00edas en el Parque Don Tom\u00e1s<\/strong> para poder conseguir dinero y seguir viaje hasta Ushuaia. <strong>\u00abNo somos turistas, somos una familia que se anim\u00f3 a cumplir su sue\u00f1o de viajar por el mundo\u00bb<\/strong>, dijeron a Diario Textual.<\/p>\n<p>La familia est\u00e1 compuesta por <strong>Claudio Acevedo Melo (39)<\/strong>, de profesi\u00f3n alba\u00f1il, su compa\u00f1era <strong>Gabriela Santos (43)<\/strong>, su hijo <strong>Raziel (11)<\/strong> y su perro <strong>Timy<\/strong>. Partieron hace once a\u00f1os de Uruguay a bordo de un auto marca Fiat a recorrer lugares. As\u00ed, <strong>llegaron a Europa y luego volvieron a Am\u00e9rica Latina<\/strong> a visitar distintos pa\u00edses. Desde hace d\u00edas est\u00e1n visitando distintas provincias argentinas. <strong>Partieron desde La Quiaca y quieren llegar \u00abal fin del mundo\u00bb, Ushuaia.<\/strong><\/p>\n<p><strong>\u00abTomamos la decisi\u00f3n y nos largamos. Raziel ten\u00eda 11 meses cuando salimos y hoy tiene once a\u00f1os. Hemos andado por Turqu\u00eda y diferentes pa\u00edses de Europa y ahora mi se\u00f1ora ten\u00eda el deseo de recorrer la Argentina y ac\u00e1 estamos, en La Pampa\u00bb<\/strong>, cuenta Claudio rodeado de su familia en el play\u00f3n de estacionamiento del Parque Don Tom\u00e1s, adonde se instalaron para vender artesan\u00edas y conseguir dinero para seguir viaje.<\/p>\n<p><strong>\u00abYo s\u00e9 hacer de todo, soy alba\u00f1il, pero me doy habilidad para todo. Esperamos que la gente nos de una mano comprando alguna artesan\u00eda. Sabemos que la situaci\u00f3n del pa\u00eds est\u00e1 dif\u00edcil, pero la solidaridad que nos demuestran nos sorprende d\u00eda a d\u00eda\u00bb<\/strong>, remarc\u00f3.<\/p>\n<p>\u00bfQu\u00e9 los empuj\u00f3 a salir a viajar por el mundo? \u00abLas ganas de recorrer y conocer el mundo. <strong>Cuando sal\u00eds de tu pa\u00eds crees que vas a estar solo, vas a lugares que no conoc\u00e9s, pero te encontr\u00e1s con un mont\u00f3n de gente que te acompa\u00f1a y te ayuda en todo. Nunca est\u00e1s solo, siempre alguien te va a dar una mano\u00bb,<\/strong> asegur\u00f3 Claudio.<\/p>\n<p>\u00bfLo m\u00e1s loco que les pas\u00f3? \u00abEn Brasil se nos rompi\u00f3 el auto y nos llevaron a tiro 1.400 kil\u00f3metros. En total nos ayudaron 30 personas. Pudimos volver a Uruguay para repararlo y pens\u00e1bamos que no sal\u00edamos m\u00e1s, pero pudimos volver a las rutas y ac\u00e1 estamos\u00bb, dijo.<\/p>\n<p>\u00abArgentina es hermosa. Tiene unos paisajes incre\u00edbles y la gente es muy solidaria. Nos dieron una mano en todos lados\u00bb, rescat\u00f3. \u00abEn Santa Rosa nos dio alojamiento una familia a la que estamos muy agradecidos y nos vamos a quedar una semana m\u00e1s para luego partir hacia el sur\u00bb, agreg\u00f3.<\/p>\n<p>&nbsp;<\/p>\n<p>&nbsp;<\/p>\n","protected":false},"excerpt":{"rendered":"<p>Una familia uruguaya que hace once a\u00f1os recorre el mundo en un auto lleg\u00f3 hace dos semanas a Santa Rosa y se instal\u00f3 a vender artesan\u00edas en el Parque Don&hellip;<\/p>\n","protected":false},"author":7,"featured_media":62295,"comment_status":"closed","ping_status":"open","sticky":false,"template":"","format":"standard","meta":{"_acf_changed":false,"footnotes":""},"categories":[319,12],"tags":[],"class_list":["post-62293","post","type-post","status-publish","format-standard","has-post-thumbnail","hentry","category-a-temporales","category-sociedad"],"acf":[],"yoast_head":"<!-- This site is optimized with the Yoast SEO plugin v27.5 - https:\/\/yoast.com\/product\/yoast-seo-wordpress\/ -->\n<title>Familia uruguaya que recorre el mundo vendiendo artesan\u00edas est\u00e1 en Santa Rosa - Diario Textual<\/title>\n<meta name=\"robots\" content=\"index, follow, max-snippet:-1, max-image-preview:large, max-video-preview:-1\" \/>\n<link rel=\"canonical\" href=\"https:\/\/diariotextual.com\/inicio\/index.php\/2019\/09\/11\/familia-uruguaya-recorre-mundo-vendiendo-artesanias-esta-santa-rosa\/\" \/>\n<meta property=\"og:locale\" content=\"es_ES\" \/>\n<meta property=\"og:type\" content=\"article\" \/>\n<meta property=\"og:title\" content=\"Familia uruguaya que recorre el mundo vendiendo artesan\u00edas est\u00e1 en Santa Rosa - Diario Textual\" \/>\n<meta property=\"og:description\" content=\"Una familia uruguaya que hace once a\u00f1os recorre el mundo en un auto lleg\u00f3 hace dos semanas a Santa Rosa y se instal\u00f3 a vender artesan\u00edas en el Parque Don&hellip;\" \/>\n<meta property=\"og:url\" content=\"https:\/\/diariotextual.com\/inicio\/index.php\/2019\/09\/11\/familia-uruguaya-recorre-mundo-vendiendo-artesanias-esta-santa-rosa\/\" \/>\n<meta property=\"og:site_name\" content=\"Diario Textual\" \/>\n<meta property=\"article:publisher\" content=\"https:\/\/www.facebook.com\/eltextual\" \/>\n<meta property=\"article:published_time\" content=\"2019-09-11T11:54:21+00:00\" \/>\n<meta property=\"article:modified_time\" content=\"2019-09-11T18:57:15+00:00\" \/>\n<meta property=\"og:image\" content=\"https:\/\/diariotextual.com\/inicio\/wp-content\/uploads\/2019\/09\/uruguayosrecorrenelmundo-1024x576.jpg\" \/>\n\t<meta property=\"og:image:width\" content=\"1024\" \/>\n\t<meta property=\"og:image:height\" content=\"576\" \/>\n\t<meta property=\"og:image:type\" content=\"image\/jpeg\" \/>\n<meta name=\"author\" content=\"diario5\" \/>\n<meta name=\"twitter:card\" content=\"summary_large_image\" \/>\n<meta name=\"twitter:creator\" content=\"@eltextual\" \/>\n<meta name=\"twitter:site\" content=\"@eltextual\" \/>\n<meta name=\"twitter:label1\" content=\"Escrito por\" \/>\n\t<meta name=\"twitter:data1\" content=\"diario5\" \/>\n\t<meta name=\"twitter:label2\" content=\"Tiempo de lectura\" \/>\n\t<meta name=\"twitter:data2\" content=\"2 minutos\" \/>\n<script type=\"application\/ld+json\" class=\"yoast-schema-graph\">{\"@context\":\"https:\\\/\\\/schema.org\",\"@graph\":[{\"@type\":\"Article\",\"@id\":\"https:\\\/\\\/diariotextual.com\\\/inicio\\\/index.php\\\/2019\\\/09\\\/11\\\/familia-uruguaya-recorre-mundo-vendiendo-artesanias-esta-santa-rosa\\\/#article\",\"isPartOf\":{\"@id\":\"https:\\\/\\\/diariotextual.com\\\/inicio\\\/index.php\\\/2019\\\/09\\\/11\\\/familia-uruguaya-recorre-mundo-vendiendo-artesanias-esta-santa-rosa\\\/\"},\"author\":{\"name\":\"diario5\",\"@id\":\"https:\\\/\\\/diariotextual.com\\\/inicio\\\/#\\\/schema\\\/person\\\/c7834961ad8b29b1d9cdbf4571299067\"},\"headline\":\"Familia uruguaya que recorre el mundo vendiendo artesan\u00edas est\u00e1 en Santa Rosa\",\"datePublished\":\"2019-09-11T11:54:21+00:00\",\"dateModified\":\"2019-09-11T18:57:15+00:00\",\"mainEntityOfPage\":{\"@id\":\"https:\\\/\\\/diariotextual.com\\\/inicio\\\/index.php\\\/2019\\\/09\\\/11\\\/familia-uruguaya-recorre-mundo-vendiendo-artesanias-esta-santa-rosa\\\/\"},\"wordCount\":465,\"publisher\":{\"@id\":\"https:\\\/\\\/diariotextual.com\\\/inicio\\\/#organization\"},\"image\":{\"@id\":\"https:\\\/\\\/diariotextual.com\\\/inicio\\\/index.php\\\/2019\\\/09\\\/11\\\/familia-uruguaya-recorre-mundo-vendiendo-artesanias-esta-santa-rosa\\\/#primaryimage\"},\"thumbnailUrl\":\"https:\\\/\\\/diariotextual.com\\\/inicio\\\/wp-content\\\/uploads\\\/2019\\\/09\\\/uruguayosrecorrenelmundo.jpg\",\"articleSection\":[\"A - TEMPORALES\",\"SOCIEDAD\"],\"inLanguage\":\"es\"},{\"@type\":\"WebPage\",\"@id\":\"https:\\\/\\\/diariotextual.com\\\/inicio\\\/index.php\\\/2019\\\/09\\\/11\\\/familia-uruguaya-recorre-mundo-vendiendo-artesanias-esta-santa-rosa\\\/\",\"url\":\"https:\\\/\\\/diariotextual.com\\\/inicio\\\/index.php\\\/2019\\\/09\\\/11\\\/familia-uruguaya-recorre-mundo-vendiendo-artesanias-esta-santa-rosa\\\/\",\"name\":\"Familia uruguaya que recorre el mundo vendiendo artesan\u00edas est\u00e1 en Santa Rosa - Diario Textual\",\"isPartOf\":{\"@id\":\"https:\\\/\\\/diariotextual.com\\\/inicio\\\/#website\"},\"primaryImageOfPage\":{\"@id\":\"https:\\\/\\\/diariotextual.com\\\/inicio\\\/index.php\\\/2019\\\/09\\\/11\\\/familia-uruguaya-recorre-mundo-vendiendo-artesanias-esta-santa-rosa\\\/#primaryimage\"},\"image\":{\"@id\":\"https:\\\/\\\/diariotextual.com\\\/inicio\\\/index.php\\\/2019\\\/09\\\/11\\\/familia-uruguaya-recorre-mundo-vendiendo-artesanias-esta-santa-rosa\\\/#primaryimage\"},\"thumbnailUrl\":\"https:\\\/\\\/diariotextual.com\\\/inicio\\\/wp-content\\\/uploads\\\/2019\\\/09\\\/uruguayosrecorrenelmundo.jpg\",\"datePublished\":\"2019-09-11T11:54:21+00:00\",\"dateModified\":\"2019-09-11T18:57:15+00:00\",\"breadcrumb\":{\"@id\":\"https:\\\/\\\/diariotextual.com\\\/inicio\\\/index.php\\\/2019\\\/09\\\/11\\\/familia-uruguaya-recorre-mundo-vendiendo-artesanias-esta-santa-rosa\\\/#breadcrumb\"},\"inLanguage\":\"es\",\"potentialAction\":[{\"@type\":\"ReadAction\",\"target\":[\"https:\\\/\\\/diariotextual.com\\\/inicio\\\/index.php\\\/2019\\\/09\\\/11\\\/familia-uruguaya-recorre-mundo-vendiendo-artesanias-esta-santa-rosa\\\/\"]}]},{\"@type\":\"ImageObject\",\"inLanguage\":\"es\",\"@id\":\"https:\\\/\\\/diariotextual.com\\\/inicio\\\/index.php\\\/2019\\\/09\\\/11\\\/familia-uruguaya-recorre-mundo-vendiendo-artesanias-esta-santa-rosa\\\/#primaryimage\",\"url\":\"https:\\\/\\\/diariotextual.com\\\/inicio\\\/wp-content\\\/uploads\\\/2019\\\/09\\\/uruguayosrecorrenelmundo.jpg\",\"contentUrl\":\"https:\\\/\\\/diariotextual.com\\\/inicio\\\/wp-content\\\/uploads\\\/2019\\\/09\\\/uruguayosrecorrenelmundo.jpg\",\"width\":4160,\"height\":2340},{\"@type\":\"BreadcrumbList\",\"@id\":\"https:\\\/\\\/diariotextual.com\\\/inicio\\\/index.php\\\/2019\\\/09\\\/11\\\/familia-uruguaya-recorre-mundo-vendiendo-artesanias-esta-santa-rosa\\\/#breadcrumb\",\"itemListElement\":[{\"@type\":\"ListItem\",\"position\":1,\"name\":\"Portada\",\"item\":\"https:\\\/\\\/diariotextual.com\\\/inicio\\\/\"},{\"@type\":\"ListItem\",\"position\":2,\"name\":\"Familia uruguaya que recorre el mundo vendiendo artesan\u00edas est\u00e1 en Santa Rosa\"}]},{\"@type\":\"WebSite\",\"@id\":\"https:\\\/\\\/diariotextual.com\\\/inicio\\\/#website\",\"url\":\"https:\\\/\\\/diariotextual.com\\\/inicio\\\/\",\"name\":\"Diario Textual\",\"description\":\"\",\"publisher\":{\"@id\":\"https:\\\/\\\/diariotextual.com\\\/inicio\\\/#organization\"},\"potentialAction\":[{\"@type\":\"SearchAction\",\"target\":{\"@type\":\"EntryPoint\",\"urlTemplate\":\"https:\\\/\\\/diariotextual.com\\\/inicio\\\/?s={search_term_string}\"},\"query-input\":{\"@type\":\"PropertyValueSpecification\",\"valueRequired\":true,\"valueName\":\"search_term_string\"}}],\"inLanguage\":\"es\"},{\"@type\":\"Organization\",\"@id\":\"https:\\\/\\\/diariotextual.com\\\/inicio\\\/#organization\",\"name\":\"Diario Textual\",\"url\":\"https:\\\/\\\/diariotextual.com\\\/inicio\\\/\",\"logo\":{\"@type\":\"ImageObject\",\"inLanguage\":\"es\",\"@id\":\"https:\\\/\\\/diariotextual.com\\\/inicio\\\/#\\\/schema\\\/logo\\\/image\\\/\",\"url\":\"https:\\\/\\\/diariotextual.com\\\/inicio\\\/wp-content\\\/uploads\\\/2023\\\/05\\\/logotextual1.jpg\",\"contentUrl\":\"https:\\\/\\\/diariotextual.com\\\/inicio\\\/wp-content\\\/uploads\\\/2023\\\/05\\\/logotextual1.jpg\",\"width\":516,\"height\":76,\"caption\":\"Diario Textual\"},\"image\":{\"@id\":\"https:\\\/\\\/diariotextual.com\\\/inicio\\\/#\\\/schema\\\/logo\\\/image\\\/\"},\"sameAs\":[\"https:\\\/\\\/www.facebook.com\\\/eltextual\",\"https:\\\/\\\/x.com\\\/eltextual\",\"http:\\\/\\\/www.instagram.com\\\/eltextual\"]},{\"@type\":\"Person\",\"@id\":\"https:\\\/\\\/diariotextual.com\\\/inicio\\\/#\\\/schema\\\/person\\\/c7834961ad8b29b1d9cdbf4571299067\",\"name\":\"diario5\",\"image\":{\"@type\":\"ImageObject\",\"inLanguage\":\"es\",\"@id\":\"https:\\\/\\\/secure.gravatar.com\\\/avatar\\\/948c893b847ca6df68216ead81b63f363408ec9b0f600fefc0641ce78613b111?s=96&d=mm&r=g\",\"url\":\"https:\\\/\\\/secure.gravatar.com\\\/avatar\\\/948c893b847ca6df68216ead81b63f363408ec9b0f600fefc0641ce78613b111?s=96&d=mm&r=g\",\"contentUrl\":\"https:\\\/\\\/secure.gravatar.com\\\/avatar\\\/948c893b847ca6df68216ead81b63f363408ec9b0f600fefc0641ce78613b111?s=96&d=mm&r=g\",\"caption\":\"diario5\"},\"url\":\"https:\\\/\\\/diariotextual.com\\\/inicio\\\/index.php\\\/author\\\/diario5\\\/\"}]}<\/script>\n<!-- \/ Yoast SEO plugin. -->","yoast_head_json":{"title":"Familia uruguaya que recorre el mundo vendiendo artesan\u00edas est\u00e1 en Santa Rosa - Diario Textual","robots":{"index":"index","follow":"follow","max-snippet":"max-snippet:-1","max-image-preview":"max-image-preview:large","max-video-preview":"max-video-preview:-1"},"canonical":"https:\/\/diariotextual.com\/inicio\/index.php\/2019\/09\/11\/familia-uruguaya-recorre-mundo-vendiendo-artesanias-esta-santa-rosa\/","og_locale":"es_ES","og_type":"article","og_title":"Familia uruguaya que recorre el mundo vendiendo artesan\u00edas est\u00e1 en Santa Rosa - Diario Textual","og_description":"Una familia uruguaya que hace once a\u00f1os recorre el mundo en un auto lleg\u00f3 hace dos semanas a Santa Rosa y se instal\u00f3 a vender artesan\u00edas en el Parque Don&hellip;","og_url":"https:\/\/diariotextual.com\/inicio\/index.php\/2019\/09\/11\/familia-uruguaya-recorre-mundo-vendiendo-artesanias-esta-santa-rosa\/","og_site_name":"Diario Textual","article_publisher":"https:\/\/www.facebook.com\/eltextual","article_published_time":"2019-09-11T11:54:21+00:00","article_modified_time":"2019-09-11T18:57:15+00:00","og_image":[{"width":1024,"height":576,"url":"https:\/\/diariotextual.com\/inicio\/wp-content\/uploads\/2019\/09\/uruguayosrecorrenelmundo-1024x576.jpg","type":"image\/jpeg"}],"author":"diario5","twitter_card":"summary_large_image","twitter_creator":"@eltextual","twitter_site":"@eltextual","twitter_misc":{"Escrito por":"diario5","Tiempo de lectura":"2 minutos"},"schema":{"@context":"https:\/\/schema.org","@graph":[{"@type":"Article","@id":"https:\/\/diariotextual.com\/inicio\/index.php\/2019\/09\/11\/familia-uruguaya-recorre-mundo-vendiendo-artesanias-esta-santa-rosa\/#article","isPartOf":{"@id":"https:\/\/diariotextual.com\/inicio\/index.php\/2019\/09\/11\/familia-uruguaya-recorre-mundo-vendiendo-artesanias-esta-santa-rosa\/"},"author":{"name":"diario5","@id":"https:\/\/diariotextual.com\/inicio\/#\/schema\/person\/c7834961ad8b29b1d9cdbf4571299067"},"headline":"Familia uruguaya que recorre el mundo vendiendo artesan\u00edas est\u00e1 en Santa Rosa","datePublished":"2019-09-11T11:54:21+00:00","dateModified":"2019-09-11T18:57:15+00:00","mainEntityOfPage":{"@id":"https:\/\/diariotextual.com\/inicio\/index.php\/2019\/09\/11\/familia-uruguaya-recorre-mundo-vendiendo-artesanias-esta-santa-rosa\/"},"wordCount":465,"publisher":{"@id":"https:\/\/diariotextual.com\/inicio\/#organization"},"image":{"@id":"https:\/\/diariotextual.com\/inicio\/index.php\/2019\/09\/11\/familia-uruguaya-recorre-mundo-vendiendo-artesanias-esta-santa-rosa\/#primaryimage"},"thumbnailUrl":"https:\/\/diariotextual.com\/inicio\/wp-content\/uploads\/2019\/09\/uruguayosrecorrenelmundo.jpg","articleSection":["A - TEMPORALES","SOCIEDAD"],"inLanguage":"es"},{"@type":"WebPage","@id":"https:\/\/diariotextual.com\/inicio\/index.php\/2019\/09\/11\/familia-uruguaya-recorre-mundo-vendiendo-artesanias-esta-santa-rosa\/","url":"https:\/\/diariotextual.com\/inicio\/index.php\/2019\/09\/11\/familia-uruguaya-recorre-mundo-vendiendo-artesanias-esta-santa-rosa\/","name":"Familia uruguaya que recorre el mundo vendiendo artesan\u00edas est\u00e1 en Santa Rosa - Diario Textual","isPartOf":{"@id":"https:\/\/diariotextual.com\/inicio\/#website"},"primaryImageOfPage":{"@id":"https:\/\/diariotextual.com\/inicio\/index.php\/2019\/09\/11\/familia-uruguaya-recorre-mundo-vendiendo-artesanias-esta-santa-rosa\/#primaryimage"},"image":{"@id":"https:\/\/diariotextual.com\/inicio\/index.php\/2019\/09\/11\/familia-uruguaya-recorre-mundo-vendiendo-artesanias-esta-santa-rosa\/#primaryimage"},"thumbnailUrl":"https:\/\/diariotextual.com\/inicio\/wp-content\/uploads\/2019\/09\/uruguayosrecorrenelmundo.jpg","datePublished":"2019-09-11T11:54:21+00:00","dateModified":"2019-09-11T18:57:15+00:00","breadcrumb":{"@id":"https:\/\/diariotextual.com\/inicio\/index.php\/2019\/09\/11\/familia-uruguaya-recorre-mundo-vendiendo-artesanias-esta-santa-rosa\/#breadcrumb"},"inLanguage":"es","potentialAction":[{"@type":"ReadAction","target":["https:\/\/diariotextual.com\/inicio\/index.php\/2019\/09\/11\/familia-uruguaya-recorre-mundo-vendiendo-artesanias-esta-santa-rosa\/"]}]},{"@type":"ImageObject","inLanguage":"es","@id":"https:\/\/diariotextual.com\/inicio\/index.php\/2019\/09\/11\/familia-uruguaya-recorre-mundo-vendiendo-artesanias-esta-santa-rosa\/#primaryimage","url":"https:\/\/diariotextual.com\/inicio\/wp-content\/uploads\/2019\/09\/uruguayosrecorrenelmundo.jpg","contentUrl":"https:\/\/diariotextual.com\/inicio\/wp-content\/uploads\/2019\/09\/uruguayosrecorrenelmundo.jpg","width":4160,"height":2340},{"@type":"BreadcrumbList","@id":"https:\/\/diariotextual.com\/inicio\/index.php\/2019\/09\/11\/familia-uruguaya-recorre-mundo-vendiendo-artesanias-esta-santa-rosa\/#breadcrumb","itemListElement":[{"@type":"ListItem","position":1,"name":"Portada","item":"https:\/\/diariotextual.com\/inicio\/"},{"@type":"ListItem","position":2,"name":"Familia uruguaya que recorre el mundo vendiendo artesan\u00edas est\u00e1 en Santa Rosa"}]},{"@type":"WebSite","@id":"https:\/\/diariotextual.com\/inicio\/#website","url":"https:\/\/diariotextual.com\/inicio\/","name":"Diario Textual","description":"","publisher":{"@id":"https:\/\/diariotextual.com\/inicio\/#organization"},"potentialAction":[{"@type":"SearchAction","target":{"@type":"EntryPoint","urlTemplate":"https:\/\/diariotextual.com\/inicio\/?s={search_term_string}"},"query-input":{"@type":"PropertyValueSpecification","valueRequired":true,"valueName":"search_term_string"}}],"inLanguage":"es"},{"@type":"Organization","@id":"https:\/\/diariotextual.com\/inicio\/#organization","name":"Diario Textual","url":"https:\/\/diariotextual.com\/inicio\/","logo":{"@type":"ImageObject","inLanguage":"es","@id":"https:\/\/diariotextual.com\/inicio\/#\/schema\/logo\/image\/","url":"https:\/\/diariotextual.com\/inicio\/wp-content\/uploads\/2023\/05\/logotextual1.jpg","contentUrl":"https:\/\/diariotextual.com\/inicio\/wp-content\/uploads\/2023\/05\/logotextual1.jpg","width":516,"height":76,"caption":"Diario Textual"},"image":{"@id":"https:\/\/diariotextual.com\/inicio\/#\/schema\/logo\/image\/"},"sameAs":["https:\/\/www.facebook.com\/eltextual","https:\/\/x.com\/eltextual","http:\/\/www.instagram.com\/eltextual"]},{"@type":"Person","@id":"https:\/\/diariotextual.com\/inicio\/#\/schema\/person\/c7834961ad8b29b1d9cdbf4571299067","name":"diario5","image":{"@type":"ImageObject","inLanguage":"es","@id":"https:\/\/secure.gravatar.com\/avatar\/948c893b847ca6df68216ead81b63f363408ec9b0f600fefc0641ce78613b111?s=96&d=mm&r=g","url":"https:\/\/secure.gravatar.com\/avatar\/948c893b847ca6df68216ead81b63f363408ec9b0f600fefc0641ce78613b111?s=96&d=mm&r=g","contentUrl":"https:\/\/secure.gravatar.com\/avatar\/948c893b847ca6df68216ead81b63f363408ec9b0f600fefc0641ce78613b111?s=96&d=mm&r=g","caption":"diario5"},"url":"https:\/\/diariotextual.com\/inicio\/index.php\/author\/diario5\/"}]}},"_links":{"self":[{"href":"https:\/\/diariotextual.com\/inicio\/index.php\/wp-json\/wp\/v2\/posts\/62293","targetHints":{"allow":["GET"]}}],"collection":[{"href":"https:\/\/diariotextual.com\/inicio\/index.php\/wp-json\/wp\/v2\/posts"}],"about":[{"href":"https:\/\/diariotextual.com\/inicio\/index.php\/wp-json\/wp\/v2\/types\/post"}],"author":[{"embeddable":true,"href":"https:\/\/diariotextual.com\/inicio\/index.php\/wp-json\/wp\/v2\/users\/7"}],"replies":[{"embeddable":true,"href":"https:\/\/diariotextual.com\/inicio\/index.php\/wp-json\/wp\/v2\/comments?post=62293"}],"version-history":[{"count":1,"href":"https:\/\/diariotextual.com\/inicio\/index.php\/wp-json\/wp\/v2\/posts\/62293\/revisions"}],"predecessor-version":[{"id":62296,"href":"https:\/\/diariotextual.com\/inicio\/index.php\/wp-json\/wp\/v2\/posts\/62293\/revisions\/62296"}],"wp:featuredmedia":[{"embeddable":true,"href":"https:\/\/diariotextual.com\/inicio\/index.php\/wp-json\/wp\/v2\/media\/62295"}],"wp:attachment":[{"href":"https:\/\/diariotextual.com\/inicio\/index.php\/wp-json\/wp\/v2\/media?parent=62293"}],"wp:term":[{"taxonomy":"category","embeddable":true,"href":"https:\/\/diariotextual.com\/inicio\/index.php\/wp-json\/wp\/v2\/categories?post=62293"},{"taxonomy":"post_tag","embeddable":true,"href":"https:\/\/diariotextual.com\/inicio\/index.php\/wp-json\/wp\/v2\/tags?post=62293"}],"curies":[{"name":"wp","href":"https:\/\/api.w.org\/{rel}","templated":true}]}}