{"id":62387,"date":"2019-09-11T17:35:57","date_gmt":"2019-09-11T20:35:57","guid":{"rendered":"http:\/\/diariotextual.com\/inicio\/?p=62387"},"modified":"2019-09-12T10:38:44","modified_gmt":"2019-09-12T13:38:44","slug":"la-pampa-se-manifesto-la-importacion-basura-inconstitucional","status":"publish","type":"post","link":"https:\/\/diariotextual.com\/inicio\/index.php\/2019\/09\/11\/la-pampa-se-manifesto-la-importacion-basura-inconstitucional\/","title":{"rendered":"La Pampa se manifest\u00f3 en contra de la importaci\u00f3n de basura: \u00abEs inconstitucional\u00bb"},"content":{"rendered":"<p>El Gobierno de La Pampa, a trav\u00e9s de la Subsecretar\u00eda de Ambiente, manifest\u00f3 \u00abel m\u00e1s en\u00e9rgico\u00bb repudio al Decreto N\u00b0 591\/19 sancionado por el Gobierno nacional el d\u00eda 26 de agosto de 2019, por el que se que permitir\u00e1 la importaci\u00f3n de residuos de cualquier tipo de otros pa\u00edses, incluyendo a los peligrosos.<\/p>\n<p>\u00abLa mayor gravedad de la citada norma es la eliminaci\u00f3n del certificado de inocuidad sanitaria y ambiental expedido previo al embarque por la autoridad competente del pa\u00eds de origen y\/o procedencia y ratificado por la autoridad de aplicaci\u00f3n del mencionado Decreto, lo que supone un claro riesgo a la salud p\u00fablica y el ambiente, ya que se abren las puertas al ingreso detodo tipo de sustancias obtenidas a partir de la valoraci\u00f3n de los residuos\u00bb, sostuvo Ambiente.<\/p>\n<p>\u00abA trav\u00e9s de este Decreto el Gobierno nacional contribuye en la soluci\u00f3n al gran problema que se le presenta a los Estados Unidos y Europa a partir de la prohibici\u00f3n del Gobierno de China, a comienzos de este a\u00f1o, de la importaci\u00f3n de residuos\u00bb, dijo. \u00abLos Estados Unidos eran exportadores de la mitad de su basura y cobraba por ello. En el caso de Europa enviaban once millones de toneladas por a\u00f1o, situaci\u00f3n que con la decisi\u00f3n china, les representa un grave problema\u00bb.<\/p>\n<p>\u00abEsta medida es inconstitucional ya que es una decisi\u00f3n unilateral del Gobierno nacional, al permitir el ingreso sin consulta previa a los gobiernos provinciales, violando as\u00ed las autonom\u00edas de estos \u00faltimos\u00bb, expres\u00f3. Tambi\u00e9n, al eliminar el Ccrtificado de inocuidad viola los principios preventivo y precautorio establecidos en la Ley General del Ambiente N\u00b0 25675, ya que se sustituye el control efectivo del nivel de riesgo del residuo por una declaraci\u00f3n jurada del importador, lo que lo torna inconstitucional al violar el art\u00edculo 41 de la Constituci\u00f3n Nacional. \u00abViola el art\u00edculo 41 de la Carta Magna que reconoce el derecho al ambiente sano, equilibrado, apto para el desarrollo humano y para que las actividades productivas satisfagan las necesidades sin comprometer las de las generaciones futuras\u00bb, dijo el Estado pampeano.<\/p>\n<p>A su vez, en materia de acuerdos internacionales, viola el Convenio de Basilea sobre el Control de los Movimientos Transfronterizos de los Desechos Peligrosos y su Eliminaci\u00f3n, especialmente en los alcances del pre\u00e1mbulo, en el que se manifiesta que los Estados tienen la obligaci\u00f3n de velar por que el generador cumpla sus funciones con respecto al transporte y a la eliminaci\u00f3n de los desechos peligrosos y otros desechos de forma compatible con la protecci\u00f3n de la salud humana y del ambiente, sea cual fuere el lugar en que se efect\u00fae la eliminaci\u00f3n.<\/p>\n<p>\u00abDicha acci\u00f3n de extrema irresponsabilidad, representa un marcado retroceso en la normativa y en la gesti\u00f3n ambiental en general\u00bb, sostuvo.<\/p>\n","protected":false},"excerpt":{"rendered":"<p>El Gobierno de La Pampa, a trav\u00e9s de la Subsecretar\u00eda de Ambiente, manifest\u00f3 \u00abel m\u00e1s en\u00e9rgico\u00bb repudio al Decreto N\u00b0 591\/19 sancionado por el Gobierno nacional el d\u00eda 26 de&hellip;<\/p>\n","protected":false},"author":3,"featured_media":62390,"comment_status":"closed","ping_status":"open","sticky":false,"template":"","format":"standard","meta":{"_acf_changed":false,"footnotes":""},"categories":[11,319,12],"tags":[1360],"class_list":["post-62387","post","type-post","status-publish","format-standard","has-post-thumbnail","hentry","category-que-pasa","category-a-temporales","category-sociedad","tag-basura"],"acf":[],"yoast_head":"<!-- This site is optimized with the Yoast SEO plugin v27.5 - https:\/\/yoast.com\/product\/yoast-seo-wordpress\/ -->\n<title>La Pampa se manifest\u00f3 en contra de la importaci\u00f3n de basura: &quot;Es inconstitucional&quot; - Diario Textual<\/title>\n<meta name=\"robots\" content=\"index, follow, max-snippet:-1, max-image-preview:large, max-video-preview:-1\" \/>\n<link rel=\"canonical\" href=\"https:\/\/diariotextual.com\/inicio\/index.php\/2019\/09\/11\/la-pampa-se-manifesto-la-importacion-basura-inconstitucional\/\" \/>\n<meta property=\"og:locale\" content=\"es_ES\" \/>\n<meta property=\"og:type\" content=\"article\" \/>\n<meta property=\"og:title\" content=\"La Pampa se manifest\u00f3 en contra de la importaci\u00f3n de basura: &quot;Es inconstitucional&quot; - Diario Textual\" \/>\n<meta property=\"og:description\" content=\"El Gobierno de La Pampa, a trav\u00e9s de la Subsecretar\u00eda de Ambiente, manifest\u00f3 \u00abel m\u00e1s en\u00e9rgico\u00bb repudio al Decreto N\u00b0 591\/19 sancionado por el Gobierno nacional el d\u00eda 26 de&hellip;\" \/>\n<meta property=\"og:url\" content=\"https:\/\/diariotextual.com\/inicio\/index.php\/2019\/09\/11\/la-pampa-se-manifesto-la-importacion-basura-inconstitucional\/\" \/>\n<meta property=\"og:site_name\" content=\"Diario Textual\" \/>\n<meta property=\"article:publisher\" content=\"https:\/\/www.facebook.com\/eltextual\" \/>\n<meta property=\"article:published_time\" content=\"2019-09-11T20:35:57+00:00\" \/>\n<meta property=\"article:modified_time\" content=\"2019-09-12T13:38:44+00:00\" \/>\n<meta property=\"og:image\" content=\"https:\/\/diariotextual.com\/inicio\/wp-content\/uploads\/2019\/09\/basura111.jpg\" \/>\n\t<meta property=\"og:image:width\" content=\"670\" \/>\n\t<meta property=\"og:image:height\" content=\"372\" \/>\n\t<meta property=\"og:image:type\" content=\"image\/jpeg\" \/>\n<meta name=\"author\" content=\"Diario1 Diario1\" \/>\n<meta name=\"twitter:card\" content=\"summary_large_image\" \/>\n<meta name=\"twitter:creator\" content=\"@eltextual\" \/>\n<meta name=\"twitter:site\" content=\"@eltextual\" \/>\n<meta name=\"twitter:label1\" content=\"Escrito por\" \/>\n\t<meta name=\"twitter:data1\" content=\"Diario1 Diario1\" \/>\n\t<meta name=\"twitter:label2\" content=\"Tiempo de lectura\" \/>\n\t<meta name=\"twitter:data2\" content=\"2 minutos\" \/>\n<script type=\"application\/ld+json\" class=\"yoast-schema-graph\">{\"@context\":\"https:\\\/\\\/schema.org\",\"@graph\":[{\"@type\":\"Article\",\"@id\":\"https:\\\/\\\/diariotextual.com\\\/inicio\\\/index.php\\\/2019\\\/09\\\/11\\\/la-pampa-se-manifesto-la-importacion-basura-inconstitucional\\\/#article\",\"isPartOf\":{\"@id\":\"https:\\\/\\\/diariotextual.com\\\/inicio\\\/index.php\\\/2019\\\/09\\\/11\\\/la-pampa-se-manifesto-la-importacion-basura-inconstitucional\\\/\"},\"author\":{\"name\":\"Diario1 Diario1\",\"@id\":\"https:\\\/\\\/diariotextual.com\\\/inicio\\\/#\\\/schema\\\/person\\\/418fc4093c33e86ed41562db3508f958\"},\"headline\":\"La Pampa se manifest\u00f3 en contra de la importaci\u00f3n de basura: \u00abEs inconstitucional\u00bb\",\"datePublished\":\"2019-09-11T20:35:57+00:00\",\"dateModified\":\"2019-09-12T13:38:44+00:00\",\"mainEntityOfPage\":{\"@id\":\"https:\\\/\\\/diariotextual.com\\\/inicio\\\/index.php\\\/2019\\\/09\\\/11\\\/la-pampa-se-manifesto-la-importacion-basura-inconstitucional\\\/\"},\"wordCount\":498,\"publisher\":{\"@id\":\"https:\\\/\\\/diariotextual.com\\\/inicio\\\/#organization\"},\"image\":{\"@id\":\"https:\\\/\\\/diariotextual.com\\\/inicio\\\/index.php\\\/2019\\\/09\\\/11\\\/la-pampa-se-manifesto-la-importacion-basura-inconstitucional\\\/#primaryimage\"},\"thumbnailUrl\":\"https:\\\/\\\/diariotextual.com\\\/inicio\\\/wp-content\\\/uploads\\\/2019\\\/09\\\/basura111.jpg\",\"keywords\":[\"basura\"],\"articleSection\":[\"A - QUE PASA (al costado)\",\"A - TEMPORALES\",\"SOCIEDAD\"],\"inLanguage\":\"es\"},{\"@type\":\"WebPage\",\"@id\":\"https:\\\/\\\/diariotextual.com\\\/inicio\\\/index.php\\\/2019\\\/09\\\/11\\\/la-pampa-se-manifesto-la-importacion-basura-inconstitucional\\\/\",\"url\":\"https:\\\/\\\/diariotextual.com\\\/inicio\\\/index.php\\\/2019\\\/09\\\/11\\\/la-pampa-se-manifesto-la-importacion-basura-inconstitucional\\\/\",\"name\":\"La Pampa se manifest\u00f3 en contra de la importaci\u00f3n de basura: \\\"Es inconstitucional\\\" - Diario Textual\",\"isPartOf\":{\"@id\":\"https:\\\/\\\/diariotextual.com\\\/inicio\\\/#website\"},\"primaryImageOfPage\":{\"@id\":\"https:\\\/\\\/diariotextual.com\\\/inicio\\\/index.php\\\/2019\\\/09\\\/11\\\/la-pampa-se-manifesto-la-importacion-basura-inconstitucional\\\/#primaryimage\"},\"image\":{\"@id\":\"https:\\\/\\\/diariotextual.com\\\/inicio\\\/index.php\\\/2019\\\/09\\\/11\\\/la-pampa-se-manifesto-la-importacion-basura-inconstitucional\\\/#primaryimage\"},\"thumbnailUrl\":\"https:\\\/\\\/diariotextual.com\\\/inicio\\\/wp-content\\\/uploads\\\/2019\\\/09\\\/basura111.jpg\",\"datePublished\":\"2019-09-11T20:35:57+00:00\",\"dateModified\":\"2019-09-12T13:38:44+00:00\",\"breadcrumb\":{\"@id\":\"https:\\\/\\\/diariotextual.com\\\/inicio\\\/index.php\\\/2019\\\/09\\\/11\\\/la-pampa-se-manifesto-la-importacion-basura-inconstitucional\\\/#breadcrumb\"},\"inLanguage\":\"es\",\"potentialAction\":[{\"@type\":\"ReadAction\",\"target\":[\"https:\\\/\\\/diariotextual.com\\\/inicio\\\/index.php\\\/2019\\\/09\\\/11\\\/la-pampa-se-manifesto-la-importacion-basura-inconstitucional\\\/\"]}]},{\"@type\":\"ImageObject\",\"inLanguage\":\"es\",\"@id\":\"https:\\\/\\\/diariotextual.com\\\/inicio\\\/index.php\\\/2019\\\/09\\\/11\\\/la-pampa-se-manifesto-la-importacion-basura-inconstitucional\\\/#primaryimage\",\"url\":\"https:\\\/\\\/diariotextual.com\\\/inicio\\\/wp-content\\\/uploads\\\/2019\\\/09\\\/basura111.jpg\",\"contentUrl\":\"https:\\\/\\\/diariotextual.com\\\/inicio\\\/wp-content\\\/uploads\\\/2019\\\/09\\\/basura111.jpg\",\"width\":670,\"height\":372},{\"@type\":\"BreadcrumbList\",\"@id\":\"https:\\\/\\\/diariotextual.com\\\/inicio\\\/index.php\\\/2019\\\/09\\\/11\\\/la-pampa-se-manifesto-la-importacion-basura-inconstitucional\\\/#breadcrumb\",\"itemListElement\":[{\"@type\":\"ListItem\",\"position\":1,\"name\":\"Portada\",\"item\":\"https:\\\/\\\/diariotextual.com\\\/inicio\\\/\"},{\"@type\":\"ListItem\",\"position\":2,\"name\":\"La Pampa se manifest\u00f3 en contra de la importaci\u00f3n de basura: \u00abEs inconstitucional\u00bb\"}]},{\"@type\":\"WebSite\",\"@id\":\"https:\\\/\\\/diariotextual.com\\\/inicio\\\/#website\",\"url\":\"https:\\\/\\\/diariotextual.com\\\/inicio\\\/\",\"name\":\"Diario Textual\",\"description\":\"\",\"publisher\":{\"@id\":\"https:\\\/\\\/diariotextual.com\\\/inicio\\\/#organization\"},\"potentialAction\":[{\"@type\":\"SearchAction\",\"target\":{\"@type\":\"EntryPoint\",\"urlTemplate\":\"https:\\\/\\\/diariotextual.com\\\/inicio\\\/?s={search_term_string}\"},\"query-input\":{\"@type\":\"PropertyValueSpecification\",\"valueRequired\":true,\"valueName\":\"search_term_string\"}}],\"inLanguage\":\"es\"},{\"@type\":\"Organization\",\"@id\":\"https:\\\/\\\/diariotextual.com\\\/inicio\\\/#organization\",\"name\":\"Diario Textual\",\"url\":\"https:\\\/\\\/diariotextual.com\\\/inicio\\\/\",\"logo\":{\"@type\":\"ImageObject\",\"inLanguage\":\"es\",\"@id\":\"https:\\\/\\\/diariotextual.com\\\/inicio\\\/#\\\/schema\\\/logo\\\/image\\\/\",\"url\":\"https:\\\/\\\/diariotextual.com\\\/inicio\\\/wp-content\\\/uploads\\\/2023\\\/05\\\/logotextual1.jpg\",\"contentUrl\":\"https:\\\/\\\/diariotextual.com\\\/inicio\\\/wp-content\\\/uploads\\\/2023\\\/05\\\/logotextual1.jpg\",\"width\":516,\"height\":76,\"caption\":\"Diario Textual\"},\"image\":{\"@id\":\"https:\\\/\\\/diariotextual.com\\\/inicio\\\/#\\\/schema\\\/logo\\\/image\\\/\"},\"sameAs\":[\"https:\\\/\\\/www.facebook.com\\\/eltextual\",\"https:\\\/\\\/x.com\\\/eltextual\",\"http:\\\/\\\/www.instagram.com\\\/eltextual\"]},{\"@type\":\"Person\",\"@id\":\"https:\\\/\\\/diariotextual.com\\\/inicio\\\/#\\\/schema\\\/person\\\/418fc4093c33e86ed41562db3508f958\",\"name\":\"Diario1 Diario1\",\"image\":{\"@type\":\"ImageObject\",\"inLanguage\":\"es\",\"@id\":\"https:\\\/\\\/secure.gravatar.com\\\/avatar\\\/9167d280179c85bc18be67aa7eda765854300033af4896dd779b608640f2ef7a?s=96&d=mm&r=g\",\"url\":\"https:\\\/\\\/secure.gravatar.com\\\/avatar\\\/9167d280179c85bc18be67aa7eda765854300033af4896dd779b608640f2ef7a?s=96&d=mm&r=g\",\"contentUrl\":\"https:\\\/\\\/secure.gravatar.com\\\/avatar\\\/9167d280179c85bc18be67aa7eda765854300033af4896dd779b608640f2ef7a?s=96&d=mm&r=g\",\"caption\":\"Diario1 Diario1\"},\"url\":\"https:\\\/\\\/diariotextual.com\\\/inicio\\\/index.php\\\/author\\\/diario1\\\/\"}]}<\/script>\n<!-- \/ Yoast SEO plugin. -->","yoast_head_json":{"title":"La Pampa se manifest\u00f3 en contra de la importaci\u00f3n de basura: \"Es inconstitucional\" - Diario Textual","robots":{"index":"index","follow":"follow","max-snippet":"max-snippet:-1","max-image-preview":"max-image-preview:large","max-video-preview":"max-video-preview:-1"},"canonical":"https:\/\/diariotextual.com\/inicio\/index.php\/2019\/09\/11\/la-pampa-se-manifesto-la-importacion-basura-inconstitucional\/","og_locale":"es_ES","og_type":"article","og_title":"La Pampa se manifest\u00f3 en contra de la importaci\u00f3n de basura: \"Es inconstitucional\" - Diario Textual","og_description":"El Gobierno de La Pampa, a trav\u00e9s de la Subsecretar\u00eda de Ambiente, manifest\u00f3 \u00abel m\u00e1s en\u00e9rgico\u00bb repudio al Decreto N\u00b0 591\/19 sancionado por el Gobierno nacional el d\u00eda 26 de&hellip;","og_url":"https:\/\/diariotextual.com\/inicio\/index.php\/2019\/09\/11\/la-pampa-se-manifesto-la-importacion-basura-inconstitucional\/","og_site_name":"Diario Textual","article_publisher":"https:\/\/www.facebook.com\/eltextual","article_published_time":"2019-09-11T20:35:57+00:00","article_modified_time":"2019-09-12T13:38:44+00:00","og_image":[{"width":670,"height":372,"url":"https:\/\/diariotextual.com\/inicio\/wp-content\/uploads\/2019\/09\/basura111.jpg","type":"image\/jpeg"}],"author":"Diario1 Diario1","twitter_card":"summary_large_image","twitter_creator":"@eltextual","twitter_site":"@eltextual","twitter_misc":{"Escrito por":"Diario1 Diario1","Tiempo de lectura":"2 minutos"},"schema":{"@context":"https:\/\/schema.org","@graph":[{"@type":"Article","@id":"https:\/\/diariotextual.com\/inicio\/index.php\/2019\/09\/11\/la-pampa-se-manifesto-la-importacion-basura-inconstitucional\/#article","isPartOf":{"@id":"https:\/\/diariotextual.com\/inicio\/index.php\/2019\/09\/11\/la-pampa-se-manifesto-la-importacion-basura-inconstitucional\/"},"author":{"name":"Diario1 Diario1","@id":"https:\/\/diariotextual.com\/inicio\/#\/schema\/person\/418fc4093c33e86ed41562db3508f958"},"headline":"La Pampa se manifest\u00f3 en contra de la importaci\u00f3n de basura: \u00abEs inconstitucional\u00bb","datePublished":"2019-09-11T20:35:57+00:00","dateModified":"2019-09-12T13:38:44+00:00","mainEntityOfPage":{"@id":"https:\/\/diariotextual.com\/inicio\/index.php\/2019\/09\/11\/la-pampa-se-manifesto-la-importacion-basura-inconstitucional\/"},"wordCount":498,"publisher":{"@id":"https:\/\/diariotextual.com\/inicio\/#organization"},"image":{"@id":"https:\/\/diariotextual.com\/inicio\/index.php\/2019\/09\/11\/la-pampa-se-manifesto-la-importacion-basura-inconstitucional\/#primaryimage"},"thumbnailUrl":"https:\/\/diariotextual.com\/inicio\/wp-content\/uploads\/2019\/09\/basura111.jpg","keywords":["basura"],"articleSection":["A - QUE PASA (al costado)","A - TEMPORALES","SOCIEDAD"],"inLanguage":"es"},{"@type":"WebPage","@id":"https:\/\/diariotextual.com\/inicio\/index.php\/2019\/09\/11\/la-pampa-se-manifesto-la-importacion-basura-inconstitucional\/","url":"https:\/\/diariotextual.com\/inicio\/index.php\/2019\/09\/11\/la-pampa-se-manifesto-la-importacion-basura-inconstitucional\/","name":"La Pampa se manifest\u00f3 en contra de la importaci\u00f3n de basura: \"Es inconstitucional\" - Diario Textual","isPartOf":{"@id":"https:\/\/diariotextual.com\/inicio\/#website"},"primaryImageOfPage":{"@id":"https:\/\/diariotextual.com\/inicio\/index.php\/2019\/09\/11\/la-pampa-se-manifesto-la-importacion-basura-inconstitucional\/#primaryimage"},"image":{"@id":"https:\/\/diariotextual.com\/inicio\/index.php\/2019\/09\/11\/la-pampa-se-manifesto-la-importacion-basura-inconstitucional\/#primaryimage"},"thumbnailUrl":"https:\/\/diariotextual.com\/inicio\/wp-content\/uploads\/2019\/09\/basura111.jpg","datePublished":"2019-09-11T20:35:57+00:00","dateModified":"2019-09-12T13:38:44+00:00","breadcrumb":{"@id":"https:\/\/diariotextual.com\/inicio\/index.php\/2019\/09\/11\/la-pampa-se-manifesto-la-importacion-basura-inconstitucional\/#breadcrumb"},"inLanguage":"es","potentialAction":[{"@type":"ReadAction","target":["https:\/\/diariotextual.com\/inicio\/index.php\/2019\/09\/11\/la-pampa-se-manifesto-la-importacion-basura-inconstitucional\/"]}]},{"@type":"ImageObject","inLanguage":"es","@id":"https:\/\/diariotextual.com\/inicio\/index.php\/2019\/09\/11\/la-pampa-se-manifesto-la-importacion-basura-inconstitucional\/#primaryimage","url":"https:\/\/diariotextual.com\/inicio\/wp-content\/uploads\/2019\/09\/basura111.jpg","contentUrl":"https:\/\/diariotextual.com\/inicio\/wp-content\/uploads\/2019\/09\/basura111.jpg","width":670,"height":372},{"@type":"BreadcrumbList","@id":"https:\/\/diariotextual.com\/inicio\/index.php\/2019\/09\/11\/la-pampa-se-manifesto-la-importacion-basura-inconstitucional\/#breadcrumb","itemListElement":[{"@type":"ListItem","position":1,"name":"Portada","item":"https:\/\/diariotextual.com\/inicio\/"},{"@type":"ListItem","position":2,"name":"La Pampa se manifest\u00f3 en contra de la importaci\u00f3n de basura: \u00abEs inconstitucional\u00bb"}]},{"@type":"WebSite","@id":"https:\/\/diariotextual.com\/inicio\/#website","url":"https:\/\/diariotextual.com\/inicio\/","name":"Diario Textual","description":"","publisher":{"@id":"https:\/\/diariotextual.com\/inicio\/#organization"},"potentialAction":[{"@type":"SearchAction","target":{"@type":"EntryPoint","urlTemplate":"https:\/\/diariotextual.com\/inicio\/?s={search_term_string}"},"query-input":{"@type":"PropertyValueSpecification","valueRequired":true,"valueName":"search_term_string"}}],"inLanguage":"es"},{"@type":"Organization","@id":"https:\/\/diariotextual.com\/inicio\/#organization","name":"Diario Textual","url":"https:\/\/diariotextual.com\/inicio\/","logo":{"@type":"ImageObject","inLanguage":"es","@id":"https:\/\/diariotextual.com\/inicio\/#\/schema\/logo\/image\/","url":"https:\/\/diariotextual.com\/inicio\/wp-content\/uploads\/2023\/05\/logotextual1.jpg","contentUrl":"https:\/\/diariotextual.com\/inicio\/wp-content\/uploads\/2023\/05\/logotextual1.jpg","width":516,"height":76,"caption":"Diario Textual"},"image":{"@id":"https:\/\/diariotextual.com\/inicio\/#\/schema\/logo\/image\/"},"sameAs":["https:\/\/www.facebook.com\/eltextual","https:\/\/x.com\/eltextual","http:\/\/www.instagram.com\/eltextual"]},{"@type":"Person","@id":"https:\/\/diariotextual.com\/inicio\/#\/schema\/person\/418fc4093c33e86ed41562db3508f958","name":"Diario1 Diario1","image":{"@type":"ImageObject","inLanguage":"es","@id":"https:\/\/secure.gravatar.com\/avatar\/9167d280179c85bc18be67aa7eda765854300033af4896dd779b608640f2ef7a?s=96&d=mm&r=g","url":"https:\/\/secure.gravatar.com\/avatar\/9167d280179c85bc18be67aa7eda765854300033af4896dd779b608640f2ef7a?s=96&d=mm&r=g","contentUrl":"https:\/\/secure.gravatar.com\/avatar\/9167d280179c85bc18be67aa7eda765854300033af4896dd779b608640f2ef7a?s=96&d=mm&r=g","caption":"Diario1 Diario1"},"url":"https:\/\/diariotextual.com\/inicio\/index.php\/author\/diario1\/"}]}},"_links":{"self":[{"href":"https:\/\/diariotextual.com\/inicio\/index.php\/wp-json\/wp\/v2\/posts\/62387","targetHints":{"allow":["GET"]}}],"collection":[{"href":"https:\/\/diariotextual.com\/inicio\/index.php\/wp-json\/wp\/v2\/posts"}],"about":[{"href":"https:\/\/diariotextual.com\/inicio\/index.php\/wp-json\/wp\/v2\/types\/post"}],"author":[{"embeddable":true,"href":"https:\/\/diariotextual.com\/inicio\/index.php\/wp-json\/wp\/v2\/users\/3"}],"replies":[{"embeddable":true,"href":"https:\/\/diariotextual.com\/inicio\/index.php\/wp-json\/wp\/v2\/comments?post=62387"}],"version-history":[{"count":2,"href":"https:\/\/diariotextual.com\/inicio\/index.php\/wp-json\/wp\/v2\/posts\/62387\/revisions"}],"predecessor-version":[{"id":62389,"href":"https:\/\/diariotextual.com\/inicio\/index.php\/wp-json\/wp\/v2\/posts\/62387\/revisions\/62389"}],"wp:featuredmedia":[{"embeddable":true,"href":"https:\/\/diariotextual.com\/inicio\/index.php\/wp-json\/wp\/v2\/media\/62390"}],"wp:attachment":[{"href":"https:\/\/diariotextual.com\/inicio\/index.php\/wp-json\/wp\/v2\/media?parent=62387"}],"wp:term":[{"taxonomy":"category","embeddable":true,"href":"https:\/\/diariotextual.com\/inicio\/index.php\/wp-json\/wp\/v2\/categories?post=62387"},{"taxonomy":"post_tag","embeddable":true,"href":"https:\/\/diariotextual.com\/inicio\/index.php\/wp-json\/wp\/v2\/tags?post=62387"}],"curies":[{"name":"wp","href":"https:\/\/api.w.org\/{rel}","templated":true}]}}