{"id":6239,"date":"2018-04-30T12:31:57","date_gmt":"2018-04-30T12:31:57","guid":{"rendered":"http:\/\/diariotextual.com\/inicio\/?p=6239"},"modified":"2018-04-30T12:31:57","modified_gmt":"2018-04-30T12:31:57","slug":"kabul-atentado-suicida-deja-25-muertos-49-heridos","status":"publish","type":"post","link":"https:\/\/diariotextual.com\/inicio\/index.php\/2018\/04\/30\/kabul-atentado-suicida-deja-25-muertos-49-heridos\/","title":{"rendered":"Kabul: un atentado suicida deja 25 muertos y 49 heridos"},"content":{"rendered":"<p>Dos atacantes suicidas se inmolaron en el centro de Kabul con el resultado de al menos 25 muertos, 9 de ellos periodistas, y 49 heridos en atentados que posteriormente fueron reivindicados por el Estado Isl\u00e1mico (EI).<br \/>\n<!--more--><br \/>\nLos ataques se cometieron con una diferencia de media hora en el barrio diplom\u00e1tico Shashdarak de Kabul, donde se encuentran, entre otros edificios, el cuartel general del servicio secreto NDS, la embajada de Estados Unidos y el cuartel general de la Organizaci\u00f3n del Tratado del Atl\u00e1ntico Norte (OTAN).<\/p>\n<p>El vocero de la Polic\u00eda local, Hashmat Stanekzai, inform\u00f3 que cerca de las 8 de la ma\u00f1ana hora local (3:30 GMT) ocurri\u00f3 la primera explosi\u00f3n que caus\u00f3 cuatro muertos.<\/p>\n","protected":false},"excerpt":{"rendered":"<p>Dos atacantes suicidas se inmolaron en el centro de Kabul con el resultado de al menos 25 muertos, 9 de ellos periodistas, y 49 heridos en atentados que posteriormente fueron&hellip;<\/p>\n","protected":false},"author":4,"featured_media":0,"comment_status":"open","ping_status":"open","sticky":false,"template":"","format":"standard","meta":{"_acf_changed":false,"footnotes":""},"categories":[11,7],"tags":[],"class_list":["post-6239","post","type-post","status-publish","format-standard","hentry","category-que-pasa","category-mundo"],"acf":[],"yoast_head":"<!-- This site is optimized with the Yoast SEO plugin v27.5 - https:\/\/yoast.com\/product\/yoast-seo-wordpress\/ -->\n<title>Kabul: un atentado suicida deja 25 muertos y 49 heridos - Diario Textual<\/title>\n<meta name=\"robots\" content=\"index, follow, max-snippet:-1, max-image-preview:large, max-video-preview:-1\" \/>\n<link rel=\"canonical\" href=\"https:\/\/diariotextual.com\/inicio\/index.php\/2018\/04\/30\/kabul-atentado-suicida-deja-25-muertos-49-heridos\/\" \/>\n<meta property=\"og:locale\" content=\"es_ES\" \/>\n<meta property=\"og:type\" content=\"article\" \/>\n<meta property=\"og:title\" content=\"Kabul: un atentado suicida deja 25 muertos y 49 heridos - Diario Textual\" \/>\n<meta property=\"og:description\" content=\"Dos atacantes suicidas se inmolaron en el centro de Kabul con el resultado de al menos 25 muertos, 9 de ellos periodistas, y 49 heridos en atentados que posteriormente fueron&hellip;\" \/>\n<meta property=\"og:url\" content=\"https:\/\/diariotextual.com\/inicio\/index.php\/2018\/04\/30\/kabul-atentado-suicida-deja-25-muertos-49-heridos\/\" \/>\n<meta property=\"og:site_name\" content=\"Diario Textual\" \/>\n<meta property=\"article:publisher\" content=\"https:\/\/www.facebook.com\/eltextual\" \/>\n<meta property=\"article:published_time\" content=\"2018-04-30T12:31:57+00:00\" \/>\n<meta name=\"author\" content=\"diario2\" \/>\n<meta name=\"twitter:card\" content=\"summary_large_image\" \/>\n<meta name=\"twitter:creator\" content=\"@eltextual\" \/>\n<meta name=\"twitter:site\" content=\"@eltextual\" \/>\n<meta name=\"twitter:label1\" content=\"Escrito por\" \/>\n\t<meta name=\"twitter:data1\" content=\"diario2\" \/>\n\t<meta name=\"twitter:label2\" content=\"Tiempo de lectura\" \/>\n\t<meta name=\"twitter:data2\" content=\"1 minuto\" \/>\n<script type=\"application\/ld+json\" class=\"yoast-schema-graph\">{\"@context\":\"https:\\\/\\\/schema.org\",\"@graph\":[{\"@type\":\"Article\",\"@id\":\"https:\\\/\\\/diariotextual.com\\\/inicio\\\/index.php\\\/2018\\\/04\\\/30\\\/kabul-atentado-suicida-deja-25-muertos-49-heridos\\\/#article\",\"isPartOf\":{\"@id\":\"https:\\\/\\\/diariotextual.com\\\/inicio\\\/index.php\\\/2018\\\/04\\\/30\\\/kabul-atentado-suicida-deja-25-muertos-49-heridos\\\/\"},\"author\":{\"name\":\"diario2\",\"@id\":\"https:\\\/\\\/diariotextual.com\\\/inicio\\\/#\\\/schema\\\/person\\\/694f60677f23c4a530867a98f22b3768\"},\"headline\":\"Kabul: un atentado suicida deja 25 muertos y 49 heridos\",\"datePublished\":\"2018-04-30T12:31:57+00:00\",\"mainEntityOfPage\":{\"@id\":\"https:\\\/\\\/diariotextual.com\\\/inicio\\\/index.php\\\/2018\\\/04\\\/30\\\/kabul-atentado-suicida-deja-25-muertos-49-heridos\\\/\"},\"wordCount\":123,\"commentCount\":0,\"publisher\":{\"@id\":\"https:\\\/\\\/diariotextual.com\\\/inicio\\\/#organization\"},\"articleSection\":[\"A - QUE PASA (al costado)\",\"MUNDO\"],\"inLanguage\":\"es\",\"potentialAction\":[{\"@type\":\"CommentAction\",\"name\":\"Comment\",\"target\":[\"https:\\\/\\\/diariotextual.com\\\/inicio\\\/index.php\\\/2018\\\/04\\\/30\\\/kabul-atentado-suicida-deja-25-muertos-49-heridos\\\/#respond\"]}]},{\"@type\":\"WebPage\",\"@id\":\"https:\\\/\\\/diariotextual.com\\\/inicio\\\/index.php\\\/2018\\\/04\\\/30\\\/kabul-atentado-suicida-deja-25-muertos-49-heridos\\\/\",\"url\":\"https:\\\/\\\/diariotextual.com\\\/inicio\\\/index.php\\\/2018\\\/04\\\/30\\\/kabul-atentado-suicida-deja-25-muertos-49-heridos\\\/\",\"name\":\"Kabul: un atentado suicida deja 25 muertos y 49 heridos - Diario Textual\",\"isPartOf\":{\"@id\":\"https:\\\/\\\/diariotextual.com\\\/inicio\\\/#website\"},\"datePublished\":\"2018-04-30T12:31:57+00:00\",\"breadcrumb\":{\"@id\":\"https:\\\/\\\/diariotextual.com\\\/inicio\\\/index.php\\\/2018\\\/04\\\/30\\\/kabul-atentado-suicida-deja-25-muertos-49-heridos\\\/#breadcrumb\"},\"inLanguage\":\"es\",\"potentialAction\":[{\"@type\":\"ReadAction\",\"target\":[\"https:\\\/\\\/diariotextual.com\\\/inicio\\\/index.php\\\/2018\\\/04\\\/30\\\/kabul-atentado-suicida-deja-25-muertos-49-heridos\\\/\"]}]},{\"@type\":\"BreadcrumbList\",\"@id\":\"https:\\\/\\\/diariotextual.com\\\/inicio\\\/index.php\\\/2018\\\/04\\\/30\\\/kabul-atentado-suicida-deja-25-muertos-49-heridos\\\/#breadcrumb\",\"itemListElement\":[{\"@type\":\"ListItem\",\"position\":1,\"name\":\"Portada\",\"item\":\"https:\\\/\\\/diariotextual.com\\\/inicio\\\/\"},{\"@type\":\"ListItem\",\"position\":2,\"name\":\"Kabul: un atentado suicida deja 25 muertos y 49 heridos\"}]},{\"@type\":\"WebSite\",\"@id\":\"https:\\\/\\\/diariotextual.com\\\/inicio\\\/#website\",\"url\":\"https:\\\/\\\/diariotextual.com\\\/inicio\\\/\",\"name\":\"Diario Textual\",\"description\":\"\",\"publisher\":{\"@id\":\"https:\\\/\\\/diariotextual.com\\\/inicio\\\/#organization\"},\"potentialAction\":[{\"@type\":\"SearchAction\",\"target\":{\"@type\":\"EntryPoint\",\"urlTemplate\":\"https:\\\/\\\/diariotextual.com\\\/inicio\\\/?s={search_term_string}\"},\"query-input\":{\"@type\":\"PropertyValueSpecification\",\"valueRequired\":true,\"valueName\":\"search_term_string\"}}],\"inLanguage\":\"es\"},{\"@type\":\"Organization\",\"@id\":\"https:\\\/\\\/diariotextual.com\\\/inicio\\\/#organization\",\"name\":\"Diario Textual\",\"url\":\"https:\\\/\\\/diariotextual.com\\\/inicio\\\/\",\"logo\":{\"@type\":\"ImageObject\",\"inLanguage\":\"es\",\"@id\":\"https:\\\/\\\/diariotextual.com\\\/inicio\\\/#\\\/schema\\\/logo\\\/image\\\/\",\"url\":\"https:\\\/\\\/diariotextual.com\\\/inicio\\\/wp-content\\\/uploads\\\/2023\\\/05\\\/logotextual1.jpg\",\"contentUrl\":\"https:\\\/\\\/diariotextual.com\\\/inicio\\\/wp-content\\\/uploads\\\/2023\\\/05\\\/logotextual1.jpg\",\"width\":516,\"height\":76,\"caption\":\"Diario Textual\"},\"image\":{\"@id\":\"https:\\\/\\\/diariotextual.com\\\/inicio\\\/#\\\/schema\\\/logo\\\/image\\\/\"},\"sameAs\":[\"https:\\\/\\\/www.facebook.com\\\/eltextual\",\"https:\\\/\\\/x.com\\\/eltextual\",\"http:\\\/\\\/www.instagram.com\\\/eltextual\"]},{\"@type\":\"Person\",\"@id\":\"https:\\\/\\\/diariotextual.com\\\/inicio\\\/#\\\/schema\\\/person\\\/694f60677f23c4a530867a98f22b3768\",\"name\":\"diario2\",\"image\":{\"@type\":\"ImageObject\",\"inLanguage\":\"es\",\"@id\":\"https:\\\/\\\/secure.gravatar.com\\\/avatar\\\/5a2567495ba16b852fcd8f1ed006a2e24fcace936018ed8237e95f488ad6e0a7?s=96&d=mm&r=g\",\"url\":\"https:\\\/\\\/secure.gravatar.com\\\/avatar\\\/5a2567495ba16b852fcd8f1ed006a2e24fcace936018ed8237e95f488ad6e0a7?s=96&d=mm&r=g\",\"contentUrl\":\"https:\\\/\\\/secure.gravatar.com\\\/avatar\\\/5a2567495ba16b852fcd8f1ed006a2e24fcace936018ed8237e95f488ad6e0a7?s=96&d=mm&r=g\",\"caption\":\"diario2\"},\"url\":\"https:\\\/\\\/diariotextual.com\\\/inicio\\\/index.php\\\/author\\\/diario2\\\/\"}]}<\/script>\n<!-- \/ Yoast SEO plugin. -->","yoast_head_json":{"title":"Kabul: un atentado suicida deja 25 muertos y 49 heridos - Diario Textual","robots":{"index":"index","follow":"follow","max-snippet":"max-snippet:-1","max-image-preview":"max-image-preview:large","max-video-preview":"max-video-preview:-1"},"canonical":"https:\/\/diariotextual.com\/inicio\/index.php\/2018\/04\/30\/kabul-atentado-suicida-deja-25-muertos-49-heridos\/","og_locale":"es_ES","og_type":"article","og_title":"Kabul: un atentado suicida deja 25 muertos y 49 heridos - Diario Textual","og_description":"Dos atacantes suicidas se inmolaron en el centro de Kabul con el resultado de al menos 25 muertos, 9 de ellos periodistas, y 49 heridos en atentados que posteriormente fueron&hellip;","og_url":"https:\/\/diariotextual.com\/inicio\/index.php\/2018\/04\/30\/kabul-atentado-suicida-deja-25-muertos-49-heridos\/","og_site_name":"Diario Textual","article_publisher":"https:\/\/www.facebook.com\/eltextual","article_published_time":"2018-04-30T12:31:57+00:00","author":"diario2","twitter_card":"summary_large_image","twitter_creator":"@eltextual","twitter_site":"@eltextual","twitter_misc":{"Escrito por":"diario2","Tiempo de lectura":"1 minuto"},"schema":{"@context":"https:\/\/schema.org","@graph":[{"@type":"Article","@id":"https:\/\/diariotextual.com\/inicio\/index.php\/2018\/04\/30\/kabul-atentado-suicida-deja-25-muertos-49-heridos\/#article","isPartOf":{"@id":"https:\/\/diariotextual.com\/inicio\/index.php\/2018\/04\/30\/kabul-atentado-suicida-deja-25-muertos-49-heridos\/"},"author":{"name":"diario2","@id":"https:\/\/diariotextual.com\/inicio\/#\/schema\/person\/694f60677f23c4a530867a98f22b3768"},"headline":"Kabul: un atentado suicida deja 25 muertos y 49 heridos","datePublished":"2018-04-30T12:31:57+00:00","mainEntityOfPage":{"@id":"https:\/\/diariotextual.com\/inicio\/index.php\/2018\/04\/30\/kabul-atentado-suicida-deja-25-muertos-49-heridos\/"},"wordCount":123,"commentCount":0,"publisher":{"@id":"https:\/\/diariotextual.com\/inicio\/#organization"},"articleSection":["A - QUE PASA (al costado)","MUNDO"],"inLanguage":"es","potentialAction":[{"@type":"CommentAction","name":"Comment","target":["https:\/\/diariotextual.com\/inicio\/index.php\/2018\/04\/30\/kabul-atentado-suicida-deja-25-muertos-49-heridos\/#respond"]}]},{"@type":"WebPage","@id":"https:\/\/diariotextual.com\/inicio\/index.php\/2018\/04\/30\/kabul-atentado-suicida-deja-25-muertos-49-heridos\/","url":"https:\/\/diariotextual.com\/inicio\/index.php\/2018\/04\/30\/kabul-atentado-suicida-deja-25-muertos-49-heridos\/","name":"Kabul: un atentado suicida deja 25 muertos y 49 heridos - Diario Textual","isPartOf":{"@id":"https:\/\/diariotextual.com\/inicio\/#website"},"datePublished":"2018-04-30T12:31:57+00:00","breadcrumb":{"@id":"https:\/\/diariotextual.com\/inicio\/index.php\/2018\/04\/30\/kabul-atentado-suicida-deja-25-muertos-49-heridos\/#breadcrumb"},"inLanguage":"es","potentialAction":[{"@type":"ReadAction","target":["https:\/\/diariotextual.com\/inicio\/index.php\/2018\/04\/30\/kabul-atentado-suicida-deja-25-muertos-49-heridos\/"]}]},{"@type":"BreadcrumbList","@id":"https:\/\/diariotextual.com\/inicio\/index.php\/2018\/04\/30\/kabul-atentado-suicida-deja-25-muertos-49-heridos\/#breadcrumb","itemListElement":[{"@type":"ListItem","position":1,"name":"Portada","item":"https:\/\/diariotextual.com\/inicio\/"},{"@type":"ListItem","position":2,"name":"Kabul: un atentado suicida deja 25 muertos y 49 heridos"}]},{"@type":"WebSite","@id":"https:\/\/diariotextual.com\/inicio\/#website","url":"https:\/\/diariotextual.com\/inicio\/","name":"Diario Textual","description":"","publisher":{"@id":"https:\/\/diariotextual.com\/inicio\/#organization"},"potentialAction":[{"@type":"SearchAction","target":{"@type":"EntryPoint","urlTemplate":"https:\/\/diariotextual.com\/inicio\/?s={search_term_string}"},"query-input":{"@type":"PropertyValueSpecification","valueRequired":true,"valueName":"search_term_string"}}],"inLanguage":"es"},{"@type":"Organization","@id":"https:\/\/diariotextual.com\/inicio\/#organization","name":"Diario Textual","url":"https:\/\/diariotextual.com\/inicio\/","logo":{"@type":"ImageObject","inLanguage":"es","@id":"https:\/\/diariotextual.com\/inicio\/#\/schema\/logo\/image\/","url":"https:\/\/diariotextual.com\/inicio\/wp-content\/uploads\/2023\/05\/logotextual1.jpg","contentUrl":"https:\/\/diariotextual.com\/inicio\/wp-content\/uploads\/2023\/05\/logotextual1.jpg","width":516,"height":76,"caption":"Diario Textual"},"image":{"@id":"https:\/\/diariotextual.com\/inicio\/#\/schema\/logo\/image\/"},"sameAs":["https:\/\/www.facebook.com\/eltextual","https:\/\/x.com\/eltextual","http:\/\/www.instagram.com\/eltextual"]},{"@type":"Person","@id":"https:\/\/diariotextual.com\/inicio\/#\/schema\/person\/694f60677f23c4a530867a98f22b3768","name":"diario2","image":{"@type":"ImageObject","inLanguage":"es","@id":"https:\/\/secure.gravatar.com\/avatar\/5a2567495ba16b852fcd8f1ed006a2e24fcace936018ed8237e95f488ad6e0a7?s=96&d=mm&r=g","url":"https:\/\/secure.gravatar.com\/avatar\/5a2567495ba16b852fcd8f1ed006a2e24fcace936018ed8237e95f488ad6e0a7?s=96&d=mm&r=g","contentUrl":"https:\/\/secure.gravatar.com\/avatar\/5a2567495ba16b852fcd8f1ed006a2e24fcace936018ed8237e95f488ad6e0a7?s=96&d=mm&r=g","caption":"diario2"},"url":"https:\/\/diariotextual.com\/inicio\/index.php\/author\/diario2\/"}]}},"_links":{"self":[{"href":"https:\/\/diariotextual.com\/inicio\/index.php\/wp-json\/wp\/v2\/posts\/6239","targetHints":{"allow":["GET"]}}],"collection":[{"href":"https:\/\/diariotextual.com\/inicio\/index.php\/wp-json\/wp\/v2\/posts"}],"about":[{"href":"https:\/\/diariotextual.com\/inicio\/index.php\/wp-json\/wp\/v2\/types\/post"}],"author":[{"embeddable":true,"href":"https:\/\/diariotextual.com\/inicio\/index.php\/wp-json\/wp\/v2\/users\/4"}],"replies":[{"embeddable":true,"href":"https:\/\/diariotextual.com\/inicio\/index.php\/wp-json\/wp\/v2\/comments?post=6239"}],"version-history":[{"count":1,"href":"https:\/\/diariotextual.com\/inicio\/index.php\/wp-json\/wp\/v2\/posts\/6239\/revisions"}],"predecessor-version":[{"id":6240,"href":"https:\/\/diariotextual.com\/inicio\/index.php\/wp-json\/wp\/v2\/posts\/6239\/revisions\/6240"}],"wp:attachment":[{"href":"https:\/\/diariotextual.com\/inicio\/index.php\/wp-json\/wp\/v2\/media?parent=6239"}],"wp:term":[{"taxonomy":"category","embeddable":true,"href":"https:\/\/diariotextual.com\/inicio\/index.php\/wp-json\/wp\/v2\/categories?post=6239"},{"taxonomy":"post_tag","embeddable":true,"href":"https:\/\/diariotextual.com\/inicio\/index.php\/wp-json\/wp\/v2\/tags?post=6239"}],"curies":[{"name":"wp","href":"https:\/\/api.w.org\/{rel}","templated":true}]}}